{"id":24849,"date":"2026-09-03T10:23:27","date_gmt":"2026-09-03T13:23:27","guid":{"rendered":"https:\/\/cliente1.publisher.highstack.com.ar\/?p=24849"},"modified":"2026-09-03T10:23:27","modified_gmt":"2026-09-03T13:23:27","slug":"piden-17-anos-de-carcel-para-joven-policia-acusado-de-abusos-los-graves-hechos-que-le-imputan","status":"publish","type":"post","link":"https:\/\/cliente1.publisher.highstack.com.ar\/?p=24849","title":{"rendered":"Piden 17 a\u00f1os de c\u00e1rcel para joven polic\u00eda acusado de abusos: los graves hechos que le imputan"},"content":{"rendered":"<p><\/p>\n<div>\n<p>Este mi\u00e9rcoles finaliz\u00f3 la primera parte de un juicio contra un polic\u00eda de 21 a\u00f1os que fue llevado ante la Justicia de Gualeguaych\u00fa por los graves hechos que fueron denunciados por una mujer de 20 a\u00f1os que fue su pareja durante unos meses. <\/p>\n<p><!-- is a <br \/>--><\/p>\n<p>\u00a0<\/p>\n<p><!-- is a <br \/>--><\/p>\n<p>Seg\u00fan la acusaci\u00f3n, los hechos se extendieron desde mediados de 2025 hasta febrero de 2026. La Fiscal\u00eda y la querella describieron durante el juicio una relaci\u00f3n signada por situaciones de violencia sexual, f\u00edsica y psicol\u00f3gica, adem\u00e1s de amenazas y otros episodios que fueron incorporados a la imputaci\u00f3n. <\/p>\n<p><!-- is a <br \/>--><\/p>\n<p>\u00a0<\/p>\n<p><!-- is a <br \/>--><\/p>\n<p>El primero de los hechos atribuidos al polic\u00eda corresponde a <b>reiterados episodios de abuso sexual <\/b>que, seg\u00fan la acusaci\u00f3n, tuvieron lugar mientras manten\u00edan la relaci\u00f3n de pareja, lo cual es un agravante dentro de la acusaci\u00f3n. De acuerdo con lo expuesto durante el juicio, el imputado la habr\u00eda obligado en distintas oportunidades a mantener relaciones sexuales y a practicarle sexo oral contra su voluntad. <\/p>\n<p><!-- is a <br \/>--><\/p>\n<p>\u00a0<\/p>\n<p><!-- is a <br \/>--><\/p>\n<p>Los episodios habr\u00edan ocurrido principalmente en los domicilios donde convivieron en Gualeguaych\u00fa.   <\/p>\n<p><!-- is a <br \/>--><\/p>\n<p>\u00a0<\/p>\n<p><!-- is a <br \/>--><\/p>\n<p>La Fiscal\u00eda tambi\u00e9n describi\u00f3 un contexto previo de sometimiento psicol\u00f3gico. Seg\u00fan la imputaci\u00f3n, al comienzo de la relaci\u00f3n el joven le habr\u00eda prohibido mantener amistades, la habr\u00eda alejado de su familia y durante la convivencia la habr\u00eda descalificado reiteradamente. Tambi\u00e9n le habr\u00eda manifestado que se encontraba abrumado por deudas econ\u00f3micas y que la \u00fanica soluci\u00f3n era quitarse la vida, expresiones que, de acuerdo con la acusaci\u00f3n, generaban temor en la joven. <\/p>\n<p><!-- is a <br \/>--><\/p>\n<p><!-- is a object --><br \/>\n<!-- embed start --><!-- embed end --><br \/>\n<!-- end object --><\/p>\n<p>Uno de los episodios puntuales se\u00f1alados ocurri\u00f3 el 2 de diciembre de 2025, cuando ambos se encontraban en el departamento donde viv\u00edan en calle Guido Spano. Seg\u00fan la acusaci\u00f3n, \u00e9l intent\u00f3 mantener relaciones sexuales con ella, pero ante su negativa la tom\u00f3 fuertemente de los brazos, provoc\u00e1ndole marcas. La joven habr\u00eda logrado escapar y encerrarse en el ba\u00f1o, desde donde le manifest\u00f3 que iba a denunciarlo. <\/p>\n<p><!-- is a <br \/>--><\/p>\n<p>\u00a0<\/p>\n<p><!-- is a <br \/>--><\/p>\n<p>Siempre de acuerdo con la imputaci\u00f3n, en ese momento el joven funcionario le habr\u00eda dicho que no le servir\u00eda de nada recurrir a la Jefatura de Polic\u00eda porque, seg\u00fan sus palabras, \u201cera la casa de los polic\u00edas\u201d y que a \u00e9l no le ocurrir\u00eda nada. Para la acusaci\u00f3n, esa situaci\u00f3n increment\u00f3 el temor de la denunciante. <\/p>\n<p><!-- is a <br \/>--><\/p>\n<p>\u00a0<\/p>\n<p><!-- is a <br \/>--><\/p>\n<p>El segundo hecho incorporado al expediente se relaciona con un embarazo de aproximadamente seis semanas y media que cursaba la joven a fines de enero de 2026. <\/p>\n<p><!-- is a <br \/>--><\/p>\n<p>\u00a0<\/p>\n<p><!-- is a <br \/>--><\/p>\n<p>Seg\u00fan la acusaci\u00f3n, el agresor tom\u00f3 conocimiento del embarazo y la habr\u00eda obligado a interrumpirlo, pese a que ella le manifest\u00f3 en reiteradas oportunidades que no quer\u00eda hacerlo. De acuerdo con lo expuesto en el juicio, el imputado la habr\u00eda llevado en distintas oportunidades al Hospital Centenario y finalmente el 30 de enero la acompa\u00f1\u00f3 hasta el establecimiento, donde ella deb\u00eda realizar los tr\u00e1mites y retirar la medicaci\u00f3n indicada para la interrupci\u00f3n del embarazo. <\/p>\n<p><!-- is a <br \/>--><\/p>\n<p>\u00a0<\/p>\n<p><!-- is a <br \/>--><\/p>\n<p>La acusaci\u00f3n sostiene que ese mismo d\u00eda, una vez que regresaron al domicilio de Guido Spano, el joven le habr\u00eda indicado que realizara el procedimiento. Ella habr\u00eda comenzado a atravesar el proceso en el ba\u00f1o de la vivienda, presentando, seg\u00fan el relato incorporado al expediente, v\u00f3mitos con sangre, contracciones y abundante sangrado. <\/p>\n<p><!-- is a <br \/>--><\/p>\n<p>\u00a0<\/p>\n<p><!-- is a <br \/>--><\/p>\n<p>Siempre seg\u00fan la imputaci\u00f3n, ante los planteos de la joven respecto de que no quer\u00eda interrumpir el embarazo, el acusado le habr\u00eda respondido que deb\u00eda hacerlo y que, de continuar con el embarazo, le arruinar\u00eda la vida. Tambi\u00e9n habr\u00eda utilizado expresiones amenazantes vinculadas con ella y con la criatura, seg\u00fan fue expuesto durante el debate. <\/p>\n<p><!-- is a <br \/>--><\/p>\n<p><!-- is a object --><br \/>\n<!-- embed start --><!-- embed end --><br \/>\n<!-- end object --><\/p>\n<p><!-- is a object --><\/p>\n<h3>El episodio del cuchillo y el arma reglamentaria<\/h3>\n<p><!-- end object --><\/p>\n<p>El tercer hecho denunciado habr\u00eda ocurrido el 12 de febrero de 2026 alrededor de las 22.30, en el departamento de Guido Spano. La imputaci\u00f3n se\u00f1ala que, luego de que ella le pidiera ingresar al ba\u00f1o, \u00e9l habr\u00eda entrado detr\u00e1s y la habr\u00eda tomado del cabello para sacarla del lugar, mientras le exig\u00eda que se ba\u00f1ara y comiera. La joven, entre llantos, habr\u00eda arrojado un recipiente de shampoo contra el imputado, quien le habr\u00eda manifestado que estaba cansado de verla llorar. <\/p>\n<p><!-- is a <br \/>--><\/p>\n<p>\u00a0<\/p>\n<p><!-- is a <br \/>--><\/p>\n<p>M\u00e1s tarde, durante la cena, le habr\u00eda dicho que se matara y, utilizando un cuchillo tipo Tramontina con el que estaba comiendo, le habr\u00eda provocado varios cortes en la cara anterior del antebrazo izquierdo. <\/p>\n<p><!-- is a <br \/>--><\/p>\n<p>\u00a0<\/p>\n<p><!-- is a <br \/>--><\/p>\n<p>La imputaci\u00f3n agrega que, despu\u00e9s del episodio, el joven se habr\u00eda acostado y le habr\u00eda pedido perd\u00f3n, manifestando que no sab\u00eda lo que hab\u00eda hecho. Sin embargo, ante el estado de angustia y temor de la v\u00edctima, habr\u00eda dejado su arma reglamentaria a disposici\u00f3n de la joven y le habr\u00eda dicho que, si se sent\u00eda tan mal, se matara. Luego se habr\u00eda retirado del domicilio para cumplir un servicio adicional. <\/p>\n<p><!-- is a <br \/>--><\/p>\n<p>\u00a0<\/p>\n<p><!-- is a <br \/>--><\/p>\n<p><!-- is a object --><\/p>\n<h3>La privaci\u00f3n de la libertad y otro episodio de violencia<\/h3>\n<p><!-- end object --><\/p>\n<p>Al d\u00eda siguiente, el 13 de febrero, el acusado regres\u00f3 al departamento que compart\u00eda con ella. En ese contexto, la joven le habr\u00eda recriminado por relaciones que manten\u00eda con otras mujeres mientras conviv\u00edan. <\/p>\n<p><!-- is a <br \/>--><\/p>\n<p>\u00a0<\/p>\n<p><!-- is a <br \/>--><\/p>\n<p>El muchacho reaccion\u00f3 dici\u00e9ndole que estaba loca, la empuj\u00f3 sobre la cama y la tom\u00f3 del cuello. Ella habr\u00eda logrado liberarse y correr hacia la puerta, pero la acusaci\u00f3n sostiene que el imputado hab\u00eda arrojado las llaves al exterior del departamento, impidiendo que pudiera salir. Luego, siempre seg\u00fan el relato llevado a juicio, volvi\u00f3 a tomarla del cuello y la coloc\u00f3 sobre un ropero. <\/p>\n<p><!-- is a <br \/>--><\/p>\n<p>\u00a0<\/p>\n<p><!-- is a <br \/>--><\/p>\n<p>En medio de esa situaci\u00f3n, el acusado habr\u00eda llamado a su madre para que fuera a buscarlo. Despu\u00e9s de esa comunicaci\u00f3n, tom\u00f3 un cuchillo, se lo arroj\u00f3 a su joven novia sobre la cama y le dijo que se matara. Posteriormente habr\u00eda tomado el mismo cuchillo y se lo habr\u00eda colocado sobre el abdomen. <\/p>\n<p><!-- is a <br \/>--><\/p>\n<p><!-- is a object --><br \/>\n<!-- embed start --><!-- embed end --><br \/>\n<!-- end object --><\/p>\n<p>La situaci\u00f3n termin\u00f3 cuando ella tom\u00f3 el tel\u00e9fono celular del polic\u00eda y logr\u00f3 comunicarse con la propietaria del departamento. La mujer concurri\u00f3 al lugar junto con su esposo, abri\u00f3 la puerta y permiti\u00f3 que v\u00edctima pudiera salir de la vivienda. <\/p>\n<p><!-- is a <br \/>--><\/p>\n<p>\u00a0<\/p>\n<p><!-- is a <br \/>--><\/p>\n<p>Al d\u00eda siguiente, el 14 de febrero, el acusado le envi\u00f3 un mensaje por Instagram a ella con amenazas de muerte y que no la dejar\u00eda en paz, que si la ve\u00eda con otro hombre le iba a disparar y que deb\u00eda quitarse la vida. <\/p>\n<p><!-- is a <br \/>--><\/p>\n<p>\u00a0<\/p>\n<p><!-- is a <br \/>--><\/p>\n<p>Por estos hechos, la fiscal Cedr\u00e9s mantuvo la calificaci\u00f3n de abuso sexual con acceso carnal reiterado, lesiones leves agravadas reiteradas, privaci\u00f3n ileg\u00edtima de la libertad, amenazas simples y aborto doloso. Esta acusaci\u00f3n fue sostenida por el querellante y ambos coincidieron en el pedido de pena de 17 a\u00f1os de prisi\u00f3n. El abogado defensor, Alfredo Vitale, sostuvo en los alegatos que los hechos no pudieron ser acreditados durante el juicio contra su defendido y que sea absuelto por el beneficio de la duda. <\/p>\n<p><!-- is a <br \/>--><\/p>\n<p>\u00a0<\/p>\n<p><!-- is a <br \/>--><\/p>\n<p>Todo esto qued\u00f3 en manos del juez Mauricio Derudi, que dar\u00e1 a conocer su adelanto de veredicto el pr\u00f3ximo jueves 8 de septiembre y ante los pedidos de que se le mantenga el arresto domiciliario al acusado, el magistrado resolvi\u00f3 que quedara en libertad con medidas restrictivas porque no han surgido fundamentos para considerar que existiera riesgo de fuga. (<i>El Argentino<\/i>)<\/p>\n<\/p><\/div>\n","protected":false},"excerpt":{"rendered":"<p>Este mi\u00e9rcoles finaliz\u00f3 la primera parte de un juicio contra un polic\u00eda de 21 a\u00f1os que fue llevado ante la Justicia de Gualeguaych\u00fa por los graves hechos que fueron denunciados por una mujer de 20 a\u00f1os que fue su pareja durante unos meses. \u00a0 Seg\u00fan la acusaci\u00f3n, los hechos se extendieron desde mediados de 2025 [&hellip;]<\/p>\n","protected":false},"author":1,"featured_media":14714,"comment_status":"open","ping_status":"open","sticky":false,"template":"","format":"standard","meta":{"footnotes":""},"categories":[1],"tags":[],"class_list":["post-24849","post","type-post","status-publish","format-standard","has-post-thumbnail","hentry","category-uncategorized"],"_links":{"self":[{"href":"https:\/\/cliente1.publisher.highstack.com.ar\/index.php?rest_route=\/wp\/v2\/posts\/24849","targetHints":{"allow":["GET"]}}],"collection":[{"href":"https:\/\/cliente1.publisher.highstack.com.ar\/index.php?rest_route=\/wp\/v2\/posts"}],"about":[{"href":"https:\/\/cliente1.publisher.highstack.com.ar\/index.php?rest_route=\/wp\/v2\/types\/post"}],"author":[{"embeddable":true,"href":"https:\/\/cliente1.publisher.highstack.com.ar\/index.php?rest_route=\/wp\/v2\/users\/1"}],"replies":[{"embeddable":true,"href":"https:\/\/cliente1.publisher.highstack.com.ar\/index.php?rest_route=%2Fwp%2Fv2%2Fcomments&post=24849"}],"version-history":[{"count":0,"href":"https:\/\/cliente1.publisher.highstack.com.ar\/index.php?rest_route=\/wp\/v2\/posts\/24849\/revisions"}],"wp:featuredmedia":[{"embeddable":true,"href":"https:\/\/cliente1.publisher.highstack.com.ar\/index.php?rest_route=\/wp\/v2\/media\/14714"}],"wp:attachment":[{"href":"https:\/\/cliente1.publisher.highstack.com.ar\/index.php?rest_route=%2Fwp%2Fv2%2Fmedia&parent=24849"}],"wp:term":[{"taxonomy":"category","embeddable":true,"href":"https:\/\/cliente1.publisher.highstack.com.ar\/index.php?rest_route=%2Fwp%2Fv2%2Fcategories&post=24849"},{"taxonomy":"post_tag","embeddable":true,"href":"https:\/\/cliente1.publisher.highstack.com.ar\/index.php?rest_route=%2Fwp%2Fv2%2Ftags&post=24849"}],"curies":[{"name":"wp","href":"https:\/\/api.w.org\/{rel}","templated":true}]}}