{"id":24847,"date":"2026-09-03T09:48:52","date_gmt":"2026-09-03T12:48:52","guid":{"rendered":"https:\/\/cliente1.publisher.highstack.com.ar\/?p=24847"},"modified":"2026-09-03T09:48:52","modified_gmt":"2026-09-03T12:48:52","slug":"nicolas-maduro-reclama-inmunidad-soberana-ante-la-justicia-de-eeuu-para-frenar-el-juicio-por-narcoterrorismo","status":"publish","type":"post","link":"https:\/\/cliente1.publisher.highstack.com.ar\/?p=24847","title":{"rendered":"Nicol\u00e1s Maduro reclama inmunidad soberana ante la Justicia de EEUU para frenar el juicio por narcoterrorismo"},"content":{"rendered":"<div id=\"\">\n<p id=\"p-1788436387293-49471\" class=\"\">El depuesto presidente venezolano Nicol\u00e1s Maduro pidi\u00f3 <strong>este mi\u00e9rcoles a un juez federal <\/strong>de Estados Unidos que <strong>desestime los cargos en su contra<\/strong>, entre ellos el de conspiraci\u00f3n para cometer actos de narcoterrorismo. Su defensa sostiene que debe contar con inmunidad judicial por haber ejercido como jefe de un Estado soberano.<\/p>\n<\/div>\n<div id=\"\">\n<p id=\"p-1788436387293-43192\" class=\"\">La acusaci\u00f3n fue presentada ante un tribunal federal de <strong>Manhattan<\/strong> y constituy\u00f3 la base legal de la operaci\u00f3n del 3 de enero, cuando fuerzas estadounidenses ingresaron en Caracas y <strong>capturaron a Maduro<\/strong>. El exmandatario se declar\u00f3 inocente y, si su pedido no prospera, el juicio comenzar\u00e1 el <strong>1 de junio de 2027<\/strong>.<\/p>\n<\/div>\n<div id=\"\">\n<p id=\"p-1788436566761-91020\" class=\"\"> Maduro enfrenta cargos por <strong>conspiraci\u00f3n para cometer actos de narcoterrorismo, importaci\u00f3n de coca\u00edna y posesi\u00f3n de armas autom\u00e1ticas<\/strong>, de acuerdo con la acusaci\u00f3n. Su defensa present\u00f3 dos mociones: una para desestimar toda la causa y otra, de manera alternativa, para retirar espec\u00edficamente el cargo de narcoterrorismo.<\/p>\n<\/div>\n<div id=\"\">\n<div contenteditable=\"false\" class=\"embed_cont type_imagen\" id=\"8116596-Libre-1871344724_wrap\">\n<div id=\"8116596-Libre-1871344724_content\" class=\"embed_content\"><img src=\"https:\/\/media.ambito.com\/p\/96060079dfbc95b37200afb83509ef42\/adjuntos\/239\/imagenes\/042\/695\/0042695008\/nicolas-maduro.jpg?2025-08-22-11-20-14\" decoding=\"async\" fetchpriority=\"low\" loading=\"lazy\" alt=\"El exmandatario venezolano permanece detenido en Estados Unidos desde su captura en Caracas el 3 de enero.\" title=\"El exmandatario venezolano permanece detenido en Estados Unidos desde su captura en Caracas el 3 de enero.\" width=\"690\" height=\"460\" id=\"8116596-Libre-1871344724_embed\"\/><\/div>\n<div class=\"embed_wrapper-cont\" id=\"p-1788436566761-70874\">\n<div id=\"8116596-Libre-1871344724_epigrafe\" class=\"embed_epigrafe\">\n<p id=\"p-1788436733176-36846\">El exmandatario venezolano permanece detenido en Estados Unidos desde su captura en Caracas el 3 de enero.<\/p>\n<\/div>\n<p>LA Times<\/p>\n<\/div><\/div>\n<h2 id=\"p-1788436387293-59395\">El argumento de Maduro ante el juez<\/h2>\n<p id=\"p-1788436387293-93023\" class=\"\">El abogado <strong>Barry Pollack<\/strong> busca que el juez federal <strong>Alvin Hellerstein<\/strong> descarte el caso al considerar que Maduro est\u00e1 protegido por la inmunidad soberana que corresponde a los jefes de Estado y que las conductas que sustentan la acusaci\u00f3n fueron realizadas en el ejercicio de funciones oficiales.<\/p>\n<\/div>\n<div id=\"\">\n<p id=\"p-1788436387293-5665\" class=\"\">\u201cEl Tribunal carecer\u00eda de jurisdicci\u00f3n sobre el se\u00f1or Maduro si este tuviera derecho o bien a la inmunidad soberana basada en su condici\u00f3n de jefe de Estado o bien a la inmunidad soberana basada en la conducta (&#8230;). Tiene derecho a ambas\u201d, sostuvo Pollack en el escrito.<\/p>\n<\/div>\n<div id=\"\">\n<p id=\"p-1788436593206-5427\" class=\"\">El abogado tambi\u00e9n afirm\u00f3 que el proceso constituye una violaci\u00f3n de una protecci\u00f3n reconocida durante siglos: <strong>\u201cEste procesamiento sin precedentes viola la inmunidad absoluta de jurisdicci\u00f3n penal a la que los jefes de Estado y los funcionarios extranjeros que act\u00faan en el ejercicio de sus funciones oficiales han tenido derecho durante cientos de a\u00f1os\u201d<\/strong>, escribi\u00f3.<\/p>\n<div contenteditable=\"false\" class=\"embed_cont type_imagen\" id=\"8271452-Libre-1631225705_wrap\" style=\"opacity:1;height:auto;\">\n<div id=\"8271452-Libre-1631225705_content\" class=\"embed_content\"><img src=\"https:\/\/media.ambito.com\/p\/4eb7f7cdc6aa021e50f645d1d80b4b01\/adjuntos\/239\/imagenes\/043\/612\/0043612510\/730x0\/606x388:626x408\/nicolas-maduro-carcel-agosto-2026-3.jpg\" decoding=\"async\" fetchpriority=\"low\" loading=\"lazy\" alt=\"Maduro enfrenta acusaciones vinculadas con narcoterrorismo, importaci\u00f3n de coca\u00edna y posesi\u00f3n de armas autom\u00e1ticas.\" title=\"Maduro enfrenta acusaciones vinculadas con narcoterrorismo, importaci\u00f3n de coca\u00edna y posesi\u00f3n de armas autom\u00e1ticas.\" width=\"730\" height=\"undefined\" id=\"8271452-Libre-1631225705_embed\"\/><\/div>\n<div class=\"embed_wrapper-cont\" id=\"p-1788436593206-57482\">\n<div id=\"8271452-Libre-1631225705_epigrafe\" class=\"embed_epigrafe\">\n<p id=\"p-1788436747262-68809\">Maduro enfrenta acusaciones vinculadas con narcoterrorismo, importaci\u00f3n de coca\u00edna y posesi\u00f3n de armas autom\u00e1ticas.<\/p>\n<\/div><\/div>\n<\/p><\/div>\n<p id=\"p-1788436387293-80158\" class=\"\">En una segunda moci\u00f3n, Pollack solicit\u00f3 retirar el <strong>cargo de conspiraci\u00f3n para cometer actos de narcoterrorismo<\/strong>. Seg\u00fan la defensa, esa acusaci\u00f3n carece de una base jurisdiccional suficiente y tampoco cumple con los requisitos establecidos por la legislaci\u00f3n estadounidense.<\/p>\n<h2 id=\"p-1788436387293-43661\">Los antecedentes que complican al exmandatario<\/h2>\n<p id=\"p-1788436387293-8122\" class=\"\">Estados Unidos dej\u00f3 de reconocer a Maduro como presidente de Venezuela en <strong>2019<\/strong>, cuando asumi\u00f3 el poder tras las elecciones de 2018, que Washington calific\u00f3 de fraudulentas. Estados Unidos tambi\u00e9n cuestion\u00f3 la reelecci\u00f3n de Maduro en <strong>2024<\/strong>. El dirigente venezolano sostiene que ambas votaciones fueron leg\u00edtimas y acusa desde hace a\u00f1os a Washington de buscar su salida del poder para controlar los <strong>recursos petroleros del pa\u00eds<\/strong>.<\/p>\n<p id=\"p-1788436387293-71312\" class=\"\">La defensa considera que la posici\u00f3n estadounidense sobre la legitimidad de Maduro no deber\u00eda determinar si conserva su condici\u00f3n de jefe de Estado a los efectos de la inmunidad. Pollack sostuvo que el caso es diferente al del exl\u00edder militar paname\u00f1o <strong>Manuel Noriega<\/strong>, cuya solicitud de inmunidad fue rechazada por un juez federal de Miami en 1990.<\/p>\n<p id=\"p-1788436387293-1889\" class=\"\">Los procesos penales contra <strong>jefes de Estado extranjeros<\/strong> ante tribunales estadounidenses son poco frecuentes. Por eso, el planteo de Maduro podr\u00eda convertirse en un caso relevante sobre los l\u00edmites de la inmunidad soberana y la aplicaci\u00f3n del derecho internacional dentro de la Justicia estadounidense.<\/p>\n<h2 id=\"p-1788436387293-93683\">Qu\u00e9 pas\u00f3 en Venezuela despu\u00e9s de la captura<\/h2>\n<p id=\"p-1788436387293-23764\" class=\"\">Desde la captura de Maduro, su vicepresidenta, <strong>Delcy Rodr\u00edguez, qued\u00f3 al frente de Venezuela<\/strong> y profundiz\u00f3 la cooperaci\u00f3n con la administraci\u00f3n del presidente estadounidense <strong>Donald Trump<\/strong>.<\/p>\n<p id=\"p-1788436614901-50736\" class=\"\">El v\u00ednculo entre ambos gobiernos dio un giro significativo durante el mes pasado, cuando <strong>Estados Unidos y Venezuela alcanzaron un acuerdo sin precedentes<\/strong> que contempla que Washington se haga cargo de aproximadamente una quinta parte de las reservas petroleras venezolanas.<\/p>\n<div contenteditable=\"false\" class=\"embed_cont type_imagen\" id=\"8175146-Libre-408012318_wrap\">\n<div id=\"8175146-Libre-408012318_content\" class=\"embed_content\"><img src=\"https:\/\/media.ambito.com\/p\/a1f3504354299819765e6fc91971fdc4\/adjuntos\/239\/imagenes\/043\/096\/0043096034\/delcy-rodriguez-2505.jpg?2026-01-14-09-58-58\" decoding=\"async\" fetchpriority=\"low\" loading=\"lazy\" alt=\"La vicepresidenta Delcy Rodr\u00edguez qued\u00f3 al frente de Venezuela luego de la captura de Maduro en Caracas.\" title=\"La vicepresidenta Delcy Rodr\u00edguez qued\u00f3 al frente de Venezuela luego de la captura de Maduro en Caracas.\" width=\"730\" height=\"411\" id=\"8175146-Libre-408012318_embed\"\/><\/div>\n<div class=\"embed_wrapper-cont\" id=\"p-1788436614901-81002\">\n<div id=\"8175146-Libre-408012318_epigrafe\" class=\"embed_epigrafe\">\n<p id=\"p-1788436865757-45331\">La vicepresidenta Delcy Rodr\u00edguez qued\u00f3 al frente de Venezuela luego de la captura de Maduro en Caracas.<\/p>\n<\/div>\n<p>Reuters<\/p>\n<\/div><\/div>\n<p id=\"p-1788436387293-97978\" class=\"\">Mientras avanza el proceso judicial en Manhattan, los fiscales estadounidenses tienen plazo hasta el <strong>2 de octubre<\/strong> para responder formalmente a las mociones presentadas por la defensa. Posteriormente, Hellerstein deber\u00e1 evaluar los argumentos de ambas partes.<\/p>\n<p id=\"p-1788436387293-49961\">El juez fij\u00f3 para el <strong>17 de noviembre<\/strong> una audiencia destinada a analizar el pedido de desestimaci\u00f3n. Si la Justicia rechaza el planteo, Maduro continuar\u00e1 como acusado y deber\u00e1 enfrentar el juicio previsto para <strong>junio de 2027<\/strong>.<\/p>\n<\/div>\n<p><script>\n!function(f,b,e,v,n,t,s)\n{if(f.fbq)return;n=f.fbq=function(){n.callMethod?\nn.callMethod.apply(n,arguments):n.queue.push(arguments)};\nif(!f._fbq)f._fbq=n;n.push=n;n.loaded=!0;n.version='2.0';\nn.queue=[];t=b.createElement(e);t.async=!0;\nt.src=v;s=b.getElementsByTagName(e)[0];\ns.parentNode.insertBefore(t,s)}(window,document,'script',\n'\nfbq('init', '2047048335588113');\nfbq('track', 'PageView');\n<\/script><\/p>\n","protected":false},"excerpt":{"rendered":"<p>El depuesto presidente venezolano Nicol\u00e1s Maduro pidi\u00f3 este mi\u00e9rcoles a un juez federal de Estados Unidos que desestime los cargos en su contra, entre ellos el de conspiraci\u00f3n para cometer actos de narcoterrorismo. Su defensa sostiene que debe contar con inmunidad judicial por haber ejercido como jefe de un Estado soberano. La acusaci\u00f3n fue presentada [&hellip;]<\/p>\n","protected":false},"author":1,"featured_media":24848,"comment_status":"open","ping_status":"open","sticky":false,"template":"","format":"standard","meta":{"footnotes":""},"categories":[1],"tags":[],"class_list":["post-24847","post","type-post","status-publish","format-standard","has-post-thumbnail","hentry","category-uncategorized"],"_links":{"self":[{"href":"https:\/\/cliente1.publisher.highstack.com.ar\/index.php?rest_route=\/wp\/v2\/posts\/24847","targetHints":{"allow":["GET"]}}],"collection":[{"href":"https:\/\/cliente1.publisher.highstack.com.ar\/index.php?rest_route=\/wp\/v2\/posts"}],"about":[{"href":"https:\/\/cliente1.publisher.highstack.com.ar\/index.php?rest_route=\/wp\/v2\/types\/post"}],"author":[{"embeddable":true,"href":"https:\/\/cliente1.publisher.highstack.com.ar\/index.php?rest_route=\/wp\/v2\/users\/1"}],"replies":[{"embeddable":true,"href":"https:\/\/cliente1.publisher.highstack.com.ar\/index.php?rest_route=%2Fwp%2Fv2%2Fcomments&post=24847"}],"version-history":[{"count":0,"href":"https:\/\/cliente1.publisher.highstack.com.ar\/index.php?rest_route=\/wp\/v2\/posts\/24847\/revisions"}],"wp:featuredmedia":[{"embeddable":true,"href":"https:\/\/cliente1.publisher.highstack.com.ar\/index.php?rest_route=\/wp\/v2\/media\/24848"}],"wp:attachment":[{"href":"https:\/\/cliente1.publisher.highstack.com.ar\/index.php?rest_route=%2Fwp%2Fv2%2Fmedia&parent=24847"}],"wp:term":[{"taxonomy":"category","embeddable":true,"href":"https:\/\/cliente1.publisher.highstack.com.ar\/index.php?rest_route=%2Fwp%2Fv2%2Fcategories&post=24847"},{"taxonomy":"post_tag","embeddable":true,"href":"https:\/\/cliente1.publisher.highstack.com.ar\/index.php?rest_route=%2Fwp%2Fv2%2Ftags&post=24847"}],"curies":[{"name":"wp","href":"https:\/\/api.w.org\/{rel}","templated":true}]}}