{"id":24840,"date":"2026-09-03T09:15:05","date_gmt":"2026-09-03T12:15:05","guid":{"rendered":"https:\/\/cliente1.publisher.highstack.com.ar\/?p=24840"},"modified":"2026-09-03T09:15:07","modified_gmt":"2026-09-03T12:15:07","slug":"cambios-electorales-en-entre-rios-modifican-circuitos-y-crean-nuevas-divisiones","status":"publish","type":"post","link":"https:\/\/cliente1.publisher.highstack.com.ar\/?p=24840","title":{"rendered":"Cambios electorales en Entre R\u00edos: modifican circuitos y crean nuevas divisiones"},"content":{"rendered":"<div>\t\t<!-- { REGION4 --> <\/p>\n<header class=\"news-headline\">\n<div class=\"news-headline__topics-and-date-wrapper\">    <span class=\"news-headline__publication-date\"> 3 de septiembre 2026 &#8211; 08:34<br \/>\n            <\/span><\/div>\n<h2 class=\"news-headline__article-summary\"\/>\n<p id=\"p-1788426706985-58115\" class=\"ignore-parser\"> La C\u00e1mara Nacional Electoral aprob\u00f3 cambios en 14 secciones electorales de la provincia, con nuevas delimitaciones y denominaciones. La medida se vincula con la creaci\u00f3n de nuevas comunas y deber\u00e1 continuar su tr\u00e1mite ante el Poder Ejecutivo Nacional.<\/p>\n<\/header>\n<article class=\"article-body article-body--first-paragraph\" data-td-script-src=\"https:\/\/www.ambito.com\/td\/modulos\/encuestas\/js\/function-embeds-min-version-1788322023.js\">\n<p id=\"p-1788426909285-6980\" class=\"\">La <strong>C\u00e1mara Nacional Electoral<\/strong> aprob\u00f3 una serie de modificaciones en los circuitos electorales de Entre R\u00edos, que incluyen la <strong>creaci\u00f3n de nuevos circuitos, cambios en los l\u00edmites de divisiones existentes y modificaciones de denominaci\u00f3n<\/strong>. La resoluci\u00f3n fue publicada este jueves en el Bolet\u00edn Oficial y alcanza a 14 secciones electorales de la provincia.<\/p>\n<\/article>\n<section class=\"suscription-false printed-edition\" style=\"display:none\">\n<p> El contenido al que quiere acceder es exclusivo para suscriptores.<\/p>\n<p>  <span> <button type=\"button\" name=\"button\" class=\"subscribe-btn mercadopago-btn\">suscribirse<\/button><\/span>  <span class=\"btns\"><button type=\"button\" name=\"button\" class=\"subscribe-btn reload-login\"> ya estoy suscripto<\/button><\/span>  <\/p>\n<\/section>\n<article class=\"article-body article-body--second-paragraph\">\n<p id=\"p-1788426909285-82316\" class=\"\">La medida, establecida mediante la Resoluci\u00f3n 11\/2026, se tom\u00f3 en el marco de un expediente iniciado a partir de una propuesta elevada por el Juzgado Federal con competencia electoral de Entre R\u00edos. Seg\u00fan explic\u00f3 el tribunal, los cambios est\u00e1n vinculados con la <strong>Ley provincial 11.058, sancionada en 2023<\/strong>, y sus normas reglamentarias, que reconocieron como territorio de nuevas comunas a las jurisdicciones de los entonces denominados Centros Rurales de Poblaci\u00f3n.<\/p>\n<\/article>\n<article class=\"article-body article-body--third-paragraph\">\n<p id=\"p-1788426909285-97548\" class=\"\"> El proyecto fue analizado por la <strong>Unidad de Geograf\u00eda Electoral<\/strong> de la C\u00e1mara Nacional Electoral, que inform\u00f3 que la propuesta cumple con los lineamientos t\u00e9cnicos previstos para su evaluaci\u00f3n mediante el Sistema de Informaci\u00f3n Geogr\u00e1fica. En el expediente tambi\u00e9n consta la documentaci\u00f3n cartogr\u00e1fica y la informaci\u00f3n correspondiente a los locales de votaci\u00f3n.<\/p>\n<\/article>\n<article class=\"article-body article-body--fourth-paragraph\">\n<p id=\"p-1788426909285-2011\" class=\"\">Los cambios abarcan las secciones electorales de <strong>Paran\u00e1, La Paz, Diamante, Victoria, Nogoy\u00e1, Tala, Gualeguaych\u00fa, Islas Ibicuy, Villaguay, Concordia, Federal, Col\u00f3n, Federaci\u00f3n y San Salvador<\/strong>.<\/p>\n<\/article>\n<article class=\"article-body article-body--fifth-paragraph\">\n<p id=\"p-1788426909285-48933\" class=\"\">En Paran\u00e1 se dispuso la creaci\u00f3n del circuito 050A, denominado \u201cAldea Santa Rosa\u201d, junto con modificaciones en los circuitos 031, 042, 049 y 050. En La Paz se modificar\u00e1n los l\u00edmites de los circuitos 066 y 070, mientras que en Diamante los cambios alcanzar\u00e1n a los circuitos 086 y 094.<\/p>\n<\/article>\n<article class=\"article-body article-body--remaining-paragraph\">\n<p id=\"p-1788426909285-25203\" class=\"\">Tambi\u00e9n se modificar\u00e1 el circuito 107 de Victoria y los circuitos 113 y 119 de Nogoy\u00e1. En la secci\u00f3n Tala se crear\u00e1 el circuito 150A, denominado \u201cArroyo Cl\u00e9\u201d. En Gualeguaych\u00fa se incorporar\u00e1 el circuito 203A, \u201cGeneral Almada\u201d, y se modificar\u00e1n los l\u00edmites del circuito 205.<\/p>\n<p id=\"p-1788426909285-74339\" class=\"\">En Islas Ibicuy se modificar\u00e1 el circuito 212. Para Villaguay se crear\u00e1 el circuito 222A, \u201cEstaci\u00f3n Ra\u00edces\u201d, junto con cambios en el circuito 222. En Concordia se incorporar\u00e1 el circuito 237A, \u201cEstaci\u00f3n Yuqueri\u201d, y se modificar\u00e1n los circuitos 247 y 248.<\/p>\n<p id=\"p-1788426909285-9732\" class=\"\">La resoluci\u00f3n tambi\u00e9n contempla cambios en el circuito 264 de Federal y en el 275 de Col\u00f3n, ambos con modificaci\u00f3n de denominaci\u00f3n. En Col\u00f3n, adem\u00e1s, se cambiar\u00e1 el nombre del circuito 290, aunque <strong>sus l\u00edmites permanecer\u00e1n sin modificaciones<\/strong>.<\/p>\n<p id=\"p-1788426909285-83227\" class=\"\">En Federaci\u00f3n se modificar\u00e1n los circuitos 299, 300 y 301, tambi\u00e9n con cambios de denominaci\u00f3n. Finalmente, en San Salvador se crear\u00e1 el circuito 314A, \u201cSan Ernesto\u201d, y se modificar\u00e1 el l\u00edmite del circuito 314, que tambi\u00e9n tendr\u00e1 una nueva denominaci\u00f3n. La documentaci\u00f3n oficial incorpora los mapas y la descripci\u00f3n de las nuevas delimitaciones.<\/p>\n<h2 id=\"p-1788426909285-47983\">Qu\u00e9 dispuso la C\u00e1mara Nacional Electoral<\/h2>\n<p id=\"p-1788426909285-73419\" class=\"\">La resoluci\u00f3n establece que las modificaciones fueron aprobadas junto con la <strong>delimitaci\u00f3n cartogr\u00e1fica incluida en los anexos I y II<\/strong>. A su vez, la C\u00e1mara dej\u00f3 asentado que la propuesta no abarca en esta primera etapa la totalidad de los cambios planteados originalmente.<\/p>\n<p id=\"p-1788426909285-74836\" class=\"\">Seg\u00fan el texto, <strong>las modificaciones de los l\u00edmites de otros circuitos electorales preexistentes que no est\u00e9n directamente relacionadas con los cambios de municipio ser\u00e1n analizadas en una etapa posterior<\/strong>, de acuerdo con los criterios t\u00e9cnicos y administrativos que se establezcan.<\/p>\n<p id=\"p-1788426909285-39057\" class=\"\">El tribunal tambi\u00e9n orden\u00f3 avanzar con las tareas registrales y de administraci\u00f3n electoral vinculadas con las modificaciones, debido a la necesidad de realizarlas con suficiente anticipaci\u00f3n. Estas acciones quedar\u00e1n sujetas a la resoluci\u00f3n definitiva sobre la cuesti\u00f3n.<\/p>\n<p id=\"p-1788426909285-14446\">Finalmente, la C\u00e1mara Nacional Electoral dispuso remitir las actuaciones al <strong>Poder Ejecutivo Nacional<\/strong> y notificar al Juzgado Federal con competencia electoral de Entre R\u00edos. El presidente del tribunal, <strong>Alberto Ricardo Dalla V\u00eda<\/strong>, no intervino en la resoluci\u00f3n por encontrarse de licencia. La decisi\u00f3n lleva las firmas de <strong>Santiago Hern\u00e1n Corcuera<\/strong> y <strong>Daniel Bejas<\/strong>.<\/p>\n<\/article>\n<p>\t\t<!-- REGION4 } --><\/div>\n<p><script>\n!function(f,b,e,v,n,t,s)\n{if(f.fbq)return;n=f.fbq=function(){n.callMethod?\nn.callMethod.apply(n,arguments):n.queue.push(arguments)};\nif(!f._fbq)f._fbq=n;n.push=n;n.loaded=!0;n.version='2.0';\nn.queue=[];t=b.createElement(e);t.async=!0;\nt.src=v;s=b.getElementsByTagName(e)[0];\ns.parentNode.insertBefore(t,s)}(window,document,'script',\n'\nfbq('init', '2047048335588113');\nfbq('track', 'PageView');\n<\/script><\/p>\n","protected":false},"excerpt":{"rendered":"<p>3 de septiembre 2026 &#8211; 08:34 La C\u00e1mara Nacional Electoral aprob\u00f3 cambios en 14 secciones electorales de la provincia, con nuevas delimitaciones y denominaciones. La medida se vincula con la creaci\u00f3n de nuevas comunas y deber\u00e1 continuar su tr\u00e1mite ante el Poder Ejecutivo Nacional. La C\u00e1mara Nacional Electoral aprob\u00f3 una serie de modificaciones en los [&hellip;]<\/p>\n","protected":false},"author":1,"featured_media":24841,"comment_status":"open","ping_status":"open","sticky":false,"template":"","format":"standard","meta":{"footnotes":""},"categories":[1],"tags":[4,15],"class_list":["post-24840","post","type-post","status-publish","format-standard","has-post-thumbnail","hentry","category-uncategorized","tag-entre-rios","tag-gualeguaychu"],"_links":{"self":[{"href":"https:\/\/cliente1.publisher.highstack.com.ar\/index.php?rest_route=\/wp\/v2\/posts\/24840","targetHints":{"allow":["GET"]}}],"collection":[{"href":"https:\/\/cliente1.publisher.highstack.com.ar\/index.php?rest_route=\/wp\/v2\/posts"}],"about":[{"href":"https:\/\/cliente1.publisher.highstack.com.ar\/index.php?rest_route=\/wp\/v2\/types\/post"}],"author":[{"embeddable":true,"href":"https:\/\/cliente1.publisher.highstack.com.ar\/index.php?rest_route=\/wp\/v2\/users\/1"}],"replies":[{"embeddable":true,"href":"https:\/\/cliente1.publisher.highstack.com.ar\/index.php?rest_route=%2Fwp%2Fv2%2Fcomments&post=24840"}],"version-history":[{"count":1,"href":"https:\/\/cliente1.publisher.highstack.com.ar\/index.php?rest_route=\/wp\/v2\/posts\/24840\/revisions"}],"predecessor-version":[{"id":24842,"href":"https:\/\/cliente1.publisher.highstack.com.ar\/index.php?rest_route=\/wp\/v2\/posts\/24840\/revisions\/24842"}],"wp:featuredmedia":[{"embeddable":true,"href":"https:\/\/cliente1.publisher.highstack.com.ar\/index.php?rest_route=\/wp\/v2\/media\/24841"}],"wp:attachment":[{"href":"https:\/\/cliente1.publisher.highstack.com.ar\/index.php?rest_route=%2Fwp%2Fv2%2Fmedia&parent=24840"}],"wp:term":[{"taxonomy":"category","embeddable":true,"href":"https:\/\/cliente1.publisher.highstack.com.ar\/index.php?rest_route=%2Fwp%2Fv2%2Fcategories&post=24840"},{"taxonomy":"post_tag","embeddable":true,"href":"https:\/\/cliente1.publisher.highstack.com.ar\/index.php?rest_route=%2Fwp%2Fv2%2Ftags&post=24840"}],"curies":[{"name":"wp","href":"https:\/\/api.w.org\/{rel}","templated":true}]}}