{"id":24831,"date":"2026-09-03T07:56:49","date_gmt":"2026-09-03T10:56:49","guid":{"rendered":"https:\/\/cliente1.publisher.highstack.com.ar\/?p=24831"},"modified":"2026-09-03T07:56:49","modified_gmt":"2026-09-03T10:56:49","slug":"capturaron-a-dos-sospechosos-por-el-homicidio-en-barrio-parana-xiv-son-personas-conocidas-de-la-victima","status":"publish","type":"post","link":"https:\/\/cliente1.publisher.highstack.com.ar\/?p=24831","title":{"rendered":"Capturaron a dos sospechosos por el homicidio en barrio Paran\u00e1 XIV: \u201cSon personas conocidas de la v\u00edctima\u201d"},"content":{"rendered":"<p><\/p>\n<div>\n<p>La investigaci\u00f3n por la muerte de Rodolfo Augusto Bassi, de 61 a\u00f1os, en <b>barrio Paran\u00e1 XIV<\/b> avanz\u00f3 durante la madrugada de este jueves con dos allanamientos y la detenci\u00f3n de dos hombres de 52 y 48 a\u00f1os. El jefe de la Divisi\u00f3n Homicidios, Miguel Della Valle, confirm\u00f3 a Elonce que ambos ser\u00edan conocidos de la v\u00edctima. <\/p>\n<p><!-- is a <br \/>--><\/p>\n<p>\u00a0<\/p>\n<p><!-- is a <br \/>--><\/p>\n<p>Las detenciones fueron dispuestas luego de que los investigadores reunieran durante el mi\u00e9rcoles distintos elementos que fueron puestos a consideraci\u00f3n de la Fiscal\u00eda. Con esas evidencias, la Justicia autoriz\u00f3 las medidas que comenzaron a ejecutarse durante la madrugada. <\/p>\n<p><!-- is a <br \/>--><\/p>\n<p>\u00a0<\/p>\n<p><!-- is a <br \/>--><\/p>\n<p><!-- is a object --><br \/>\n<!-- embed start --><!-- embed end --><br \/>\n<!-- end object --><\/p>\n<p>\u00a0<\/p>\n<p><!-- is a <br \/>--><\/p>\n<p>Uno de los sospechosos fue localizado en Paran\u00e1, mientras que el restante fue detenido en Federal cuando se desplazaba en un colectivo. \u201cEstaba viajando en un micro al momento de la detenci\u00f3n\u201d, confirm\u00f3 Della Valle. <\/p>\n<p><!-- is a <br \/>--><\/p>\n<p>\u00a0<\/p>\n<p><!-- is a <br \/>--><\/p>\n<p><!-- is a object --><\/p>\n<h2><b>Los sospechosos conoc\u00edan a Bassi<\/b><\/h2>\n<p><!-- end object --><\/p>\n<p>\u00a0<\/p>\n<p><!-- is a <br \/>--><\/p>\n<p>Sobre la relaci\u00f3n con el hombre fallecido, el jefe de Homicidios indic\u00f3 que \u201cpor lo que entendemos, son personas conocidas de la v\u00edctima\u201d, un dato que forma parte de la reconstrucci\u00f3n que realizan los investigadores. <\/p>\n<p><!-- is a <br \/>--><\/p>\n<p>\u00a0<\/p>\n<p><!-- is a <br \/>--><\/p>\n<p>La Polic\u00eda tambi\u00e9n trabaja para establecer qu\u00e9 motiv\u00f3 el episodio. Della Valle se\u00f1al\u00f3 que ya existen elementos que permiten orientar la pesquisa, pero evit\u00f3 anticipar conclusiones antes de completar las medidas pendientes. <\/p>\n<p><!-- is a <br \/>--><\/p>\n<p>\u00a0<\/p>\n<p><!-- is a <br \/>--><\/p>\n<p><!-- is a object --><br \/>\n<!-- embed start --><\/p>\n<figure class=\"embed\">\n<p>    <img decoding=\"async\" src=\"https:\/\/elonce-media.elonce.com\/fotos\/2026\/09\/02\/e_1788384877_96979.webp\" loading=\"lazy\" width=\"600\" height=\"400\" alt=\"\"\/><\/p>\n<\/figure>\n<p><!-- embed end --><br \/>\n<!-- end object --><\/p>\n<p>\u00a0<\/p>\n<p><!-- is a <br \/>--><\/p>\n<p>\u201cCreo que ya estamos encaminados respecto de lo que pudo haber sucedido, pero es reciente y no me quiero apresurar\u201d, sostuvo. Consultado espec\u00edficamente sobre un posible robo, admiti\u00f3 que \u201cpuede ser una posibilidad\u201d, aunque aclar\u00f3 que todav\u00eda se encuentra bajo estudio. <\/p>\n<p><!-- is a <br \/>--><\/p>\n<p>\u00a0<\/p>\n<p><!-- is a <br \/>--><\/p>\n<p><!-- is a object --><\/p>\n<h2><b>C\u00f3mo se produjo el hallazgo<\/b><\/h2>\n<p><!-- end object --><\/p>\n<p>\u00a0<\/p>\n<p><!-- is a <br \/>--><\/p>\n<p>Bassi hab\u00eda sido encontrado este mi\u00e9rcoles sin vida en un departamento de su propiedad situado en inmediaciones de Churruar\u00edn y Juan Manuel de Rosas, en <b>barrio Paran\u00e1 XIV<\/b>. El hombre realizaba refacciones en el inmueble con la intenci\u00f3n de ponerlo en alquiler. <\/p>\n<p><!-- is a <br \/>--><\/p>\n<p>\u00a0<\/p>\n<p><!-- is a <br \/>--><\/p>\n<p>La b\u00fasqueda comenz\u00f3 despu\u00e9s de que sus familiares advirtieran que no respond\u00eda mensajes ni llamadas. Tras recorrer distintos domicilios sin localizarlo, realizaron una presentaci\u00f3n ante la Polic\u00eda. <\/p>\n<p><!-- is a <br \/>--><\/p>\n<p><!-- is a object --><br \/>\n<!-- embed start --><\/p>\n<figure class=\"embed\">\n<p>    <img decoding=\"async\" src=\"https:\/\/elonce-media.elonce.com\/fotos\/2026\/09\/02\/e_1788384877_69401.webp\" loading=\"lazy\" width=\"600\" height=\"400\" alt=\"\"\/><\/p>\n<\/figure>\n<p><!-- embed end --><br \/>\n<!-- end object --><\/p>\n<p>\u201cAnte la falta de respuesta, los familiares se preocuparon y recurrieron a la Polic\u00eda\u201d, explic\u00f3 Della Valle. Luego, junto con efectivos, ingresaron a una de las propiedades y all\u00ed encontraron el cuerpo. <\/p>\n<p><!-- is a <br \/>--><\/p>\n<p>\u00a0<\/p>\n<p><!-- is a <br \/>--><\/p>\n<p><!-- is a object --><\/p>\n<h2><b>La autopsia determinar\u00e1 la causa de muerte<\/b><\/h2>\n<p><!-- end object --><\/p>\n<p>\u00a0<\/p>\n<p><!-- is a <br \/>--><\/p>\n<p>Aunque inicialmente el hecho fue tratado como una muerte dudosa, las primeras actuaciones modificaron el rumbo de la investigaci\u00f3n. \u201cPor el momento podemos decir que estamos hablando de una muerte violenta\u201d, confirm\u00f3 el jefe policial. <\/p>\n<p><!-- is a <br \/>--><\/p>\n<p>\u00a0<\/p>\n<p><!-- is a <br \/>--><\/p>\n<p>La autopsia prevista para este jueves ser\u00e1 determinante para establecer con precisi\u00f3n la causa del fallecimiento. Della Valle evit\u00f3 brindar detalles sobre las lesiones antes de contar con ese resultado, pero adelant\u00f3 que \u201cse levantaron muchos elementos de inter\u00e9s en la escena del crimen\u201d. <\/p>\n<p><!-- is a <br \/>--><\/p>\n<p>\u00a0<\/p>\n<p><!-- is a <br \/>--><\/p>\n<p><!-- is a object --><br \/>\n<!-- embed start --><\/p>\n<div class=\"embed embed-video\">\n<p>\n            <iframe loading=\"lazy\" title=\"Dos detenidos por el homicidio de ayer en el barrio Paran\u00e1 XIV - 03\/09\/26\" width=\"500\" height=\"281\" src=\"https:\/\/www.youtube.com\/embed\/om4G5MaF1Ag?feature=oembed\" frameborder=\"0\" allow=\"accelerometer; autoplay; clipboard-write; encrypted-media; gyroscope; picture-in-picture; web-share\" referrerpolicy=\"strict-origin-when-cross-origin\" allowfullscreen><\/iframe>\n        <\/p>\n<p>\n                <span>Dos detenidos por el homicidio de ayer en el barrio Paran\u00e1 XIV<\/span>\n            <\/p>\n<\/p><\/div>\n<p><!-- embed end --><br \/>\n<!-- end object --><\/p>\n<p>\u00a0<\/p>\n<p><!-- is a <br \/>--><\/p>\n<p>Las c\u00e1maras de seguridad de la zona tambi\u00e9n tuvieron un papel relevante para reconstruir movimientos. \u201cAyudaron mucho a abrir el panorama y a saber por d\u00f3nde empezar\u201d, explic\u00f3. <\/p>\n<p><!-- is a <br \/>--><\/p>\n<p>\u00a0<\/p>\n<p><!-- is a <br \/>--><\/p>\n<p><!-- is a object --><br \/>\n<!-- embed start --><!-- embed end --><br \/>\n<!-- end object --><\/p>\n<p>\u00a0<\/p>\n<p><!-- is a <br \/>--><\/p>\n<p>Pese a las dos detenciones, el responsable de Homicidios pidi\u00f3 cautela sobre el estado de la causa. \u201cNo podemos decir que el hecho est\u00e1 esclarecido. Tenemos elementos importantes para estas detenciones, pero todav\u00eda queda un largo camino de investigaci\u00f3n\u201d, remarc\u00f3. <\/p>\n<p><!-- is a <br \/>--><\/p>\n<p>\u00a0<\/p>\n<p><!-- is a <br \/>--><\/p>\n<p>Los procedimientos continuaban durante la ma\u00f1ana de este jueves y no se descartaban nuevas medidas mientras se aguardaban los resultados de la autopsia y el an\u00e1lisis del resto de las pruebas reunidas.<\/p>\n<\/p><\/div>\n","protected":false},"excerpt":{"rendered":"<p>La investigaci\u00f3n por la muerte de Rodolfo Augusto Bassi, de 61 a\u00f1os, en barrio Paran\u00e1 XIV avanz\u00f3 durante la madrugada de este jueves con dos allanamientos y la detenci\u00f3n de dos hombres de 52 y 48 a\u00f1os. El jefe de la Divisi\u00f3n Homicidios, Miguel Della Valle, confirm\u00f3 a Elonce que ambos ser\u00edan conocidos de la [&hellip;]<\/p>\n","protected":false},"author":1,"featured_media":24832,"comment_status":"open","ping_status":"open","sticky":false,"template":"","format":"standard","meta":{"footnotes":""},"categories":[1],"tags":[],"class_list":["post-24831","post","type-post","status-publish","format-standard","has-post-thumbnail","hentry","category-uncategorized"],"_links":{"self":[{"href":"https:\/\/cliente1.publisher.highstack.com.ar\/index.php?rest_route=\/wp\/v2\/posts\/24831","targetHints":{"allow":["GET"]}}],"collection":[{"href":"https:\/\/cliente1.publisher.highstack.com.ar\/index.php?rest_route=\/wp\/v2\/posts"}],"about":[{"href":"https:\/\/cliente1.publisher.highstack.com.ar\/index.php?rest_route=\/wp\/v2\/types\/post"}],"author":[{"embeddable":true,"href":"https:\/\/cliente1.publisher.highstack.com.ar\/index.php?rest_route=\/wp\/v2\/users\/1"}],"replies":[{"embeddable":true,"href":"https:\/\/cliente1.publisher.highstack.com.ar\/index.php?rest_route=%2Fwp%2Fv2%2Fcomments&post=24831"}],"version-history":[{"count":0,"href":"https:\/\/cliente1.publisher.highstack.com.ar\/index.php?rest_route=\/wp\/v2\/posts\/24831\/revisions"}],"wp:featuredmedia":[{"embeddable":true,"href":"https:\/\/cliente1.publisher.highstack.com.ar\/index.php?rest_route=\/wp\/v2\/media\/24832"}],"wp:attachment":[{"href":"https:\/\/cliente1.publisher.highstack.com.ar\/index.php?rest_route=%2Fwp%2Fv2%2Fmedia&parent=24831"}],"wp:term":[{"taxonomy":"category","embeddable":true,"href":"https:\/\/cliente1.publisher.highstack.com.ar\/index.php?rest_route=%2Fwp%2Fv2%2Fcategories&post=24831"},{"taxonomy":"post_tag","embeddable":true,"href":"https:\/\/cliente1.publisher.highstack.com.ar\/index.php?rest_route=%2Fwp%2Fv2%2Ftags&post=24831"}],"curies":[{"name":"wp","href":"https:\/\/api.w.org\/{rel}","templated":true}]}}