{"id":24822,"date":"2026-09-03T06:17:43","date_gmt":"2026-09-03T09:17:43","guid":{"rendered":"https:\/\/cliente1.publisher.highstack.com.ar\/?p=24822"},"modified":"2026-09-03T06:17:43","modified_gmt":"2026-09-03T09:17:43","slug":"diego-santilli-a-milei-le-molesta-la-mentira-otros-presidentes-te-mandaban-a-la-side","status":"publish","type":"post","link":"https:\/\/cliente1.publisher.highstack.com.ar\/?p=24822","title":{"rendered":"Diego Santilli: &#8220;A Milei le molesta la mentira; otros presidentes te mandaban a la SIDE&#8221;"},"content":{"rendered":"<p> <br \/>\n<\/p>\n<div id=\"cuerpo\">\n<div class=\"sc-45461e9c-0 eqiBeF container-text text-embed \" id=\"element-body-0\">\n<p>Jefe de Gabinete desde hace dos meses, Diego Santilli hace una fuerte defensa del gobierno de Javier Milei en el tercer cap\u00edtulo de <strong>Cara a Cara<\/strong>, el ciclo audiovisual de entrevistas que<strong> Clar\u00edn<\/strong> publica de manera semanal en Youtube y en su p\u00e1gina web<strong>. <\/strong><\/p>\n<\/div>\n<div class=\"sc-45461e9c-0 eqiBeF container-text text-embed \" id=\"element-body-1\">\n<p>Uno de los principales dirigentes de la administraci\u00f3n libertaria explica qu\u00e9 lo motiva al Presidente a cuestionar a la prensa, ratifica sus intenciones de ser gobernador de la provincia de Buenos Aires, defiende la soberan\u00eda argentina en las islas Malvinas e incluso suelta un deseo personal a futuro: ser parte de la pol\u00edtica de River.<\/p>\n<\/div>\n<div class=\"sc-45461e9c-0 eqiBeF container-text text-embed \" id=\"element-body-2\">\n<p><strong>-La gente tiene una mirada muy cr\u00edtica de la pol\u00edtica. \u00bfEs compatible ser pol\u00edtico y ser una buena persona?<\/strong><\/p>\n<\/div>\n<div class=\"sc-45461e9c-0 eqiBeF container-text text-embed \" id=\"element-body-3\">\n<p>-Te dir\u00eda que es entendible, \u00bfno? Porque la pol\u00edtica no supo darle respuestas a la sociedad durante muchas d\u00e9cadas. Entonces se entiende el enojo, se entiende la distancia, o la criticidad. Para m\u00ed un buen pol\u00edtico es el que, cuando lo ves en su funci\u00f3n o cuando lo ves en su vida cotidiana, es la misma persona. Se trata de eso, de entender cu\u00e1l es la demanda, que es resolver los problemas que, estructuralmente, en nuestro pa\u00eds no se resolv\u00edan. Por eso, cuando la sociedad eligi\u00f3 a Milei, eligi\u00f3 a un presidente que enfrenta todos los temas que muchos no pudieron y otros no quisieron enfrentar.<\/p>\n<\/div>\n<div class=\"sc-45461e9c-0 eqiBeF container-text text-embed \" id=\"element-body-4\">\n<p><strong>-\u00bfHay tiempo para hacer amigos en la pol\u00edtica?<\/strong><\/p>\n<\/div>\n<div class=\"sc-45461e9c-0 eqiBeF container-text text-embed \" id=\"element-body-5\">\n<p>-S\u00ed, hay tiempo para tener amistades, buenas relaciones y construir confianza. Obviamente, tambi\u00e9n est\u00e1n tus amigos de la vida, que son con los que vos pod\u00e9s desenchufar. Imaginate que arranc\u00e1s muy temprano y termin\u00e1s muy tarde. Est\u00e1 tu familia, que es la que pierde mucho tiempo de vos, pero tambi\u00e9n est\u00e1n los amigos a los que vos quer\u00e9s ver el fin de semana o cuando te pod\u00e9s juntar a comer algo. Y ah\u00ed es donde no habl\u00e1s de tu rutina diaria, sino de los temas de la vida normal.<\/p>\n<\/div>\n<div class=\"sc-45461e9c-0 eqiBeF container-text text-embed \" id=\"element-body-6\">\n<p><strong>-\u00bfCu\u00e1n dif\u00edcil es desconectar?<\/strong><\/p>\n<\/div>\n<div class=\"sc-45461e9c-0 eqiBeF container-text text-embed \" id=\"element-body-7\">\n<p>-El problema es cu\u00e1nta energ\u00eda te queda despu\u00e9s del trabajo. A veces uno llega superagotado y cuesta entrar en la conversaci\u00f3n de la familia, y hay otros d\u00edas que no, que lleg\u00e1s superactivo e interactu\u00e1s con la familia o con los amigos de manera natural.<\/p>\n<\/div>\n<div class=\"sc-45461e9c-0 eqiBeF container-text text-embed \" id=\"element-body-8\">\n<p><strong>-\u00bfCuesta descansar? \u00bfCu\u00e1ntas horas dorm\u00eds?<\/strong><\/p>\n<\/div>\n<div class=\"sc-45461e9c-0 eqiBeF container-text text-embed \" id=\"element-body-9\">\n<p>-Mir\u00e1, si yo te dijera que dormir es posible&#8230;, es complejo. No es f\u00e1cil. No obstante, lo que me est\u00e1 pasando es que puedo apagar un tiempo y despu\u00e9s ya me despierto. Pero eso me da un descanso necesario, que es importante.<\/p>\n<\/div>\n<div class=\"sc-45461e9c-0 eqiBeF container-text text-embed \" id=\"element-body-10\">\n<p><strong>-\u00bfCu\u00e1nto te cambi\u00f3 el d\u00eda ser jefe de Gabinete?<\/strong><\/p>\n<\/div>\n<div class=\"sc-45461e9c-0 eqiBeF container-text text-embed \" id=\"element-body-11\">\n<p>-Te dir\u00eda que mucho. \u00bfPor qu\u00e9? Tony Blair dec\u00eda que no sab\u00eda c\u00f3mo hab\u00eda llegado a ser primer ministro brit\u00e1nico y c\u00f3mo era el trabajo. &#8220;Cuando lo aprend\u00e9s, te sacaron&#8221;, dec\u00eda. Como ministro del interior, yo ten\u00eda ah\u00ed claro el concepto, \u00bfno? Los gobernadores, las reformas, el di\u00e1logo para reformar, no el di\u00e1logo por el di\u00e1logo en s\u00ed mismo. Yo hay algo que detesto, que es cuando va mucha gente a los programas y hablan del di\u00e1logo y el consenso, \u00bfy qu\u00e9 cambiaron? Nada. El di\u00e1logo tiene que ser para terminar con la intermediaci\u00f3n de los planes, con los piquetes. Eso lleva m\u00e1s tiempo de aplicar, porque es la visi\u00f3n del Presidente.<\/p>\n<\/div>\n<div class=\"sc-45461e9c-0 eqiBeF container-text text-embed \" id=\"element-body-12\">\n<p><strong>-\u00bfLlegaste al cargo por ese perfil de consenso, negociador?<\/strong><\/p>\n<\/div>\n<div class=\"sc-45461e9c-0 eqiBeF container-text text-embed \" id=\"element-body-13\">\n<p>-El Presidente me pidi\u00f3 tres cosas centrales. Primero, la coordinaci\u00f3n con los ministros, que implica que todo el plan que el presidente traz\u00f3 con el gabinete tiene que suceder. Significa que vos traz\u00e1s un horizonte y eso tiene que pasar. El segundo plano es el parlamento, donde tienen un rol central Patricia Bullrich, en el Senado, y Mart\u00edn Menem, en Diputados, y desde all\u00ed hay que interactuar con los gobernadores. El tercer plano es la agenda p\u00fablica, que es la transmisi\u00f3n a la sociedad, ni m\u00e1s ni menos, de las decisiones del Presidente. Qu\u00e9 entiendan por qu\u00e9, para qu\u00e9 y hacia d\u00f3nde vamos. Todo eso lleva mucho tiempo.<\/p>\n<\/div>\n<div class=\"sc-98b114a2-0 bkqiHH image-embed  image-embed \" id=\"element-body-14\"><picture class=\"sc-98b114a2-1 jRUlDm\"><source media=\"(min-width: 975px)\" width=\"720\" height=\"480\" srcset=\"https:\/\/www.clarin.com\/img\/2026\/09\/02\/RdLNc8l9w_720x0__1.jpg\"\/><img fetchpriority=\"high\" alt=\"Diego Santilli, en la entrevista con Clar\u00edn. Foto: Ariel Grinberg.\" loading=\"eager\" width=\"720\" height=\"480\" decoding=\"async\" data-nimg=\"1\" style=\"color:transparent\" src=\"https:\/\/www.clarin.com\/img\/2026\/09\/02\/RdLNc8l9w_720x0__1.jpg\"\/><span class=\"epigraphe\" aria-hidden=\"true\">Diego Santilli, en la entrevista con Clar\u00edn. Foto: Ariel Grinberg.<\/span><span class=\"picture-open\"><button class=\"open-image\" aria-label=\"Open Image\"\/><\/span><\/picture><\/div>\n<div class=\"sc-45461e9c-0 eqiBeF container-text text-embed \" id=\"element-body-15\">\n<p><strong>-\u00bfEse lugar lo lleva a tratar de ser un equilibrio frente a las cr\u00edticas del Presidente hacia diferentes sectores?<\/strong><\/p>\n<\/div>\n<div class=\"sc-45461e9c-0 eqiBeF container-text text-embed \" id=\"element-body-16\">\n<p>-Todo lo contrario, a m\u00ed me marca la convicci\u00f3n de un presidente que entiende el rumbo. Si vamos dos a\u00f1os atr\u00e1s, ve\u00edamos a muchos dirigentes de la pol\u00edtica, y de diferentes sectores empresariales, o period\u00edsticos, que dec\u00edan &#8220;si Milei baja la inflaci\u00f3n, si logra el equilibrio fiscal, si intermedia por los planes, si enfrenta el narcotr\u00e1fico, si enfrenta la delincuencia, explota&#8221;. Lejos de explotar, este presidente llega a la elecci\u00f3n de medio t\u00e9rmino, construye la primera minor\u00eda parlamentaria y va en b\u00fasqueda de las reformas estructurales. Y las logra.<\/p>\n<\/div>\n<div class=\"sc-45461e9c-0 eqiBeF container-text text-embed \" id=\"element-body-17\">\n<p><strong>-\u00bfQu\u00e9 opina de los ataques a la prensa o a opositores? <\/strong><\/p>\n<\/div>\n<div class=\"sc-45461e9c-0 eqiBeF container-text text-embed \" id=\"element-body-18\">\n<p>-Lo que al Presidente le molesta es la mentira y la difamaci\u00f3n, y \u00e9l, contra la mentira y la difamaci\u00f3n, expresa su visi\u00f3n, todo lo contrario a lo que hac\u00edan otros presidentes, que te mandaban a la SIDE, o a ARCA. Pon\u00edan fotos de periodistas y les tiraban dardos, esas cosas no van.<\/p>\n<\/div>\n<div class=\"sc-45461e9c-0 eqiBeF container-text text-embed \" id=\"element-body-19\">\n<p><strong> -\u00bfNo podr\u00eda haber otras formas? \u00bfEvitar llamar mierda humanas a los periodistas? <\/strong><\/p>\n<\/div>\n<div class=\"sc-45461e9c-0 eqiBeF container-text text-embed \" id=\"element-body-20\">\n<p>-Pero no es una cuesti\u00f3n de formas, es una cuesti\u00f3n de \u00e9tica. Te doy un ejemplo, se dijo mucho sobre los diez d\u00edas que el Presidente estuvo en Olivos&#8230; Yo tuve que tomar decisiones fuertes, algunas de las cuales est\u00e1s viendo, respecto a las fuerzas de seguridad, respecto de las Fuerzas Armadas, que tienen que ver con reestructuraci\u00f3n de salarios y otros temas m\u00e1s. Todo el tiempo estuve en l\u00ednea con \u00e9l, y tom\u00e9 decisiones con \u00e9l. O sea, con los ministros, por supuesto, pero a m\u00ed me toca el \u00faltimo tramo entre los ministros y el Presidente. Ese valor \u00e9tico, de cuando son verdad o no las cosas, el Presidente las fija y fija posici\u00f3n.<\/p>\n<\/div>\n<div class=\"sc-45461e9c-0 eqiBeF container-text text-embed \" id=\"element-body-21\">\n<p><strong>-A veces puede ser interpretativa la verdad, seg\u00fan cada persona<\/strong><\/p>\n<\/div>\n<div class=\"sc-45461e9c-0 eqiBeF container-text text-embed \" id=\"element-body-22\">\n<p>-Una cosa es lo interpretativo y otra cosa es cuando se asevera y es una mentira, o se tergiversa. Cuando pasa eso hay una visi\u00f3n del Presidente, que no avala que se mienta. Esa es su posici\u00f3n.<\/p>\n<\/div>\n<div class=\"sc-45461e9c-0 eqiBeF container-text text-embed \" id=\"element-body-23\">\n<p><strong>-El s\u00e1bado se cumplen 1.000 d\u00edas de la presidencia de Milei. \u00bfQu\u00e9 balance hay que hacer?<\/strong><\/p>\n<\/div>\n<div class=\"sc-45461e9c-0 eqiBeF container-text text-embed \" id=\"element-body-24\">\n<p>-Es un balance altamente positivo. No s\u00f3lo quiero hacer el balance de estos 1000 d\u00edas, dejame hacer un balance desde 2020 o 2021 a la fecha. Yo siempre dije lo mismo, si busc\u00e1s el historial. Dije que todos los que pensamos parecido, los que creemos que Argentina tiene que tener un cambio, tenemos que estar juntos. Y eso lo profes\u00e9 el d\u00eda 1. En ese momento me toc\u00f3 acompa\u00f1ar irrestrictamente desde el lugar que yo estaba, porque no quer\u00eda que la Argentina volviera a padecer y a sufrir cosas que vivimos.  Yo creo que los ciudadanos no quieren volver a eso. A la gente no la pueden tomar por zonza. Ahora, que falta, falt\u00e1 un mont\u00f3n.<\/p>\n<\/div>\n<div class=\"sc-45461e9c-0 eqiBeF container-text text-embed \" id=\"element-body-25\">\n<p><strong>-\u00bfQu\u00e9 se le dice a aquel al que todav\u00eda esos cambios no le est\u00e1n llegando?<\/strong><\/p>\n<\/div>\n<div class=\"sc-45461e9c-0 eqiBeF container-text text-embed \" id=\"element-body-26\">\n<p>-Le dec\u00eda a un colega tuyo, en Misiones, que me preguntaba por lo que falta. Yo le dec\u00eda, &#8220;\u00bfno te das cuenta de d\u00f3nde venimos?&#8221;. O sea, la Argentina tuvo 57% de pobreza, el 68% de los j\u00f3venes eran pobres, el 20% eran indigentes, hab\u00eda 1.147% de inflaci\u00f3n. Eso es la destrucci\u00f3n de todo. \u00bfPor qu\u00e9 la Argentina no exportaba lo que exporta ahora? Faltaba inversi\u00f3n. Cincuenta a\u00f1os de destrucci\u00f3n, de desaguisado, no se resuelven en dos a\u00f1os y medio.<\/p>\n<\/div>\n<div class=\"sc-98b114a2-0 bkqiHH image-embed  image-embed \" id=\"element-body-27\"><picture class=\"sc-98b114a2-1 jRUlDm\"><source media=\"(min-width: 975px)\" width=\"720\" height=\"480\" srcset=\"https:\/\/www.clarin.com\/img\/2026\/09\/02\/uvFPJ65qJ_720x0__1.jpg\"\/><img alt=\"El Cara a Cara con Diego Santilli. Foto: Ariel Grinberg.\" loading=\"eager\" width=\"720\" height=\"480\" decoding=\"async\" data-nimg=\"1\" style=\"color:transparent\" src=\"https:\/\/www.clarin.com\/img\/2026\/09\/02\/uvFPJ65qJ_720x0__1.jpg\"\/><span class=\"epigraphe\" aria-hidden=\"true\">El Cara a Cara con Diego Santilli. Foto: Ariel Grinberg.<\/span><span class=\"picture-open\"><button class=\"open-image\" aria-label=\"Open Image\"\/><\/span><\/picture><\/div>\n<div class=\"sc-45461e9c-0 eqiBeF container-text text-embed \" id=\"element-body-28\">\n<p><strong>-Ese escenario hace imaginar una reelecci\u00f3n de Milei<\/strong><\/p>\n<\/div>\n<div class=\"sc-45461e9c-0 eqiBeF container-text text-embed \" id=\"element-body-29\">\n<p>-Yo voy a trabajar para eso, para la reelecci\u00f3n de Milei. Por su visi\u00f3n, por su convicci\u00f3n, por la transformaci\u00f3n que est\u00e1 haciendo y porque realmente cree y est\u00e1 convencido que la Argentina va a salir fuertemente hacia arriba. Hace 20 a\u00f1os que la Argentina no produce un crecimiento de tres a\u00f1os consecutivos: 2025, 2026 y 2027. Estamos en el camino correcto.<\/p>\n<\/div>\n<div class=\"sc-45461e9c-0 eqiBeF container-text text-embed \" id=\"element-body-30\">\n<p><strong>-La oposici\u00f3n dice que el intento de eliminar las PASO para el a\u00f1o que viene es porque el Gobierno trata de mantener el frente econ\u00f3mico tranquilo por si tiene un traspi\u00e9 electoral. \u00bfVan a intentar aprobar la reforma pol\u00edtica completa?<\/strong><\/p>\n<\/div>\n<div class=\"sc-45461e9c-0 eqiBeF container-text text-embed \" id=\"element-body-31\">\n<p>-En 2025 dec\u00edan que al Gobierno no le conven\u00eda la Boleta \u00danica. No es una conveniencia, es convicci\u00f3n. El Presidente cree en la Boleta \u00danica. El presidente tiene convicci\u00f3n. \u00bfCu\u00e1l es su segunda convicci\u00f3n? No sirven las PASO. \u00bfPero por qu\u00e9 no sirven? Porque es una reforma para la gente, no para los dirigentes, es para los ciudadanos. \u00bfPor qu\u00e9? Porque no tienen que ir a votar seis veces en un a\u00f1o y porque le cuesta US$ 250 millones al Estado. Porque la gente est\u00e1 harta de los espacios cedidos a los partidos pol\u00edticos, apaga la televisi\u00f3n y la radio. Que lo pague la pol\u00edtica. Y despu\u00e9s vienen una serie de reformas, que tienen que ver con la forma del ejercicio de de la pol\u00edtica. Yo estoy convencido que gran parte de esa reforma va a salir. Algunos dicen la eliminaci\u00f3n, y otros plantean la suspensi\u00f3n como un camino intermedio.<\/p>\n<\/div>\n<div class=\"sc-45461e9c-0 eqiBeF container-text text-embed \" id=\"element-body-32\">\n<p><strong>-\u00bfNo falta poco tiempo para la elecci\u00f3n para estar haciendo cambios?<\/strong><\/p>\n<\/div>\n<div class=\"sc-45461e9c-0 eqiBeF container-text text-embed \" id=\"element-body-33\">\n<p>-Vos ten\u00e9s que hacer los cambios antes del a\u00f1o electoral, antes de diciembre, que es lo que la Justicia Electoral pide para poder trabajar con antelaci\u00f3n hacia octubre.<\/p>\n<\/div>\n<div class=\"sc-45461e9c-0 eqiBeF container-text text-embed \" id=\"element-body-34\">\n<p><strong>-\u00bfEl Gobierno tiene la sensibilidad suficiente con el tema morosidad al limitarlo a un tema de privados?<\/strong><\/p>\n<\/div>\n<div class=\"sc-45461e9c-0 eqiBeF container-text text-embed \" id=\"element-body-35\">\n<p>-Escuch\u00e9 a algunos de los dirigentes de la oposici\u00f3n hablar de sensibilidad y empat\u00eda. Son las palabras que utiliza el populismo detr\u00e1s de las que acaballa un mont\u00f3n de medidas que destruyeron la Argentina, como la Ley de Alquileres. Sobre morosidad. \u00bfc\u00f3mo est\u00e1 compuesta? La mayor cantidad de plata la tienen los bancos en t\u00e9rminos de morosidad, con la menor cantidad de clientes, y la mayor cantidad de clientes, con la menor cantidad de montos de dinero, la tienen las Fintech. El Banco Central viene teniendo reuniones con los bancos y con las Fintech. Y f\u00edjate c\u00f3mo est\u00e1 avanzando. Ya hay planes, ya los bancos est\u00e1n reestructurando. Bajan las tasas y ya renegociaron a m\u00e1s de 500.000 clientes. Ojo con las regulaciones porque terminan destruyendo el cr\u00e9dito. <\/p>\n<\/div>\n<div class=\"sc-45461e9c-0 eqiBeF container-text text-embed \" id=\"element-body-36\">\n<p><strong>-\u00bfC\u00f3mo esta la relaci\u00f3n con el PRO? \u00bfEst\u00e1n avanzando hacia un acuerdo?<\/strong><\/p>\n<\/div>\n<div class=\"sc-45461e9c-0 eqiBeF container-text text-embed \" id=\"element-body-37\">\n<p>-Seguimos avanzando, vamos paso a paso, en el camino correcto, y tenemos un muy buen di\u00e1logo con los tres gobernadores del PRO y con la mesa que encabezan Cristian Ritondo y Fernando de Andreis. Ha habido una muy buena conversaci\u00f3n telef\u00f3nica entre Karina Milei y Mauricio Macri, que fue el puntapi\u00e9 para volver a retomar el camino de encontrar los puntos para un acuerdo. Esto no es s\u00f3lo electoral, esto tiene que ver con el pa\u00eds que queremos.<\/p>\n<\/div>\n<div class=\"sc-45461e9c-0 eqiBeF container-text text-embed \" id=\"element-body-38\">\n<p><strong>-\u00bfEn la Ciudad van a acordar? \u00bfO puede haber un candidato propio de La Libertad Avanza?<\/strong><\/p>\n<\/div>\n<div class=\"sc-45461e9c-0 eqiBeF container-text text-embed \" id=\"element-body-39\">\n<p>-Estamos trabajando juntos, como te dije, pero es l\u00f3gico que cada partido, sea el que fuera, tenga un transitar y una construcci\u00f3n, porque te da m\u00e1s fortaleza. As\u00ed que yo lo veo como un camino s\u00f3lido que lidera Pilar Ram\u00edrez en el caso de la ciudad de Buenos Aires, con Karina Milei como referente m\u00e1ximo de La Libertad Avanza porque es la presidente del partido. <\/p>\n<\/div>\n<div class=\"sc-45461e9c-0 eqiBeF container-text text-embed \" id=\"element-body-40\">\n<p><strong>-\u00bfLo mismo aplica para la provincia de Buenos Aires?<\/strong><\/p>\n<\/div>\n<div class=\"sc-45461e9c-0 eqiBeF container-text text-embed \" id=\"element-body-41\">\n<p>-Sin dudas. Nosotros en la provincia de Buenos Aires, con el radicalismo, con el PRO y La Libertad Avanza, estamos armando un trabajo conjunto porque no podemos volver a regalarle la Provincia a los que la han destruido, devastado.<\/p>\n<\/div>\n<div class=\"sc-45461e9c-0 eqiBeF container-text text-embed \" id=\"element-body-42\">\n<p><strong>-\u00bfAh\u00ed el candidatos sos vos?<\/strong><\/p>\n<\/div>\n<div class=\"sc-45461e9c-0 eqiBeF container-text text-embed \" id=\"element-body-43\">\n<p>-A m\u00ed me apasiona la Provincia. El que me conoce sabe que quiero, que tengo ganas, que la sociedad ya me acompa\u00f1\u00f3 dos veces contundentemente, y que tengo ideas claras, bajar impuestos y enfrentar a los delincuentes. Quiero ir a fondo.<\/p>\n<\/div>\n<div class=\"sc-45461e9c-0 eqiBeF container-text text-embed \" id=\"element-body-44\">\n<p><strong>-\u00bfSe puede anticipar algo de la cadena nacional de Milei sobre Malvinas?<\/strong><\/p>\n<\/div>\n<div class=\"sc-45461e9c-0 eqiBeF container-text text-embed \" id=\"element-body-45\">\n<p>-De Malvinas va a hablar el Presidente, me parece que eso es lo que corresponde. Las Malvinas son argentinas, y nosotros vamos a defenderlas siempre. Creemos en que hay que hacer todo lo que est\u00e9 a nuestro alcance, y m\u00e1s a\u00fan en materia diplom\u00e1tica, para recuperar nuestra soberan\u00eda y nuestro territorio, que es lo nuestro.<\/p>\n<\/div>\n<div class=\"sc-45461e9c-0 eqiBeF container-text text-embed \" id=\"element-body-46\">\n<p><strong>-Bullrich le dijo a Clar\u00edn que despu\u00e9s de la reelecci\u00f3n de Milei se quiere lanzar como candidata a la presidencia. \u00bfFantase\u00e1s con ser Presidente?<\/strong><\/p>\n<\/div>\n<div class=\"sc-45461e9c-0 eqiBeF container-text text-embed \" id=\"element-body-47\">\n<p>-No. A mi me apasiona la Provincia, s\u00e9 que puedo ayudar a transformar. El d\u00eda despu\u00e9s de la reelecci\u00f3n de Milei le debo prioridad a mi familia, a mi mujer.<\/p>\n<\/div>\n<p><h2>River, el amor de su vida, al que quiere acompa\u00f1ar &#8220;desde alg\u00fan lado&#8221; <\/h2>\n<\/p>\n<div class=\"sc-98b114a2-0 bkqiHH image-embed  image-embed \" id=\"element-body-49\"><picture class=\"sc-98b114a2-1 jRUlDm\"><source media=\"(min-width: 975px)\" width=\"720\" height=\"480\" srcset=\"https:\/\/www.clarin.com\/img\/2026\/09\/02\/jOhGSrx0U_720x0__1.jpg\"\/><img alt=\"Diego Santilli, en la redacci\u00f3n de Clar\u00edn. Foto: Ariel Grinberg.\" loading=\"eager\" width=\"720\" height=\"480\" decoding=\"async\" data-nimg=\"1\" style=\"color:transparent\" src=\"https:\/\/www.clarin.com\/img\/2026\/09\/02\/jOhGSrx0U_720x0__1.jpg\"\/><span class=\"epigraphe\" aria-hidden=\"true\">Diego Santilli, en la redacci\u00f3n de Clar\u00edn. Foto: Ariel Grinberg.<\/span><span class=\"picture-open\"><button class=\"open-image\" aria-label=\"Open Image\"\/><\/span><\/picture><\/div>\n<div class=\"sc-45461e9c-0 eqiBeF container-text text-embed \" id=\"element-body-50\">\n<p>Santilli <strong>reparte los fines de semana entre la cercan\u00eda con su familia<\/strong>,  compuesta por tres hijos varones, su esposa Anal\u00eda Maiorana, a la que define como &#8220;un gran sost\u00e9n&#8221;, y las dos hijas de ella, <strong>sus encuentros con amigos, y actividades al aire libre que suele hacer<\/strong>.<\/p>\n<\/div>\n<div class=\"sc-45461e9c-0 eqiBeF container-text text-embed \" id=\"element-body-51\">\n<p>Cambi\u00f3 el f\u00fatbol por el p\u00e1del los s\u00e1bados a la tarde, por una dolencia en un tobillo &#8220;que ya no puede m\u00e1s&#8221;. Lo que<strong> no abandona es su pasi\u00f3n por River Plate<\/strong>, club del que su padre fue presidente en a\u00f1os de mucha gloria, como el &#8217;86, cuando el club de N\u00fa\u00f1ez fue campe\u00f3n del f\u00fatbol local, de Am\u00e9rica y del mundo.<\/p>\n<\/div>\n<div class=\"sc-45461e9c-0 eqiBeF container-text text-embed \" id=\"element-body-52\">\n<p>&#8220;<strong>Es mi gran pasi\u00f3n. No es lo mismo que pierda o que gane, y mis hijos heredaron esa pasi\u00f3n<\/strong>. Es un lugar para compartir en familia. Lo que m\u00e1s me motiva es que <strong>puedo verlo con mi viejo, que va a cumplir 87 a\u00f1os<\/strong>, con mis hijos y con el resto de mi familia. Lo m\u00e1s maravilloso es abrazarse y poder gritar un gol&#8221;, relata.<\/p>\n<\/div>\n<div class=\"sc-45461e9c-0 eqiBeF container-text text-embed \" id=\"element-body-53\">\n<p>Adem\u00e1s, <strong>desea que &#8220;le vaya bien a Leo Ponzio&#8221;<\/strong>, el nuevo entrenador interino del plantel millonario. &#8220;Quiero que se repita el concepto de Scaloni y la Selecci\u00f3n, porque, adem\u00e1s de ser un buen tipo, es alguien de la casa, no experimentado, pero que entiende a los jugadores, y que puede ser un camino parecido al que hizo Gallardo&#8221;, sintetiza quien de chico, <strong>en los &#8217;70, iba a la platea San Mart\u00edn baja cerca de &#8220;la Gorda Matosas&#8221;<\/strong>, la hincha m\u00e1s caracter\u00edstica de aquellos a\u00f1os. <\/p>\n<\/div>\n<div class=\"sc-45461e9c-0 eqiBeF container-text text-embed \" id=\"element-body-54\">\n<p>&#8220;Lo que puteaba&#8230; Era una genia y amaba a River por sobre todas las cosas&#8221;, recuerda a la emblem\u00e1tica simpatizante riverplatense. Y suelta, como un deseo a futuro, que<strong> &#8220;en alg\u00fan momento me gustar\u00eda ayudar al amor de mi vida que es River, acompa\u00f1ando<\/strong>&#8220;.<\/p>\n<\/div>\n<p><h2>Ping Pong<\/h2>\n<\/p>\n<div class=\"sc-45461e9c-0 eqiBeF container-text text-embed \" id=\"element-body-56\">\n<p><strong>-\u00bfCon qu\u00e9 opositor te tomar\u00edas un caf\u00e9?<\/strong><\/p>\n<\/div>\n<div class=\"sc-45461e9c-0 eqiBeF container-text text-embed \" id=\"element-body-57\">\n<p>-Con Maxi Abad, del radicalismo. Lo respeto por su conocimiento y por su visi\u00f3n de la provincia.<\/p>\n<\/div>\n<div class=\"sc-45461e9c-0 eqiBeF container-text text-embed \" id=\"element-body-59\">\n<p>-Uno se toma un caf\u00e9 con alguien que est\u00e1 dispuesto a cambiar, a transformar. Yo <strong>escucho a Kicillof hablar de di\u00e1logo, pero no fue al Consejo de Mayo<\/strong>, cree que los delincuentes son v\u00edctimas sociales, no aprob\u00f3 una reforma del RIGI&#8230; <strong>No tengo feeling<\/strong>, te dice que va a hacer una cosa y hace todo lo contrario. Entonces, para qu\u00e9 me tomar\u00eda un caf\u00e9.<\/p>\n<\/div>\n<div class=\"sc-45461e9c-0 eqiBeF container-text text-embed \" id=\"element-body-60\">\n<p><strong>-\u00bfCon qui\u00e9n te ir\u00edas de vacaciones?<\/strong><\/p>\n<\/div>\n<div class=\"sc-45461e9c-0 eqiBeF container-text text-embed \" id=\"element-body-61\">\n<p>-No suelo irme mucho de vacaciones, pero con gobernadores podr\u00eda ser. Con Rogelio Frigerio, por ejemplo, me llevo muy bien. <\/p>\n<\/div>\n<\/div>\n","protected":false},"excerpt":{"rendered":"<p>Jefe de Gabinete desde hace dos meses, Diego Santilli hace una fuerte defensa del gobierno de Javier Milei en el tercer cap\u00edtulo de Cara a Cara, el ciclo audiovisual de entrevistas que Clar\u00edn publica de manera semanal en Youtube y en su p\u00e1gina web. Uno de los principales dirigentes de la administraci\u00f3n libertaria explica qu\u00e9 [&hellip;]<\/p>\n","protected":false},"author":1,"featured_media":24823,"comment_status":"open","ping_status":"open","sticky":false,"template":"","format":"standard","meta":{"footnotes":""},"categories":[1],"tags":[3],"class_list":["post-24822","post","type-post","status-publish","format-standard","has-post-thumbnail","hentry","category-uncategorized","tag-rogelio-frigerio"],"_links":{"self":[{"href":"https:\/\/cliente1.publisher.highstack.com.ar\/index.php?rest_route=\/wp\/v2\/posts\/24822","targetHints":{"allow":["GET"]}}],"collection":[{"href":"https:\/\/cliente1.publisher.highstack.com.ar\/index.php?rest_route=\/wp\/v2\/posts"}],"about":[{"href":"https:\/\/cliente1.publisher.highstack.com.ar\/index.php?rest_route=\/wp\/v2\/types\/post"}],"author":[{"embeddable":true,"href":"https:\/\/cliente1.publisher.highstack.com.ar\/index.php?rest_route=\/wp\/v2\/users\/1"}],"replies":[{"embeddable":true,"href":"https:\/\/cliente1.publisher.highstack.com.ar\/index.php?rest_route=%2Fwp%2Fv2%2Fcomments&post=24822"}],"version-history":[{"count":0,"href":"https:\/\/cliente1.publisher.highstack.com.ar\/index.php?rest_route=\/wp\/v2\/posts\/24822\/revisions"}],"wp:featuredmedia":[{"embeddable":true,"href":"https:\/\/cliente1.publisher.highstack.com.ar\/index.php?rest_route=\/wp\/v2\/media\/24823"}],"wp:attachment":[{"href":"https:\/\/cliente1.publisher.highstack.com.ar\/index.php?rest_route=%2Fwp%2Fv2%2Fmedia&parent=24822"}],"wp:term":[{"taxonomy":"category","embeddable":true,"href":"https:\/\/cliente1.publisher.highstack.com.ar\/index.php?rest_route=%2Fwp%2Fv2%2Fcategories&post=24822"},{"taxonomy":"post_tag","embeddable":true,"href":"https:\/\/cliente1.publisher.highstack.com.ar\/index.php?rest_route=%2Fwp%2Fv2%2Ftags&post=24822"}],"curies":[{"name":"wp","href":"https:\/\/api.w.org\/{rel}","templated":true}]}}