{"id":24817,"date":"2026-09-03T04:45:23","date_gmt":"2026-09-03T07:45:23","guid":{"rendered":"https:\/\/cliente1.publisher.highstack.com.ar\/?p=24817"},"modified":"2026-09-03T04:45:23","modified_gmt":"2026-09-03T07:45:23","slug":"uruguay-reubicara-la-planta-de-hidrogeno-verde-cuestionada-por-argentina-que-dijo-el-canciller-quirno-al-respecto","status":"publish","type":"post","link":"https:\/\/cliente1.publisher.highstack.com.ar\/?p=24817","title":{"rendered":"Uruguay reubicar\u00e1 la planta de hidr\u00f3geno verde cuestionada por Argentina: qu\u00e9 dijo el canciller Quirno al respecto"},"content":{"rendered":"<div class=\"article__content standard\" id=\"article-content\">\n<p>Luego la denuncia de Argentina por la cercan\u00eda de una planta de <strong>hidr\u00f3geno verde<\/strong> con <strong>Entre R\u00edos<\/strong>, el presidente de <strong>Uruguay<\/strong>, Yamand\u00fa Orsi, mand\u00f3 reubicarla.<\/p>\n<p>Seg\u00fan la <em>Agencia Noticias Argentinas<\/em>, esta disposici\u00f3n fue confirmada por el canciller de Uruguay, <strong>Mario Lubetkin<\/strong>, junto a su colega argentino, <strong>Pablo Quirno<\/strong>, por pedido de Orsi. El funcionario de La Libertad Avanza est\u00e1 en Montevideo, donde participar\u00e1 de un encuentro de cancilleres del Mercosur.<\/p>\n<p>Antes de su reuni\u00f3n con Quirno, Lubetkin se\u00f1al\u00f3: \u201cEl presidente de la Rep\u00fablica nos dio<strong> instrucciones precisas para relocalizar esa planta<\/strong>\u201d. Adem\u00e1s, revel\u00f3 que el canciller argentino, autoridades de Entre R\u00edos y de la ciudad de Col\u00f3n le hicieron solicitudes de <strong>evitar \u201cla contaminaci\u00f3n visual\u201d <\/strong>que generar\u00eda la planta de hidr\u00f3geno verde.<\/p>\n<div style=\"text-align:center\">\n<figure class=\"image\" style=\"display:inline-block\"><picture><source media=\"(max-width: 440px)\" srcset=\"https:\/\/fotos.perfil.com\/\/2024\/11\/26\/440\/0\/yamandu-orsi-1918756.jpg?webp\"><\/source><source media=\"(max-width: 1019px)\" srcset=\"https:\/\/fotos.perfil.com\/\/2024\/11\/26\/712\/0\/yamandu-orsi-1918756.jpg?webp\"><\/source><img decoding=\"async\" style=\"max-width: 100%; width: 100%;\" alt=\"Yamand\u00fa Orsi\" src=\"https:\/\/fotos.perfil.com\/\/2024\/11\/26\/900\/0\/yamandu-orsi-1918756.jpg?webp\" loading=\"lazy\"><\/picture><figcaption>Yamand\u00fa Orsi<\/figcaption><\/figure>\n<\/p><\/div>\n<\/p>\n<h2>El mensaje del canciller Pablo Quirno<\/h2>\n<p>En su cuenta oficial de X, el canciller <strong>Pablo Quirno<\/strong> escribi\u00f3: <strong>\u201cEl di\u00e1logo, la diplomacia y la voluntad<\/strong> de encontrar soluciones comunes volvieron a demostrar que son <strong>el mejor camino para resolver incluso los temas m\u00e1s sensibles <\/strong>entre nuestros pa\u00edses. Hoy podemos decir que este trabajo conjunto permiti\u00f3 llevar este proceso a buen puerto, con una decisi\u00f3n que contempla el bien com\u00fan de Argentina y Uruguay\u201d.<\/p>\n<p>Y sum\u00f3: \u201c<strong>Quiero agradecer muy especialmente al Gobierno de Uruguay, a su Presidente, Orsi Yamandu, y a su Canciller, Mario Lubetkin,<\/strong> por la disposici\u00f3n, la confianza y el esp\u00edritu constructivo con el que abordaron este tema.<strong> Tambi\u00e9n al Gobernador de Entre R\u00edos, Rogelio Frigerio,<\/strong> a los intendentes de las localidades involucradas y a todos los equipos t\u00e9cnicos y diplom\u00e1ticos de ambos pa\u00edses que hicieron posible este resultado\u201d.<\/p>\n<p>Para luego remarcar: \u201cAsimismo, destacamos especialmente <strong>la paciencia y la confianza de las comunidades de ambas orillas<\/strong>, que acompa\u00f1aron este proceso confiando en nuestra capacidad de encontrar una soluci\u00f3n conjunta\u201d.<\/p>\n<p>El canciller cerr\u00f3 su posteo escribiendo: \u201c<strong>Aprendimos de nuestra historia para no repetir errores del pasado<\/strong>. Argentina y Uruguay demostramos que la confianza mutua, la buena fe y la voluntad de construir soluciones comunes son el camino para superar nuestras diferencias y fortalecer los profundos lazos que unen a nuestros pueblos\u201d.<\/p>\n<div style=\"text-align:center\">\n<figure class=\"image\" style=\"display:inline-block\"><picture><source media=\"(max-width: 440px)\" srcset=\"https:\/\/fotos.perfil.com\/\/2026\/09\/01\/440\/0\/pablo-quirno-en-infobae-2316358.jpg?webp\"><\/source><source media=\"(max-width: 1019px)\" srcset=\"https:\/\/fotos.perfil.com\/\/2026\/09\/01\/712\/0\/pablo-quirno-en-infobae-2316358.jpg?webp\"><\/source><img decoding=\"async\" style=\"max-width: 100%; width: 100%;\" alt=\"Pablo Quirno en Infobae\" src=\"https:\/\/fotos.perfil.com\/\/2026\/09\/01\/900\/0\/pablo-quirno-en-infobae-2316358.jpg?webp\" loading=\"lazy\"><\/picture><figcaption>Pablo Quirno<\/figcaption><\/figure>\n<\/p><\/div>\n<\/p>\n<h2>C\u00f3mo era el proyecto<\/h2>\n<p>El proyecto HIF iba a instalarse a <strong>3 kil\u00f3metros de la costa de Col\u00f3n <\/strong>y a 15 de Paysand\u00fa. Contemplaba un parque de energ\u00eda solar, un parque e\u00f3lico y<strong> una planta en la que se producir\u00edan hasta 876.000 toneladas de metanol al a\u00f1o <\/strong>con hidr\u00f3geno verde.<\/p>\n<p>Seg\u00fan la <em>Agencia Noticias Argentinas<\/em>, los tr\u00e1mites para obtener la autorizaci\u00f3n ambiental comenzaron el primer cuatrimestre del a\u00f1o 2024 en Uruguay y, <strong>a finales del a\u00f1o 2025, el plan logr\u00f3 la viabilidad ambiental <\/strong>de ubicaci\u00f3n denominada VAL.<\/p>\n<p>El 13 de marzo de este a\u00f1o, HIF present\u00f3 ante las autoridades del Ministerio de Ambiente de Uruguay la solicitud de autorizaci\u00f3n ambiental previa de la planta de combustibles.<\/p>\n<h2>La denuncia que realiz\u00f3 Argentina<\/h2>\n<p>El pasado 12 de marzo, los <strong>diputados Guillermo Michel y Marianela Marclay<\/strong>, junto al <strong>senador nacional Ad\u00e1n Bahl<\/strong>, todos de Entre R\u00edos, presentaron una <strong>demanda civil de prevenci\u00f3n de da\u00f1os y perjuicios<\/strong> que est\u00e1 siendo tramitada en tribunales argentinos.<\/p>\n<div style=\"text-align:center\">\n<figure class=\"image\" style=\"display:inline-block\"><picture><source media=\"(max-width: 440px)\" srcset=\"https:\/\/fotos.perfil.com\/\/2024\/12\/13\/440\/0\/rogelio-frigerio-en-la-6-edicion-del-ficer-20241213-1930162.jpg?webp\"><\/source><source media=\"(max-width: 1019px)\" srcset=\"https:\/\/fotos.perfil.com\/\/2024\/12\/13\/712\/0\/rogelio-frigerio-en-la-6-edicion-del-ficer-20241213-1930162.jpg?webp\"><\/source><img decoding=\"async\" style=\"max-width: 100%; width: 100%;\" alt=\"Rogelio Frigerio en la 6\u00b0 edici\u00f3n del FICER 20241213\" src=\"https:\/\/fotos.perfil.com\/\/2024\/12\/13\/900\/0\/rogelio-frigerio-en-la-6-edicion-del-ficer-20241213-1930162.jpg?webp\" loading=\"lazy\"><\/picture><figcaption>Rogelio Frigerio<\/figcaption><\/figure>\n<\/p><\/div>\n<p>Por su parte, el gobernador de Entre R\u00edos, <strong>Rogelio Frigerio<\/strong>, tambi\u00e9n habl\u00f3 al respecto en marzo pasado, afirmando: \u201c<strong>No podemos permitir otra Botnia<\/strong>\u201d. Y luego revel\u00f3: \u201cMantuve varias reuniones desde el minuto cero con autoridades de Uruguay para dejar clara nuestra posici\u00f3n: <strong>la refiner\u00eda de combustibles sint\u00e9ticos proyectada en Paysand\u00fa tiene que relocalizarse<\/strong>\u201d.<\/p>\n<\/p><\/div>\n<p><\/p>\n","protected":false},"excerpt":{"rendered":"<p>        El proyecto iba a instalarse a 3 kil\u00f3metros de la costa de Col\u00f3n y producir\u00eda hasta 876.000 toneladas de metanol al a\u00f1o.<\/p>\n","protected":false},"author":1,"featured_media":24819,"comment_status":"open","ping_status":"open","sticky":false,"template":"","format":"standard","meta":{"footnotes":""},"categories":[1],"tags":[108,4,2,3],"class_list":["post-24817","post","type-post","status-publish","format-standard","has-post-thumbnail","hentry","category-uncategorized","tag-adan-bahl","tag-entre-rios","tag-guillermo-michel","tag-rogelio-frigerio"],"_links":{"self":[{"href":"https:\/\/cliente1.publisher.highstack.com.ar\/index.php?rest_route=\/wp\/v2\/posts\/24817","targetHints":{"allow":["GET"]}}],"collection":[{"href":"https:\/\/cliente1.publisher.highstack.com.ar\/index.php?rest_route=\/wp\/v2\/posts"}],"about":[{"href":"https:\/\/cliente1.publisher.highstack.com.ar\/index.php?rest_route=\/wp\/v2\/types\/post"}],"author":[{"embeddable":true,"href":"https:\/\/cliente1.publisher.highstack.com.ar\/index.php?rest_route=\/wp\/v2\/users\/1"}],"replies":[{"embeddable":true,"href":"https:\/\/cliente1.publisher.highstack.com.ar\/index.php?rest_route=%2Fwp%2Fv2%2Fcomments&post=24817"}],"version-history":[{"count":1,"href":"https:\/\/cliente1.publisher.highstack.com.ar\/index.php?rest_route=\/wp\/v2\/posts\/24817\/revisions"}],"predecessor-version":[{"id":24818,"href":"https:\/\/cliente1.publisher.highstack.com.ar\/index.php?rest_route=\/wp\/v2\/posts\/24817\/revisions\/24818"}],"wp:featuredmedia":[{"embeddable":true,"href":"https:\/\/cliente1.publisher.highstack.com.ar\/index.php?rest_route=\/wp\/v2\/media\/24819"}],"wp:attachment":[{"href":"https:\/\/cliente1.publisher.highstack.com.ar\/index.php?rest_route=%2Fwp%2Fv2%2Fmedia&parent=24817"}],"wp:term":[{"taxonomy":"category","embeddable":true,"href":"https:\/\/cliente1.publisher.highstack.com.ar\/index.php?rest_route=%2Fwp%2Fv2%2Fcategories&post=24817"},{"taxonomy":"post_tag","embeddable":true,"href":"https:\/\/cliente1.publisher.highstack.com.ar\/index.php?rest_route=%2Fwp%2Fv2%2Ftags&post=24817"}],"curies":[{"name":"wp","href":"https:\/\/api.w.org\/{rel}","templated":true}]}}