{"id":24808,"date":"2026-09-03T02:25:46","date_gmt":"2026-09-03T05:25:46","guid":{"rendered":"https:\/\/cliente1.publisher.highstack.com.ar\/?p=24808"},"modified":"2026-09-03T02:25:46","modified_gmt":"2026-09-03T05:25:46","slug":"cierre-sin-aviso-y-reclamo-del-municipio-crece-la-tension-con-granja-tres-arroyos-tras-la-suspension-de-una-planta-historica","status":"publish","type":"post","link":"https:\/\/cliente1.publisher.highstack.com.ar\/?p=24808","title":{"rendered":"Cierre sin aviso y reclamo del municipio: crece la tensi\u00f3n con Granja Tres Arroyos tras la suspensi\u00f3n de una planta hist\u00f3rica"},"content":{"rendered":"<div>\n<div class=\"visual__image image-initial-width\"><picture><source srcset=\"https:\/\/www.infobae.com\/resizer\/v2\/DA4QBZQX4VGPBDUDL25LBN5L3I.png?auth=b52fa2863c4a78860190a5cb4ba7540e327141782ef31abd3b45352c9a717801&amp;smart=true&amp;width=992&amp;height=551&amp;quality=85\" media=\"(min-width: 1000px)\"\/><source srcset=\"https:\/\/www.infobae.com\/resizer\/v2\/DA4QBZQX4VGPBDUDL25LBN5L3I.png?auth=b52fa2863c4a78860190a5cb4ba7540e327141782ef31abd3b45352c9a717801&amp;smart=true&amp;width=768&amp;height=427&amp;quality=85\" media=\"(min-width: 768px)\"\/><source srcset=\"https:\/\/www.infobae.com\/resizer\/v2\/DA4QBZQX4VGPBDUDL25LBN5L3I.png?auth=b52fa2863c4a78860190a5cb4ba7540e327141782ef31abd3b45352c9a717801&amp;smart=true&amp;width=577&amp;height=321&amp;quality=85\" media=\"(min-width: 580px)\"\/><source srcset=\"https:\/\/www.infobae.com\/resizer\/v2\/DA4QBZQX4VGPBDUDL25LBN5L3I.png?auth=b52fa2863c4a78860190a5cb4ba7540e327141782ef31abd3b45352c9a717801&amp;smart=true&amp;width=420&amp;height=233&amp;quality=85\" media=\"(min-width: 350px)\"\/><source srcset=\"https:\/\/www.infobae.com\/resizer\/v2\/DA4QBZQX4VGPBDUDL25LBN5L3I.png?auth=b52fa2863c4a78860190a5cb4ba7540e327141782ef31abd3b45352c9a717801&amp;smart=true&amp;width=350&amp;height=194&amp;quality=85\" media=\"(min-width: 80px)\"\/><\/picture><\/div>\n<div class=\"sharebar-container display_flex sharebar-new\" style=\"opacity:1\">\n<p><span class=\"sharebar-article-date\">03 Sep, 2026 01:05 a. m. EST<\/span><\/p>\n<\/div>\n<p class=\"paragraph\" data-paragraph-number=\"1\">El cese de actividades de la <b>planta de <\/b><b>Granja Tres Arroyos<\/b><b> en Capit\u00e1n Sarmiento<\/b> abri\u00f3 un frente de conflicto entre el municipio y la empresa av\u00edcola. La intendente <b>Fernanda Astorino<\/b> cuestion\u00f3 p\u00fablicamente a la compa\u00f1\u00eda y, en una carta dirigida a su titular, reclam\u00f3 precisiones sobre el futuro de los trabajadores. Tambi\u00e9n anticip\u00f3 que pedir\u00e1 una mesa de di\u00e1logo con la firma y el Ministerio de Trabajo de la Naci\u00f3n.<\/p>\n<p class=\"paragraph\" data-paragraph-number=\"2\">La misiva est\u00e1 dirigida a<b> Joaqu\u00edn De Grazia<\/b>, quien est\u00e1 al frente de firma, y comienza con una referencia directa a la situaci\u00f3n que atraviesan los empleados de la planta local. \u201cMe dirijo a usted en mi car\u00e1cter de Intendente Municipal de Capit\u00e1n Sarmiento, ante los telegramas que comenzaron a recibir trabajadores de Granja Tres Arroyos y la <b>situaci\u00f3n de profunda incertidumbre<\/b> que esto genera en numerosas familias de nuestra ciudad\u201d, escribi\u00f3 Astorino. <\/p>\n<p class=\"paragraph\" data-paragraph-number=\"3\">A partir de ese planteo, la jefa comunal pidi\u00f3 la conformaci\u00f3n de una instancia de di\u00e1logo con participaci\u00f3n oficial. \u201cAnte la gravedad de esta situaci\u00f3n, exijo la participaci\u00f3n activa de Granja Tres Arroyos, junto con el Ministerio de Trabajo, en una <b>mesa de di\u00e1logo y concertaci\u00f3n<\/b>, con el prop\u00f3sito de conocer de primera mano el estado real de la situaci\u00f3n y<b> coordinar acciones inmediatas que protejan las fuentes de empleo de nuestros vecinos\u201d<\/b>, indic\u00f3. Y agreg\u00f3: \u201cEstamos hablando de trabajadores y de familias que, de un d\u00eda para otro, quedaron sin certezas sobre su fuente de trabajo y sobre c\u00f3mo afrontar sus obligaciones cotidianas\u201d.<\/p>\n<p class=\"paragraph\" data-paragraph-number=\"4\">En otro tramo de la carta, Astorino apunt\u00f3 contra la forma en que la empresa comunic\u00f3 la medida. \u201cGranja Tres Arroyos conoce perfectamente la importancia que tiene su actividad para Capit\u00e1n Sarmiento y la cantidad de familias que dependen de estos puestos de trabajo\u201d, plante\u00f3, para luego cuestionar: \u201cPor eso resulta dif\u00edcil comprender que se haya avanzado de esta manera, sin contemplar adecuadamente las consecuencias para quienes durante a\u00f1os formaron parte de la empresa\u201d.<\/p>\n<div class=\"visual__image\"><picture><source srcset=\"https:\/\/www.infobae.com\/resizer\/v2\/FATW2LJST5HSRO5LOO4Q42ODAM.jpg?auth=2b18febcf6101fafa3ec75d478320e456d8aae8d39877d1473441182b3f080d9&amp;smart=true&amp;width=992&amp;height=668&amp;quality=85\" media=\"(min-width: 1000px)\"\/><source srcset=\"https:\/\/www.infobae.com\/resizer\/v2\/FATW2LJST5HSRO5LOO4Q42ODAM.jpg?auth=2b18febcf6101fafa3ec75d478320e456d8aae8d39877d1473441182b3f080d9&amp;smart=true&amp;width=768&amp;height=518&amp;quality=85\" media=\"(min-width: 768px)\"\/><source srcset=\"https:\/\/www.infobae.com\/resizer\/v2\/FATW2LJST5HSRO5LOO4Q42ODAM.jpg?auth=2b18febcf6101fafa3ec75d478320e456d8aae8d39877d1473441182b3f080d9&amp;smart=true&amp;width=577&amp;height=389&amp;quality=85\" media=\"(min-width: 580px)\"\/><source srcset=\"https:\/\/www.infobae.com\/resizer\/v2\/FATW2LJST5HSRO5LOO4Q42ODAM.jpg?auth=2b18febcf6101fafa3ec75d478320e456d8aae8d39877d1473441182b3f080d9&amp;smart=true&amp;width=420&amp;height=283&amp;quality=85\" media=\"(min-width: 350px)\"\/><source srcset=\"https:\/\/www.infobae.com\/resizer\/v2\/FATW2LJST5HSRO5LOO4Q42ODAM.jpg?auth=2b18febcf6101fafa3ec75d478320e456d8aae8d39877d1473441182b3f080d9&amp;smart=true&amp;width=350&amp;height=236&amp;quality=85\" media=\"(min-width: 80px)\"\/><img alt=\"Granja Tres Arroyos\" class=\"global-image\" decoding=\"async\" fetchpriority=\"low\" height=\"876\" loading=\"lazy\" src=\"https:\/\/www.infobae.com\/resizer\/v2\/FATW2LJST5HSRO5LOO4Q42ODAM.jpg?auth=2b18febcf6101fafa3ec75d478320e456d8aae8d39877d1473441182b3f080d9&amp;smart=true&amp;width=350&amp;height=236&amp;quality=85\" width=\"1300\"\/><\/picture><\/div>\n<p class=\"paragraph\" data-paragraph-number=\"5\">La intendente detall\u00f3 adem\u00e1s las acciones que el municipio puso en marcha desde que se conoci\u00f3 la situaci\u00f3n de los trabajadores. \u201cDesde el primer momento, el Municipio estuvo presente. Recibimos a los trabajadores, escuchamos sus situaciones particulares, comenzamos a brindar asistencia a las familias y realizamos gestiones ante prestadores de servicios esenciales y obras sociales para acompa\u00f1ar a quienes hoy atraviesan dificultades\u201d, se\u00f1al\u00f3. No obstante, remarc\u00f3 los l\u00edmites de esa intervenci\u00f3n: \u201cEstamos haciendo todo lo que est\u00e1 a nuestro alcance. Pero <b>el Municipio no puede ni debe reemplazar a una empresa privada en las responsabilidades y obligaciones <\/b>que mantiene con sus trabajadores\u201d.<\/p>\n<p class=\"paragraph\" data-paragraph-number=\"6\">Sobre esa base, Astorino formaliz\u00f3 su pedido a la empresa. \u201cPor todo ello, solicito que brinde explicaciones claras respecto de la decisi\u00f3n adoptada, las circunstancias que llevaron al env\u00edo de estos telegramas y, fundamentalmente, cu\u00e1les ser\u00e1n las respuestas concretas de la empresa frente a las obligaciones que a\u00fan mantiene con sus trabajadores\u201d, escribi\u00f3. <\/p>\n<p class=\"paragraph\" data-paragraph-number=\"7\">El pedido de la intendente lleg\u00f3 dos d\u00edas despu\u00e9s de que Granja Tres Arroyos notificara, mediante un comunicado interno, la <b>suspensi\u00f3n de las tareas operativas en la planta de Capit\u00e1n Sarmiento \u201chasta nuevo aviso a partir del 31 de agosto de 2026<\/b>\u201d. El documento instruy\u00f3 al personal a no concurrir a prestar servicios, salvo convocatoria expresa de un encargado o supervisor, y atribuy\u00f3 la medida a \u201cla <b>falta de suministro el\u00e9ctrico y a otras cuestiones operativas y productivas <\/b>derivadas de circunstancias de fuerza mayor y de p\u00fablico conocimiento\u201d. La empresa no precis\u00f3 una fecha de reanudaci\u00f3n de actividades ni garantiz\u00f3 la continuidad de los puestos de trabajo afectados por la medida.<\/p>\n<p class=\"paragraph\" data-paragraph-number=\"8\">El cierre de la planta de Capit\u00e1n Sarmiento se suma a una serie de cierres, suspensiones y despidos que la compa\u00f1\u00eda acumula desde diciembre de 2024, cuando solicit\u00f3 ante la Secretar\u00eda de Trabajo de la Naci\u00f3n la apertura de un <b>Procedimiento Preventivo de Crisis<\/b>. Desde entonces, Granja Tres Arroyos cerr\u00f3 su planta de <b>Trist\u00e1n Su\u00e1rez,<\/b> con 200 desvinculaciones sobre un plantel de 270 trabajadores, y anunci\u00f3 el cierre definitivo de la planta de <b>Becar<\/b>, en Concepci\u00f3n del Uruguay, Entre R\u00edos, cuyo personal fue trasladado a la planta <b>La China<\/b>. Esta \u00faltima permanece cerrada desde fines de mayo.<\/p>\n<div class=\"visual__image\"><picture><source srcset=\"https:\/\/www.infobae.com\/resizer\/v2\/7BTJLKM3PNGS7MMXD2RRQT6XPU.jpg?auth=1f9394a3411c903e81ac9d61c2dc8b4d5a32af6cb03096a68222852c024c47e8&amp;smart=true&amp;width=992&amp;height=686&amp;quality=85\" media=\"(min-width: 1000px)\"\/><source srcset=\"https:\/\/www.infobae.com\/resizer\/v2\/7BTJLKM3PNGS7MMXD2RRQT6XPU.jpg?auth=1f9394a3411c903e81ac9d61c2dc8b4d5a32af6cb03096a68222852c024c47e8&amp;smart=true&amp;width=768&amp;height=531&amp;quality=85\" media=\"(min-width: 768px)\"\/><source srcset=\"https:\/\/www.infobae.com\/resizer\/v2\/7BTJLKM3PNGS7MMXD2RRQT6XPU.jpg?auth=1f9394a3411c903e81ac9d61c2dc8b4d5a32af6cb03096a68222852c024c47e8&amp;smart=true&amp;width=577&amp;height=399&amp;quality=85\" media=\"(min-width: 580px)\"\/><source srcset=\"https:\/\/www.infobae.com\/resizer\/v2\/7BTJLKM3PNGS7MMXD2RRQT6XPU.jpg?auth=1f9394a3411c903e81ac9d61c2dc8b4d5a32af6cb03096a68222852c024c47e8&amp;smart=true&amp;width=420&amp;height=290&amp;quality=85\" media=\"(min-width: 350px)\"\/><source srcset=\"https:\/\/www.infobae.com\/resizer\/v2\/7BTJLKM3PNGS7MMXD2RRQT6XPU.jpg?auth=1f9394a3411c903e81ac9d61c2dc8b4d5a32af6cb03096a68222852c024c47e8&amp;smart=true&amp;width=350&amp;height=242&amp;quality=85\" media=\"(min-width: 80px)\"\/><img alt=\"Granja Tres Arroyos\" class=\"global-image\" decoding=\"async\" fetchpriority=\"low\" height=\"650\" loading=\"lazy\" src=\"https:\/\/www.infobae.com\/resizer\/v2\/7BTJLKM3PNGS7MMXD2RRQT6XPU.jpg?auth=1f9394a3411c903e81ac9d61c2dc8b4d5a32af6cb03096a68222852c024c47e8&amp;smart=true&amp;width=350&amp;height=242&amp;quality=85\" width=\"940\"\/><\/picture><\/div>\n<p class=\"paragraph\" data-paragraph-number=\"9\">A esos antecedentes se sum\u00f3, en julio, la paralizaci\u00f3n de la planta <b>Avex<\/b>, en R\u00edo Cuarto, C\u00f3rdoba, presentada en un primer momento como una \u201cparada programada de dos semanas\u201d que termin\u00f3 extendi\u00e9ndose por otros 15 d\u00edas a comienzos de agosto, hasta completar un mes de inactividad que afect\u00f3 a 350 trabajadores. Ya en agosto, la planta <b>Pinazo<\/b>, en Pilar, suspendi\u00f3 a la totalidad de su personal, mientras que la planta <b>Wade II<\/b>, en Esteban Echeverr\u00eda, registr\u00f3 paralizaciones por conflictos salariales y bloqueos, y la planta <b>Wade I<\/b>, en Ezeiza, opera con una fuerte reducci\u00f3n de actividad.<\/p>\n<p class=\"paragraph\" data-paragraph-number=\"10\">A mediados de agosto, la empresa hab\u00eda desvinculado a 250 trabajadores de su planta industrial de Concepci\u00f3n del Uruguay, sobre un plantel total de 900 empleados, a trav\u00e9s de telegramas que invocaron \u201cuna grave disminuci\u00f3n de trabajo, originada en circunstancias extraordinarias\u201d. En paralelo, Granja Tres Arroyos negocia con sus acreedores la <b>reestructuraci\u00f3n de una deuda de USD 350,9 millones<\/b>, con la banca de inversi\u00f3n VALO como asesora del proceso, en un plan que contempla quitas de hasta el 75% del capital adeudado, plazos de pago de hasta siete a\u00f1os y la venta de al menos cinco activos considerados no estrat\u00e9gicos para el grupo. La compa\u00f1\u00eda es conducida por Joaqu\u00edn De Grazia y, desde 2022, el 34% de su capital pertenece a la estadounidense Tyson Foods.<\/p>\n<\/div>\n<p><script defer>try{!function(f,b,e,v,n,t,s) {if(f.fbq)return;n=f.fbq=function(){n.callMethod? n.callMethod.apply(n,arguments):n.queue.push(arguments)}; if(!f._fbq)f._fbq=n;n.push=n;n.loaded=!0;n.version='2.0'; n.queue=[];t=b.createElement(e);t.async=!0; t.src=v;s=b.getElementsByTagName(e)[0]; s.parentNode.insertBefore(t,s)}(window, document,'script', 'https:\/\/connect.facebook.net\/en_US\/fbevents.js'); fbq('init', '336383993555320'); fbq('track', 'PageView'); fbq('track', 'ViewContent');}catch(error){console.log(\"Error al inicializar facebookPixelRawCodeScript:\",error);}<\/script><\/p>\n","protected":false},"excerpt":{"rendered":"<p>03 Sep, 2026 01:05 a. m. EST El cese de actividades de la planta de Granja Tres Arroyos en Capit\u00e1n Sarmiento abri\u00f3 un frente de conflicto entre el municipio y la empresa av\u00edcola. La intendente Fernanda Astorino cuestion\u00f3 p\u00fablicamente a la compa\u00f1\u00eda y, en una carta dirigida a su titular, reclam\u00f3 precisiones sobre el futuro [&hellip;]<\/p>\n","protected":false},"author":1,"featured_media":24809,"comment_status":"open","ping_status":"open","sticky":false,"template":"","format":"standard","meta":{"footnotes":""},"categories":[1],"tags":[4],"class_list":["post-24808","post","type-post","status-publish","format-standard","has-post-thumbnail","hentry","category-uncategorized","tag-entre-rios"],"_links":{"self":[{"href":"https:\/\/cliente1.publisher.highstack.com.ar\/index.php?rest_route=\/wp\/v2\/posts\/24808","targetHints":{"allow":["GET"]}}],"collection":[{"href":"https:\/\/cliente1.publisher.highstack.com.ar\/index.php?rest_route=\/wp\/v2\/posts"}],"about":[{"href":"https:\/\/cliente1.publisher.highstack.com.ar\/index.php?rest_route=\/wp\/v2\/types\/post"}],"author":[{"embeddable":true,"href":"https:\/\/cliente1.publisher.highstack.com.ar\/index.php?rest_route=\/wp\/v2\/users\/1"}],"replies":[{"embeddable":true,"href":"https:\/\/cliente1.publisher.highstack.com.ar\/index.php?rest_route=%2Fwp%2Fv2%2Fcomments&post=24808"}],"version-history":[{"count":0,"href":"https:\/\/cliente1.publisher.highstack.com.ar\/index.php?rest_route=\/wp\/v2\/posts\/24808\/revisions"}],"wp:featuredmedia":[{"embeddable":true,"href":"https:\/\/cliente1.publisher.highstack.com.ar\/index.php?rest_route=\/wp\/v2\/media\/24809"}],"wp:attachment":[{"href":"https:\/\/cliente1.publisher.highstack.com.ar\/index.php?rest_route=%2Fwp%2Fv2%2Fmedia&parent=24808"}],"wp:term":[{"taxonomy":"category","embeddable":true,"href":"https:\/\/cliente1.publisher.highstack.com.ar\/index.php?rest_route=%2Fwp%2Fv2%2Fcategories&post=24808"},{"taxonomy":"post_tag","embeddable":true,"href":"https:\/\/cliente1.publisher.highstack.com.ar\/index.php?rest_route=%2Fwp%2Fv2%2Ftags&post=24808"}],"curies":[{"name":"wp","href":"https:\/\/api.w.org\/{rel}","templated":true}]}}