{"id":24806,"date":"2026-09-03T01:55:42","date_gmt":"2026-09-03T04:55:42","guid":{"rendered":"https:\/\/cliente1.publisher.highstack.com.ar\/?p=24806"},"modified":"2026-09-03T01:55:42","modified_gmt":"2026-09-03T04:55:42","slug":"allanaron-una-vivienda-por-violencia-de-genero-y-secuestraron-una-escopeta-y-una-pistola","status":"publish","type":"post","link":"https:\/\/cliente1.publisher.highstack.com.ar\/?p=24806","title":{"rendered":"Allanaron una vivienda por violencia de g\u00e9nero y secuestraron una escopeta y una pistola"},"content":{"rendered":"<p><\/p>\n<div>\n<p>Un <b>allanamiento por violencia de g\u00e9nero<\/b> se llev\u00f3 adelante en una vivienda ubicada en calle Pasteur, en Paran\u00e1, donde personal policial secuestr\u00f3 dos armas de fuego. Durante el procedimiento, adem\u00e1s, un hombre de 77 a\u00f1os fue notificado de las medidas restrictivas vigentes en su contra. <\/p>\n<p><!-- is a <br \/>--><\/p>\n<p>\u00a0<\/p>\n<p><!-- is a <br \/>--><\/p>\n<p><!-- is a object --><br \/>\n<!-- embed start --><!-- embed end --><br \/>\n<!-- end object --><\/p>\n<p>\u00a0<\/p>\n<p><!-- is a <br \/>--><\/p>\n<p>El operativo se concret\u00f3 en el marco de las tareas de prevenci\u00f3n y seguridad y tuvo su origen en una causa vinculada a violencia de g\u00e9nero. A partir de las medidas ordenadas, los efectivos ingresaron al domicilio y realizaron las actuaciones correspondientes. <\/p>\n<p><!-- is a <br \/>--><\/p>\n<p>\u00a0<\/p>\n<p><!-- is a <br \/>--><\/p>\n<p>Durante la intervenci\u00f3n, la Polic\u00eda localiz\u00f3 <b>una escopeta y una pistola semiautom\u00e1tica<\/b>, ambas con su correspondiente documentaci\u00f3n. Los elementos fueron secuestrados y quedaron a disposici\u00f3n de las autoridades intervinientes. <\/p>\n<p><!-- is a <br \/>--><\/p>\n<p>\u00a0<\/p>\n<p><!-- is a <br \/>--><\/p>\n<p><!-- is a object --><br \/>\n<!-- embed start --><!-- embed end --><br \/>\n<!-- end object --><\/p>\n<p>\u00a0<\/p>\n<p><!-- is a <br \/>--><\/p>\n<p><!-- is a object --><\/p>\n<h2>Las armas secuestradas durante el allanamiento<\/h2>\n<p><!-- end object --><\/p>\n<p>\u00a0<\/p>\n<p><!-- is a <br \/>--><\/p>\n<p>Seg\u00fan se inform\u00f3, una de las armas retiradas del domicilio fue una <b>escopeta marca Hawk, calibre 12, con ca\u00f1os superpuestos<\/b>. <\/p>\n<p><!-- is a <br \/>--><\/p>\n<p>\u00a0<\/p>\n<p><!-- is a <br \/>--><\/p>\n<p>Asimismo, los efectivos secuestraron una <b>pistola semiautom\u00e1tica Bersa, modelo Thunder 22, calibre .22<\/b>, junto con tres cargadores. <\/p>\n<p><!-- is a <br \/>--><\/p>\n<p>\u00a0<\/p>\n<p><!-- is a <br \/>--><\/p>\n<p><!-- is a object --><br \/>\n<!-- embed start --><!-- embed end --><br \/>\n<!-- end object --><\/p>\n<p>\u00a0<\/p>\n<p><!-- is a <br \/>--><\/p>\n<p>El procedimiento concluy\u00f3 con el secuestro preventivo de ambas armas y la notificaci\u00f3n al hombre de 77 a\u00f1os sobre las medidas restrictivas dispuestas en el marco de la causa por <b>violencia de g\u00e9nero<\/b>.<\/p>\n<\/p><\/div>\n","protected":false},"excerpt":{"rendered":"<p>Un allanamiento por violencia de g\u00e9nero se llev\u00f3 adelante en una vivienda ubicada en calle Pasteur, en Paran\u00e1, donde personal policial secuestr\u00f3 dos armas de fuego. Durante el procedimiento, adem\u00e1s, un hombre de 77 a\u00f1os fue notificado de las medidas restrictivas vigentes en su contra. \u00a0 \u00a0 El operativo se concret\u00f3 en el marco de [&hellip;]<\/p>\n","protected":false},"author":1,"featured_media":24807,"comment_status":"open","ping_status":"open","sticky":false,"template":"","format":"standard","meta":{"footnotes":""},"categories":[1],"tags":[],"class_list":["post-24806","post","type-post","status-publish","format-standard","has-post-thumbnail","hentry","category-uncategorized"],"_links":{"self":[{"href":"https:\/\/cliente1.publisher.highstack.com.ar\/index.php?rest_route=\/wp\/v2\/posts\/24806","targetHints":{"allow":["GET"]}}],"collection":[{"href":"https:\/\/cliente1.publisher.highstack.com.ar\/index.php?rest_route=\/wp\/v2\/posts"}],"about":[{"href":"https:\/\/cliente1.publisher.highstack.com.ar\/index.php?rest_route=\/wp\/v2\/types\/post"}],"author":[{"embeddable":true,"href":"https:\/\/cliente1.publisher.highstack.com.ar\/index.php?rest_route=\/wp\/v2\/users\/1"}],"replies":[{"embeddable":true,"href":"https:\/\/cliente1.publisher.highstack.com.ar\/index.php?rest_route=%2Fwp%2Fv2%2Fcomments&post=24806"}],"version-history":[{"count":0,"href":"https:\/\/cliente1.publisher.highstack.com.ar\/index.php?rest_route=\/wp\/v2\/posts\/24806\/revisions"}],"wp:featuredmedia":[{"embeddable":true,"href":"https:\/\/cliente1.publisher.highstack.com.ar\/index.php?rest_route=\/wp\/v2\/media\/24807"}],"wp:attachment":[{"href":"https:\/\/cliente1.publisher.highstack.com.ar\/index.php?rest_route=%2Fwp%2Fv2%2Fmedia&parent=24806"}],"wp:term":[{"taxonomy":"category","embeddable":true,"href":"https:\/\/cliente1.publisher.highstack.com.ar\/index.php?rest_route=%2Fwp%2Fv2%2Fcategories&post=24806"},{"taxonomy":"post_tag","embeddable":true,"href":"https:\/\/cliente1.publisher.highstack.com.ar\/index.php?rest_route=%2Fwp%2Fv2%2Ftags&post=24806"}],"curies":[{"name":"wp","href":"https:\/\/api.w.org\/{rel}","templated":true}]}}