{"id":24798,"date":"2026-09-02T22:31:03","date_gmt":"2026-09-03T01:31:03","guid":{"rendered":"https:\/\/cliente1.publisher.highstack.com.ar\/?p=24798"},"modified":"2026-09-02T22:31:03","modified_gmt":"2026-09-03T01:31:03","slug":"que-hay-detras-de-la-caida-de-la-industria-el-diagnostico-del-presidente-del-movimiento-industrial","status":"publish","type":"post","link":"https:\/\/cliente1.publisher.highstack.com.ar\/?p=24798","title":{"rendered":"Qu\u00e9 hay detr\u00e1s de la ca\u00edda de la industria: el diagn\u00f3stico del presidente del Movimiento Industrial"},"content":{"rendered":"<div class=\"jwplayer-ctn\"><script src=\"https:\/\/census-web.scorecardresearch.com\/plugins\/streaming-jwplayer\/v2\/current.js\"><\/script><\/p>\n<div class=\"\">\n<div id=\"Y3SKBH2DSND7BFFR7ONVDLDTUM-custom_embed0\"><\/div>\n<\/div><figcaption class=\"jwplayer-figcaption\">Oliver Maltz advirti\u00f3 que la industria argentina enfrenta costos en d\u00f3lares m\u00e1s altos, menor consumo y p\u00e9rdida de rentabilidad<\/figcaption><\/div>\n<div class=\"sharebar-container display_flex sharebar-new\" style=\"opacity:1\">\n<div class=\"share-bar-article-date-container \"><span class=\"sharebar-article-date\">02 Sep, 2026 08:46 p. m. EST<\/span><\/div>\n<div class=\"sharebar-buttons-container display_flex\">\n<div aria-label=\"Guardar\" class=\"sharebar-buttons button-save\" role=\"button\" tabindex=\"0\"><svg width=\"9\" height=\"12\" viewbox=\"0 0 8 10\" fill=\"none\" xmlns=\"http:\/\/www.w3.org\/2000\/svg\" class=\"saved-icon saved\"><path d=\"M6.64286 0.5V9.31687L4.1116 7.16407L4.11106 7.16361C3.79894 6.89891 3.34392 6.89891 3.03179 7.16361L3.03126 7.16407L0.5 9.31687V0.5H6.64286Z\"><\/path><\/svg><span class=\"buttons-save-text\">Guardar<\/span><\/div>\n<div class=\"sharebar-buttons-separator\"><\/div>\n<p><button class=\"sharemenu-buttons display_flex\" aria-label=\"Compartir en Telegram\"><svg width=\"38\" height=\"38\" viewbox=\"0 0 38 38\" fill=\"none\" xmlns=\"http:\/\/www.w3.org\/2000\/svg\"><rect x=\"0.5\" y=\"0.5\" width=\"37\" height=\"37\" rx=\"18.5\" fill=\"white\"><\/rect><rect x=\"0.5\" y=\"0.5\" width=\"37\" height=\"37\" rx=\"18.5\" stroke=\"#C2C2C2\"><\/rect><path d=\"M24.9696 12.5511L10.3405 18.0494C10.0623 18.151 9.92701 18.4484 10.0398 18.7168C10.0999 18.8619 10.2277 18.9779 10.3856 19.0214L14.1068 20.0805L15.4975 24.3312C15.6028 24.6576 15.9636 24.839 16.2944 24.7374C16.3921 24.7084 16.4823 24.6504 16.5575 24.5778L18.482 22.6846L22.2558 25.354C22.6091 25.6006 23.0977 25.5281 23.3533 25.1872C23.421 25.1001 23.4661 24.9986 23.4887 24.897L25.9845 13.3707C26.0672 12.979 25.8116 12.5946 25.4056 12.5148C25.2628 12.4858 25.1124 12.5003 24.9771 12.5511M23.1429 15.1116L16.347 20.9147C16.2793 20.9727 16.2342 21.0525 16.2267 21.1395L15.9636 23.381C15.9636 23.4172 15.926 23.4462 15.8884 23.439C15.8583 23.439 15.8358 23.4172 15.8283 23.3955L14.7533 20.0442C14.7007 19.8919 14.7683 19.7251 14.9111 19.638L22.9399 14.836C23.0226 14.7852 23.1353 14.8142 23.1804 14.894C23.2255 14.9666 23.2105 15.0536 23.1504 15.1116\" fill=\"#555555\"><\/path><\/svg><\/button><button class=\"sharemenu-buttons display_flex\" aria-label=\"Compartir en Linkedin\"><svg width=\"38\" height=\"38\" viewbox=\"0 0 38 38\" fill=\"none\" xmlns=\"http:\/\/www.w3.org\/2000\/svg\"><rect x=\"0.5\" y=\"0.5\" width=\"37\" height=\"37\" rx=\"18.5\" fill=\"white\"><\/rect><rect x=\"0.5\" y=\"0.5\" width=\"37\" height=\"37\" rx=\"18.5\" stroke=\"#C2C2C2\"><\/rect><path d=\"M16.5556 27V16.2231H19.963V17.6949C20.0185 17.6368 20.0648 17.5787 20.1111 17.5206C20.8611 16.349 22.2037 15.739 23.537 15.981C25.3889 16.1359 26.8426 17.7046 26.9259 19.6411C26.9722 20.0478 27 20.4641 27 20.8708C27 22.817 27 24.7633 27 26.7095V26.9806H23.5741V26.6805C23.5741 24.8892 23.5741 23.0882 23.5741 21.2969C23.5741 20.8805 23.5278 20.4545 23.4259 20.0478C23.1945 19.1279 22.2963 18.5663 21.4074 18.8084C21.2037 18.8665 21 18.9633 20.8333 19.0989C20.3333 19.4281 20.0185 19.9897 19.9907 20.6094C19.9722 21.1419 19.9722 21.6842 19.9722 22.2167V26.9903H16.5648L16.5556 27ZM11.2222 27V16.2037H11.7407C12.6204 16.2037 13.5 16.2037 14.3796 16.2037C14.5833 16.2037 14.6482 16.2328 14.6482 16.4748V26.9903H11.2222V27ZM11.0093 12.8825C11.0093 11.8465 11.8055 11.0041 12.787 11.0041C12.8426 11.0041 12.8982 11.0041 12.9537 11.0041C13.9445 10.9363 14.7963 11.7206 14.8611 12.7567C14.8611 12.7954 14.8611 12.8438 14.8611 12.8825C14.8426 13.9283 14.0278 14.761 13.0278 14.7416C12.9907 14.7416 12.9537 14.7416 12.9259 14.7416H12.9074C11.9259 14.8191 11.0741 14.0445 11 13.0181C11 12.9697 11 12.931 11 12.8825H11.0093Z\" fill=\"#555555\"><\/path><\/svg><\/button><button class=\"sharemenu-buttons display_flex\" aria-label=\"Compartir en Twitter\"><svg width=\"38\" height=\"38\" viewbox=\"0 0 38 38\" fill=\"none\" xmlns=\"http:\/\/www.w3.org\/2000\/svg\"><rect x=\"0.5\" y=\"0.5\" width=\"37\" height=\"37\" rx=\"18.5\" fill=\"white\"><\/rect><rect x=\"0.5\" y=\"0.5\" width=\"37\" height=\"37\" rx=\"18.5\" stroke=\"#C2C2C2\"><\/rect><path d=\"M11.0391 11L17.2165 19.8249L11 27H12.399L17.8415 20.7182L22.2389 27H27L20.475 17.6786L26.2613 11H24.8623L19.85 16.7855L15.8001 11H11.0391ZM13.0965 12.101H15.2838L24.9423 25.8987H22.7551L13.0965 12.101Z\" fill=\"#555555\"><\/path><\/svg><\/button><button class=\"sharemenu-buttons display_flex\" aria-label=\"Compartir en Facebook\"><svg width=\"38\" height=\"38\" viewbox=\"0 0 38 38\" fill=\"none\" xmlns=\"http:\/\/www.w3.org\/2000\/svg\"><rect x=\"0.5\" y=\"0.5\" width=\"37\" height=\"37\" rx=\"18.5\" fill=\"white\"><\/rect><rect x=\"0.5\" y=\"0.5\" width=\"37\" height=\"37\" rx=\"18.5\" stroke=\"#C2C2C2\"><\/rect><path d=\"M17.3544 26.9921V18.9235H15V16.3346H17.3544V16.0805C17.3544 15.3816 17.3291 14.6748 17.3882 13.976C17.3882 12.8642 18.0633 11.8556 19.1266 11.3712C19.5232 11.1965 19.9452 11.0853 20.3755 11.0376C21.2532 10.9741 22.1308 10.99 23 11.0932V13.4201H22.7722C22.2743 13.4201 21.7848 13.4201 21.2869 13.436C20.73 13.4042 20.2489 13.8013 20.2152 14.3254C20.2152 14.373 20.2152 14.4128 20.2152 14.4604C20.1983 15.0481 20.2152 15.6357 20.2152 16.2234C20.2152 16.2552 20.2152 16.2949 20.2321 16.3267H22.9409C22.8228 17.2082 22.7046 18.0579 22.5865 18.9315H20.2236V27H17.3629L17.3544 26.9921Z\" fill=\"#555555\"><\/path><\/svg><\/button><button class=\"sharemenu-buttons display_flex\" aria-label=\"Compartir en Whatsapp\"><svg width=\"38\" height=\"38\" viewbox=\"0 0 38 38\" fill=\"none\" xmlns=\"http:\/\/www.w3.org\/2000\/svg\"><rect x=\"0.5\" y=\"0.5\" width=\"37\" height=\"37\" rx=\"18.5\" fill=\"white\"><\/rect><rect x=\"0.5\" y=\"0.5\" width=\"37\" height=\"37\" rx=\"18.5\" stroke=\"#C2C2C2\"><\/rect><path d=\"M21.2863 19.9439C21.0997 19.8551 20.9664 19.9262 20.8419 20.0861C20.6731 20.3261 20.4687 20.5483 20.2909 20.7794C20.1665 20.9393 20.0243 20.9749 19.8376 20.8949C18.6645 20.4239 17.7757 19.6506 17.1269 18.5841C17.0292 18.4242 17.038 18.2997 17.1536 18.1575C17.3225 17.9531 17.4824 17.7576 17.6157 17.5354C17.678 17.4287 17.7135 17.2599 17.678 17.1532C17.4735 16.6111 17.2425 16.0867 17.0114 15.5535C16.9669 15.4557 16.8781 15.3313 16.7892 15.3224C16.4248 15.2602 16.0426 15.1891 15.7316 15.4912C15.1094 16.0778 14.8784 16.7977 15.0383 17.6243C15.1805 18.3619 15.5983 18.9663 16.0426 19.5618C16.887 20.6638 17.8646 21.6237 19.1622 22.1925C19.7932 22.4769 20.4331 22.7613 21.1441 22.7613C21.2685 22.7613 21.393 22.7613 21.5085 22.7346C22.4506 22.5391 23.1172 22.0058 23.0816 21.0193C23.0816 20.9216 23.0194 20.7794 22.9483 20.7438C22.3973 20.4594 21.8462 20.2017 21.2863 19.9439Z\" fill=\"#555555\"><\/path><path d=\"M26.9482 17.8724C26.3972 13.4642 22.1401 10.3447 17.7229 11.1179C12.6481 11.9977 9.71521 17.2859 11.6883 21.9963C12.1948 22.6629 12.0615 23.3472 11.8216 24.0849C11.5105 25.027 11.2794 26.0046 11.0039 27C11.1194 26.9733 11.1994 26.9644 11.2794 26.9378C12.5059 26.6178 13.7324 26.3068 14.9411 25.9868C15.1544 25.9335 15.3144 25.9602 15.5099 26.0579C17.1719 26.8667 18.9227 27.0978 20.718 26.7067C24.833 25.7913 27.4548 22.0496 26.9305 17.8902L26.9482 17.8724ZM20.0515 25.4624C18.4784 25.7113 17.003 25.3913 15.6166 24.6003C15.5099 24.5381 15.3411 24.5115 15.2077 24.547C14.4612 24.7248 13.7146 24.9292 12.9147 25.1336C13.1192 24.3693 13.3058 23.6672 13.5102 22.9473C13.5635 22.7606 13.5369 22.6273 13.4391 22.4673C11.0039 18.5479 13.1014 13.5442 17.6163 12.5043C21.2868 11.6511 25.0285 14.1841 25.5884 17.908C26.1395 21.5519 23.6954 24.8936 20.0515 25.4624Z\" fill=\"#555555\"><\/path><\/svg><\/button><\/div>\n<\/div>\n<p class=\"paragraph\" data-paragraph-number=\"1\">La <a href=\"https:\/\/www.infobae.com\/economia\/2026\/09\/02\/2023-vs-2026-como-les-fue-a-la-industria-la-construccion-y-el-empleo-en-lo-que-va-del-gobierno-de-milei\/\" target=\"_blank\" rel=\"noreferrer\" title=\"https:\/\/www.infobae.com\/economia\/2026\/09\/02\/2023-vs-2026-como-les-fue-a-la-industria-la-construccion-y-el-empleo-en-lo-que-va-del-gobierno-de-milei\/\"><b>industria argentina<\/b><\/a> atraviesa un escenario dispar: mientras algunos sectores vinculados a la energ\u00eda, la miner\u00eda y el petr\u00f3leo muestran mayor dinamismo, otras ramas dependen de un mercado interno que todav\u00eda presenta dificultades. En ese contexto, <b>Oliver Maltz<\/b>, presidente del <b>Movimiento Industrial<\/b>, sostuvo que uno de los principales problemas para las empresas es la combinaci\u00f3n de costos crecientes, menor consumo y p\u00e9rdida de rentabilidad.<\/p>\n<div class=\"marfeel-recommender marfeel-recommender-1\"><\/div>\n<p class=\"paragraph\" data-paragraph-number=\"2\">Su an\u00e1lisis se conoci\u00f3 luego de un relevamiento de la <b>Fundaci\u00f3n Encuentro<\/b> que compar\u00f3 los primeros semestres de 2023 y 2026 y registr\u00f3 retrocesos en distintos indicadores de actividad, adem\u00e1s de una p\u00e9rdida de 274.600 empleos privados registrados. El informe se\u00f1al\u00f3 tambi\u00e9n que la industria utiliza actualmente el 57,6% de su capacidad instalada, nueve puntos menos que en 2023, y que la producci\u00f3n manufacturera cay\u00f3 12%.<\/p>\n<div class=\"inline ad-wrapper dfpAd ad-inline ad-text ad-component-container\" style=\"--ad-shell-height:250px;--ad-shell-width:300px\" data-ad-wrapper=\"arcad\" data-ad-type=\"inline\" data-ad-slot=\"infobae\/economia\/nota\/inline\" data-ad-container=\"dfp\" data-ad-slot-name=\"infobae\/economia\/nota\/inline\">\n<p class=\"ad-shell-label\">PUBLICIDAD<\/p>\n<div id=\"infobae\/economia\/nota\/inline\" class=\"infobae\/economia\/nota\/inline arcad ad-slot-node ad-slot-node--boxed\" data-ad-slot-id=\"infobae\/economia\/nota\/inline\"><\/div>\n<\/div>\n<p class=\"paragraph\" data-paragraph-number=\"3\">Durante una entrevista en <a href=\"https:\/\/www.infobae.com\/tag\/infobae-al-regreso\/\" target=\"_blank\" rel=\"noreferrer\" title=\"https:\/\/www.infobae.com\/tag\/infobae-al-regreso\/\"><b>Infobae al Regreso<\/b><\/a>, Maltz puso el foco en lo que ocurre dentro de las empresas y diferenci\u00f3 entre las actividades con mayor tracci\u00f3n y aquellas m\u00e1s expuestas al consumo interno. \u201c<b>Ten\u00e9s sectores como energ\u00eda, miner\u00eda que est\u00e1n reaccionando y sectores m\u00e1s castigados que dependen m\u00e1s del consumo interno como el textil, el calzado, los metal\u00fargicos<\/b>\u201d, explic\u00f3.<\/p>\n<div class=\"marfeel-recommender marfeel-recommender-3\"><\/div>\n<p class=\"paragraph\" data-paragraph-number=\"4\">Para el empresario, la desaceleraci\u00f3n de la inflaci\u00f3n no elimin\u00f3 las dificultades de las compa\u00f1\u00edas. \u201c<b>Seguimos teniendo inflaci\u00f3n en pesos todos los meses, que por suerte est\u00e1 bajando much\u00edsimo y no tiene nada que ver a lo que era antes<\/b>\u201d, se\u00f1al\u00f3. Sin embargo, advirti\u00f3 que, con los precios internos todav\u00eda en aumento, los costos de las empresas tambi\u00e9n suben medidos en d\u00f3lares.<\/p>\n<div class=\"inline_2 ad-wrapper dfpAd ad-inline ad-text ad-component-container\" style=\"--ad-shell-height:250px;--ad-shell-width:300px\" data-ad-wrapper=\"arcad\" data-ad-type=\"inline_2\" data-ad-slot=\"infobae\/economia\/nota\/inline_2\" data-ad-container=\"dfp\" data-ad-slot-name=\"infobae\/economia\/nota\/inline_2\">\n<p class=\"ad-shell-label\">PUBLICIDAD<\/p>\n<div id=\"infobae\/economia\/nota\/inline_2\" class=\"infobae\/economia\/nota\/inline_2 arcad ad-slot-node ad-slot-node--boxed\" data-ad-slot-id=\"infobae\/economia\/nota\/inline_2\"><\/div>\n<\/div>\n<div class=\"visual__image\"><picture><source srcset=\"https:\/\/www.infobae.com\/resizer\/v2\/GL3G3ZQEFJGLVEIUT6ROGMPVRM.png?auth=6a616ea059bfec7bc0c4faae198dfef5dcf3e7c1ecb795cd4b1c79336a6637a0&amp;smart=true&amp;width=992&amp;height=654&amp;quality=85\" media=\"(min-width: 1000px)\"><\/source><source srcset=\"https:\/\/www.infobae.com\/resizer\/v2\/GL3G3ZQEFJGLVEIUT6ROGMPVRM.png?auth=6a616ea059bfec7bc0c4faae198dfef5dcf3e7c1ecb795cd4b1c79336a6637a0&amp;smart=true&amp;width=768&amp;height=506&amp;quality=85\" media=\"(min-width: 768px)\"><\/source><source srcset=\"https:\/\/www.infobae.com\/resizer\/v2\/GL3G3ZQEFJGLVEIUT6ROGMPVRM.png?auth=6a616ea059bfec7bc0c4faae198dfef5dcf3e7c1ecb795cd4b1c79336a6637a0&amp;smart=true&amp;width=577&amp;height=380&amp;quality=85\" media=\"(min-width: 580px)\"><\/source><source srcset=\"https:\/\/www.infobae.com\/resizer\/v2\/GL3G3ZQEFJGLVEIUT6ROGMPVRM.png?auth=6a616ea059bfec7bc0c4faae198dfef5dcf3e7c1ecb795cd4b1c79336a6637a0&amp;smart=true&amp;width=420&amp;height=277&amp;quality=85\" media=\"(min-width: 350px)\"><\/source><source srcset=\"https:\/\/www.infobae.com\/resizer\/v2\/GL3G3ZQEFJGLVEIUT6ROGMPVRM.png?auth=6a616ea059bfec7bc0c4faae198dfef5dcf3e7c1ecb795cd4b1c79336a6637a0&amp;smart=true&amp;width=350&amp;height=231&amp;quality=85\" media=\"(min-width: 80px)\"><\/source><img alt=\"(Infobae en Vivo)\" class=\"global-image\" decoding=\"async\" fetchpriority=\"low\" height=\"543\" loading=\"lazy\" src=\"https:\/\/www.infobae.com\/resizer\/v2\/GL3G3ZQEFJGLVEIUT6ROGMPVRM.png?auth=6a616ea059bfec7bc0c4faae198dfef5dcf3e7c1ecb795cd4b1c79336a6637a0&amp;smart=true&amp;width=350&amp;height=231&amp;quality=85\" width=\"824\"><\/picture><\/div>\n<p class=\"paragraph\" data-paragraph-number=\"5\">El problema se profundiza porque la menor demanda limita la posibilidad de trasladar esos incrementos a los precios. \u201c<b>Dado que el consumo no est\u00e1 en su mejor momento, es muy dif\u00edcil trasladar la suba de costos a precios. Por ende, las empresas, los comercios, cada mes van perdiendo rentabilidad<\/b>\u201d, sostuvo.<\/p>\n<div class=\"marfeel-recommender marfeel-recommender-5\"><\/div>\n<p class=\"paragraph\" data-paragraph-number=\"6\">Maltz vincul\u00f3 esa p\u00e9rdida de rentabilidad con el empleo. Seg\u00fan indic\u00f3, entre abril de 2025 y abril de 2026 la industria perdi\u00f3 52.000 puestos de trabajo formales. Para explicar c\u00f3mo una contracci\u00f3n puede extenderse por toda la econom\u00eda, describi\u00f3 el efecto que tiene cuando una compa\u00f1\u00eda comienza a recortar gastos: reduce compras y servicios, sus proveedores venden menos y el impacto termina alcanzando a otros trabajadores y empresas. \u201cEs como un c\u00edrculo vicioso que hace que se pierdan puestos de trabajo\u201d, afirm\u00f3.<\/p>\n<div class=\"ad_1 ad-wrapper dfpAd ad-1-al-6 ad-text ad-component-container\" style=\"--ad-shell-height:250px;--ad-shell-width:300px\" data-ad-wrapper=\"arcad\" data-ad-type=\"ad_1\" data-ad-slot=\"infobae\/economia\/nota\/ad_1\" data-ad-container=\"dfp\" data-ad-slot-name=\"infobae\/economia\/nota\/ad_1\">\n<p class=\"ad-shell-label\">PUBLICIDAD<\/p>\n<div id=\"infobae\/economia\/nota\/ad_1\" class=\"infobae\/economia\/nota\/ad_1 arcad ad-slot-node ad-slot-node--boxed\" data-ad-slot-id=\"infobae\/economia\/nota\/ad_1\"><\/div>\n<\/div>\n<p class=\"paragraph\" data-paragraph-number=\"7\">Por eso, consider\u00f3 que no se puede analizar por separado la situaci\u00f3n de los consumidores y la de las empresas. \u201cNo se puede disociar al consumidor del trabajador. Todos queremos comprar productos al precio que valen en todo el mundo, pero para poder comprar productos tenemos que tener trabajo\u201d, plante\u00f3. Y resumi\u00f3 su diagn\u00f3stico: <b>\u201cSin consumo no hay trabajo y sin trabajo no hay consumo\u201d<\/b>.<\/p>\n<h2 class=\"text-align-left vertical-align-top line-height-100 header headline-class-h2 headline\" id=\"el-orden-macroeconomico-y-el-desafio-de-recuperar-la-actividad\">El orden macroecon\u00f3mico y el desaf\u00edo de recuperar la actividad<\/h2>\n<p class=\"paragraph\" data-paragraph-number=\"8\">Maltz valor\u00f3 la baja de la inflaci\u00f3n, el equilibrio fiscal y el ordenamiento macroecon\u00f3mico impulsado por el Gobierno de <b>Javier Milei<\/b>, aunque consider\u00f3 que esas condiciones deben complementarse con una recuperaci\u00f3n de la actividad. \u201c<b>Estar en un proceso de baja inflaci\u00f3n creo que est\u00e1 bueno. El tema del d\u00e9ficit fiscal, el orden macroecon\u00f3mico, creo que est\u00e1 bueno<\/b>\u201d, reconoci\u00f3.<\/p>\n<div class=\"ad_2 ad-wrapper dfpAd ad-1-al-6 ad-text ad-component-container\" style=\"--ad-shell-height:250px;--ad-shell-width:300px\" data-ad-wrapper=\"arcad\" data-ad-type=\"ad_2\" data-ad-slot=\"infobae\/economia\/nota\/ad_2\" data-ad-container=\"dfp\" data-ad-slot-name=\"infobae\/economia\/nota\/ad_2\">\n<p class=\"ad-shell-label\">PUBLICIDAD<\/p>\n<div id=\"infobae\/economia\/nota\/ad_2\" class=\"infobae\/economia\/nota\/ad_2 arcad ad-slot-node ad-slot-node--boxed\" data-ad-slot-id=\"infobae\/economia\/nota\/ad_2\"><\/div>\n<\/div>\n<div class=\"visual__image\"><picture><source srcset=\"https:\/\/www.infobae.com\/resizer\/v2\/FEOAZPONB5ADPJGBXT2XZCEEEE.JPG?auth=324a844efb804c213aaed280d4604adfbb46dc7661af666232901c229cb0050b&amp;smart=true&amp;width=992&amp;height=661&amp;quality=85\" media=\"(min-width: 1000px)\"><\/source><source srcset=\"https:\/\/www.infobae.com\/resizer\/v2\/FEOAZPONB5ADPJGBXT2XZCEEEE.JPG?auth=324a844efb804c213aaed280d4604adfbb46dc7661af666232901c229cb0050b&amp;smart=true&amp;width=768&amp;height=512&amp;quality=85\" media=\"(min-width: 768px)\"><\/source><source srcset=\"https:\/\/www.infobae.com\/resizer\/v2\/FEOAZPONB5ADPJGBXT2XZCEEEE.JPG?auth=324a844efb804c213aaed280d4604adfbb46dc7661af666232901c229cb0050b&amp;smart=true&amp;width=577&amp;height=385&amp;quality=85\" media=\"(min-width: 580px)\"><\/source><source srcset=\"https:\/\/www.infobae.com\/resizer\/v2\/FEOAZPONB5ADPJGBXT2XZCEEEE.JPG?auth=324a844efb804c213aaed280d4604adfbb46dc7661af666232901c229cb0050b&amp;smart=true&amp;width=420&amp;height=280&amp;quality=85\" media=\"(min-width: 350px)\"><\/source><source srcset=\"https:\/\/www.infobae.com\/resizer\/v2\/FEOAZPONB5ADPJGBXT2XZCEEEE.JPG?auth=324a844efb804c213aaed280d4604adfbb46dc7661af666232901c229cb0050b&amp;smart=true&amp;width=350&amp;height=233&amp;quality=85\" media=\"(min-width: 80px)\"><\/source><img alt=\"Maltz respald\u00f3 el orden macroecon\u00f3mico del Gobierno de Javier Milei, pero afirm\u00f3 que sin consumo y sin trabajo no alcanza para recuperar la actividad (REUTERS\/Angela Ponce\/Foto de archivo)\" class=\"global-image\" decoding=\"async\" fetchpriority=\"low\" height=\"3667\" loading=\"lazy\" src=\"https:\/\/www.infobae.com\/resizer\/v2\/FEOAZPONB5ADPJGBXT2XZCEEEE.JPG?auth=324a844efb804c213aaed280d4604adfbb46dc7661af666232901c229cb0050b&amp;smart=true&amp;width=350&amp;height=233&amp;quality=85\" width=\"5500\"><\/picture><\/div>\n<p class=\"paragraph\" data-paragraph-number=\"9\">Sin embargo, marc\u00f3 un l\u00edmite: \u201c<b>Solo eso no alcanza. Se necesita trabajo y se necesita consumo<\/b>\u201d.<\/p>\n<p class=\"paragraph\" data-paragraph-number=\"10\">Otro de los factores que, seg\u00fan el empresario, condicionan a las compa\u00f1\u00edas es la presi\u00f3n impositiva. Consider\u00f3 que una reforma tributaria puede mejorar las condiciones para producir, pero aclar\u00f3 que tampoco resolver\u00eda por s\u00ed sola la falta de demanda. \u201cSi vos hoy me baj\u00e1s todos los impuestos, pero nadie consume, yo igual sigo sin vender\u201d, afirm\u00f3.<\/p>\n<div class=\"ad_3 ad-wrapper dfpAd ad-1-al-6 ad-text ad-component-container\" style=\"--ad-shell-height:250px;--ad-shell-width:300px\" data-ad-wrapper=\"arcad\" data-ad-type=\"ad_3\" data-ad-slot=\"infobae\/economia\/nota\/ad_3\" data-ad-container=\"dfp\" data-ad-slot-name=\"infobae\/economia\/nota\/ad_3\">\n<p class=\"ad-shell-label\">PUBLICIDAD<\/p>\n<div id=\"infobae\/economia\/nota\/ad_3\" class=\"infobae\/economia\/nota\/ad_3 arcad ad-slot-node ad-slot-node--boxed\" data-ad-slot-id=\"infobae\/economia\/nota\/ad_3\"><\/div>\n<\/div>\n<p class=\"paragraph\" data-paragraph-number=\"11\">La cuesti\u00f3n adquiere especial relevancia para la industria porque sus productos deben competir con bienes fabricados en otros pa\u00edses. \u201cNosotros vendemos productos transables. Competimos con las reglas de juego de Argentina contra otros pa\u00edses, con las reglas de juego de otros pa\u00edses\u201d, explic\u00f3.<\/p>\n<h2 class=\"text-align-left vertical-align-top line-height-100 header headline-class-h2 headline\" id=\"previsibilidad-para-invertir-y-generar-empleo\">Previsibilidad para invertir y generar empleo<\/h2>\n<p class=\"paragraph\" data-paragraph-number=\"12\">Maltz tambi\u00e9n se\u00f1al\u00f3 la necesidad de contar con reglas estables para que las empresas puedan tomar decisiones de inversi\u00f3n de largo plazo. \u201c<b>Me encantar\u00eda alg\u00fan d\u00eda que pase lo que pasa en un pa\u00eds como Chile o como Uruguay o como Brasil: que no te jug\u00e1s el p\u00e9ndulo de tu empresa en una elecci\u00f3n legislativa<\/b>\u201d, sostuvo.<\/p>\n<div class=\"ad_4 ad-wrapper dfpAd ad-1-al-6 ad-text ad-component-container\" style=\"--ad-shell-height:250px;--ad-shell-width:300px\" data-ad-wrapper=\"arcad\" data-ad-type=\"ad_4\" data-ad-slot=\"infobae\/economia\/nota\/ad_4\" data-ad-container=\"dfp\" data-ad-slot-name=\"infobae\/economia\/nota\/ad_4\">\n<p class=\"ad-shell-label\">PUBLICIDAD<\/p>\n<div id=\"infobae\/economia\/nota\/ad_4\" class=\"infobae\/economia\/nota\/ad_4 arcad ad-slot-node ad-slot-node--boxed\" data-ad-slot-id=\"infobae\/economia\/nota\/ad_4\"><\/div>\n<\/div>\n<div class=\"visual__image\"><picture><source srcset=\"https:\/\/www.infobae.com\/resizer\/v2\/TCIJWPEOSJCT3H64WQYE2UT6ZQ.png?auth=d37d88365583fb00460d51c04f1464a5e8764a3fde25dd804658f04cb21b79c8&amp;smart=true&amp;width=992&amp;height=554&amp;quality=85\" media=\"(min-width: 1000px)\"><\/source><source srcset=\"https:\/\/www.infobae.com\/resizer\/v2\/TCIJWPEOSJCT3H64WQYE2UT6ZQ.png?auth=d37d88365583fb00460d51c04f1464a5e8764a3fde25dd804658f04cb21b79c8&amp;smart=true&amp;width=768&amp;height=429&amp;quality=85\" media=\"(min-width: 768px)\"><\/source><source srcset=\"https:\/\/www.infobae.com\/resizer\/v2\/TCIJWPEOSJCT3H64WQYE2UT6ZQ.png?auth=d37d88365583fb00460d51c04f1464a5e8764a3fde25dd804658f04cb21b79c8&amp;smart=true&amp;width=577&amp;height=322&amp;quality=85\" media=\"(min-width: 580px)\"><\/source><source srcset=\"https:\/\/www.infobae.com\/resizer\/v2\/TCIJWPEOSJCT3H64WQYE2UT6ZQ.png?auth=d37d88365583fb00460d51c04f1464a5e8764a3fde25dd804658f04cb21b79c8&amp;smart=true&amp;width=420&amp;height=234&amp;quality=85\" media=\"(min-width: 350px)\"><\/source><source srcset=\"https:\/\/www.infobae.com\/resizer\/v2\/TCIJWPEOSJCT3H64WQYE2UT6ZQ.png?auth=d37d88365583fb00460d51c04f1464a5e8764a3fde25dd804658f04cb21b79c8&amp;smart=true&amp;width=350&amp;height=195&amp;quality=85\" media=\"(min-width: 80px)\"><\/source><img alt=\"Un soldador en una f\u00e1brica, varios obreros en una obra en construcci\u00f3n y operarios con un autoelevador junto a una gr\u00faa portuaria.\" class=\"global-image\" decoding=\"async\" fetchpriority=\"low\" height=\"1536\" loading=\"lazy\" src=\"https:\/\/www.infobae.com\/resizer\/v2\/TCIJWPEOSJCT3H64WQYE2UT6ZQ.png?auth=d37d88365583fb00460d51c04f1464a5e8764a3fde25dd804658f04cb21b79c8&amp;smart=true&amp;width=350&amp;height=195&amp;quality=85\" width=\"2752\"><\/picture><\/div>\n<p class=\"paragraph\" data-paragraph-number=\"13\">En ese sentido, valor\u00f3 el R\u00e9gimen de Incentivo para Grandes Inversiones (RIGI) como una herramienta para otorgar previsibilidad a proyectos de gran escala. \u201cPara una inversi\u00f3n de 30 mil millones de d\u00f3lares, en un pa\u00eds que viene de los \u00faltimos 40 a\u00f1os, donde no se conf\u00eda mucho, le ten\u00e9s que dar previsibilidad, no te queda otra\u201d, afirm\u00f3.<\/p>\n<p class=\"paragraph\" data-paragraph-number=\"14\">A su vez, plante\u00f3 que esas inversiones deber\u00edan generar un efecto sobre las econom\u00edas regionales y los proveedores locales. \u201c<b>Est\u00e1 bueno que se incentive y que eso derrame en el desarrollo de las regiones y de las provincias, generando trabajo en otros sectores<\/b>\u201d, concluy\u00f3.<\/p>\n<div class=\"ad_5 ad-wrapper dfpAd ad-1-al-6 ad-text ad-component-container\" style=\"--ad-shell-height:250px;--ad-shell-width:300px\" data-ad-wrapper=\"arcad\" data-ad-type=\"ad_5\" data-ad-slot=\"infobae\/economia\/nota\/ad_5\" data-ad-container=\"dfp\" data-ad-slot-name=\"infobae\/economia\/nota\/ad_5\">\n<p class=\"ad-shell-label\">PUBLICIDAD<\/p>\n<div id=\"infobae\/economia\/nota\/ad_5\" class=\"infobae\/economia\/nota\/ad_5 arcad ad-slot-node ad-slot-node--boxed\" data-ad-slot-id=\"infobae\/economia\/nota\/ad_5\"><\/div>\n<\/div>\n<p class=\"paragraph\" data-paragraph-number=\"15\">El diagn\u00f3stico de Maltz combina una valoraci\u00f3n del proceso de estabilizaci\u00f3n con un reclamo por las condiciones que enfrentan las empresas para producir y competir. Para el empresario, el desaf\u00edo de la industria en esta etapa es que el orden macroecon\u00f3mico pueda traducirse en <b>mayor consumo, inversi\u00f3n, producci\u00f3n y empleo<\/b>.<\/p>\n<p class=\"paragraph\" data-paragraph-number=\"16\">\u2013<\/p>\n<p class=\"paragraph\" data-paragraph-number=\"17\"><b>Infobae <\/b>te acompa\u00f1a cada d\u00eda en YouTube con entrevistas, an\u00e1lisis y la informaci\u00f3n m\u00e1s destacada, en un formato cercano y din\u00e1mico.<\/p>\n<p class=\"paragraph\" data-paragraph-number=\"18\">\u2022 De 7 a 9: <b>Infobae al Amanecer<\/b>: Nacho Giron, Luciana Rubinska y Bel\u00e9n Escobar.<\/p>\n<p class=\"paragraph\" data-paragraph-number=\"19\">\u2022 De 9 a 12: <b>Infobae a las Nueve<\/b>: Gonzalo S\u00e1nchez, Tatiana Schapiro, Ram\u00f3n Indart y Cecilia Boufflet.<\/p>\n<p class=\"paragraph\" data-paragraph-number=\"20\">\u2022 De 12 a 15: <b>Infobae al Mediodia<\/b>: Maru Duffard, Andrei Serbin Pont, Fede Mayol y Facundo Kablan.<\/p>\n<p class=\"paragraph\" data-paragraph-number=\"21\">\u2022 De 15 a 18: <b>Infobae a la Tarde<\/b>: Manu Jove, Maia Jastreblansky y Paula Guardia Bourdin; rotan en la semana Marcos Shaw, Lara L\u00f3pez Calvo y Tom\u00e1s Trap\u00e9.<\/p>\n<div class=\"ad_6 ad-wrapper dfpAd ad-1-al-6 ad-text ad-component-container\" style=\"--ad-shell-height:250px;--ad-shell-width:300px\" data-ad-wrapper=\"arcad\" data-ad-type=\"ad_6\" data-ad-slot=\"infobae\/economia\/nota\/ad_6\" data-ad-container=\"dfp\" data-ad-slot-name=\"infobae\/economia\/nota\/ad_6\">\n<p class=\"ad-shell-label\">PUBLICIDAD<\/p>\n<div id=\"infobae\/economia\/nota\/ad_6\" class=\"infobae\/economia\/nota\/ad_6 arcad ad-slot-node ad-slot-node--boxed\" data-ad-slot-id=\"infobae\/economia\/nota\/ad_6\"><\/div>\n<\/div>\n<p class=\"paragraph\" data-paragraph-number=\"22\">\u2022 De 18 a 21: <b>Infobae al Regreso<\/b>: Gonzalo Aziz, Diego Iglesias, Malena de los R\u00edos y Mat\u00edas Barber\u00eda; rotan en la semana Gustavo Lazzari, Mart\u00edn Tetaz y Mica Mendelevich<\/p>\n<p class=\"paragraph\" data-paragraph-number=\"23\">Seguinos en nuestro canal de <a rel=\"noopener\" href=\"https:\/\/www.youtube.com\/@Infobae\" target=\"_blank\"><i><b>YouTube <\/b><\/i><i>@infobae<\/i><\/a>.<\/p>\n","protected":false},"excerpt":{"rendered":"<p>Oliver Maltz advirti\u00f3 que la industria argentina enfrenta costos en d\u00f3lares m\u00e1s altos, menor consumo y p\u00e9rdida de rentabilidad 02 Sep, 2026 08:46 p. m. EST Guardar La industria argentina atraviesa un escenario dispar: mientras algunos sectores vinculados a la energ\u00eda, la miner\u00eda y el petr\u00f3leo muestran mayor dinamismo, otras ramas dependen de un mercado [&hellip;]<\/p>\n","protected":false},"author":1,"featured_media":24799,"comment_status":"open","ping_status":"open","sticky":false,"template":"","format":"standard","meta":{"footnotes":""},"categories":[1],"tags":[],"class_list":["post-24798","post","type-post","status-publish","format-standard","has-post-thumbnail","hentry","category-uncategorized"],"_links":{"self":[{"href":"https:\/\/cliente1.publisher.highstack.com.ar\/index.php?rest_route=\/wp\/v2\/posts\/24798","targetHints":{"allow":["GET"]}}],"collection":[{"href":"https:\/\/cliente1.publisher.highstack.com.ar\/index.php?rest_route=\/wp\/v2\/posts"}],"about":[{"href":"https:\/\/cliente1.publisher.highstack.com.ar\/index.php?rest_route=\/wp\/v2\/types\/post"}],"author":[{"embeddable":true,"href":"https:\/\/cliente1.publisher.highstack.com.ar\/index.php?rest_route=\/wp\/v2\/users\/1"}],"replies":[{"embeddable":true,"href":"https:\/\/cliente1.publisher.highstack.com.ar\/index.php?rest_route=%2Fwp%2Fv2%2Fcomments&post=24798"}],"version-history":[{"count":0,"href":"https:\/\/cliente1.publisher.highstack.com.ar\/index.php?rest_route=\/wp\/v2\/posts\/24798\/revisions"}],"wp:featuredmedia":[{"embeddable":true,"href":"https:\/\/cliente1.publisher.highstack.com.ar\/index.php?rest_route=\/wp\/v2\/media\/24799"}],"wp:attachment":[{"href":"https:\/\/cliente1.publisher.highstack.com.ar\/index.php?rest_route=%2Fwp%2Fv2%2Fmedia&parent=24798"}],"wp:term":[{"taxonomy":"category","embeddable":true,"href":"https:\/\/cliente1.publisher.highstack.com.ar\/index.php?rest_route=%2Fwp%2Fv2%2Fcategories&post=24798"},{"taxonomy":"post_tag","embeddable":true,"href":"https:\/\/cliente1.publisher.highstack.com.ar\/index.php?rest_route=%2Fwp%2Fv2%2Ftags&post=24798"}],"curies":[{"name":"wp","href":"https:\/\/api.w.org\/{rel}","templated":true}]}}