{"id":24796,"date":"2026-09-02T22:18:10","date_gmt":"2026-09-03T01:18:10","guid":{"rendered":"https:\/\/cliente1.publisher.highstack.com.ar\/?p=24796"},"modified":"2026-09-02T22:18:10","modified_gmt":"2026-09-03T01:18:10","slug":"una-compania-agroindustrial-inauguruo-una-planta-para-la-elaboracion-de-premezclas-de-vitaminas-y-minerales","status":"publish","type":"post","link":"https:\/\/cliente1.publisher.highstack.com.ar\/?p=24796","title":{"rendered":"Una compa\u00f1\u00eda agroindustrial inauguru\u00f3 una planta para la elaboraci\u00f3n de premezclas de vitaminas y minerales"},"content":{"rendered":"<div class=\"col-12\">\n<div data-tw=\"true\" style=\"display:contents\">\n<div role=\"none\"><\/div>\n<\/div>\n<p class=\"com-paragraph --capital --s text-left\">C\u00d3RDOBA.- La compa\u00f1\u00eda agroindustrial <strong>Biofarma <\/strong>inaugur\u00f3 hoy oficialmente su <strong>nueva planta de producci\u00f3n de n\u00facleos y premezclas vitam\u00ednico-minerales en C\u00f3rdoba con una inversi\u00f3n de 20 millones de d\u00f3lares.<\/strong><\/p>\n<div class=\"ln-banner-container --no-app --caja1_mob\">\n<div id=\"caja1_mob\" class=\"ln-banner\" data-slot-group=\"nota\" data-device=\"mobile\" data-subscription=\"false\" data-ad-unit-path=\"\/133919216\/campo_mobile\/Nota\/caja1_mob\" data-targeting='{\"sitio\":\"lanacion\",\"seccion\":\"nota\"}' data-without-hide=\"true\" data-size=\"[[320,100],[300,250],[1,1],[300,450],[320,450]]\" data-sizemap=\"[]\" data-prebid-enabled=\"true\"><\/div>\n<\/div>\n<p class=\"com-paragraph --s text-left\">La planta cuenta con 17.000 m\u00b2 cubiertos y una capacidad instalada de 20.000 toneladas mensuales. Del acto participaron directivos, accionistas, clientes, proveedores, representantes de instituciones, integrantes de la cadena de valor y colaboradores de la compa\u00f1\u00eda.<\/p>\n<div class=\"ln-banner-container --no-app --middle_1_dsk\">\n<div id=\"middle_1_dsk\" class=\"ln-banner\" data-slot-group=\"nota\" data-device=\"desktop\" data-subscription=\"true\" data-ad-unit-path=\"\/133919216\/campo_desktop\/Nota\/middle_1_dsk\" data-targeting='{\"sitio\":\"lanacion\",\"seccion\":\"nota\"}' data-without-hide=\"true\" data-size=\"[[1,1],[640,360],[640,480],[728,90]]\" data-sizemap=\"[]\" data-prebid-enabled=\"true\"><\/div>\n<\/div>\n<p class=\"com-paragraph --s text-left\">La nueva planta forma parte de un <strong>plan de expansi\u00f3n industrial <\/strong>que busca fortalecer el posicionamiento de la compa\u00f1\u00eda tanto en el mercado local como internacional. Con estas instalaciones, la empresa tendr\u00e1 una <strong>capacidad productiva total de 35.000 toneladas mensuales.<\/strong> <\/p>\n<p class=\"com-paragraph --s text-left\">Est\u00e1 equipada con tecnolog\u00eda de \u00faltima generaci\u00f3n, un sistema de automatizaci\u00f3n integral de procesos y un sistema de eficiencia energ\u00e9tica dise\u00f1ado para optimizar el uso de los recursos y maximizar el rendimiento. <\/p>\n<div class=\"ln-banner-container --no-app --caja2_mob\">\n<div id=\"caja2_mob\" class=\"ln-banner\" data-slot-group=\"nota\" data-device=\"mobile\" data-subscription=\"true\" data-ad-unit-path=\"\/133919216\/campo_mobile\/Nota\/caja2_mob\" data-targeting='{\"sitio\":\"lanacion\",\"seccion\":\"nota\"}' data-without-hide=\"true\" data-size=\"[[320,100],[300,250],[300,450],[1,1],[360,270],[320,180]]\" data-sizemap=\"[]\" data-prebid-enabled=\"true\"><\/div>\n<\/div>\n<p class=\"com-paragraph --s text-left\">\u201cInauguramos mucho m\u00e1s que una nueva planta. Estamos dando un paso muy importante en la historia de Biofarma y en nuestra visi\u00f3n de futuro. Esta inversi\u00f3n nos permite prepararnos para seguir creciendo, incorporar nuevas tecnolog\u00edas, aumentar nuestra capacidad productiva y continuar acompa\u00f1ando a nuestros clientes con soluciones de la m\u00e1s alta calidad\u201d, afirm\u00f3 <strong>Marcelo Vilosio<\/strong>, gerente general de la compa\u00f1\u00eda.<\/p>\n<div class=\"ln-banner-container --no-app --middle_2_dsk\">\n<div id=\"middle_2_dsk\" class=\"ln-banner\" data-slot-group=\"nota\" data-device=\"desktop\" data-subscription=\"true\" data-ad-unit-path=\"\/133919216\/campo_desktop\/Nota\/middle_2_dsk\" data-targeting='{\"sitio\":\"lanacion\",\"seccion\":\"nota\"}' data-without-hide=\"true\" data-size=\"[[1,1],[728,90]]\" data-sizemap=\"[]\" data-prebid-enabled=\"true\"><\/div>\n<\/div>\n<div class=\"content-media\">\n<section role=\"button\" class=\"mod-media   \">\n<figure role=\"button\" tabindex=\"0\" class=\"mod-figure \">\n<div class=\"placeholder \">\n<div class=\"com-image\"><picture><source media=\"(min-width: 768px)\" srcset=\"https:\/\/www.lanacion.com.ar\/resizer\/v2\/marcelo-vilosio-gerente-general-de-DS2X6QMVBNHNHOKAQN3YNFP75I.jpg?auth=224fc3cc9ea7404801cf33c5335e775a966baa6e911b121df10bfd87b79c30c9&amp;width=780&amp;height=520&amp;quality=70&amp;smart=true\"><\/source><img class=\"image com-image flex --cover\" decoding=\"async\" fetchpriority=\"low\" loading=\"lazy\" src=\"https:\/\/www.lanacion.com.ar\/resizer\/v2\/marcelo-vilosio-gerente-general-de-DS2X6QMVBNHNHOKAQN3YNFP75I.jpg?auth=224fc3cc9ea7404801cf33c5335e775a966baa6e911b121df10bfd87b79c30c9&amp;width=420&amp;height=280&amp;quality=70&amp;smart=true\" width=\"2000\" alt=\"Marcelo Vilosio, gerente general de Biofarma\" height=\"1333\"><\/picture><\/div>\n<\/div><figcaption class=\"mod-figcaption\"><span class=\"com-text --caption --twoxs\">Marcelo Vilosio, gerente general de Biofarma<\/span><\/figcaption><\/figure>\n<\/section>\n<\/div>\n<div class=\"ln-banner-container --no-app --caja3_mob\">\n<div id=\"caja3_mob\" class=\"ln-banner\" data-slot-group=\"nota\" data-device=\"mobile\" data-subscription=\"false\" data-ad-unit-path=\"\/133919216\/campo_mobile\/Nota\/caja3_mob\" data-targeting='{\"sitio\":\"lanacion\",\"seccion\":\"nota\"}' data-without-hide=\"true\" data-size=\"[[320,100],[300,250],[1,1],[300,450],[360,270]]\" data-sizemap=\"[]\" data-prebid-enabled=\"true\"><\/div>\n<\/div>\n<div class=\"ln-banner-container --no-app --middle_2_tab\">\n<div id=\"middle_2_tab\" class=\"ln-banner\" data-slot-group=\"nota\" data-device=\"tablet\" data-subscription=\"false\" data-ad-unit-path=\"\/133919216\/campo_tablet\/Nota\/middle_2_tab\" data-targeting='{\"sitio\":\"lanacion\",\"seccion\":\"nota\"}' data-without-hide=\"true\" data-size=\"[[728,90],[640,480],[468,60],[1,1]]\" data-sizemap=\"[]\" data-prebid-enabled=\"true\"><\/div>\n<\/div>\n<p class=\"com-paragraph --s text-left\">La planta cuenta con cinco l\u00edneas de producci\u00f3n completamente independientes, destinadas a diferentes categor\u00edas de productos. Son macro correctores para engorde de rumiantes; premezclas vitam\u00ednico-minerales; n\u00facleos vitam\u00ednico-minerales; premezclas medicamentosas y l\u00ednea de sustitutos l\u00e1cteos. <\/p>\n<p class=\"com-paragraph --s text-left\">Los productos de la empresa, adem\u00e1s de llegar a todo el pa\u00eds, son exportados a <strong>Bolivia, Chile, Costa Rica, Guatemala, Paraguay, Rep\u00fablica Dominicana, Uruguay, Panam\u00e1, Emiratos \u00c1rabes<\/strong>, entre otros destinos.<\/p>\n<p class=\"com-paragraph --s\">Cuenta con <strong>dos centros experimentales,<\/strong> uno en la granja El Pilato, en la localidad de Carnerillo (C\u00f3rdoba) que tiene un plantel <strong>1200 cerdas reproductoras<\/strong>. Es un lugar \u00fanico en Latinoam\u00e9rica, debido a la posibilidad de realizar <strong>investigaci\u00f3n aplicada en las \u00e1reas de manejo, nutrici\u00f3n, alimentaci\u00f3n, medio ambiente e instalaciones.<\/strong><\/p>\n<div class=\"ln-banner-container --no-app --caja4_mob\">\n<div id=\"caja4_mob\" class=\"ln-banner\" data-slot-group=\"nota\" data-device=\"mobile\" data-subscription=\"false\" data-ad-unit-path=\"\/133919216\/campo_mobile\/Nota\/caja4_mob\" data-targeting='{\"sitio\":\"lanacion\",\"seccion\":\"nota\"}' data-without-hide=\"true\" data-size=\"[[320,100],[300,250],[1,1]]\" data-sizemap=\"[]\" data-prebid-enabled=\"true\"><\/div>\n<\/div>\n<p class=\"com-paragraph --s\">El objetivo de la granja, es generar una base de datos \u00fanica en la regi\u00f3n, conforme los m\u00e1s altos est\u00e1ndares t\u00e9cnico-cient\u00edficos y atendiendo a las exigencias de los principales mercados de producci\u00f3n porcina.<\/p>\n<p class=\"com-paragraph --s\">El otro es el Cenab, en Jes\u00fas Mar\u00eda (tambi\u00e9n C\u00f3rdoba) y se trata de un <strong>feedlot experimental para ganado bovino,<\/strong> en el que conviven tres actividades: investigaci\u00f3n, producci\u00f3n y capacitaci\u00f3n.<\/p>\n<div class=\"ln-banner-container --no-app --caja6_mob\">\n<div id=\"caja6_mob\" class=\"ln-banner\" data-slot-group=\"nota\" data-device=\"mobile\" data-subscription=\"false\" data-ad-unit-path=\"\/133919216\/campo_mobile\/Nota\/caja6_mob\" data-targeting='{\"sitio\":\"lanacion\",\"seccion\":\"nota\"}' data-without-hide=\"true\" data-size=\"[[300,250],[230,50],[300,450],[1,1],[320,100]]\" data-sizemap=\"[]\" data-prebid-enabled=\"true\"><\/div>\n<\/div>\n<p class=\"com-paragraph --s\">Todas las instalaciones cuentan con un<strong> Sistema Integrado de Calidad <\/strong>que permite el control total y la visi\u00f3n global de todas las actividades. Trabajan bajo los est\u00e1ndares internacionales ISO, con el valor agregado que implican las certificaciones en un mercado global.<\/p>\n<div class=\"ln-banner-container --no-app --caja5_mob\">\n<div id=\"caja5_mob\" class=\"ln-banner\" data-slot-group=\"nota\" data-device=\"mobile\" data-subscription=\"false\" data-ad-unit-path=\"\/133919216\/campo_mobile\/Nota\/caja5_mob\" data-targeting='{\"sitio\":\"lanacion\",\"seccion\":\"nota\"}' data-without-hide=\"true\" data-size='[[320,100],[300,250],[1,1],[\" fluid\"]]' data-sizemap=\"[]\" data-prebid-enabled=\"true\"><\/div>\n<\/div>\n<div data-fusion-lazy-id=\"f0fLHi7Wfcy22C4\"><\/div>\n<div class=\"ln-banner-container --no-app --middle_3_dsk\">\n<div id=\"middle_3_dsk\" class=\"ln-banner\" data-slot-group=\"nota\" data-device=\"desktop\" data-subscription=\"true\" data-ad-unit-path=\"\/133919216\/campo_desktop\/Nota\/middle_3_dsk\" data-targeting='{\"sitio\":\"lanacion\",\"seccion\":\"nota\"}' data-without-hide=\"true\" data-size=\"[[1,1],[728,90],[640,360],[728,360]]\" data-sizemap=\"[]\" data-prebid-enabled=\"true\"><\/div>\n<\/div>\n<\/div>\n","protected":false},"excerpt":{"rendered":"<p>C\u00d3RDOBA.- La compa\u00f1\u00eda agroindustrial Biofarma inaugur\u00f3 hoy oficialmente su nueva planta de producci\u00f3n de n\u00facleos y premezclas vitam\u00ednico-minerales en C\u00f3rdoba con una inversi\u00f3n de 20 millones de d\u00f3lares. La planta cuenta con 17.000 m\u00b2 cubiertos y una capacidad instalada de 20.000 toneladas mensuales. Del acto participaron directivos, accionistas, clientes, proveedores, representantes de instituciones, integrantes de [&hellip;]<\/p>\n","protected":false},"author":1,"featured_media":24797,"comment_status":"open","ping_status":"open","sticky":false,"template":"","format":"standard","meta":{"footnotes":""},"categories":[1],"tags":[],"class_list":["post-24796","post","type-post","status-publish","format-standard","has-post-thumbnail","hentry","category-uncategorized"],"_links":{"self":[{"href":"https:\/\/cliente1.publisher.highstack.com.ar\/index.php?rest_route=\/wp\/v2\/posts\/24796","targetHints":{"allow":["GET"]}}],"collection":[{"href":"https:\/\/cliente1.publisher.highstack.com.ar\/index.php?rest_route=\/wp\/v2\/posts"}],"about":[{"href":"https:\/\/cliente1.publisher.highstack.com.ar\/index.php?rest_route=\/wp\/v2\/types\/post"}],"author":[{"embeddable":true,"href":"https:\/\/cliente1.publisher.highstack.com.ar\/index.php?rest_route=\/wp\/v2\/users\/1"}],"replies":[{"embeddable":true,"href":"https:\/\/cliente1.publisher.highstack.com.ar\/index.php?rest_route=%2Fwp%2Fv2%2Fcomments&post=24796"}],"version-history":[{"count":0,"href":"https:\/\/cliente1.publisher.highstack.com.ar\/index.php?rest_route=\/wp\/v2\/posts\/24796\/revisions"}],"wp:featuredmedia":[{"embeddable":true,"href":"https:\/\/cliente1.publisher.highstack.com.ar\/index.php?rest_route=\/wp\/v2\/media\/24797"}],"wp:attachment":[{"href":"https:\/\/cliente1.publisher.highstack.com.ar\/index.php?rest_route=%2Fwp%2Fv2%2Fmedia&parent=24796"}],"wp:term":[{"taxonomy":"category","embeddable":true,"href":"https:\/\/cliente1.publisher.highstack.com.ar\/index.php?rest_route=%2Fwp%2Fv2%2Fcategories&post=24796"},{"taxonomy":"post_tag","embeddable":true,"href":"https:\/\/cliente1.publisher.highstack.com.ar\/index.php?rest_route=%2Fwp%2Fv2%2Ftags&post=24796"}],"curies":[{"name":"wp","href":"https:\/\/api.w.org\/{rel}","templated":true}]}}