{"id":24794,"date":"2026-09-02T21:54:13","date_gmt":"2026-09-03T00:54:13","guid":{"rendered":"https:\/\/cliente1.publisher.highstack.com.ar\/?p=24794"},"modified":"2026-09-02T21:54:13","modified_gmt":"2026-09-03T00:54:13","slug":"entre-rios-dejara-de-pagar-pensiones-vitalicias-para-gobernadores-y-vices","status":"publish","type":"post","link":"https:\/\/cliente1.publisher.highstack.com.ar\/?p=24794","title":{"rendered":"Entre R\u00edos dejar\u00e1 de pagar pensiones vitalicias para gobernadores y vices"},"content":{"rendered":"<p> <br \/>\n<\/p>\n<div id=\"element-body-0\">\n<p>La provincia de<strong> Entre R\u00edos<\/strong> sancion\u00f3 este mi\u00e9rcoles una Ley que<strong> pone fin a las pensiones vitalicias <\/strong>que sus gobernadores y vicegobernadores cobraban tras cumplir sus mandatos. <strong>Rogelio Frigerio<\/strong>, el actual mandatario provincial e impulsor de la iniciativa y su vice, <strong>Alicia Aluani<\/strong>, ser\u00e1n los primeros funcionarios alcanzados por la medida.<\/p>\n<\/div>\n<div id=\"element-body-1\">\n<p>La propuesta, que hab\u00eda sido enviada por Frigerio al Congreso provincial al inicio de su gesti\u00f3n y ya hab\u00eda pasado por Senadores, fue aprobada por unanimidad en la C\u00e1mara de Diputados y <strong>derog\u00f3 la Ley 4.506, vigente desde 1965<\/strong>, que otorgaba a los titulares del Ejecutivo provincial <strong>una pensi\u00f3n equivalente al 75% de sus sueldos<\/strong> una vez que terminaban su per\u00edodo de gobierno.<\/p>\n<\/div>\n<div id=\"element-body-2\">\n<p>&#8220;<strong>Pusimos fin a m\u00e1s de 60 a\u00f1os de pensiones vitalicias para gobernadores y vicegobernadores&#8221;<\/strong>, anunci\u00f3 al respecto Frigerio este mi\u00e9rcoles, y confirm\u00f3 que tanto \u00e9l como su vice ser\u00e1n los primeros alcanzados por la decisi\u00f3n.<\/p>\n<\/div>\n<div id=\"element-body-3\">\n<p>&#8220;Desde el primer d\u00eda <strong>venimos eliminando los privilegios de la pol\u00edtica <\/strong>y ordenando el Estado para ponerlo nuevamente al servicio de los entrerrianos&#8221;, indic\u00f3 adem\u00e1s el mandatario provincial. Desde el ejecutivo provincial indicaron adem\u00e1s que la medida se encuadra dentro de <strong>una agenda de reducci\u00f3n del gasto pol\u00edtico,<\/strong> transparencia y transformaci\u00f3n institucional que el Gobierno provincial puso en marcha desde que asumi\u00f3, en diciembre de 2023.<\/p>\n<\/div>\n<div id=\"element-body-4\">\n<p>Por su parte, Aluari aplaudi\u00f3 la derogaci\u00f3n de la ley que les otorgaba pensiones vitalicias a los titulares del Ejecutivo provincial  y sostuvo que la decisi\u00f3n &#8220;reafirma la igualdad ante la ley&#8221;. <strong>&#8220;Si pedimos esfuerzo y responsabilidad, tenemos que empezar por nosotros mismos&#8221;<\/strong>, apunt\u00f3 a trav\u00e9s de <em>X<\/em>.<\/p>\n<\/div>\n<div id=\"element-body-5\">\n<blockquote class=\"twitter-tweet\">\n<p lang=\"es\" dir=\"ltr\">SE TERMINARON POR LEY LAS JUBILACIONES DE PRIVILEGIO EN ENTRE R\u00cdOS<\/p>\n<p>Pusimos fin a m\u00e1s de 60 a\u00f1os de pensiones vitalicias para gobernadores y vicegobernadores. <a href=\"https:\/\/x.com\/AliciaAluani?ref_src=twsrc%5Etfw\">@AliciaAluani<\/a> y yo vamos a ser los primeros alcanzados por esta decisi\u00f3n. Un compromiso m\u00e1s que asumimos y cumplimos.\u2026<\/p>\n<p>\u2014 Rogelio Frigerio (@frigeriorogelio) <a href=\"https:\/\/x.com\/frigeriorogelio\/status\/2095190846521880952?ref_src=twsrc%5Etfw\">September 2, 2026<\/a><\/p><\/blockquote>\n<\/div>\n<div id=\"element-body-7\">\n<p>En el marco de las pol\u00edticas de reducci\u00f3n de gastos, el Gobierno provincial ya <strong>hab\u00eda recortado pr\u00e1cticamente a la mitad los cargos pol\u00edticos<\/strong>, a la vez que elimin\u00f3 un nivel completo de la estructura jer\u00e1rquica del Estado.<\/p>\n<\/div>\n<div id=\"element-body-8\">\n<p>Desde el Ejecutivo provincial destacaron adem\u00e1s otras medidas impulsadas por el oficialismo local, tales como<strong> la eliminaci\u00f3n de gastos reservados,<\/strong> el avance sobre los sobresueldos y la acumulaci\u00f3n de remuneraciones, la reducci\u00f3n en las adscripciones y la puesta en marcha de herramientas para transparentar la n\u00f3mina, los salarios y las declaraciones juradas de los funcionarios.<\/p>\n<\/div>\n<div id=\"element-body-9\">\n<p>La ley sancionada este mi\u00e9rcoles, apuntaron desde el Gobierno provincial, se convirti\u00f3 en una nueva medida de la agenda para reducir los privilegios asociados al ejercicio de la funci\u00f3n p\u00fablica.<\/p>\n<\/div>\n<div id=\"element-body-10\">\n<p>&#8220;Estoy convencido de que, si queremos cambiar la forma de gobernar, <strong>el cambio tiene que empezar por quienes tenemos la responsabilidad de hacerlo<\/strong>&#8220;, sostuvo Frigerio al respecto este mi\u00e9rcoles.<\/p>\n<\/div>\n","protected":false},"excerpt":{"rendered":"<p>La provincia de Entre R\u00edos sancion\u00f3 este mi\u00e9rcoles una Ley que pone fin a las pensiones vitalicias que sus gobernadores y vicegobernadores cobraban tras cumplir sus mandatos. Rogelio Frigerio, el actual mandatario provincial e impulsor de la iniciativa y su vice, Alicia Aluani, ser\u00e1n los primeros funcionarios alcanzados por la medida. La propuesta, que hab\u00eda [&hellip;]<\/p>\n","protected":false},"author":1,"featured_media":24795,"comment_status":"open","ping_status":"open","sticky":false,"template":"","format":"standard","meta":{"footnotes":""},"categories":[1],"tags":[4,3],"class_list":["post-24794","post","type-post","status-publish","format-standard","has-post-thumbnail","hentry","category-uncategorized","tag-entre-rios","tag-rogelio-frigerio"],"_links":{"self":[{"href":"https:\/\/cliente1.publisher.highstack.com.ar\/index.php?rest_route=\/wp\/v2\/posts\/24794","targetHints":{"allow":["GET"]}}],"collection":[{"href":"https:\/\/cliente1.publisher.highstack.com.ar\/index.php?rest_route=\/wp\/v2\/posts"}],"about":[{"href":"https:\/\/cliente1.publisher.highstack.com.ar\/index.php?rest_route=\/wp\/v2\/types\/post"}],"author":[{"embeddable":true,"href":"https:\/\/cliente1.publisher.highstack.com.ar\/index.php?rest_route=\/wp\/v2\/users\/1"}],"replies":[{"embeddable":true,"href":"https:\/\/cliente1.publisher.highstack.com.ar\/index.php?rest_route=%2Fwp%2Fv2%2Fcomments&post=24794"}],"version-history":[{"count":0,"href":"https:\/\/cliente1.publisher.highstack.com.ar\/index.php?rest_route=\/wp\/v2\/posts\/24794\/revisions"}],"wp:featuredmedia":[{"embeddable":true,"href":"https:\/\/cliente1.publisher.highstack.com.ar\/index.php?rest_route=\/wp\/v2\/media\/24795"}],"wp:attachment":[{"href":"https:\/\/cliente1.publisher.highstack.com.ar\/index.php?rest_route=%2Fwp%2Fv2%2Fmedia&parent=24794"}],"wp:term":[{"taxonomy":"category","embeddable":true,"href":"https:\/\/cliente1.publisher.highstack.com.ar\/index.php?rest_route=%2Fwp%2Fv2%2Fcategories&post=24794"},{"taxonomy":"post_tag","embeddable":true,"href":"https:\/\/cliente1.publisher.highstack.com.ar\/index.php?rest_route=%2Fwp%2Fv2%2Ftags&post=24794"}],"curies":[{"name":"wp","href":"https:\/\/api.w.org\/{rel}","templated":true}]}}