{"id":24790,"date":"2026-09-02T21:44:31","date_gmt":"2026-09-03T00:44:31","guid":{"rendered":"https:\/\/cliente1.publisher.highstack.com.ar\/?p=24790"},"modified":"2026-09-02T21:44:31","modified_gmt":"2026-09-03T00:44:31","slug":"luego-de-61-anos-entre-rios-elimino-las-pensiones-vitalicias-para-gobernadores-y-vicegobernadores","status":"publish","type":"post","link":"https:\/\/cliente1.publisher.highstack.com.ar\/?p=24790","title":{"rendered":"Luego de 61 a\u00f1os, Entre R\u00edos elimin\u00f3 las pensiones vitalicias para gobernadores y vicegobernadores"},"content":{"rendered":"<div>\n<div class=\"visual__image image-initial-width\"><picture><source srcset=\"https:\/\/www.infobae.com\/resizer\/v2\/VBRSKOKYXBDABD4IXQU5QKVKYI.jpg?auth=26c9cd4e72c1ebdfb6b5153fc022d6c23f7436432402b7030a54304d51a5467a&amp;smart=true&amp;width=992&amp;height=558&amp;quality=85\" media=\"(min-width: 1000px)\"\/><source srcset=\"https:\/\/www.infobae.com\/resizer\/v2\/VBRSKOKYXBDABD4IXQU5QKVKYI.jpg?auth=26c9cd4e72c1ebdfb6b5153fc022d6c23f7436432402b7030a54304d51a5467a&amp;smart=true&amp;width=768&amp;height=432&amp;quality=85\" media=\"(min-width: 768px)\"\/><source srcset=\"https:\/\/www.infobae.com\/resizer\/v2\/VBRSKOKYXBDABD4IXQU5QKVKYI.jpg?auth=26c9cd4e72c1ebdfb6b5153fc022d6c23f7436432402b7030a54304d51a5467a&amp;smart=true&amp;width=577&amp;height=325&amp;quality=85\" media=\"(min-width: 580px)\"\/><source srcset=\"https:\/\/www.infobae.com\/resizer\/v2\/VBRSKOKYXBDABD4IXQU5QKVKYI.jpg?auth=26c9cd4e72c1ebdfb6b5153fc022d6c23f7436432402b7030a54304d51a5467a&amp;smart=true&amp;width=420&amp;height=236&amp;quality=85\" media=\"(min-width: 350px)\"\/><source srcset=\"https:\/\/www.infobae.com\/resizer\/v2\/VBRSKOKYXBDABD4IXQU5QKVKYI.jpg?auth=26c9cd4e72c1ebdfb6b5153fc022d6c23f7436432402b7030a54304d51a5467a&amp;smart=true&amp;width=350&amp;height=197&amp;quality=85\" media=\"(min-width: 80px)\"\/><\/picture><\/div>\n<div class=\"sharebar-container display_flex sharebar-new\" style=\"opacity:1\">\n<p><span class=\"sharebar-article-date\">02 Sep, 2026 08:21 p. m. EST<\/span><\/p>\n<\/div>\n<p class=\"paragraph\" data-paragraph-number=\"1\">Despu\u00e9s de m\u00e1s de seis d\u00e9cadas de vigencia, un beneficio que garantizaba un ingreso de por vida a las m\u00e1ximas autoridades provinciales dej\u00f3 de existir en <b>Entre R\u00edos<\/b>. La Legislatura sancion\u00f3 este mi\u00e9rcoles una norma que alcanza, en primer t\u00e9rmino, a quienes impulsaron el proyecto desde la gobernaci\u00f3n.<\/p>\n<p class=\"paragraph\" data-paragraph-number=\"2\">La <b>C\u00e1mara de Diputados<\/b> de <b>Entre R\u00edos<\/b> dio sanci\u00f3n definitiva a la derogaci\u00f3n de la <b>Ley 4.506<\/b>, una norma que reg\u00eda desde 1965 y que establec\u00eda una <b>pensi\u00f3n vitalicia equivalente al 75% de la remuneraci\u00f3n<\/b> para quienes hubieran ocupado los cargos de gobernador o vicegobernador. La votaci\u00f3n se resolvi\u00f3 con <b>30 votos afirmativos y ning\u00fan voto en contra<\/b>, tras el tratamiento previo en ambas c\u00e1maras del Poder Legislativo provincial.<\/p>\n<p class=\"paragraph\" data-paragraph-number=\"3\">La iniciativa hab\u00eda sido enviada por el gobernador <b>Rogelio Frigerio<\/b> al inicio de su gesti\u00f3n, como parte de un conjunto de compromisos orientados a reducir los privilegios asociados al ejercicio de la funci\u00f3n p\u00fablica. Con la sanci\u00f3n de la nueva ley, tanto Frigerio como la vicegobernadora <b>Alicia Aluani<\/b> quedan directamente comprendidos por la medida: ser\u00e1n, seg\u00fan se inform\u00f3, el primer gobernador y la primera vicegobernadora en completar su mandato sin adquirir el derecho a cobrar el beneficio que hasta ahora contemplaba la norma derogada.<\/p>\n<p class=\"paragraph\" data-paragraph-number=\"4\">\u201cPusimos fin a m\u00e1s de 60 a\u00f1os de pensiones vitalicias para gobernadores y vicegobernadores. <b>Alicia Aluani<\/b> y yo vamos a ser los primeros alcanzados por esta decisi\u00f3n. Un compromiso m\u00e1s que asumimos y cumplimos\u201d, se\u00f1al\u00f3 <b>Frigerio<\/b> luego de la sanci\u00f3n, a trav\u00e9s de su cuenta de la red social X.<\/p>\n<div class=\"visual__image\"><picture><source srcset=\"https:\/\/www.infobae.com\/resizer\/v2\/BSWXC7XRIFASPK2SEVT3NMVCKA.png?auth=4c7d466ca756f89562a4a4681296862e94f2d76279383fa4be847691ceef2ca1&amp;smart=true&amp;width=992&amp;height=992&amp;quality=85\" media=\"(min-width: 1000px)\"\/><source srcset=\"https:\/\/www.infobae.com\/resizer\/v2\/BSWXC7XRIFASPK2SEVT3NMVCKA.png?auth=4c7d466ca756f89562a4a4681296862e94f2d76279383fa4be847691ceef2ca1&amp;smart=true&amp;width=768&amp;height=768&amp;quality=85\" media=\"(min-width: 768px)\"\/><source srcset=\"https:\/\/www.infobae.com\/resizer\/v2\/BSWXC7XRIFASPK2SEVT3NMVCKA.png?auth=4c7d466ca756f89562a4a4681296862e94f2d76279383fa4be847691ceef2ca1&amp;smart=true&amp;width=577&amp;height=577&amp;quality=85\" media=\"(min-width: 580px)\"\/><source srcset=\"https:\/\/www.infobae.com\/resizer\/v2\/BSWXC7XRIFASPK2SEVT3NMVCKA.png?auth=4c7d466ca756f89562a4a4681296862e94f2d76279383fa4be847691ceef2ca1&amp;smart=true&amp;width=420&amp;height=420&amp;quality=85\" media=\"(min-width: 350px)\"\/><source srcset=\"https:\/\/www.infobae.com\/resizer\/v2\/BSWXC7XRIFASPK2SEVT3NMVCKA.png?auth=4c7d466ca756f89562a4a4681296862e94f2d76279383fa4be847691ceef2ca1&amp;smart=true&amp;width=350&amp;height=350&amp;quality=85\" media=\"(min-width: 80px)\"\/><img alt=\"El tweet de Frigerio comunicando la derogaci\u00f3n de las jubilaciones de privilegio\" class=\"global-image\" decoding=\"async\" fetchpriority=\"low\" height=\"1080\" loading=\"lazy\" src=\"https:\/\/www.infobae.com\/resizer\/v2\/BSWXC7XRIFASPK2SEVT3NMVCKA.png?auth=4c7d466ca756f89562a4a4681296862e94f2d76279383fa4be847691ceef2ca1&amp;smart=true&amp;width=350&amp;height=350&amp;quality=85\" width=\"1080\"\/><\/picture><\/div>\n<p class=\"paragraph\" data-paragraph-number=\"5\">En esa misma publicaci\u00f3n, el mandatario provincial agreg\u00f3 una definici\u00f3n que sintetiza el sentido pol\u00edtico de la medida: \u201cDesde el primer d\u00eda venimos eliminando los privilegios de la pol\u00edtica y ordenando el Estado para ponerlo nuevamente al servicio de los entrerrianos\u201d. Y complet\u00f3: \u201cEstoy convencido de que, si queremos cambiar la forma de gobernar, el cambio tiene que empezar por quienes tenemos la responsabilidad de hacerlo\u201d.<\/p>\n<p class=\"paragraph\" data-paragraph-number=\"6\">La derogaci\u00f3n de la Ley 4.506 no es una medida aislada, sino que se inscribe en una agenda que el Gobierno de <b>Entre R\u00edos<\/b> puso en marcha desde diciembre de 2023. En ese per\u00edodo, la gesti\u00f3n provincial redujo pr\u00e1cticamente a la mitad los cargos pol\u00edticos y elimin\u00f3 un nivel completo de la estructura jer\u00e1rquica del Estado. A esas decisiones se sum\u00f3 el fin de los gastos reservados y distintas medidas vinculadas con los sobresueldos y la acumulaci\u00f3n de remuneraciones, adem\u00e1s de una reducci\u00f3n en las adscripciones de personal.<\/p>\n<p class=\"paragraph\" data-paragraph-number=\"7\">En paralelo, la provincia impuls\u00f3 herramientas para transparentar la n\u00f3mina estatal, los salarios y las declaraciones juradas de los funcionarios. El paquete de reformas incluy\u00f3 tambi\u00e9n la reforma pol\u00edtica y electoral, la implementaci\u00f3n de la <b>Boleta \u00danica de Papel<\/b> y la sanci\u00f3n de la <b>Ley de Transici\u00f3n de Gobierno<\/b>, junto con otras iniciativas orientadas a la \u00e9tica p\u00fablica y el acceso a la informaci\u00f3n.<\/p>\n<p class=\"paragraph\" data-paragraph-number=\"8\">Con la eliminaci\u00f3n de las pensiones vitalicias, la administraci\u00f3n de <b>Frigerio<\/b> consolid\u00f3 uno de los puntos centrales de la agenda que se plante\u00f3 al asumir la gobernaci\u00f3n. La norma deroga un r\u00e9gimen que llevaba 61 a\u00f1os de vigencia y establece, de manera expresa, que el ejercicio de los cargos de gobernador o vicegobernador ya no generar\u00e1 por s\u00ed mismo el derecho a una pensi\u00f3n vitalicia en la provincia de <b>Entre R\u00edos<\/b>.<\/p>\n<\/div>\n<p><script defer>try{!function(f,b,e,v,n,t,s) {if(f.fbq)return;n=f.fbq=function(){n.callMethod? n.callMethod.apply(n,arguments):n.queue.push(arguments)}; if(!f._fbq)f._fbq=n;n.push=n;n.loaded=!0;n.version='2.0'; n.queue=[];t=b.createElement(e);t.async=!0; t.src=v;s=b.getElementsByTagName(e)[0]; s.parentNode.insertBefore(t,s)}(window, document,'script', ' fbq('init', '336383993555320'); fbq('track', 'PageView'); fbq('track', 'ViewContent');}catch(error){console.log(\"Error al inicializar facebookPixelRawCodeScript:\",error);}<\/script><\/p>\n","protected":false},"excerpt":{"rendered":"<p>02 Sep, 2026 08:21 p. m. EST Despu\u00e9s de m\u00e1s de seis d\u00e9cadas de vigencia, un beneficio que garantizaba un ingreso de por vida a las m\u00e1ximas autoridades provinciales dej\u00f3 de existir en Entre R\u00edos. La Legislatura sancion\u00f3 este mi\u00e9rcoles una norma que alcanza, en primer t\u00e9rmino, a quienes impulsaron el proyecto desde la gobernaci\u00f3n. [&hellip;]<\/p>\n","protected":false},"author":1,"featured_media":24791,"comment_status":"open","ping_status":"open","sticky":false,"template":"","format":"standard","meta":{"footnotes":""},"categories":[1],"tags":[4,3],"class_list":["post-24790","post","type-post","status-publish","format-standard","has-post-thumbnail","hentry","category-uncategorized","tag-entre-rios","tag-rogelio-frigerio"],"_links":{"self":[{"href":"https:\/\/cliente1.publisher.highstack.com.ar\/index.php?rest_route=\/wp\/v2\/posts\/24790","targetHints":{"allow":["GET"]}}],"collection":[{"href":"https:\/\/cliente1.publisher.highstack.com.ar\/index.php?rest_route=\/wp\/v2\/posts"}],"about":[{"href":"https:\/\/cliente1.publisher.highstack.com.ar\/index.php?rest_route=\/wp\/v2\/types\/post"}],"author":[{"embeddable":true,"href":"https:\/\/cliente1.publisher.highstack.com.ar\/index.php?rest_route=\/wp\/v2\/users\/1"}],"replies":[{"embeddable":true,"href":"https:\/\/cliente1.publisher.highstack.com.ar\/index.php?rest_route=%2Fwp%2Fv2%2Fcomments&post=24790"}],"version-history":[{"count":0,"href":"https:\/\/cliente1.publisher.highstack.com.ar\/index.php?rest_route=\/wp\/v2\/posts\/24790\/revisions"}],"wp:featuredmedia":[{"embeddable":true,"href":"https:\/\/cliente1.publisher.highstack.com.ar\/index.php?rest_route=\/wp\/v2\/media\/24791"}],"wp:attachment":[{"href":"https:\/\/cliente1.publisher.highstack.com.ar\/index.php?rest_route=%2Fwp%2Fv2%2Fmedia&parent=24790"}],"wp:term":[{"taxonomy":"category","embeddable":true,"href":"https:\/\/cliente1.publisher.highstack.com.ar\/index.php?rest_route=%2Fwp%2Fv2%2Fcategories&post=24790"},{"taxonomy":"post_tag","embeddable":true,"href":"https:\/\/cliente1.publisher.highstack.com.ar\/index.php?rest_route=%2Fwp%2Fv2%2Ftags&post=24790"}],"curies":[{"name":"wp","href":"https:\/\/api.w.org\/{rel}","templated":true}]}}