{"id":24788,"date":"2026-09-02T21:41:07","date_gmt":"2026-09-03T00:41:07","guid":{"rendered":"https:\/\/cliente1.publisher.highstack.com.ar\/?p=24788"},"modified":"2026-09-02T21:41:07","modified_gmt":"2026-09-03T00:41:07","slug":"es-un-buen-momento-invertiran-us100-millones-para-reactivar-una-historica-planta-de-molienda-de-girasol","status":"publish","type":"post","link":"https:\/\/cliente1.publisher.highstack.com.ar\/?p=24788","title":{"rendered":"\u201cEs un buen momento\u201d: invertir\u00e1n US$100 millones para reactivar una hist\u00f3rica planta de molienda de girasol"},"content":{"rendered":"<div class=\"col-12\">\n<p class=\"com-paragraph --capital --s text-left\">Grupo <strong>Elementa <\/strong>avanz\u00f3 con la adquisici\u00f3n de activos industriales de <strong>Molinos R\u00edo de la Plata <\/strong>en el complejo<strong> Santa Clara, en Rosario, Santa Fe, y proyecta invertir US$100 millones<\/strong> para poner <strong>en valor las instalaciones y reactivar la planta de molienda<\/strong>. La operaci\u00f3n <strong>incluye el acopio de cereales y las plantas de molienda y refinaci\u00f3n<\/strong>, mientras que <strong>Molinos continuar\u00e1 siendo propietario y operador de la planta de envasado<\/strong>. Prev\u00e9n tomar <strong>la operaci\u00f3n de las instalaciones en noviembre pr\u00f3ximo. <\/strong> <\/p>\n<div class=\"ln-banner-container --no-app --caja1_mob\">\n<div id=\"caja1_mob\" class=\"ln-banner\" data-slot-group=\"nota\" data-device=\"mobile\" data-subscription=\"false\" data-ad-unit-path=\"\/133919216\/campo_mobile\/Nota\/caja1_mob\" data-targeting='{\"sitio\":\"lanacion\",\"seccion\":\"nota\"}' data-without-hide=\"true\" data-size=\"[[320,100],[300,250],[1,1],[300,450],[320,450]]\" data-sizemap=\"[]\" data-prebid-enabled=\"true\"><\/div>\n<\/div>\n<p class=\"com-paragraph --s text-left\">Seg\u00fan inform\u00f3 la compa\u00f1\u00eda,<strong> el proyecto apunta a llevar la capacidad de molienda<\/strong> a <strong>465.000 toneladas anuales<\/strong> y la de la refiner\u00eda de aceites a <strong>170.000 toneladas por a\u00f1o<\/strong>. Durante las obras se prev\u00e9 la generaci\u00f3n de m\u00e1s de <strong>120 empleos directos e indirectos<\/strong>, con la participaci\u00f3n de entre seis y siete empresas contratistas de la regi\u00f3n. Una vez en funcionamiento, el complejo mantendr\u00eda entre <strong>60 y 65 puestos de trabajo directo y calificado<\/strong>. <\/p>\n<div class=\"ln-banner-container --no-app --middle_1_dsk\">\n<div id=\"middle_1_dsk\" class=\"ln-banner\" data-slot-group=\"nota\" data-device=\"desktop\" data-subscription=\"true\" data-ad-unit-path=\"\/133919216\/campo_desktop\/Nota\/middle_1_dsk\" data-targeting='{\"sitio\":\"lanacion\",\"seccion\":\"nota\"}' data-without-hide=\"true\" data-size=\"[[1,1],[640,360],[640,480],[728,90]]\" data-sizemap=\"[]\" data-prebid-enabled=\"true\"><\/div>\n<\/div>\n<p class=\"com-paragraph --s text-left\"><strong>Gast\u00f3n Saint Paul, socio fundador y director comercial del Grupo Elementa<\/strong>, explic\u00f3 a <strong>LA NACION<\/strong> los motivos que llevaron al grupo a avanzar con la operaci\u00f3n. \u201cEntrar dentro de lo que es el proyecto de reactivaci\u00f3n de <strong>Santa Clara viene 100% alineado con un incentivo muy grande de verticalizaci\u00f3n del negocio, <\/strong>en donde el foco en la integraci\u00f3n de los negocios y en <strong>el valor agregado es prioritario dentro de la estrategia de expansi\u00f3n del Grupo Elementa<\/strong>. Eso hace que avancemos en toda la cadena de valor en proyectos que nos permitan tener cierto control de la cadena y <strong>participaci\u00f3n en los distintos eslabones, con el foco en integrarnos lo m\u00e1s cerca posible del productor y lo m\u00e1s cerca posible del consumidor\u201d<\/strong>, afirm\u00f3. <\/p>\n<p class=\"com-paragraph --s\">En ese esquema, Saint Paul puso el foco en el programa que el grupo viene desarrollando alrededor del girasol. \u201cPuntualmente, dentro de lo que es <strong>el Grupo Elementa hay un programa muy grande derivado de la cadena de valor del girasol,<\/strong> que tiene un objetivo transformador de la cadena girasolera,<strong> desde la gen\u00e9tica, el I+D y el contacto con el productor hasta los ingredientes que usan las compa\u00f1\u00edas de alimentos a base de girasol\u201d,<\/strong> se\u00f1al\u00f3.<\/p>\n<div class=\"ln-banner-container --no-app --caja2_mob\">\n<div id=\"caja2_mob\" class=\"ln-banner\" data-slot-group=\"nota\" data-device=\"mobile\" data-subscription=\"true\" data-ad-unit-path=\"\/133919216\/campo_mobile\/Nota\/caja2_mob\" data-targeting='{\"sitio\":\"lanacion\",\"seccion\":\"nota\"}' data-without-hide=\"true\" data-size=\"[[320,100],[300,250],[300,450],[1,1],[360,270],[320,180]]\" data-sizemap=\"[]\" data-prebid-enabled=\"true\"><\/div>\n<\/div>\n<div class=\"content-media\">\n<section role=\"button\" class=\"mod-media   \">\n<figure role=\"button\" tabindex=\"0\" class=\"mod-figure \">\n<div class=\"placeholder \">\n<div class=\"com-image\"><picture><source media=\"(min-width: 768px)\" srcset=\"https:\/\/www.lanacion.com.ar\/resizer\/v2\/gaston-saint-paul-socio-fundador-y-director-Z7PBWGO5DJEXRKXY6QLLFRP4UM.jpeg?auth=9a855e6038dab7049540288b070e3a8e8e79a0eadd5c0bee37776495ec8068bd&amp;width=780&amp;height=1040&amp;quality=70&amp;smart=true\"><\/source><img class=\"image com-image flex --cover\" decoding=\"async\" fetchpriority=\"low\" loading=\"lazy\" src=\"https:\/\/www.lanacion.com.ar\/resizer\/v2\/gaston-saint-paul-socio-fundador-y-director-Z7PBWGO5DJEXRKXY6QLLFRP4UM.jpeg?auth=9a855e6038dab7049540288b070e3a8e8e79a0eadd5c0bee37776495ec8068bd&amp;width=420&amp;height=560&amp;quality=70&amp;smart=true\" width=\"1086\" alt=\"Gast\u00f3n Saint Paul, socio fundador y director comercial del Grupo Elementa\" height=\"1448\"><\/picture><\/div>\n<\/div><figcaption class=\"mod-figcaption\"><span class=\"com-text --caption --twoxs\">Gast\u00f3n Saint Paul, socio fundador y director comercial del Grupo Elementa<\/span><span class=\"com-text --credit --twoxs\">Gentileza<\/span><\/figcaption><\/figure>\n<\/section>\n<\/div>\n<div class=\"ln-banner-container --no-app --middle_2_dsk\">\n<div id=\"middle_2_dsk\" class=\"ln-banner\" data-slot-group=\"nota\" data-device=\"desktop\" data-subscription=\"true\" data-ad-unit-path=\"\/133919216\/campo_desktop\/Nota\/middle_2_dsk\" data-targeting='{\"sitio\":\"lanacion\",\"seccion\":\"nota\"}' data-without-hide=\"true\" data-size=\"[[1,1],[728,90]]\" data-sizemap=\"[]\" data-prebid-enabled=\"true\"><\/div>\n<\/div>\n<p class=\"com-paragraph --s\">El ejecutivo agreg\u00f3 a que a esto se suma la<strong> escala del programa y del proyecto, que arranc\u00f3 hace un par de a\u00f1os con una firma llamada Eliantus,<\/strong> implica tener <strong>posici\u00f3n sobre activos estrat\u00e9gicos, como es Santa Clara<\/strong>, y de cierta escala, que permitan no depender del mercado ni ser autosuficientes en todo lo que es la generaci\u00f3n de materias primas y, l\u00f3gicamente,<strong> tener el control de industrias de cierto nivel de eficiencia que les permitan ser competitivos<\/strong>.<\/p>\n<div class=\"ln-banner-container --no-app --caja3_mob\">\n<div id=\"caja3_mob\" class=\"ln-banner\" data-slot-group=\"nota\" data-device=\"mobile\" data-subscription=\"false\" data-ad-unit-path=\"\/133919216\/campo_mobile\/Nota\/caja3_mob\" data-targeting='{\"sitio\":\"lanacion\",\"seccion\":\"nota\"}' data-without-hide=\"true\" data-size=\"[[320,100],[300,250],[1,1],[300,450],[360,270]]\" data-sizemap=\"[]\" data-prebid-enabled=\"true\"><\/div>\n<\/div>\n<div class=\"ln-banner-container --no-app --middle_2_tab\">\n<div id=\"middle_2_tab\" class=\"ln-banner\" data-slot-group=\"nota\" data-device=\"tablet\" data-subscription=\"false\" data-ad-unit-path=\"\/133919216\/campo_tablet\/Nota\/middle_2_tab\" data-targeting='{\"sitio\":\"lanacion\",\"seccion\":\"nota\"}' data-without-hide=\"true\" data-size=\"[[728,90],[640,480],[468,60],[1,1]]\" data-sizemap=\"[]\" data-prebid-enabled=\"true\"><\/div>\n<\/div>\n<p class=\"com-paragraph --s\">La compa\u00f1\u00eda indic\u00f3 que, como parte del acuerdo, <strong>Elementa y Molinos establecieron una relaci\u00f3n estrat\u00e9gica de largo plazo<\/strong> que contempla<strong> servicios de molienda de girasol, abastecimiento de aceite crudo de girasol y refinaci\u00f3n de aceites de girasol y soja, entre otras actividades<\/strong>. Molinos conservar\u00e1, en tanto, la propiedad y la operaci\u00f3n de la planta de envasado de Santa Clara.<\/p>\n<p class=\"com-paragraph --s\">\u201c<strong>Producto de la necesidad de integraci\u00f3n, es que Elementa entra en este proyecto de Santa Clara, enfocado en reactivar la molienda de girasol,<\/strong> que se desactiv\u00f3 en 2015. Este proyecto, l\u00f3gicamente, viene <strong>acompa\u00f1ado de una refiner\u00eda de aceites que est\u00e1 dentro del parque industrial de Santa Clara<\/strong>, de una red de acopios y capacidad instalada disponible para el manejo de granos y dem\u00e1s, que <strong>es parte de la misma cadena, que le da m\u00e1s sentido todav\u00eda a la integraci\u00f3n y que nos permite diferenciarnos de ciertos competidores\u201d,<\/strong> sostuvo Saint Paul.<\/p>\n<p class=\"com-paragraph --s\"><strong>Elementa ya tiene operaciones vinculadas con la producci\u00f3n, industrializaci\u00f3n y comercializaci\u00f3n de alimentos.<\/strong> Seg\u00fan la informaci\u00f3n de la empresa, el grupo est\u00e1 integrado por <strong>Elementa Foods, Puerto Arroyo Seco, Camilo Ferr\u00f3n Chile, Integrando Valores y Eliantus<\/strong>, tiene bases de operaci\u00f3n y\/o activos en seis pa\u00edses de Am\u00e9rica y canales comerciales y de distribuci\u00f3n en m\u00e1s de 25 pa\u00edses.<\/p>\n<div class=\"ln-banner-container --no-app --caja4_mob\">\n<div id=\"caja4_mob\" class=\"ln-banner\" data-slot-group=\"nota\" data-device=\"mobile\" data-subscription=\"false\" data-ad-unit-path=\"\/133919216\/campo_mobile\/Nota\/caja4_mob\" data-targeting='{\"sitio\":\"lanacion\",\"seccion\":\"nota\"}' data-without-hide=\"true\" data-size=\"[[320,100],[300,250],[1,1]]\" data-sizemap=\"[]\" data-prebid-enabled=\"true\"><\/div>\n<\/div>\n<p class=\"com-paragraph --s\">\u201c<strong>Parte del rol nuestro es trabajar en esa integraci\u00f3n y Santa Clara viene a cumplir un rol protag\u00f3nico dentro de lo que es la operaci\u00f3n industrial del Grupo Elementa<\/strong>\u201d, destac\u00f3.<\/p>\n<div class=\"content-media\">\n<section role=\"button\" class=\"mod-media   \">\n<figure role=\"button\" tabindex=\"0\" class=\"mod-figure \">\n<div class=\"placeholder \">\n<div class=\"com-image\"><picture><source media=\"(min-width: 768px)\" srcset=\"https:\/\/www.lanacion.com.ar\/resizer\/v2\/grupo-elementa-adquirio-a-molinos-rio-de-la-plata-OD4X2S2LR5CVDPT2XUN67J5JNA.jpeg?auth=4b2630a0c0be0f3917a3f8086ed8d2ef4ea437bf88ac8f33435ff4a76cf748f3&amp;width=780&amp;height=475&amp;quality=70&amp;smart=true\"><\/source><img class=\"image com-image flex --cover\" decoding=\"async\" fetchpriority=\"low\" loading=\"lazy\" src=\"https:\/\/www.lanacion.com.ar\/resizer\/v2\/grupo-elementa-adquirio-a-molinos-rio-de-la-plata-OD4X2S2LR5CVDPT2XUN67J5JNA.jpeg?auth=4b2630a0c0be0f3917a3f8086ed8d2ef4ea437bf88ac8f33435ff4a76cf748f3&amp;width=420&amp;height=255&amp;quality=70&amp;smart=true\" width=\"600\" alt=\"Grupo Elementa adquiri\u00f3 a Molinos R\u00edo de la Plata activos del complejo Santa Clara, en Rosario\" height=\"365\"><\/picture><\/div>\n<\/div><figcaption class=\"mod-figcaption\"><span class=\"com-text --caption --twoxs\">Grupo Elementa adquiri\u00f3 a Molinos R\u00edo de la Plata activos del complejo Santa Clara, en Rosario<\/span><span class=\"com-text --credit --twoxs\">Gentileza<\/span><\/figcaption><\/figure>\n<\/section>\n<\/div>\n<div class=\"ln-banner-container --no-app --caja6_mob\">\n<div id=\"caja6_mob\" class=\"ln-banner\" data-slot-group=\"nota\" data-device=\"mobile\" data-subscription=\"false\" data-ad-unit-path=\"\/133919216\/campo_mobile\/Nota\/caja6_mob\" data-targeting='{\"sitio\":\"lanacion\",\"seccion\":\"nota\"}' data-without-hide=\"true\" data-size=\"[[300,250],[230,50],[300,450],[1,1],[320,100]]\" data-sizemap=\"[]\" data-prebid-enabled=\"true\"><\/div>\n<\/div>\n<p class=\"com-paragraph --s\">Seg\u00fan dijo,<strong> Santa Clara, en su totalidad, desde la molienda hasta el refinado, viene a traer mucha eficiencia y sinergia al grupo<\/strong>, en donde permite ser eficientes en cada lugar, agregar valor sobre las materias primas m\u00e1s cerca del origen y replanificar toda la estrategia comercial del grupo. \u201c<strong>Fue un est\u00edmulo muy grande a la hora de tomar la decisi\u00f3n de avanzar: las sinergias que le tra\u00eda al grupo tener la operaci\u00f3n full de este complejo industrial<\/strong>\u201d, destac\u00f3.<\/p>\n<p class=\"com-paragraph --s\">El ejecutivo tambi\u00e9n se refiri\u00f3 al momento elegido para realizar la inversi\u00f3n. \u201c<strong>Es un buen momento hoy para invertir en todo lo que son derivados de girasol.<\/strong> Las perspectivas globales del mercado de girasol y<strong> las distintas estructuras de margen de la cadena hoy hacen mucho m\u00e1s atractivo<\/strong> participar activamente de la misma\u201d, dijo.<\/p>\n<div class=\"ln-banner-container --no-app --caja7_mob\">\n<div id=\"caja7_mob\" class=\"ln-banner\" data-slot-group=\"nota\" data-device=\"mobile\" data-subscription=\"true\" data-ad-unit-path=\"\/133919216\/campo_mobile\/Nota\/caja7_mob\" data-targeting='{\"sitio\":\"lanacion\",\"seccion\":\"nota\"}' data-without-hide=\"true\" data-size=\"[[300,250],[320,50],[300,450],[1,1],[320,100]]\" data-sizemap=\"[]\" data-prebid-enabled=\"true\"><\/div>\n<\/div>\n<p class=\"com-paragraph --s\">Uno de los objetivos es que la reactivaci\u00f3n permita aprovechar la pr\u00f3xima campa\u00f1a. <strong>\u201cEl proyecto de Santa Clara requiere de un tiempo aceptable de reactivaci\u00f3n<\/strong> y que nos permitir\u00eda <strong>en la campa\u00f1a pr\u00f3xima de girasol en la Argentina estar operativos<\/strong>, a diferencia de otros proyectos <em>greenfield<\/em>, que requieren bastante m\u00e1s tiempo de puesta en marcha y <strong>no permitir\u00edan capturar la estructura del mercado que nosotros estamos viendo y que entendemos se va a mantener por los pr\u00f3ximos dos a\u00f1os\u201d,<\/strong> afirm\u00f3.<\/p>\n<p class=\"com-paragraph --s\"><strong>La incorporaci\u00f3n de Santa Clara permitir\u00e1 a Elementa cuadruplicar su capacidad industrial<\/strong> y fortalecer su presencia en uno de los principales polos agroindustriales de la Argentina. \u201cTodo esto se traduce en <strong>sinergia, crecimiento en volumen en la regi\u00f3n, en abarcar mercados nuevos, en abastecer mejor a los distintos clientes que abastecemos<\/strong> en la regi\u00f3n y, por ende, en <strong>mejorar los m\u00e1rgenes y la eficiencia del negocio\u201d<\/strong>, concluy\u00f3.<\/p>\n<div class=\"ln-banner-container --no-app --caja5_mob\">\n<div id=\"caja5_mob\" class=\"ln-banner\" data-slot-group=\"nota\" data-device=\"mobile\" data-subscription=\"false\" data-ad-unit-path=\"\/133919216\/campo_mobile\/Nota\/caja5_mob\" data-targeting='{\"sitio\":\"lanacion\",\"seccion\":\"nota\"}' data-without-hide=\"true\" data-size='[[320,100],[300,250],[1,1],[\" fluid\"]]' data-sizemap=\"[]\" data-prebid-enabled=\"true\"><\/div>\n<\/div>\n<div data-fusion-lazy-id=\"f0fLHi7Wfcy22C4\"><\/div>\n<div class=\"ln-banner-container --no-app --middle_3_dsk\">\n<div id=\"middle_3_dsk\" class=\"ln-banner\" data-slot-group=\"nota\" data-device=\"desktop\" data-subscription=\"true\" data-ad-unit-path=\"\/133919216\/campo_desktop\/Nota\/middle_3_dsk\" data-targeting='{\"sitio\":\"lanacion\",\"seccion\":\"nota\"}' data-without-hide=\"true\" data-size=\"[[1,1],[728,90],[640,360],[728,360]]\" data-sizemap=\"[]\" data-prebid-enabled=\"true\"><\/div>\n<\/div>\n<\/div>\n","protected":false},"excerpt":{"rendered":"<p>Grupo Elementa avanz\u00f3 con la adquisici\u00f3n de activos industriales de Molinos R\u00edo de la Plata en el complejo Santa Clara, en Rosario, Santa Fe, y proyecta invertir US$100 millones para poner en valor las instalaciones y reactivar la planta de molienda. La operaci\u00f3n incluye el acopio de cereales y las plantas de molienda y refinaci\u00f3n, [&hellip;]<\/p>\n","protected":false},"author":1,"featured_media":24789,"comment_status":"open","ping_status":"open","sticky":false,"template":"","format":"standard","meta":{"footnotes":""},"categories":[1],"tags":[],"class_list":["post-24788","post","type-post","status-publish","format-standard","has-post-thumbnail","hentry","category-uncategorized"],"_links":{"self":[{"href":"https:\/\/cliente1.publisher.highstack.com.ar\/index.php?rest_route=\/wp\/v2\/posts\/24788","targetHints":{"allow":["GET"]}}],"collection":[{"href":"https:\/\/cliente1.publisher.highstack.com.ar\/index.php?rest_route=\/wp\/v2\/posts"}],"about":[{"href":"https:\/\/cliente1.publisher.highstack.com.ar\/index.php?rest_route=\/wp\/v2\/types\/post"}],"author":[{"embeddable":true,"href":"https:\/\/cliente1.publisher.highstack.com.ar\/index.php?rest_route=\/wp\/v2\/users\/1"}],"replies":[{"embeddable":true,"href":"https:\/\/cliente1.publisher.highstack.com.ar\/index.php?rest_route=%2Fwp%2Fv2%2Fcomments&post=24788"}],"version-history":[{"count":0,"href":"https:\/\/cliente1.publisher.highstack.com.ar\/index.php?rest_route=\/wp\/v2\/posts\/24788\/revisions"}],"wp:featuredmedia":[{"embeddable":true,"href":"https:\/\/cliente1.publisher.highstack.com.ar\/index.php?rest_route=\/wp\/v2\/media\/24789"}],"wp:attachment":[{"href":"https:\/\/cliente1.publisher.highstack.com.ar\/index.php?rest_route=%2Fwp%2Fv2%2Fmedia&parent=24788"}],"wp:term":[{"taxonomy":"category","embeddable":true,"href":"https:\/\/cliente1.publisher.highstack.com.ar\/index.php?rest_route=%2Fwp%2Fv2%2Fcategories&post=24788"},{"taxonomy":"post_tag","embeddable":true,"href":"https:\/\/cliente1.publisher.highstack.com.ar\/index.php?rest_route=%2Fwp%2Fv2%2Ftags&post=24788"}],"curies":[{"name":"wp","href":"https:\/\/api.w.org\/{rel}","templated":true}]}}