{"id":24780,"date":"2026-09-02T21:08:32","date_gmt":"2026-09-03T00:08:32","guid":{"rendered":"https:\/\/cliente1.publisher.highstack.com.ar\/?p=24780"},"modified":"2026-09-02T21:08:32","modified_gmt":"2026-09-03T00:08:32","slug":"hombre-ebrio-amenazo-a-sus-familiares-con-una-cuchilla-los-echo-de-la-casa-y-termino-detenido","status":"publish","type":"post","link":"https:\/\/cliente1.publisher.highstack.com.ar\/?p=24780","title":{"rendered":"Hombre ebrio amenaz\u00f3 a sus familiares con una cuchilla, los ech\u00f3 de la casa y termin\u00f3 detenido"},"content":{"rendered":"<p><\/p>\n<div>\n<p><i>Amenaz\u00f3 a sus familiares con una cuchilla y fue detenido.<\/i> Un hombre <b>amenaz\u00f3 a sus familiares con una cuchilla<\/b> y se atrincher\u00f3 dentro de una vivienda del barrio 98 Viviendas, en Paran\u00e1. El episodio de violencia familiar motiv\u00f3 un llamado al 911 y la intervenci\u00f3n policial. <\/p>\n<p><!-- is a <br \/>--><\/p>\n<p><!-- is a object --><br \/>\n<!-- embed start --><!-- embed end --><br \/>\n<!-- end object --><\/p>\n<p>Seg\u00fan se inform\u00f3, el sujeto se encontraba en estado de ebriedad y hab\u00eda expulsado a sus familiares del domicilio mientras permanec\u00eda armado en el interior. <\/p>\n<p><!-- is a <br \/>--><\/p>\n<p><!-- is a object --><br \/>\n<!-- embed start --><\/p>\n<figure class=\"embed\">\n<p>    <img decoding=\"async\" src=\"https:\/\/elonce-media.elonce.com\/fotos\/2026\/09\/02\/e_1788392679_3044.webp\" loading=\"lazy\" width=\"600\" height=\"400\" alt=\"\"\/><\/p>\n<\/figure>\n<p><!-- embed end --><br \/>\n<!-- end object --><\/p>\n<p><!-- is a object --><br \/>\n<!-- embed start --><!-- embed end --><br \/>\n<!-- end object --><\/p>\n<p>Con el consentimiento de los damnificados, los efectivos ingresaron a la propiedad, redujeron al hombre y secuestraron la cuchilla utilizada durante las amenazas. <\/p>\n<p><!-- is a <br \/>--><\/p>\n<p><!-- is a object --><br \/>\n<!-- embed start --><!-- embed end --><br \/>\n<!-- end object --><\/p>\n<p>\u00a0<\/p>\n<p><!-- is a <br \/>--><\/p>\n<p><!-- is a object --><\/p>\n<h2>Trasladado a la Alcaid\u00eda<\/h2>\n<p><!-- end object --><\/p>\n<p>\u00a0<\/p>\n<p><!-- is a <br \/>--><\/p>\n<p>La Fiscal\u00eda en turno fue informada sobre el procedimiento y dispuso la detenci\u00f3n del involucrado. Finalmente, el hombre fue trasladado a la Alcaid\u00eda de Tribunales, donde qued\u00f3 alojado a disposici\u00f3n de la Justicia mientras continuaron las actuaciones correspondientes. <\/p>\n<p><!-- is a <br \/>--><\/p>\n<p><!-- is a object --><br \/>\n<!-- embed start --><\/p>\n<figure class=\"embed\">\n<p>    <img decoding=\"async\" src=\"https:\/\/elonce-media.elonce.com\/fotos\/2026\/09\/02\/e_1788392679_83658.webp\" loading=\"lazy\" width=\"600\" height=\"400\" alt=\"\"\/><\/p>\n<\/figure>\n<p><!-- embed end --><br \/>\n<!-- end object --><\/p>\n<p><!-- is a object --><br \/>\n<!-- embed start --><!-- embed end --><br \/>\n<!-- end object --><\/p>\n<p><!-- is a object --><br \/>\n<!-- embed start --><!-- embed end --><br \/>\n<!-- end object --><\/p><\/div>\n","protected":false},"excerpt":{"rendered":"<p>Amenaz\u00f3 a sus familiares con una cuchilla y fue detenido. Un hombre amenaz\u00f3 a sus familiares con una cuchilla y se atrincher\u00f3 dentro de una vivienda del barrio 98 Viviendas, en Paran\u00e1. El episodio de violencia familiar motiv\u00f3 un llamado al 911 y la intervenci\u00f3n policial. Seg\u00fan se inform\u00f3, el sujeto se encontraba en estado [&hellip;]<\/p>\n","protected":false},"author":1,"featured_media":24781,"comment_status":"open","ping_status":"open","sticky":false,"template":"","format":"standard","meta":{"footnotes":""},"categories":[1],"tags":[],"class_list":["post-24780","post","type-post","status-publish","format-standard","has-post-thumbnail","hentry","category-uncategorized"],"_links":{"self":[{"href":"https:\/\/cliente1.publisher.highstack.com.ar\/index.php?rest_route=\/wp\/v2\/posts\/24780","targetHints":{"allow":["GET"]}}],"collection":[{"href":"https:\/\/cliente1.publisher.highstack.com.ar\/index.php?rest_route=\/wp\/v2\/posts"}],"about":[{"href":"https:\/\/cliente1.publisher.highstack.com.ar\/index.php?rest_route=\/wp\/v2\/types\/post"}],"author":[{"embeddable":true,"href":"https:\/\/cliente1.publisher.highstack.com.ar\/index.php?rest_route=\/wp\/v2\/users\/1"}],"replies":[{"embeddable":true,"href":"https:\/\/cliente1.publisher.highstack.com.ar\/index.php?rest_route=%2Fwp%2Fv2%2Fcomments&post=24780"}],"version-history":[{"count":0,"href":"https:\/\/cliente1.publisher.highstack.com.ar\/index.php?rest_route=\/wp\/v2\/posts\/24780\/revisions"}],"wp:featuredmedia":[{"embeddable":true,"href":"https:\/\/cliente1.publisher.highstack.com.ar\/index.php?rest_route=\/wp\/v2\/media\/24781"}],"wp:attachment":[{"href":"https:\/\/cliente1.publisher.highstack.com.ar\/index.php?rest_route=%2Fwp%2Fv2%2Fmedia&parent=24780"}],"wp:term":[{"taxonomy":"category","embeddable":true,"href":"https:\/\/cliente1.publisher.highstack.com.ar\/index.php?rest_route=%2Fwp%2Fv2%2Fcategories&post=24780"},{"taxonomy":"post_tag","embeddable":true,"href":"https:\/\/cliente1.publisher.highstack.com.ar\/index.php?rest_route=%2Fwp%2Fv2%2Ftags&post=24780"}],"curies":[{"name":"wp","href":"https:\/\/api.w.org\/{rel}","templated":true}]}}