{"id":24777,"date":"2026-09-02T20:55:33","date_gmt":"2026-09-02T23:55:33","guid":{"rendered":"https:\/\/cliente1.publisher.highstack.com.ar\/?p=24777"},"modified":"2026-09-02T20:55:33","modified_gmt":"2026-09-02T23:55:33","slug":"tras-el-reclamo-de-argentina-uruguay-reubicara-una-importante-planta-de-hidrogeno-verde","status":"publish","type":"post","link":"https:\/\/cliente1.publisher.highstack.com.ar\/?p=24777","title":{"rendered":"Tras el reclamo de Argentina, Uruguay reubicar\u00e1 una importante planta de hidr\u00f3geno verde"},"content":{"rendered":"<div class=\"article__content standard\" id=\"article-content\">\n<p>El Gobierno de <strong>Uruguay <\/strong>decidi\u00f3 <strong>reubicar la planta de hidr\u00f3geno verde<\/strong> que la empresa HIF Global proyectaba construir en el departamento de Paysand\u00fa, frente a la costa de Col\u00f3n, <strong>Entre R\u00edos.<\/strong> La decisi\u00f3n fue tomada por el presidente <strong>Yamand\u00fa Orsi<\/strong> luego de los cuestionamientos planteados por la Argentina y qued\u00f3 confirmada este mi\u00e9rcoles 2 durante un encuentro entre los cancilleres Mario Lubetkin y Pablo Quirno.<\/p>\n<div style=\"text-align:center\">\n<figure class=\"image\" style=\"display:inline-block\"><picture><source media=\"(max-width: 440px)\" srcset=\"https:\/\/fotos.perfil.com\/\/2026\/08\/06\/440\/0\/mario-lubetkin-05082026-2298646.jpg?webp\"><\/source><source media=\"(max-width: 1019px)\" srcset=\"https:\/\/fotos.perfil.com\/\/2026\/08\/06\/712\/0\/mario-lubetkin-05082026-2298646.jpg?webp\"><\/source><img decoding=\"async\" style=\"max-width: 100%; width: 100%;\" alt=\"Mario Lubetkin 05082026\" src=\"https:\/\/fotos.perfil.com\/\/2026\/08\/06\/900\/0\/mario-lubetkin-05082026-2298646.jpg?webp\" loading=\"lazy\"><\/picture><figcaption>Mario Lubetkin<\/figcaption><\/figure>\n<\/p><\/div>\n<p>\u201cEl presidente de la Rep\u00fablica nos dio <strong>instrucciones precisas para relocalizar esa planta<\/strong>\u201d, confirm\u00f3 Lubetkin al informar la decisi\u00f3n. El anuncio se produjo en Montevideo, en el marco de la <strong>agenda bilateral <\/strong>que ambos pa\u00edses mantuvieron durante la reuni\u00f3n de cancilleres del Mercosur.<\/p>\n<p>La definici\u00f3n uruguaya respondi\u00f3 a los reclamos de autoridades argentinas, especialmente de Entre R\u00edos y de la ciudad de Col\u00f3n, que hab\u00edan advertido sobre el impacto que pod\u00eda generar la ubicaci\u00f3n original del emprendimiento. Entre las objeciones se encontraba la denominada <strong>contaminaci\u00f3n visual, <\/strong>adem\u00e1s de la preocupaci\u00f3n por eventuales consecuencias sobre las <strong>actividades econ\u00f3micas y tur\u00edsticas<\/strong> de la zona.<\/p>\n<p>Desde la <strong>Canciller\u00eda argentina<\/strong> hab\u00edan seguido el proyecto de cerca durante los \u00faltimos meses. En mayo, Quirno hab\u00eda viajado a Montevideo acompa\u00f1ado por el gobernador <strong>Rogelio Frigerio<\/strong> y el intendente de Col\u00f3n, Jos\u00e9 Luis Walser, para plantear formalmente las inquietudes argentinas. En esa oportunidad, ambos gobiernos hab\u00edan acordado continuar analizando alternativas para la localizaci\u00f3n del emprendimiento.<\/p>\n<h2>Una inversi\u00f3n millonaria que seguir\u00e1 en Paysand\u00fa<\/h2>\n<p>La relocalizaci\u00f3n<strong> no implic\u00f3 que<\/strong> <strong>Uruguay<\/strong> <strong>desistiera <\/strong>del proyecto. La planta continuar\u00e1 dentro del departamento de Paysand\u00fa, aunque en una ubicaci\u00f3n <strong>m\u00e1s alejada de la frontera<\/strong> y de la costa argentina.<\/p>\n<p>El emprendimiento de HIF Global contempla una inversi\u00f3n estimada en <strong>US$5.385 millones<\/strong>, lo que lo convertir\u00eda en uno de los proyectos privados m\u00e1s importantes de la historia uruguaya. La iniciativa apunta a producir hidr\u00f3geno verde y utilizarlo junto con di\u00f3xido de carbono para elaborar combustibles sint\u00e9ticos destinados principalmente a la exportaci\u00f3n.<\/p>\n<p style=\"text-align:center\"><picture><source media=\"(max-width: 440px)\" srcset=\"https:\/\/fotos.perfil.com\/\/2025\/11\/05\/440\/0\/paysandu-y-colon-son-ciudades-separadas-por-el-rio-uruguay-2132176.jpg?webp\"><\/source><source media=\"(max-width: 1019px)\" srcset=\"https:\/\/fotos.perfil.com\/\/2025\/11\/05\/712\/0\/paysandu-y-colon-son-ciudades-separadas-por-el-rio-uruguay-2132176.jpg?webp\"><\/source><img decoding=\"async\" style=\"max-width: 100%; width: 100%;\" alt=\"Paysand\u00fa y Col\u00f3n son ciudades separadas por el r\u00edo Uruguay\" src=\"https:\/\/fotos.perfil.com\/\/2025\/11\/05\/900\/0\/paysandu-y-colon-son-ciudades-separadas-por-el-rio-uruguay-2132176.jpg?webp\" loading=\"lazy\"><\/picture><\/p>\n<p>El proyecto original contemplaba la instalaci\u00f3n de la planta a unos <strong>15 kil\u00f3metros de Paysand\u00fa<\/strong> y apenas tres kil\u00f3metros de la costa de Col\u00f3n. El complejo inclu\u00eda adem\u00e1s infraestructura para generaci\u00f3n de energ\u00eda solar y e\u00f3lica y una capacidad proyectada de hasta <strong>876.000 toneladas de metanol por a\u00f1o<\/strong>.<\/p>\n<p>La alternativa que se hab\u00eda comenzado a analizar contemplaba un predio perteneciente a ANCAP, la empresa estatal uruguaya de combustibles. Seg\u00fan informaci\u00f3n conocida durante las negociaciones, el terreno contaba con ventajas para el desarrollo industrial debido a su <strong>infraestructura<\/strong> y a su<strong> conexi\u00f3n con energ\u00eda, rutas y v\u00edas ferroviarias.<\/strong><\/p>\n<p>La decisi\u00f3n tambi\u00e9n permiti\u00f3 evitar que el conflicto derivara en una disputa diplom\u00e1tica de mayor alcance. El antecedente de <strong>Botnia<\/strong> hab\u00eda estado presente desde el comienzo de la controversia, debido a que aquella instalaci\u00f3n provoc\u00f3 durante a\u00f1os una<strong> fuerte confrontaci\u00f3n entre Argentina y Uruguay <\/strong>por su impacto ambiental sobre el r\u00edo Uruguay.<\/p>\n<p>En este caso, ambos gobiernos optaron por mantener abierto el di\u00e1logo para evitar una escalada. En noviembre de <strong>2025<\/strong>, las autoridades de ambos pa\u00edses ya hab\u00edan acordado <strong>intercambiar informaci\u00f3n<\/strong> sobre el proyecto y analizar sus posibles efectos sobre las poblaciones ribere\u00f1as.<\/p>\n<p>La controversia tambi\u00e9n hab\u00eda llegado a la <strong>Justicia argentina<\/strong>. Legisladores entrerrianos hab\u00edan presentado una demanda civil contra el Estado uruguayo y HIF Global para prevenir eventuales da\u00f1os ambientales vinculados con la instalaci\u00f3n del proyecto. El expediente avanz\u00f3 con <strong>medidas de prueba y<\/strong> <strong>pedidos de informaci\u00f3n <\/strong>sobre los posibles efectos de la planta.<\/p>\n<p>Con la decisi\u00f3n de Orsi, el foco qued\u00f3 puesto ahora en <strong>definir la nueva ubicaci\u00f3n<\/strong> y las condiciones bajo las cuales avanzar\u00e1 la inversi\u00f3n. Para Argentina, el traslado representa una respuesta al reclamo de las autoridades entrerrianas, mientras que para Uruguay permite preservar un proyecto considerado estrat\u00e9gico sin profundizar las tensiones con uno de sus principales socios regionales.<\/p>\n<\/p>\n<p><em>RG\/ML<\/em><\/p>\n<\/p><\/div>\n<p><\/p>\n","protected":false},"excerpt":{"rendered":"<p>        El presidente uruguayo, Yamand\u00fa Orsi, orden\u00f3 relocalizar el proyecto de HIF Global que estaba previsto frente a la costa de Entre R\u00edos. La decisi\u00f3n fue comunicada por el canciller Mario Lubetkin a Pablo Quirno y permiti\u00f3 descomprimir uno de los principales puntos de tensi\u00f3n entre ambos pa\u00edses.<\/p>\n","protected":false},"author":1,"featured_media":24779,"comment_status":"open","ping_status":"open","sticky":false,"template":"","format":"standard","meta":{"footnotes":""},"categories":[1],"tags":[4,3],"class_list":["post-24777","post","type-post","status-publish","format-standard","has-post-thumbnail","hentry","category-uncategorized","tag-entre-rios","tag-rogelio-frigerio"],"_links":{"self":[{"href":"https:\/\/cliente1.publisher.highstack.com.ar\/index.php?rest_route=\/wp\/v2\/posts\/24777","targetHints":{"allow":["GET"]}}],"collection":[{"href":"https:\/\/cliente1.publisher.highstack.com.ar\/index.php?rest_route=\/wp\/v2\/posts"}],"about":[{"href":"https:\/\/cliente1.publisher.highstack.com.ar\/index.php?rest_route=\/wp\/v2\/types\/post"}],"author":[{"embeddable":true,"href":"https:\/\/cliente1.publisher.highstack.com.ar\/index.php?rest_route=\/wp\/v2\/users\/1"}],"replies":[{"embeddable":true,"href":"https:\/\/cliente1.publisher.highstack.com.ar\/index.php?rest_route=%2Fwp%2Fv2%2Fcomments&post=24777"}],"version-history":[{"count":1,"href":"https:\/\/cliente1.publisher.highstack.com.ar\/index.php?rest_route=\/wp\/v2\/posts\/24777\/revisions"}],"predecessor-version":[{"id":24778,"href":"https:\/\/cliente1.publisher.highstack.com.ar\/index.php?rest_route=\/wp\/v2\/posts\/24777\/revisions\/24778"}],"wp:featuredmedia":[{"embeddable":true,"href":"https:\/\/cliente1.publisher.highstack.com.ar\/index.php?rest_route=\/wp\/v2\/media\/24779"}],"wp:attachment":[{"href":"https:\/\/cliente1.publisher.highstack.com.ar\/index.php?rest_route=%2Fwp%2Fv2%2Fmedia&parent=24777"}],"wp:term":[{"taxonomy":"category","embeddable":true,"href":"https:\/\/cliente1.publisher.highstack.com.ar\/index.php?rest_route=%2Fwp%2Fv2%2Fcategories&post=24777"},{"taxonomy":"post_tag","embeddable":true,"href":"https:\/\/cliente1.publisher.highstack.com.ar\/index.php?rest_route=%2Fwp%2Fv2%2Ftags&post=24777"}],"curies":[{"name":"wp","href":"https:\/\/api.w.org\/{rel}","templated":true}]}}