{"id":24773,"date":"2026-09-02T20:03:48","date_gmt":"2026-09-02T23:03:48","guid":{"rendered":"https:\/\/cliente1.publisher.highstack.com.ar\/?p=24773"},"modified":"2026-09-02T20:03:48","modified_gmt":"2026-09-02T23:03:48","slug":"el-sistema-de-salud-esta-quebrado-la-dura-advertencia-de-las-obras-sociales-provinciales","status":"publish","type":"post","link":"https:\/\/cliente1.publisher.highstack.com.ar\/?p=24773","title":{"rendered":"&#8220;El sistema de salud est\u00e1 quebrado&#8221;: la dura advertencia de las obras sociales provinciales"},"content":{"rendered":"<p> <br \/>\n<\/p>\n<div id=\"cuerpo\">\n<div class=\"sc-45461e9c-0 eqiBeF container-text text-embed \" id=\"element-body-0\">\n<p>Los representantes de las obras sociales de las provincias se reunieron este mi\u00e9rcoles en la ciudad de Buenos Aires para analizar las dificultades que afrontan para lograr financiamiento y coberturas en distintas especialidades y advirtieron que<strong> &#8220;el sistema de salud hoy est\u00e1 quebrado&#8221;.<\/strong><\/p>\n<\/div>\n<div class=\"sc-45461e9c-0 eqiBeF container-text text-embed \" id=\"element-body-1\">\n<p>Y eso ocurre &#8220;no solo con las obras sociales, sino que<strong> con las prepagas tambi\u00e9n&#8221;<\/strong>, se\u00f1al\u00f3 durante la reuni\u00f3n de la junta directiva del Consejo de Obras y Servicios Sociales Provinciales (Cosspra), el representante de la ciudad de Buenos Aires, <strong>Alejandro Amor.<\/strong><\/p>\n<\/div>\n<div class=\"sc-45461e9c-0 eqiBeF container-text text-embed \" id=\"element-body-2\">\n<p>En la reuni\u00f3n, que se realiz\u00f3 en un hotel de Monserrat, los referentes de las obras sociales de las 24 provincias analizaron la situaci\u00f3n actual del sector con miras al Quinto Congreso Nacional que realizaran<strong> a fines de octubre, en Puerto Iguaz\u00fa, Misiones<\/strong>.<\/p>\n<\/div>\n<div class=\"sc-45461e9c-0 eqiBeF container-text text-embed \" id=\"element-body-3\">\n<p>A modo de encuentro preparatorio para el Congreso previsto para el 28 y 29 de octubre, los directivos provinciales debatieron sobre cuestiones a resolver como las <strong>complicaciones para el financiamiento <\/strong>eficiente de las obras sociales, la cuesti\u00f3n de la discapacidad, tratamientos prolongados y <strong>enfermedades poco frecuentes<\/strong>.<\/p>\n<\/div>\n<div class=\"sc-45461e9c-0 eqiBeF container-text text-embed \" id=\"element-body-4\">\n<p>El presidente del Consejo, el mendocino <strong>Carlos Funes<\/strong> (de Osep) remarc\u00f3 que los representantes de las obras sociales provinciales que se reunieron este mi\u00e9rcoles eran <strong>&#8220;responsables de 7,2 millones de personas&#8221; <\/strong>afiliadas en todo el pa\u00eds a los distintos servicios de salud.<\/p>\n<\/div>\n<div class=\"sc-45461e9c-0 eqiBeF container-text text-embed \" id=\"element-body-5\">\n<p>En ese sentido, destac\u00f3 la relevancia del sector sanitario para las estrategias de desarrollo y sostuvo que en general <strong>&#8220;siempre se habla de la econom\u00eda<\/strong> y de la importancia de los sectores productivos pero no se habla de la salud&#8221; para salir adelante.<\/p>\n<\/div>\n<div class=\"sc-45461e9c-0 eqiBeF container-text text-embed \" id=\"element-body-6\">\n<p>El anfitri\u00f3n del encuentro, el porte\u00f1o<strong> Alejandro Amor<\/strong> (de Obsba) reclam\u00f3 a su vez &#8220;una <strong>decisi\u00f3n pol\u00edtica contundente<\/strong>&#8221; para mejorar la situaci\u00f3n actual del sector porque, alert\u00f3, <strong>&#8220;el sistema de salud hoy est\u00e1 quebrado<\/strong> y no s\u00f3lo las obras sociales, sino que afecta a las prepagas tambi\u00e9n\u00a8.<\/p>\n<\/div>\n<div class=\"sc-45461e9c-0 eqiBeF container-text text-embed \" id=\"element-body-7\">\n<p>Y, sostuvo que adem\u00e1s afrontan <strong>&#8220;un problema estructural de financiamiento&#8221;<\/strong> porque actualmente &#8220;los trabajadores del sector municipal de las distintas dependencias de la Ciudad no pasan a planta permanente&#8221;, con lo cual no llegan a afiliarse a las obras sociales que se ven impedidas de contar con el aporte de sus ingresos.<\/p>\n<\/div>\n<div class=\"sc-45461e9c-0 eqiBeF container-text text-embed \" id=\"element-body-8\">\n<p>El tema de la discapacidad tambi\u00e9n figur\u00f3 entre las preocupaciones de los directivos de las obras sociales y, en ese sentido, el vicepresidente del Consejo, el misionero<strong> Lisandro Benmaor<\/strong> (de IPS) llam\u00f3 a &#8220;hacer una hoja de ruta para <strong>que el Gobierno Nacional tome cartas<\/strong> en este asunto&#8221;.<\/p>\n<\/div>\n<div class=\"sc-45461e9c-0 eqiBeF container-text text-embed \" id=\"element-body-9\">\n<p>Ante ello, Amor apunt\u00f3 a la <strong>necesidad de &#8220;financiamiento nacional&#8221; <\/strong>en el tema y dijo que si bien est\u00e1 garantizado &#8220;el compromiso solidario de nuestra parte&#8221; no est\u00e1 claro &#8220;hasta donde alcanza el servicio de nuestra prestaci\u00f3n sin la ayuda del Gobierno&#8221;.<\/p>\n<\/div>\n<div class=\"sc-45461e9c-0 eqiBeF container-text text-embed \" id=\"element-body-10\">\n<p>El Consejo de Obras y Servicios Sociales Provinciales <strong>funciona con la adhesi\u00f3n de todas las provincias desde hace unos 40 a\u00f1os <\/strong>y es una instituci\u00f3n civil sin fines de lucro, que agrupa a todas las obras sociales que brindan cobertura en salud a m\u00e1s de siete millones de afiliados.<\/p>\n<\/div>\n<div class=\"sc-45461e9c-0 eqiBeF container-text text-embed \" id=\"element-body-11\">\n<p>Como sistemas solidarios de salud, las obras sociales funcionan con el aporte que hace cada trabajador del estado afiliado en relaci\u00f3n a su ingreso en distintos estamentos de la administraci\u00f3n p\u00fablica y buscan <strong>garantizar el acceso igualitario a la salud<\/strong> para este sector de los empleados p\u00fablicos que, seg\u00fan la Cosspra, representan el 16 % de la poblaci\u00f3n argentina.<\/p>\n<\/div>\n<div class=\"sc-45461e9c-0 eqiBeF container-text text-embed \" id=\"element-body-12\">\n<p>El consejo naci\u00f3 con un inter\u00e9s federal para vincular las obras sociales de las provincias y coordinar convenios de atenci\u00f3n rec\u00edprocos entre las cinco regiones que la integran: NOA, NEA, Centro, Cuyo y Sur.<\/p>\n<\/div>\n<p><h2>Cobertura de salud, prevenci\u00f3n y regulaci\u00f3n, los temas para el nuevo Congreso<\/h2>\n<\/p>\n<div class=\"sc-45461e9c-0 eqiBeF container-text text-embed \" id=\"element-body-14\">\n<p>En la reuni\u00f3n de este mi\u00e9rcoles, los directivos de las obras sociales comenzaron a dise\u00f1ar la agenda de actividades del Congreso de octubre y adelantaron que se centrar\u00e1 en los desaf\u00edos que atraviesan al sistema sanitario y a la seguridad social, con eje en la prevenci\u00f3n y la regulaci\u00f3n de las pol\u00edticas de salud a nivel federal.<\/p>\n<\/div>\n<div class=\"sc-98b114a2-0 bkqiHH image-embed  image-embed \" id=\"element-body-15\"><picture class=\"sc-98b114a2-1 jRUlDm\"><source media=\"(min-width: 975px)\" width=\"720\" height=\"480\" srcset=\"https:\/\/www.clarin.com\/img\/2026\/09\/02\/yfCZlwWlZ_720x0__1.jpg\"\/><img fetchpriority=\"high\" alt=\"Directivos del Consejo de Obras y Servicios Sociales Provinciales en su reuni\u00f3n en Buenos Aires\" loading=\"eager\" width=\"720\" height=\"480\" decoding=\"async\" data-nimg=\"1\" style=\"color:transparent\" src=\"https:\/\/www.clarin.com\/img\/2026\/09\/02\/yfCZlwWlZ_720x0__1.jpg\"\/><span class=\"epigraphe\" aria-hidden=\"true\">Directivos del Consejo de Obras y Servicios Sociales Provinciales en su reuni\u00f3n en Buenos Aires<\/span><span class=\"picture-open\"><button class=\"open-image\" aria-label=\"Open Image\"\/><\/span><\/picture><\/div>\n<div class=\"sc-45461e9c-0 eqiBeF container-text text-embed \" id=\"element-body-16\">\n<p>En ese marco, el mendocino Funes se\u00f1al\u00f3 que se dej\u00f3 el car\u00e1cter bianual del Congreso por la velocidad de los cambios que atraviesa el sector. Y, apunt\u00f3 que &#8220;dos a\u00f1os era mucho tiempo. <strong>Pasan tantas cosas que hay que tomar decisiones<\/strong> y el Congreso es un buen espacio para reunir a todas las partes&#8221;.<\/p>\n<\/div>\n<div class=\"sc-45461e9c-0 eqiBeF container-text text-embed \" id=\"element-body-17\">\n<p>Por eso, para el encuentro en Puerto Iguaz\u00fa planean armar mesas de debate sobre<strong> cobertura de salud, prevenci\u00f3n, sistemas de salud y aportes del futuro, regulaci\u00f3n y control, <\/strong>adem\u00e1s de un espacio espec\u00edfico para analizar la federalizaci\u00f3n de las pol\u00edticas sanitarias con participaci\u00f3n de ministros de Salud provinciales.<\/p>\n<\/div>\n<div class=\"sc-45461e9c-0 eqiBeF container-text text-embed \" id=\"element-body-18\">\n<p>Tambi\u00e9n tendr\u00e1n un lugar destacado la integraci\u00f3n del sistema y las estrategias para reducir la fragmentaci\u00f3n, junto con el an\u00e1lisis del financiamiento, el rol de los distintos actores y los posibles cambios en materia de aseguramiento.<\/p>\n<\/div>\n<div class=\"sc-45461e9c-0 eqiBeF container-text text-embed \" id=\"element-body-19\">\n<p>La prevenci\u00f3n ser\u00e1 otro de los ejes. Se abordar\u00e1n tanto las estrategias de prevenci\u00f3n primaria y secundaria como el seguimiento de enfermedades cr\u00f3nicas, entre ellas la diabetes, y la prevenci\u00f3n en personas mayores, con una mirada puesta tambi\u00e9n en la calidad de atenci\u00f3n y la sustentabilidad del sistema.<\/p>\n<\/div>\n<div class=\"sc-45461e9c-0 eqiBeF container-text text-embed \" id=\"element-body-20\">\n<p>El Congreso incorporar\u00e1, adem\u00e1s, una perspectiva internacional sobre regulaci\u00f3n y control de los sistemas sanitarios, a partir de la presentaci\u00f3n de un modelo de supervisi\u00f3n y utilizaci\u00f3n de datos para orientar la toma de decisiones.<\/p>\n<\/div>\n<div class=\"sc-45461e9c-0 eqiBeF container-text text-embed \" id=\"element-body-21\">\n<p>De la reuni\u00f3n, tambi\u00e9n participaron los representantes de las Obras Sociales Provinciales de los distintos rincones del pa\u00eds: Mart\u00edn Baccaro, por Salta; Miguel Arnaudo, por Chubut; Claudia Ortiz, por La Rioja; David Arias, por Jujuy; Ivanna Porro, por R\u00edo Negro; Fernando de Carlo, por Tierra del Fuego; Graciela Muratore, por Santiago del Estero; Graciela Barbosa, por Formosa; Rafael Meneses, por Chaco; la Dra. Cecilia Sarmiento, por San Juan; Juliana Gatica, por San Luis; Valeria Ovadilla, por Neuqu\u00e9n; Homero Giles y Nils Picca, por la provincia de Buenos Aires; Nolasco Salazar, por Santa Fe; Elena Hurtado, por Tucum\u00e1n; Leopoldo Marchetti, por Catamarca; Natalia Lucazevich, por Corrientes; Fabio Kulhawy, por La Pampa; Mariano Gallegos por Entre R\u00edos; y las autoridades de ObSBA, Eduardo Barrag\u00e1n, Christian Devia y Mart\u00edn Iba\u00f1ez.<\/p>\n<\/div>\n<\/div>\n","protected":false},"excerpt":{"rendered":"<p>Los representantes de las obras sociales de las provincias se reunieron este mi\u00e9rcoles en la ciudad de Buenos Aires para analizar las dificultades que afrontan para lograr financiamiento y coberturas en distintas especialidades y advirtieron que &#8220;el sistema de salud hoy est\u00e1 quebrado&#8221;. Y eso ocurre &#8220;no solo con las obras sociales, sino que con [&hellip;]<\/p>\n","protected":false},"author":1,"featured_media":24774,"comment_status":"open","ping_status":"open","sticky":false,"template":"","format":"standard","meta":{"footnotes":""},"categories":[1],"tags":[4],"class_list":["post-24773","post","type-post","status-publish","format-standard","has-post-thumbnail","hentry","category-uncategorized","tag-entre-rios"],"_links":{"self":[{"href":"https:\/\/cliente1.publisher.highstack.com.ar\/index.php?rest_route=\/wp\/v2\/posts\/24773","targetHints":{"allow":["GET"]}}],"collection":[{"href":"https:\/\/cliente1.publisher.highstack.com.ar\/index.php?rest_route=\/wp\/v2\/posts"}],"about":[{"href":"https:\/\/cliente1.publisher.highstack.com.ar\/index.php?rest_route=\/wp\/v2\/types\/post"}],"author":[{"embeddable":true,"href":"https:\/\/cliente1.publisher.highstack.com.ar\/index.php?rest_route=\/wp\/v2\/users\/1"}],"replies":[{"embeddable":true,"href":"https:\/\/cliente1.publisher.highstack.com.ar\/index.php?rest_route=%2Fwp%2Fv2%2Fcomments&post=24773"}],"version-history":[{"count":0,"href":"https:\/\/cliente1.publisher.highstack.com.ar\/index.php?rest_route=\/wp\/v2\/posts\/24773\/revisions"}],"wp:featuredmedia":[{"embeddable":true,"href":"https:\/\/cliente1.publisher.highstack.com.ar\/index.php?rest_route=\/wp\/v2\/media\/24774"}],"wp:attachment":[{"href":"https:\/\/cliente1.publisher.highstack.com.ar\/index.php?rest_route=%2Fwp%2Fv2%2Fmedia&parent=24773"}],"wp:term":[{"taxonomy":"category","embeddable":true,"href":"https:\/\/cliente1.publisher.highstack.com.ar\/index.php?rest_route=%2Fwp%2Fv2%2Fcategories&post=24773"},{"taxonomy":"post_tag","embeddable":true,"href":"https:\/\/cliente1.publisher.highstack.com.ar\/index.php?rest_route=%2Fwp%2Fv2%2Ftags&post=24773"}],"curies":[{"name":"wp","href":"https:\/\/api.w.org\/{rel}","templated":true}]}}