{"id":24767,"date":"2026-09-02T19:50:29","date_gmt":"2026-09-02T22:50:29","guid":{"rendered":"https:\/\/cliente1.publisher.highstack.com.ar\/?p=24767"},"modified":"2026-09-02T19:50:29","modified_gmt":"2026-09-02T22:50:29","slug":"autoridades-judiciales-de-la-region-centro-de-jufejus-se-reuniran-manana-en-parana","status":"publish","type":"post","link":"https:\/\/cliente1.publisher.highstack.com.ar\/?p=24767","title":{"rendered":"Autoridades judiciales de la Regi\u00f3n Centro de JUFEJUS se reunir\u00e1n ma\u00f1ana en Paran\u00e1"},"content":{"rendered":"<p><\/p>\n<div class=\"body-noticia clearfix text-formatted field field--name-body field--type-text-with-summary field--label-hidden field__item\">\n<p>El presidente del Superior Tribunal de Justicia de Entre R\u00edos (STJER), vocal Germ\u00e1n Carlomagno; el presidente de la Corte Suprema de Justicia de Santa Fe, Rafael Guti\u00e9rrez; y el presidente del Tribunal Superior de Justicia de C\u00f3rdoba, Domingo Sesin, integrantes de la Regi\u00f3n Centro de la Junta Federal de Cortes y Superiores Tribunales de Justicia de las provincias Argentinas y Ciudad Aut\u00f3noma de Buenos Aires (JUFEJUS), se reunir\u00e1n ma\u00f1ana en Paran\u00e1.<\/p>\n<p>Durante el encuentro del que participar\u00e1n integrantes de la Suprema Corte de Santa Fe y del Superior Tribunal de Justicia de Entre R\u00edos se tratar\u00e1n distintos temas vinculados con la administraci\u00f3n y gesti\u00f3n de parte de los poderes judiciales que integran la Regi\u00f3n Centro dentro de JUFEJUS.<\/p>\n<p>Se analizar\u00e1n iniciativas destinadas a fortalecer la cooperaci\u00f3n institucional y el intercambio de experiencias entre las jurisdicciones.\u00a0<\/p>\n<\/div>\n","protected":false},"excerpt":{"rendered":"<p>El presidente del Superior Tribunal de Justicia de Entre R\u00edos (STJER), vocal Germ\u00e1n Carlomagno; el presidente de la Corte Suprema de Justicia de Santa Fe, Rafael Guti\u00e9rrez; y el presidente del Tribunal Superior de Justicia de C\u00f3rdoba, Domingo Sesin, integrantes de la Regi\u00f3n Centro de la Junta Federal de Cortes y Superiores Tribunales de Justicia [&hellip;]<\/p>\n","protected":false},"author":1,"featured_media":24768,"comment_status":"open","ping_status":"open","sticky":false,"template":"","format":"standard","meta":{"footnotes":""},"categories":[1],"tags":[],"class_list":["post-24767","post","type-post","status-publish","format-standard","has-post-thumbnail","hentry","category-uncategorized"],"_links":{"self":[{"href":"https:\/\/cliente1.publisher.highstack.com.ar\/index.php?rest_route=\/wp\/v2\/posts\/24767","targetHints":{"allow":["GET"]}}],"collection":[{"href":"https:\/\/cliente1.publisher.highstack.com.ar\/index.php?rest_route=\/wp\/v2\/posts"}],"about":[{"href":"https:\/\/cliente1.publisher.highstack.com.ar\/index.php?rest_route=\/wp\/v2\/types\/post"}],"author":[{"embeddable":true,"href":"https:\/\/cliente1.publisher.highstack.com.ar\/index.php?rest_route=\/wp\/v2\/users\/1"}],"replies":[{"embeddable":true,"href":"https:\/\/cliente1.publisher.highstack.com.ar\/index.php?rest_route=%2Fwp%2Fv2%2Fcomments&post=24767"}],"version-history":[{"count":0,"href":"https:\/\/cliente1.publisher.highstack.com.ar\/index.php?rest_route=\/wp\/v2\/posts\/24767\/revisions"}],"wp:featuredmedia":[{"embeddable":true,"href":"https:\/\/cliente1.publisher.highstack.com.ar\/index.php?rest_route=\/wp\/v2\/media\/24768"}],"wp:attachment":[{"href":"https:\/\/cliente1.publisher.highstack.com.ar\/index.php?rest_route=%2Fwp%2Fv2%2Fmedia&parent=24767"}],"wp:term":[{"taxonomy":"category","embeddable":true,"href":"https:\/\/cliente1.publisher.highstack.com.ar\/index.php?rest_route=%2Fwp%2Fv2%2Fcategories&post=24767"},{"taxonomy":"post_tag","embeddable":true,"href":"https:\/\/cliente1.publisher.highstack.com.ar\/index.php?rest_route=%2Fwp%2Fv2%2Ftags&post=24767"}],"curies":[{"name":"wp","href":"https:\/\/api.w.org\/{rel}","templated":true}]}}