{"id":24765,"date":"2026-09-02T19:50:24","date_gmt":"2026-09-02T22:50:24","guid":{"rendered":"https:\/\/cliente1.publisher.highstack.com.ar\/?p=24765"},"modified":"2026-09-02T19:50:24","modified_gmt":"2026-09-02T22:50:24","slug":"tenia-79-anos-murio-un-reconocido-medico-que-trabajo-con-rene-favaloro-y-llevo-su-pasion-por-la-investigacion-al-campo","status":"publish","type":"post","link":"https:\/\/cliente1.publisher.highstack.com.ar\/?p=24765","title":{"rendered":"Ten\u00eda 79 a\u00f1os: Muri\u00f3 un reconocido m\u00e9dico que trabaj\u00f3 con Ren\u00e9 Favaloro y llev\u00f3 su pasi\u00f3n por la investigaci\u00f3n al campo"},"content":{"rendered":"<div class=\"col-12\">\n<div data-tw=\"true\" style=\"display:contents\">\n<div role=\"none\"><\/div>\n<\/div>\n<p class=\"com-paragraph --capital --s text-left\">Muri\u00f3 <strong>Roberto Octavio Rapela<\/strong>, <strong>m\u00e9dico cirujano, investigador y productor agropecuario<\/strong>, a los<strong> 79 a\u00f1os<\/strong> a ra\u00edz de <strong>un infarto<\/strong>. A lo <strong>largo de su vida construy\u00f3 una trayectoria que atraves\u00f3 la cirug\u00eda, la docencia m\u00e9dica, los laboratorios, la investigaci\u00f3n microbiol\u00f3gica, la producci\u00f3n agropecuaria. <\/strong>Trabaj\u00f3 con <strong>Ren\u00e9 Favaloro<\/strong> y en sus \u00faltimos a\u00f1os, se <strong>dedici\u00f3 al desarrollo de bioinsumos y el estudio de la vida de los suelos<\/strong>.<\/p>\n<div class=\"ln-banner-container --no-app --caja1_mob\">\n<div id=\"caja1_mob\" class=\"ln-banner\" data-slot-group=\"nota\" data-device=\"mobile\" data-subscription=\"false\" data-ad-unit-path=\"\/133919216\/campo_mobile\/Nota\/caja1_mob\" data-targeting='{\"sitio\":\"lanacion\",\"seccion\":\"nota\"}' data-without-hide=\"true\" data-size=\"[[320,100],[300,250],[1,1],[300,450],[320,450]]\" data-sizemap=\"[]\" data-prebid-enabled=\"true\"><\/div>\n<\/div>\n<p class=\"com-paragraph --s text-left\">Nacido el <strong>18 de diciembre de 1946<\/strong>, en <strong>General Pinto, provincia de Buenos Aires<\/strong>, Rapela hizo buena parte de su carrera profesional en la medicina y se hab\u00eda recibido de m\u00e9dico en la <strong>Universidad de Buenos Aires en 1971<\/strong>. Fue <strong>m\u00e9dico cirujano y docente del Hospital de Cl\u00ednicas<\/strong> y trabaj\u00f3 junto con <strong>Favaloro<\/strong>, una experiencia que<strong> terminar\u00eda teniendo una influencia decisiva en el camino que a\u00f1os m\u00e1s tarde lo acercar\u00eda a la investigaci\u00f3n<\/strong> aplicada a<strong> la producci\u00f3n agropecuaria.<\/strong> Su recorrido profesional da cuenta, adem\u00e1s, de una extensa actividad vinculada con los laboratorios y la investigaci\u00f3n. <\/p>\n<div class=\"ln-banner-container --no-app --middle_1_dsk\">\n<div id=\"middle_1_dsk\" class=\"ln-banner\" data-slot-group=\"nota\" data-device=\"desktop\" data-subscription=\"true\" data-ad-unit-path=\"\/133919216\/campo_desktop\/Nota\/middle_1_dsk\" data-targeting='{\"sitio\":\"lanacion\",\"seccion\":\"nota\"}' data-without-hide=\"true\" data-size=\"[[1,1],[640,360],[640,480],[728,90]]\" data-sizemap=\"[]\" data-prebid-enabled=\"true\"><\/div>\n<\/div>\n<p class=\"com-paragraph --s text-left\"><strong>Especialista en Cirug\u00eda General, desarroll\u00f3 durante d\u00e9cadas una intensa actividad asistencial, acad\u00e9mica y cient\u00edfica<\/strong>. Fue docente de la <strong>Facultad de Medicina de la UBA<\/strong> en el <strong>Hospital Cosme Argerich<\/strong>, donde se desempe\u00f1\u00f3 como ayudante, jefe de trabajos pr\u00e1cticos y docente adscripto, y public\u00f3 numerosos trabajos vinculados con<strong> cirug\u00eda gastrointestinal, pancre\u00e1tica y biliar,<\/strong> entre otras especialidades.<\/p>\n<p class=\"com-paragraph --s\">Tambi\u00e9n fue <strong>uno de los primeros profesionales del pa\u00eds en trabajar con cirug\u00eda laparosc\u00f3pica<\/strong>, especialmente en el <strong>Sanatorio G\u00fcemes<\/strong>, y mantuvo durante d\u00e9cadas su actividad m\u00e9dica. Su trayectoria cient\u00edfica recibi\u00f3, entre otras distinciones, el <strong>Premio Cosme Argerich<\/strong>, en 1979, y el premio anual de la <strong>Sociedad Argentina de Coloproctolog\u00eda<\/strong>, en 1988.<\/p>\n<div class=\"ln-banner-container --no-app --caja2_mob\">\n<div id=\"caja2_mob\" class=\"ln-banner\" data-slot-group=\"nota\" data-device=\"mobile\" data-subscription=\"true\" data-ad-unit-path=\"\/133919216\/campo_mobile\/Nota\/caja2_mob\" data-targeting='{\"sitio\":\"lanacion\",\"seccion\":\"nota\"}' data-without-hide=\"true\" data-size=\"[[320,100],[300,250],[300,450],[1,1],[360,270],[320,180]]\" data-sizemap=\"[]\" data-prebid-enabled=\"true\"><\/div>\n<\/div>\n<div class=\"content-media\">\n<section role=\"button\" class=\"mod-media   \">\n<figure role=\"button\" tabindex=\"0\" class=\"mod-figure \">\n<div class=\"placeholder \">\n<div class=\"com-image\"><picture><source media=\"(min-width: 768px)\" srcset=\"https:\/\/www.lanacion.com.ar\/resizer\/v2\/roberto-octavio-rapela-fue-medico-cirujano-NV7233ND3ZCOLBUOLOHGGCMOWI.jpg?auth=61771e4e20d4fddbc314dcbc6cb3bb8fddd849f15b1cf8d3975b305c3960ce36&amp;width=780&amp;height=481&amp;quality=70&amp;smart=true\"><\/source><img class=\"image com-image flex --cover\" decoding=\"async\" fetchpriority=\"low\" loading=\"lazy\" src=\"https:\/\/www.lanacion.com.ar\/resizer\/v2\/roberto-octavio-rapela-fue-medico-cirujano-NV7233ND3ZCOLBUOLOHGGCMOWI.jpg?auth=61771e4e20d4fddbc314dcbc6cb3bb8fddd849f15b1cf8d3975b305c3960ce36&amp;width=420&amp;height=259&amp;quality=70&amp;smart=true\" width=\"608\" alt=\"Roberto Octavio Rapela fue m\u00e9dico cirujano, investigador y productor agropecuario\" height=\"375\"><\/picture><\/div>\n<\/div><figcaption class=\"mod-figcaption\"><span class=\"com-text --caption --twoxs\">Roberto Octavio Rapela fue m\u00e9dico cirujano, investigador y productor agropecuario<\/span><\/figcaption><\/figure>\n<\/section>\n<\/div>\n<div class=\"ln-banner-container --no-app --middle_2_dsk\">\n<div id=\"middle_2_dsk\" class=\"ln-banner\" data-slot-group=\"nota\" data-device=\"desktop\" data-subscription=\"true\" data-ad-unit-path=\"\/133919216\/campo_desktop\/Nota\/middle_2_dsk\" data-targeting='{\"sitio\":\"lanacion\",\"seccion\":\"nota\"}' data-without-hide=\"true\" data-size=\"[[1,1],[728,90]]\" data-sizemap=\"[]\" data-prebid-enabled=\"true\"><\/div>\n<\/div>\n<p class=\"com-paragraph --s\">En <strong>1985<\/strong>, <strong>Favaloro lo envi\u00f3 a Pittsburgh, Estados Unidos, para capacitarse en trasplante hep\u00e1tico. <\/strong>All\u00ed Rapela entr\u00f3 en contacto con investigaciones sobre el uso de <strong>probi\u00f3ticos en seres humanos<\/strong> y <strong>con los problemas que provocaba la resistencia a los antibi\u00f3ticos en pacientes trasplantados.<\/strong> Ese viaje, que originalmente ten\u00eda <strong>un prop\u00f3sito estrictamente m\u00e9dico, <\/strong>termin\u00f3 cambiando el rumbo de una parte importante de su vida profesional. <\/p>\n<div class=\"ln-banner-container --no-app --caja3_mob\">\n<div id=\"caja3_mob\" class=\"ln-banner\" data-slot-group=\"nota\" data-device=\"mobile\" data-subscription=\"false\" data-ad-unit-path=\"\/133919216\/campo_mobile\/Nota\/caja3_mob\" data-targeting='{\"sitio\":\"lanacion\",\"seccion\":\"nota\"}' data-without-hide=\"true\" data-size=\"[[320,100],[300,250],[1,1],[300,450],[360,270]]\" data-sizemap=\"[]\" data-prebid-enabled=\"true\"><\/div>\n<\/div>\n<div class=\"ln-banner-container --no-app --middle_2_tab\">\n<div id=\"middle_2_tab\" class=\"ln-banner\" data-slot-group=\"nota\" data-device=\"tablet\" data-subscription=\"false\" data-ad-unit-path=\"\/133919216\/campo_tablet\/Nota\/middle_2_tab\" data-targeting='{\"sitio\":\"lanacion\",\"seccion\":\"nota\"}' data-without-hide=\"true\" data-size=\"[[728,90],[640,480],[468,60],[1,1]]\" data-sizemap=\"[]\" data-prebid-enabled=\"true\"><\/div>\n<\/div>\n<p class=\"com-paragraph --s\"><a href=\"https:\/\/www.lanacion.com.ar\/economia\/campo\/se-conoce-solo-el-15-es-cirujano-trabajo-con-rene-favaloro-y-explica-por-que-es-importante-estudiar-nid15032023\/\" target=\"_self\" title=\"https:\/\/www.lanacion.com.ar\/economia\/campo\/se-conoce-solo-el-15-es-cirujano-trabajo-con-rene-favaloro-y-explica-por-que-es-importante-estudiar-nid15032023\/\" class=\"com-link break-word\" data-mrf-recirculation=\"n_link_parrafo\">\u201c<strong>La investigaci\u00f3n me apasiona<\/strong>\u201d, hab\u00eda resumido Rapela en una entrevista con <strong>LA NACION<\/strong> publicada originalmente en marzo de 2023<\/a>.<strong> En Estados Unidos conoci\u00f3 el trabajo de un centro dedicado a microbiolog\u00eda y, al regresar al pa\u00eds, <\/strong>junto con un antiguo compa\u00f1ero del <strong>Hospital de Cl\u00ednicas<\/strong> comenz\u00f3 a observar las similitudes entre la <strong>microbiota intestinal y los microorganismos presentes en los suelos<\/strong>.<\/p>\n<p class=\"com-paragraph --s\">Aquella inquietud termin\u00f3 convirti\u00e9ndose en una de sus grandes obsesiones. \u201c<strong>Nos volvimos locos con este tema<\/strong>\u201d, cont\u00f3 entonces al recordar c\u00f3mo avanzaron las investigaciones. Su razonamiento part\u00eda de una idea sencilla: as\u00ed como el intestino humano depende de una enorme comunidad de microorganismos, <strong>el suelo tambi\u00e9n es un organismo vivo cuya actividad biol\u00f3gica determina buena parte de su funcionamiento<\/strong>.<\/p>\n<div class=\"content-media\">\n<section role=\"button\" class=\"mod-media   \">\n<figure role=\"button\" tabindex=\"0\" class=\"mod-figure \">\n<div class=\"placeholder \">\n<div class=\"com-image\"><picture><source media=\"(min-width: 768px)\" srcset=\"https:\/\/www.lanacion.com.ar\/resizer\/v2\/una-cromatografia-con-la-que-ven-y-miden-la-JMG3C6IGE5HKFNFNNDTXCVI4WU.png?auth=c77fe0c00160d5be97404005057b2eaa46c6fbee1325872736775c7bee90a2ad&amp;width=780&amp;height=520&amp;quality=70&amp;smart=true\"><\/source><img class=\"image com-image flex --cover\" decoding=\"async\" fetchpriority=\"low\" loading=\"lazy\" src=\"https:\/\/www.lanacion.com.ar\/resizer\/v2\/una-cromatografia-con-la-que-ven-y-miden-la-JMG3C6IGE5HKFNFNNDTXCVI4WU.png?auth=c77fe0c00160d5be97404005057b2eaa46c6fbee1325872736775c7bee90a2ad&amp;width=420&amp;height=280&amp;quality=70&amp;smart=true\" width=\"2000\" alt=\"Una cromatograf\u00eda con la que ven y miden la actividad biol\u00f3gica de los suelos\" height=\"1333\"><\/picture><\/div>\n<\/div><figcaption class=\"mod-figcaption\"><span class=\"com-text --caption --twoxs\">Una cromatograf\u00eda con la que ven y miden la actividad biol\u00f3gica de los suelos<\/span><\/figcaption><\/figure>\n<\/section>\n<\/div>\n<div class=\"ln-banner-container --no-app --caja4_mob\">\n<div id=\"caja4_mob\" class=\"ln-banner\" data-slot-group=\"nota\" data-device=\"mobile\" data-subscription=\"false\" data-ad-unit-path=\"\/133919216\/campo_mobile\/Nota\/caja4_mob\" data-targeting='{\"sitio\":\"lanacion\",\"seccion\":\"nota\"}' data-without-hide=\"true\" data-size=\"[[320,100],[300,250],[1,1]]\" data-sizemap=\"[]\" data-prebid-enabled=\"true\"><\/div>\n<\/div>\n<p class=\"com-paragraph --s\">Ese trabajo deriv\u00f3 en <strong>investigaciones <\/strong>sobre <strong>bioregeneraci\u00f3n de suelos<\/strong> y en el desarrollo de una <strong>tecnolog\u00eda patentada que combinaba diagn\u00f3stico satelital, an\u00e1lisis de los microrrelieves<\/strong>, cromatograf\u00eda de suelos y aplicaci\u00f3n de productos biol\u00f3gicos. Al frente de <strong>HMA4<\/strong>,<strong> Rapela profundiz\u00f3 ese camino y vincul\u00f3 definitivamente su experiencia cient\u00edfica con la producci\u00f3n agropecuaria<\/strong>. Todav\u00eda en 2025 figuraba como presidente de la compa\u00f1\u00eda.<\/p>\n<p class=\"com-paragraph --s\"><strong>Era productor agropecuario en Entre R\u00edos desde 1981.<\/strong> A trav\u00e9s de<strong> Alepar SA estuvo vinculado con tres establecimientos ganaderos en los departamentos de<\/strong> <strong>Federal y Federaci\u00f3n<\/strong>, que en conjunto sumaban unas <strong>4450 hect\u00e1reas<\/strong>. En uno de ellos, <strong>Santa Marta, desarrollaba cr\u00eda bovina con t\u00e9cnicas de producci\u00f3n org\u00e1nica.<\/strong> Esa experiencia productiva terminar\u00eda confluyendo a\u00f1os despu\u00e9s con su inter\u00e9s cient\u00edfico por los microorganismos, los suelos y los bioinsumos.<\/p>\n<div class=\"ln-banner-container --no-app --caja6_mob\">\n<div id=\"caja6_mob\" class=\"ln-banner\" data-slot-group=\"nota\" data-device=\"mobile\" data-subscription=\"false\" data-ad-unit-path=\"\/133919216\/campo_mobile\/Nota\/caja6_mob\" data-targeting='{\"sitio\":\"lanacion\",\"seccion\":\"nota\"}' data-without-hide=\"true\" data-size=\"[[300,250],[230,50],[300,450],[1,1],[320,100]]\" data-sizemap=\"[]\" data-prebid-enabled=\"true\"><\/div>\n<\/div>\n<p class=\"com-paragraph --s\">Tambi\u00e9n tuvo una extensa participaci\u00f3n institucional en actividades vinculadas con los alimentos y el agro. Fue miembro fundador y<strong> presidente de la C\u00e1mara de Certificadoras de Alimentos, Productos Org\u00e1nicos y Afines (Cacer)<\/strong>, vicepresidente de la <strong>C\u00e1mara Argentina de Laboratorios Independientes Bromatol\u00f3gicos y Afines (Caliba)<\/strong> y, a\u00f1os despu\u00e9s, <strong>miembro fundador y presidente de la C\u00e1mara Argentina de Bioinsumos (Cabio)<\/strong>. Su trayectoria acompa\u00f1\u00f3 as\u00ed buena parte del desarrollo de la producci\u00f3n org\u00e1nica, la certificaci\u00f3n de alimentos y, posteriormente, los productos biol\u00f3gicos en la Argentina.<\/p>\n<div class=\"content-media\">\n<section role=\"button\" class=\"mod-media   \">\n<figure role=\"button\" tabindex=\"0\" class=\"mod-figure \">\n<div class=\"placeholder \">\n<div class=\"com-image\"><picture><source media=\"(min-width: 768px)\" srcset=\"https:\/\/www.lanacion.com.ar\/resizer\/v2\/roberto-rapela-en-el-vi-congreso-de-P67L3SYI6JBAFOM3BSKDX3ROHA.jpg?auth=cd9fb212ce54681f9e7633aab160ec33f3a8db2faf3fcdcbacd0b04a420df1f7&amp;width=780&amp;height=585&amp;quality=70&amp;smart=true\"><\/source><img class=\"image com-image flex --cover\" decoding=\"async\" fetchpriority=\"low\" loading=\"lazy\" src=\"https:\/\/www.lanacion.com.ar\/resizer\/v2\/roberto-rapela-en-el-vi-congreso-de-P67L3SYI6JBAFOM3BSKDX3ROHA.jpg?auth=cd9fb212ce54681f9e7633aab160ec33f3a8db2faf3fcdcbacd0b04a420df1f7&amp;width=420&amp;height=315&amp;quality=70&amp;smart=true\" width=\"1080\" alt=\"Roberto Rapela en el VI Congreso de Fitopatolog\u00eda\" height=\"810\"><\/picture><\/div>\n<\/div><figcaption class=\"mod-figcaption\"><span class=\"com-text --caption --twoxs\">Roberto Rapela en el VI Congreso de Fitopatolog\u00eda<\/span><\/figcaption><\/figure>\n<\/section>\n<\/div>\n<div class=\"ln-banner-container --no-app --caja7_mob\">\n<div id=\"caja7_mob\" class=\"ln-banner\" data-slot-group=\"nota\" data-device=\"mobile\" data-subscription=\"true\" data-ad-unit-path=\"\/133919216\/campo_mobile\/Nota\/caja7_mob\" data-targeting='{\"sitio\":\"lanacion\",\"seccion\":\"nota\"}' data-without-hide=\"true\" data-size=\"[[300,250],[320,50],[300,450],[1,1],[320,100]]\" data-sizemap=\"[]\" data-prebid-enabled=\"true\"><\/div>\n<\/div>\n<p class=\"com-paragraph --s\">\u201cCabio comunica con profundo pesar el fallecimiento del Dr. Roberto Rapela, socio fundador y presidente honorario de nuestra c\u00e1mara. <strong>Despedimos a un profesional excepcional y, sobre todo, a un gran amigo que dej\u00f3 una huella imborrable en nuestra instituci\u00f3n. Gracias por tu inmenso legado y hasta siempre<\/strong>\u201d, indicaron desde la entidad.<\/p>\n<p class=\"com-paragraph --s\"><strong>Rapela estaba casado y ten\u00eda dos hijos, una mujer y un var\u00f3n.<\/strong> Su familia tambi\u00e9n estuvo estrechamente relacionada con distintos proyectos empresarios y agropecuarios que desarroll\u00f3 a lo largo de los a\u00f1os.<\/p>\n<div class=\"ln-banner-container --no-app --caja5_mob\">\n<div id=\"caja5_mob\" class=\"ln-banner\" data-slot-group=\"nota\" data-device=\"mobile\" data-subscription=\"false\" data-ad-unit-path=\"\/133919216\/campo_mobile\/Nota\/caja5_mob\" data-targeting='{\"sitio\":\"lanacion\",\"seccion\":\"nota\"}' data-without-hide=\"true\" data-size='[[320,100],[300,250],[1,1],[\" fluid\"]]' data-sizemap=\"[]\" data-prebid-enabled=\"true\"><\/div>\n<\/div>\n<div data-fusion-lazy-id=\"f0fLHi7Wfcy22C4\"><\/div>\n<div class=\"ln-banner-container --no-app --middle_3_dsk\">\n<div id=\"middle_3_dsk\" class=\"ln-banner\" data-slot-group=\"nota\" data-device=\"desktop\" data-subscription=\"true\" data-ad-unit-path=\"\/133919216\/campo_desktop\/Nota\/middle_3_dsk\" data-targeting='{\"sitio\":\"lanacion\",\"seccion\":\"nota\"}' data-without-hide=\"true\" data-size=\"[[1,1],[728,90],[640,360],[728,360]]\" data-sizemap=\"[]\" data-prebid-enabled=\"true\"><\/div>\n<\/div>\n<\/div>\n","protected":false},"excerpt":{"rendered":"<p>Muri\u00f3 Roberto Octavio Rapela, m\u00e9dico cirujano, investigador y productor agropecuario, a los 79 a\u00f1os a ra\u00edz de un infarto. A lo largo de su vida construy\u00f3 una trayectoria que atraves\u00f3 la cirug\u00eda, la docencia m\u00e9dica, los laboratorios, la investigaci\u00f3n microbiol\u00f3gica, la producci\u00f3n agropecuaria. Trabaj\u00f3 con Ren\u00e9 Favaloro y en sus \u00faltimos a\u00f1os, se dedici\u00f3 al [&hellip;]<\/p>\n","protected":false},"author":1,"featured_media":24766,"comment_status":"open","ping_status":"open","sticky":false,"template":"","format":"standard","meta":{"footnotes":""},"categories":[1],"tags":[],"class_list":["post-24765","post","type-post","status-publish","format-standard","has-post-thumbnail","hentry","category-uncategorized"],"_links":{"self":[{"href":"https:\/\/cliente1.publisher.highstack.com.ar\/index.php?rest_route=\/wp\/v2\/posts\/24765","targetHints":{"allow":["GET"]}}],"collection":[{"href":"https:\/\/cliente1.publisher.highstack.com.ar\/index.php?rest_route=\/wp\/v2\/posts"}],"about":[{"href":"https:\/\/cliente1.publisher.highstack.com.ar\/index.php?rest_route=\/wp\/v2\/types\/post"}],"author":[{"embeddable":true,"href":"https:\/\/cliente1.publisher.highstack.com.ar\/index.php?rest_route=\/wp\/v2\/users\/1"}],"replies":[{"embeddable":true,"href":"https:\/\/cliente1.publisher.highstack.com.ar\/index.php?rest_route=%2Fwp%2Fv2%2Fcomments&post=24765"}],"version-history":[{"count":0,"href":"https:\/\/cliente1.publisher.highstack.com.ar\/index.php?rest_route=\/wp\/v2\/posts\/24765\/revisions"}],"wp:featuredmedia":[{"embeddable":true,"href":"https:\/\/cliente1.publisher.highstack.com.ar\/index.php?rest_route=\/wp\/v2\/media\/24766"}],"wp:attachment":[{"href":"https:\/\/cliente1.publisher.highstack.com.ar\/index.php?rest_route=%2Fwp%2Fv2%2Fmedia&parent=24765"}],"wp:term":[{"taxonomy":"category","embeddable":true,"href":"https:\/\/cliente1.publisher.highstack.com.ar\/index.php?rest_route=%2Fwp%2Fv2%2Fcategories&post=24765"},{"taxonomy":"post_tag","embeddable":true,"href":"https:\/\/cliente1.publisher.highstack.com.ar\/index.php?rest_route=%2Fwp%2Fv2%2Ftags&post=24765"}],"curies":[{"name":"wp","href":"https:\/\/api.w.org\/{rel}","templated":true}]}}