{"id":24758,"date":"2026-09-02T18:44:03","date_gmt":"2026-09-02T21:44:03","guid":{"rendered":"https:\/\/cliente1.publisher.highstack.com.ar\/?p=24758"},"modified":"2026-09-02T18:44:03","modified_gmt":"2026-09-02T21:44:03","slug":"muerte-en-barrio-parana-xiv-hay-claros-indicios-de-muerte-violenta-y-la-identidad-del-fallecido","status":"publish","type":"post","link":"https:\/\/cliente1.publisher.highstack.com.ar\/?p=24758","title":{"rendered":"Muerte en barrio Paran\u00e1 XIV: hay \u201cclaros indicios de muerte violenta\u201d y la identidad del fallecido"},"content":{"rendered":"<p><\/p>\n<div>\n<p>La <b>muerte en barrio Paran\u00e1 XIV<\/b> qued\u00f3 bajo investigaci\u00f3n judicial luego de que un hombre de 61 a\u00f1os fuera encontrado sin vida este mi\u00e9rcoles en un departamento de la capital entrerriana. Con <b>el avance de las primeras actuaciones, fuentes policiales confirmaron a Elonce que el cuerpo presentaba \u201cclaros indicios de una muerte violenta\u201d.<\/b> <\/p>\n<p><!-- is a <br \/>--><\/p>\n<p><!-- is a object --><br \/>\n<!-- embed start --><!-- embed end --><br \/>\n<!-- end object --><\/p>\n<p>La v\u00edctima fue identificada como <b>Rodolfo Augusto Bassi<\/b>, de 61 a\u00f1os. El hombre fue hallado en un departamento de su propiedad ubicado en inmediaciones de calles Churruar\u00edn y Juan Manuel de Rosas, en barrio Paran\u00e1 XIV. Seg\u00fan se indic\u00f3, <b>estaba refaccionando el inmueble con la intenci\u00f3n de ponerlo en alquiler.<\/b> <\/p>\n<p><!-- is a <br \/>--><\/p>\n<p><!-- is a object --><br \/>\n<!-- embed start --><\/p>\n<figure class=\"embed\">\n<p>    <img decoding=\"async\" src=\"https:\/\/elonce-media.elonce.com\/fotos\/2026\/09\/02\/e_1788371724_60135.webp\" loading=\"lazy\" width=\"600\" height=\"400\" alt=\"\"\/><\/p>\n<\/figure>\n<p><!-- embed end --><br \/>\n<!-- end object --><\/p>\n<p>El hallazgo motiv\u00f3 un importante despliegue policial y la intervenci\u00f3n de efectivos de la Divisi\u00f3n Homicidios. En un primer momento, el episodio <b>hab\u00eda sido calificado como una \u201cmuerte dudosa\u201d, mientras se aguardaban las primeras evaluaciones realizadas en el lugar.<\/b> <\/p>\n<p><!-- is a <br \/>--><\/p>\n<p>\u00a0<\/p>\n<p><!-- is a <br \/>--><\/p>\n<p><!-- is a object --><\/p>\n<h2>Hab\u00edan denunciado su desaparici\u00f3n<\/h2>\n<p><!-- end object --><\/p>\n<p>\u00a0<\/p>\n<p><!-- is a <br \/>--><\/p>\n<p>Con el correr de las horas, la investigaci\u00f3n <b>incorpor\u00f3 otro dato relevante: familiares de Bassi hab\u00edan realizado previamente un pedido de localizaci\u00f3n ante la Comisar\u00eda Cuarta de Paran\u00e1<\/b>, debido a que buscaban conocer su paradero. <\/p>\n<p><!-- is a <br \/>--><\/p>\n<p><!-- is a object --><br \/>\n<!-- embed start --><\/p>\n<figure class=\"embed\">\n<p>    <img decoding=\"async\" src=\"https:\/\/elonce-media.elonce.com\/fotos\/2026\/09\/02\/e_1788371724_36517.webp\" loading=\"lazy\" width=\"600\" height=\"400\" alt=\"\"\/><\/p>\n<\/figure>\n<p><!-- embed end --><br \/>\n<!-- end object --><\/p>\n<p>Posteriormente, fuentes vinculadas <b>a las actuaciones indicaron que surgieron elementos que permitir\u00edan considerar que el fallecimiento se produjo en circunstancias violentas<\/b>. No obstante, por el momento no trascendieron precisiones sobre las lesiones detectadas ni sobre la mec\u00e1nica del hecho. <\/p>\n<p><!-- is a <br \/>--><\/p>\n<p>\u00a0<\/p>\n<p><!-- is a <br \/>--><\/p>\n<p>El fiscal <b>Juan Pereyra<\/b> qued\u00f3 a cargo de <b>la investigaci\u00f3n y trabaj\u00f3 en el lugar junto con personal especializado.<\/b> Familiares de la v\u00edctima tambi\u00e9n se acercaron al departamento mientras se desarrollaban las diferentes medidas ordenadas por la Justicia. <\/p>\n<p><!-- is a <br \/>--><\/p>\n<p><!-- is a object --><br \/>\n<!-- embed start --><\/p>\n<figure class=\"embed\">\n<p>    <img decoding=\"async\" src=\"https:\/\/elonce-media.elonce.com\/fotos\/2026\/09\/02\/e_1788384877_69401.webp\" loading=\"lazy\" width=\"600\" height=\"400\" alt=\"\"\/><\/p>\n<\/figure>\n<p><!-- embed end --><br \/>\n<!-- end object --><\/p>\n<p>\u00a0<\/p>\n<p><!-- is a <br \/>--><\/p>\n<p><!-- is a object --><\/p>\n<h2>Fuerte hermetismo sobre la investigaci\u00f3n<\/h2>\n<p><!-- end object --><\/p>\n<p>\u00a0<\/p>\n<p><!-- is a <br \/>--><\/p>\n<p>Desde la Polic\u00eda se\u00f1alaron a Elonce que la <b>\u201cinvestigaci\u00f3n se encuentra encaminada\u201d<\/b>, aunque evitaron brindar mayores detalles para no afectar las diligencias que continuaban desarroll\u00e1ndose durante la tarde. <\/p>\n<p><!-- is a <br \/>--><\/p>\n<p>\u00a0<\/p>\n<p><!-- is a <br \/>--><\/p>\n<p>En ese marco, los investigadores <b>procuraban reconstruir los \u00faltimos movimientos de Bassi y establecer qu\u00e9 ocurri\u00f3 dentro del inmueble. Las pericias realizadas en el departament<\/b>o y los dem\u00e1s elementos incorporados a la causa ser\u00e1n determinantes para avanzar sobre las circunstancias del fallecimiento. <\/p>\n<p><!-- is a <br \/>--><\/p>\n<p><!-- is a object --><br \/>\n<!-- embed start --><\/p>\n<figure class=\"embed\">\n<p>    <img decoding=\"async\" src=\"https:\/\/elonce-media.elonce.com\/fotos\/2026\/09\/02\/e_1788384877_80999.webp\" loading=\"lazy\" width=\"600\" height=\"400\" alt=\"\"\/><\/p>\n<\/figure>\n<p><!-- embed end --><br \/>\n<!-- end object --><\/p>\n<p>La investigaci\u00f3n se manten\u00eda bajo un fuerte hermetismo y se aguardaban los resultados de las medidas dispuestas por la Fiscal\u00eda. El objetivo ser\u00e1 precisar la causa de la muerte y establecer si existi\u00f3 participaci\u00f3n de terceras personas, ante los indicios de violencia detectados por los investigadores.<\/p>\n<\/p><\/div>\n","protected":false},"excerpt":{"rendered":"<p>La muerte en barrio Paran\u00e1 XIV qued\u00f3 bajo investigaci\u00f3n judicial luego de que un hombre de 61 a\u00f1os fuera encontrado sin vida este mi\u00e9rcoles en un departamento de la capital entrerriana. Con el avance de las primeras actuaciones, fuentes policiales confirmaron a Elonce que el cuerpo presentaba \u201cclaros indicios de una muerte violenta\u201d. La v\u00edctima [&hellip;]<\/p>\n","protected":false},"author":1,"featured_media":24759,"comment_status":"open","ping_status":"open","sticky":false,"template":"","format":"standard","meta":{"footnotes":""},"categories":[1],"tags":[],"class_list":["post-24758","post","type-post","status-publish","format-standard","has-post-thumbnail","hentry","category-uncategorized"],"_links":{"self":[{"href":"https:\/\/cliente1.publisher.highstack.com.ar\/index.php?rest_route=\/wp\/v2\/posts\/24758","targetHints":{"allow":["GET"]}}],"collection":[{"href":"https:\/\/cliente1.publisher.highstack.com.ar\/index.php?rest_route=\/wp\/v2\/posts"}],"about":[{"href":"https:\/\/cliente1.publisher.highstack.com.ar\/index.php?rest_route=\/wp\/v2\/types\/post"}],"author":[{"embeddable":true,"href":"https:\/\/cliente1.publisher.highstack.com.ar\/index.php?rest_route=\/wp\/v2\/users\/1"}],"replies":[{"embeddable":true,"href":"https:\/\/cliente1.publisher.highstack.com.ar\/index.php?rest_route=%2Fwp%2Fv2%2Fcomments&post=24758"}],"version-history":[{"count":0,"href":"https:\/\/cliente1.publisher.highstack.com.ar\/index.php?rest_route=\/wp\/v2\/posts\/24758\/revisions"}],"wp:featuredmedia":[{"embeddable":true,"href":"https:\/\/cliente1.publisher.highstack.com.ar\/index.php?rest_route=\/wp\/v2\/media\/24759"}],"wp:attachment":[{"href":"https:\/\/cliente1.publisher.highstack.com.ar\/index.php?rest_route=%2Fwp%2Fv2%2Fmedia&parent=24758"}],"wp:term":[{"taxonomy":"category","embeddable":true,"href":"https:\/\/cliente1.publisher.highstack.com.ar\/index.php?rest_route=%2Fwp%2Fv2%2Fcategories&post=24758"},{"taxonomy":"post_tag","embeddable":true,"href":"https:\/\/cliente1.publisher.highstack.com.ar\/index.php?rest_route=%2Fwp%2Fv2%2Ftags&post=24758"}],"curies":[{"name":"wp","href":"https:\/\/api.w.org\/{rel}","templated":true}]}}