{"id":24756,"date":"2026-09-02T18:40:32","date_gmt":"2026-09-02T21:40:32","guid":{"rendered":"https:\/\/cliente1.publisher.highstack.com.ar\/?p=24756"},"modified":"2026-09-02T18:40:32","modified_gmt":"2026-09-02T21:40:32","slug":"semana-angus-de-primavera-en-un-gran-momento-de-la-ganaderia-la-raza-lider-mostrara-la-genetica-que-impulsa-la-produccion-de-carne","status":"publish","type":"post","link":"https:\/\/cliente1.publisher.highstack.com.ar\/?p=24756","title":{"rendered":"Semana Angus de Primavera: en un gran momento de la ganader\u00eda, la raza l\u00edder mostrar\u00e1 la gen\u00e9tica que impulsa la producci\u00f3n de carne"},"content":{"rendered":"<div class=\"col-12\">\n<div data-tw=\"true\" style=\"display:contents\">\n<div role=\"none\"><\/div>\n<\/div>\n<p class=\"com-paragraph --capital --s\">En un escenario marcado por b<strong>uenos precios para la hacienda, una demanda internacional sostenida y expectativas favorables para la producci\u00f3n de carne,<\/strong> la raza <strong>Angus<\/strong> volver\u00e1 a convertirse en la <strong>gran vidriera de la gen\u00e9tica bovina argentina. <\/strong>Del 21 al 25 de septiembre pr\u00f3ximo se realizar\u00e1 la <strong>Semana Angus de Primavera <\/strong>edici\u00f3n Banco Provincia, un encuentro que reunir\u00e1 en el Centro de Remates y Exposiciones Angus de <strong>Ca\u00f1uelas <\/strong>a m\u00e1s de <strong>300 reproductores inscriptos de m\u00e1s de 50 expositores ganaderos.<\/strong><\/p>\n<div class=\"ln-banner-container --no-app --caja1_mob\">\n<div id=\"caja1_mob\" class=\"ln-banner\" data-slot-group=\"nota\" data-device=\"mobile\" data-subscription=\"false\" data-ad-unit-path=\"\/133919216\/campo_mobile\/Nota\/caja1_mob\" data-targeting='{\"sitio\":\"lanacion\",\"seccion\":\"nota\"}' data-without-hide=\"true\" data-size=\"[[320,100],[300,250],[1,1],[300,450],[320,450]]\" data-sizemap=\"[]\" data-prebid-enabled=\"true\"><\/div>\n<\/div>\n<p class=\"com-paragraph --s\">La presentaci\u00f3n oficial del evento se realiz\u00f3 en el edificio hist\u00f3rico del Banco Provincia y cont\u00f3 con la participaci\u00f3n de autoridades de la entidad financiera, de la Asociaci\u00f3n Argentina de Angus, de Exponenciar y del gobierno bonaerense.<\/p>\n<div class=\"ln-banner-container --no-app --middle_1_dsk\">\n<div id=\"middle_1_dsk\" class=\"ln-banner\" data-slot-group=\"nota\" data-device=\"desktop\" data-subscription=\"true\" data-ad-unit-path=\"\/133919216\/campo_desktop\/Nota\/middle_1_dsk\" data-targeting='{\"sitio\":\"lanacion\",\"seccion\":\"nota\"}' data-without-hide=\"true\" data-size=\"[[1,1],[640,360],[640,480],[728,90]]\" data-sizemap=\"[]\" data-prebid-enabled=\"true\"><\/div>\n<\/div>\n<p class=\"com-paragraph --s\">Seg\u00fan destacaron, durante cinco jornadas el predio ser\u00e1 sede de la<strong> 47\u00aa Exposici\u00f3n Nacional Angus de Primavera<\/strong> y la <strong>26\u00aa Exposici\u00f3n del Ternero Angus,<\/strong> con una agenda centrada en la <strong>gen\u00e9tica,<\/strong> la <strong>producci\u00f3n,<\/strong> los <strong>remates televisados <\/strong>y por streaming, los <strong>negocios y el intercambio entre productores y empresas.<\/strong><\/p>\n<p class=\"com-paragraph --s\">Para el presidente de la Asociaci\u00f3n Argentina de Angus, <strong>Amadeo Derito,<\/strong> este evento representa mucho m\u00e1s que una muestra de reproductores. \u201cLo que presentamos en esta exposici\u00f3n es <strong>toda la cadena de la carne vacuna <\/strong>porque en la pista va a estar la <strong>punta de la gen\u00e9tica, la gen\u00e9tica de pedigree,<\/strong> las <strong>caba\u00f1as<\/strong> que producen la mejor gen\u00e9tica Angus, pero tambi\u00e9n va a haber <strong>remates de siete consignatarias, donde se va a mostrar la otra punta de la gen\u00e9tica\u201d,<\/strong> afirm\u00f3.<\/p>\n<div class=\"ln-banner-container --no-app --caja2_mob\">\n<div id=\"caja2_mob\" class=\"ln-banner\" data-slot-group=\"nota\" data-device=\"mobile\" data-subscription=\"true\" data-ad-unit-path=\"\/133919216\/campo_mobile\/Nota\/caja2_mob\" data-targeting='{\"sitio\":\"lanacion\",\"seccion\":\"nota\"}' data-without-hide=\"true\" data-size=\"[[320,100],[300,250],[300,450],[1,1],[360,270],[320,180]]\" data-sizemap=\"[]\" data-prebid-enabled=\"true\"><\/div>\n<\/div>\n<div class=\"content-media\">\n<section role=\"button\" class=\"mod-media   \">\n<figure role=\"button\" tabindex=\"0\" class=\"mod-figure \">\n<div class=\"placeholder \">\n<div class=\"com-image\"><picture><source media=\"(min-width: 768px)\" srcset=\"https:\/\/www.lanacion.com.ar\/resizer\/v2\/en-el-lanzamiento-de-la-semana-angus-de-primavera-2RNM6KTSBBEXBH2RV5TNVO25VU.jpeg?auth=589dcbbdd0c15dca89bf88d0c373ce52ebe038904be7f106d2ac47ad512b98c9&amp;width=780&amp;height=585&amp;quality=70&amp;smart=true\"><\/source><img class=\"image com-image flex --cover\" decoding=\"async\" fetchpriority=\"low\" loading=\"lazy\" src=\"https:\/\/www.lanacion.com.ar\/resizer\/v2\/en-el-lanzamiento-de-la-semana-angus-de-primavera-2RNM6KTSBBEXBH2RV5TNVO25VU.jpeg?auth=589dcbbdd0c15dca89bf88d0c373ce52ebe038904be7f106d2ac47ad512b98c9&amp;width=420&amp;height=315&amp;quality=70&amp;smart=true\" width=\"1280\" alt=\"En el lanzamiento de la Semana Angus de Primavera, Derito, Cuattromo, Sea\u00edn y Schvartzman\" height=\"960\"><\/picture><\/div>\n<\/div><figcaption class=\"mod-figcaption\"><span class=\"com-text --caption --twoxs\">En el lanzamiento de la Semana Angus de Primavera, Derito, Cuattromo, Sea\u00edn y Schvartzman<\/span><\/figcaption><\/figure>\n<\/section>\n<\/div>\n<div class=\"ln-banner-container --no-app --middle_2_dsk\">\n<div id=\"middle_2_dsk\" class=\"ln-banner\" data-slot-group=\"nota\" data-device=\"desktop\" data-subscription=\"true\" data-ad-unit-path=\"\/133919216\/campo_desktop\/Nota\/middle_2_dsk\" data-targeting='{\"sitio\":\"lanacion\",\"seccion\":\"nota\"}' data-without-hide=\"true\" data-size=\"[[1,1],[728,90]]\" data-sizemap=\"[]\" data-prebid-enabled=\"true\"><\/div>\n<\/div>\n<p class=\"com-paragraph --s\">Seg\u00fan explic\u00f3, la gen\u00e9tica exhibida en las pistas termina impactando en toda la producci\u00f3n nacional. \u201cToda aquella <strong>gen\u00e9tica de pedigree<\/strong> que est\u00e1 en la pista <strong>se derrama al rodeo nacional <\/strong>y termina siendo <strong>esos terneros y esos novillos que se van a rematar en los streamings\u201d,<\/strong> se\u00f1al\u00f3.<\/p>\n<div class=\"ln-banner-container --no-app --caja3_mob\">\n<div id=\"caja3_mob\" class=\"ln-banner\" data-slot-group=\"nota\" data-device=\"mobile\" data-subscription=\"false\" data-ad-unit-path=\"\/133919216\/campo_mobile\/Nota\/caja3_mob\" data-targeting='{\"sitio\":\"lanacion\",\"seccion\":\"nota\"}' data-without-hide=\"true\" data-size=\"[[320,100],[300,250],[1,1],[300,450],[360,270]]\" data-sizemap=\"[]\" data-prebid-enabled=\"true\"><\/div>\n<\/div>\n<div class=\"ln-banner-container --no-app --middle_2_tab\">\n<div id=\"middle_2_tab\" class=\"ln-banner\" data-slot-group=\"nota\" data-device=\"tablet\" data-subscription=\"false\" data-ad-unit-path=\"\/133919216\/campo_tablet\/Nota\/middle_2_tab\" data-targeting='{\"sitio\":\"lanacion\",\"seccion\":\"nota\"}' data-without-hide=\"true\" data-size=\"[[728,90],[640,480],[468,60],[1,1]]\" data-sizemap=\"[]\" data-prebid-enabled=\"true\"><\/div>\n<\/div>\n<p class=\"com-paragraph --s\">Para Derito, esa diferencia gen\u00e9tica tambi\u00e9n explica buena parte del valor comercial de la hacienda. \u201cNo da todo lo mismo porque la buena gen\u00e9tica, en esos remates van a haber lotes que van a ser precio m\u00e1ximo. \u00bfY cu\u00e1l es la diferencia entre lo que hace precio m\u00e1ximo a precio m\u00ednimo? <strong>La calidad de la gen\u00e9tica, buena crianza, buen ternero\u201d, <\/strong>sostuvo.<\/p>\n<div class=\"content-media\">\n<section role=\"button\" class=\"mod-media   \">\n<figure role=\"button\" tabindex=\"0\" class=\"mod-figure \">\n<div class=\"placeholder \">\n<div class=\"com-image\"><picture><source media=\"(min-width: 768px)\" srcset=\"https:\/\/www.lanacion.com.ar\/resizer\/v2\/para-derito-la-diferencia-genetica-tambien-P354ZIJP4JHQJAPQYAEE7JMPZI.jpeg?auth=b35dc4840958071a5be68204f8ab12d65054d364f0b307dc90878cf140ce2a06&amp;width=780&amp;height=585&amp;quality=70&amp;smart=true\"><\/source><img class=\"image com-image flex --cover\" decoding=\"async\" fetchpriority=\"low\" loading=\"lazy\" src=\"https:\/\/www.lanacion.com.ar\/resizer\/v2\/para-derito-la-diferencia-genetica-tambien-P354ZIJP4JHQJAPQYAEE7JMPZI.jpeg?auth=b35dc4840958071a5be68204f8ab12d65054d364f0b307dc90878cf140ce2a06&amp;width=420&amp;height=315&amp;quality=70&amp;smart=true\" width=\"1280\" alt=\"Para Derito, la diferencia gen\u00e9tica tambi\u00e9n explica buena parte del valor comercial de la hacienda\" height=\"960\"><\/picture><\/div>\n<\/div><figcaption class=\"mod-figcaption\"><span class=\"com-text --caption --twoxs\">Para Derito, la diferencia gen\u00e9tica tambi\u00e9n explica buena parte del valor comercial de la hacienda<\/span><\/figcaption><\/figure>\n<\/section>\n<\/div>\n<p class=\"com-paragraph --s\">El dirigente tambi\u00e9n vincul\u00f3 esa mejora gen\u00e9tica con el <strong>desempe\u00f1o exportador de la carne argentina.<\/strong> \u201cCuando se exporta carne no todo vale lo mismo. <strong>La carne de m\u00e1s calidad es la que tiene mejor gen\u00e9tica\u201d,<\/strong> remarc\u00f3.<\/p>\n<div class=\"ln-banner-container --no-app --caja4_mob\">\n<div id=\"caja4_mob\" class=\"ln-banner\" data-slot-group=\"nota\" data-device=\"mobile\" data-subscription=\"false\" data-ad-unit-path=\"\/133919216\/campo_mobile\/Nota\/caja4_mob\" data-targeting='{\"sitio\":\"lanacion\",\"seccion\":\"nota\"}' data-without-hide=\"true\" data-size=\"[[320,100],[300,250],[1,1]]\" data-sizemap=\"[]\" data-prebid-enabled=\"true\"><\/div>\n<\/div>\n<p class=\"com-paragraph --s\">En ese contexto, consider\u00f3 que el escenario internacional abre una oportunidad para seguir creciendo. \u201cLa circunstancia internacional del valor de la demanda de carnes rojas en el mundo <strong>nos da una oportunidad para crecer en la calidad de los rodeos y para crecer en la producci\u00f3n de carne\u201d,<\/strong> indic\u00f3.<\/p>\n<p class=\"com-paragraph --s\">A su entender, el desaf\u00edo no pasa \u00fanicamente por incrementar el rodeo. <strong>\u201cNo solo es subir el stock, sino subir la eficiencia del stock, aumentar la producci\u00f3n de pasto; <\/strong>mucho ma\u00edz que a veces sale en un cami\u00f3n es mejor sacarlo caminando en cuatro tropas. Ah\u00ed vamos a conseguir un producto m\u00e1s elaborado\u201d, explic\u00f3.<\/p>\n<div class=\"ln-banner-container --no-app --caja6_mob\">\n<div id=\"caja6_mob\" class=\"ln-banner\" data-slot-group=\"nota\" data-device=\"mobile\" data-subscription=\"false\" data-ad-unit-path=\"\/133919216\/campo_mobile\/Nota\/caja6_mob\" data-targeting='{\"sitio\":\"lanacion\",\"seccion\":\"nota\"}' data-without-hide=\"true\" data-size=\"[[300,250],[230,50],[300,450],[1,1],[320,100]]\" data-sizemap=\"[]\" data-prebid-enabled=\"true\"><\/div>\n<\/div>\n<p class=\"com-paragraph --s\">Derito tambi\u00e9n destac\u00f3 el impacto econ\u00f3mico y social que tiene la actividad frigor\u00edfica.<strong> \u201cLa provincia de Buenos Aires est\u00e1 llena de frigor\u00edficos,<\/strong> y cuenten cu\u00e1nta gente entra en cada uno de los tres turnos. Entonces, los frigor\u00edficos son industria, generan mucha mano de obra y <strong>cada tonelada de carne exportada es una tonelada de trabajo argentino exportado\u201d,<\/strong> afirm\u00f3.<\/p>\n<p class=\"com-paragraph --s\">Por su parte, el presidente del <strong>Banco Provincia,<\/strong> <strong>Juan Cuattromo,<\/strong> se\u00f1al\u00f3 que el contexto actual resulta favorable para la actividad. \u201cSabemos que en este momento la <strong>ganader\u00eda est\u00e1 pasando un momento de condiciones favorables, de precios, de clima y eso obviamente empuja la producci\u00f3n del sector\u201d, <\/strong>dijo.<\/p>\n<div class=\"ln-banner-container --no-app --caja7_mob\">\n<div id=\"caja7_mob\" class=\"ln-banner\" data-slot-group=\"nota\" data-device=\"mobile\" data-subscription=\"true\" data-ad-unit-path=\"\/133919216\/campo_mobile\/Nota\/caja7_mob\" data-targeting='{\"sitio\":\"lanacion\",\"seccion\":\"nota\"}' data-without-hide=\"true\" data-size=\"[[300,250],[320,50],[300,450],[1,1],[320,100]]\" data-sizemap=\"[]\" data-prebid-enabled=\"true\"><\/div>\n<\/div>\n<div class=\"content-media\">\n<section role=\"button\" class=\"mod-media   \">\n<figure role=\"button\" tabindex=\"0\" class=\"mod-figure \">\n<div class=\"placeholder \">\n<div class=\"com-image\"><picture><source media=\"(min-width: 768px)\" srcset=\"https:\/\/www.lanacion.com.ar\/resizer\/v2\/vamos-a-tener-una-accion-especial-para-angus-de-FIRIWE567ZADTP2NJG7MSN3III.jpeg?auth=fc8bcc536ca73bd4cc73dd502e7717e7604419d33146ce27cd4f816d44a2249e&amp;width=780&amp;height=585&amp;quality=70&amp;smart=true\"><\/source><img class=\"image com-image flex --cover\" decoding=\"async\" fetchpriority=\"low\" loading=\"lazy\" src=\"https:\/\/www.lanacion.com.ar\/resizer\/v2\/vamos-a-tener-una-accion-especial-para-angus-de-FIRIWE567ZADTP2NJG7MSN3III.jpeg?auth=fc8bcc536ca73bd4cc73dd502e7717e7604419d33146ce27cd4f816d44a2249e&amp;width=420&amp;height=315&amp;quality=70&amp;smart=true\" width=\"1280\" alt=\"\u201cVamos a tener una acci\u00f3n especial para Angus de Primavera, el banco va a acompa\u00f1ar con una tasa promocional\u201d, anunci\u00f3 Cuattromo aunque sin dar detalles de las mismas\" height=\"960\"><\/picture><\/div>\n<\/div><figcaption class=\"mod-figcaption\"><span class=\"com-text --caption --twoxs\">\u201cVamos a tener una acci\u00f3n especial para Angus de Primavera, el banco va a acompa\u00f1ar con una tasa promocional\u201d, anunci\u00f3 Cuattromo aunque sin dar detalles de las mismas<\/span><\/figcaption><\/figure>\n<\/section>\n<\/div>\n<p class=\"com-paragraph --s\">Sin embargo, advirti\u00f3 que todav\u00eda <strong>persisten desaf\u00edos para consolidar ese crecimiento. <\/strong>\u201cLa ganader\u00eda tiene condiciones de exportaci\u00f3n, aunque despu\u00e9s obviamente hay que ver c\u00f3mo funciona la cuota, c\u00f3mo Estados Unidos aborda el d\u00e9ficit que tiene\u201d, expres\u00f3.<\/p>\n<div class=\"ln-banner-container --no-app --caja8_mob\">\n<div id=\"caja8_mob\" class=\"ln-banner\" data-slot-group=\"nota\" data-device=\"mobile\" data-subscription=\"true\" data-ad-unit-path=\"\/133919216\/campo_mobile\/Nota\/caja8_mob\" data-targeting='{\"sitio\":\"lanacion\",\"seccion\":\"nota\"}' data-without-hide=\"true\" data-size=\"[[300,250],[320,50],[300,450],[1,1],[320,100]]\" data-sizemap=\"[]\" data-prebid-enabled=\"true\"><\/div>\n<\/div>\n<p class=\"com-paragraph --s\">En materia financiera, confirm\u00f3 que la entidad acompa\u00f1ar\u00e1 la muestra con herramientas espec\u00edficas para el sector. \u201cVamos a tener una acci\u00f3n especial para Angus de Primavera, el banco va a acompa\u00f1ar con una tasa promocional\u201d, anunci\u00f3 aunque sin adelantar detalles.<\/p>\n<p class=\"com-paragraph --s\">Agreg\u00f3 que la prioridad de la entidad contin\u00faa siendo el financiamiento productivo. <strong>\u201cDe cada 100 pesos<\/strong> que todos los d\u00edas otorga este banco, <strong>85 van a sectores productivos. <\/strong>Es el n\u00facleo de nuestro trabajo\u201d, afirm\u00f3.<\/p>\n<div class=\"ln-banner-container --no-app --caja9_mob\">\n<div id=\"caja9_mob\" class=\"ln-banner\" data-slot-group=\"nota\" data-device=\"mobile\" data-subscription=\"true\" data-ad-unit-path=\"\/133919216\/campo_mobile\/Nota\/caja9_mob\" data-targeting='{\"sitio\":\"lanacion\",\"seccion\":\"nota\"}' data-without-hide=\"true\" data-size=\"[[300,250],[320,50],[300,450],[1,1],[320,100]]\" data-sizemap=\"[]\" data-prebid-enabled=\"true\"><\/div>\n<\/div>\n<p class=\"com-paragraph --s\">En representaci\u00f3n del gobierno bonaerense, la subsecretaria de Agricultura, Ganader\u00eda y Pesca,<strong> Carla Sea\u00edn,<\/strong> destac\u00f3 <strong>el peso que tiene la cadena c\u00e1rnica en la provincia. <\/strong>\u201cTenemos m\u00e1s de 100 frigor\u00edficos distribuidos en todo el territorio bonaerense, y eso muestra la importancia de agregar valor dentro de la provincia\u201d, indic\u00f3. Seg\u00fan record\u00f3, Buenos Aires explica el 51% de la faena bovina nacional, con siete millones de cabezas faenadas durante 2025.<\/p>\n<div class=\"content-media\">\n<section role=\"button\" class=\"mod-media   \">\n<figure role=\"button\" tabindex=\"0\" class=\"mod-figure \">\n<div class=\"placeholder \">\n<div class=\"com-image\"><picture><source media=\"(min-width: 768px)\" srcset=\"https:\/\/www.lanacion.com.ar\/resizer\/v2\/en-esta-exposicion-estara-toda-la-cadena-de-la-IRJD7PCVPVDITE2NBAX542PZZU.jpeg?auth=1ba4a872514d15d807a1078566e83928f14fc906b1cad2da070653827b30a5bf&amp;width=780&amp;height=491&amp;quality=70&amp;smart=true\"><\/source><img class=\"image com-image flex --cover\" decoding=\"async\" fetchpriority=\"low\" loading=\"lazy\" src=\"https:\/\/www.lanacion.com.ar\/resizer\/v2\/en-esta-exposicion-estara-toda-la-cadena-de-la-IRJD7PCVPVDITE2NBAX542PZZU.jpeg?auth=1ba4a872514d15d807a1078566e83928f14fc906b1cad2da070653827b30a5bf&amp;width=420&amp;height=264&amp;quality=70&amp;smart=true\" width=\"1280\" alt=\"\u201cEn esta exposici\u00f3n estar\u00e1 toda la cadena de la carne vacuna porque en la pista va a estar la punta de la gen\u00e9tica, con las caba\u00f1as que producen la mejor gen\u00e9tica Angus, pero tambi\u00e9n va a haber remates de siete consignatarias, donde se va a mostrar la otra punta de la gen\u00e9tica\u201d, afirm\u00f3 Derito\" height=\"805\"><\/picture><\/div>\n<\/div><figcaption class=\"mod-figcaption\"><span class=\"com-text --caption --twoxs\">\u201cEn esta exposici\u00f3n estar\u00e1 toda la cadena de la carne vacuna porque en la pista va a estar la punta de la gen\u00e9tica, con las caba\u00f1as que producen la mejor gen\u00e9tica Angus, pero tambi\u00e9n va a haber remates de siete consignatarias, donde se va a mostrar la otra punta de la gen\u00e9tica\u201d, afirm\u00f3 Derito<\/span><\/figcaption><\/figure>\n<\/section>\n<\/div>\n<p class=\"com-paragraph --s\">Adem\u00e1s, sostuvo que el eje pasa por fortalecer toda la cadena. \u201cEl desaf\u00edo es seguir <strong>mejorando la producci\u00f3n ganadera <\/strong>y lograr que toda esa potencialidad se traduzca en m\u00e1s valor, m\u00e1s trabajo y m\u00e1s producci\u00f3n dentro de la provincia de Buenos Aires\u201d, se\u00f1al\u00f3.<\/p>\n<p class=\"com-paragraph --s\">Por su parte, el CEO de Exponenciar, <strong>Mart\u00edn Schvartzman,<\/strong> destac\u00f3 el trabajo conjunto entre las instituciones organizadoras: \u201cTenemos como eje facilitar y generar encuentros, encuentros que generen evoluci\u00f3n, que generen experiencias y ese es el granito de arena que nosotros aportamos en esta alianza\u201d.<\/p>\n<p class=\"com-paragraph --s\"><strong>Schvartzman <\/strong>tambi\u00e9n adelant\u00f3 que <strong>BA Ferial,<\/strong> el nuevo predio bajo la gesti\u00f3n de Exponenciar, tendr\u00e1 el <strong>primer restaurante Angus Grill de la Argentina:<\/strong> \u201cEstamos muy contentos de poder avanzar con este proyecto. Gracias a Angus por permitirnos formar parte\u201d, concluy\u00f3.<\/p>\n<div class=\"ln-banner-container --no-app --caja5_mob\">\n<div id=\"caja5_mob\" class=\"ln-banner\" data-slot-group=\"nota\" data-device=\"mobile\" data-subscription=\"false\" data-ad-unit-path=\"\/133919216\/campo_mobile\/Nota\/caja5_mob\" data-targeting='{\"sitio\":\"lanacion\",\"seccion\":\"nota\"}' data-without-hide=\"true\" data-size='[[320,100],[300,250],[1,1],[\" fluid\"]]' data-sizemap=\"[]\" data-prebid-enabled=\"true\"><\/div>\n<\/div>\n<div data-fusion-lazy-id=\"f0fLHi7Wfcy22C4\"><\/div>\n<div class=\"ln-banner-container --no-app --middle_3_dsk\">\n<div id=\"middle_3_dsk\" class=\"ln-banner\" data-slot-group=\"nota\" data-device=\"desktop\" data-subscription=\"true\" data-ad-unit-path=\"\/133919216\/campo_desktop\/Nota\/middle_3_dsk\" data-targeting='{\"sitio\":\"lanacion\",\"seccion\":\"nota\"}' data-without-hide=\"true\" data-size=\"[[1,1],[728,90],[640,360],[728,360]]\" data-sizemap=\"[]\" data-prebid-enabled=\"true\"><\/div>\n<\/div>\n<\/div>\n","protected":false},"excerpt":{"rendered":"<p>En un escenario marcado por buenos precios para la hacienda, una demanda internacional sostenida y expectativas favorables para la producci\u00f3n de carne, la raza Angus volver\u00e1 a convertirse en la gran vidriera de la gen\u00e9tica bovina argentina. Del 21 al 25 de septiembre pr\u00f3ximo se realizar\u00e1 la Semana Angus de Primavera edici\u00f3n Banco Provincia, un [&hellip;]<\/p>\n","protected":false},"author":1,"featured_media":24757,"comment_status":"open","ping_status":"open","sticky":false,"template":"","format":"standard","meta":{"footnotes":""},"categories":[1],"tags":[],"class_list":["post-24756","post","type-post","status-publish","format-standard","has-post-thumbnail","hentry","category-uncategorized"],"_links":{"self":[{"href":"https:\/\/cliente1.publisher.highstack.com.ar\/index.php?rest_route=\/wp\/v2\/posts\/24756","targetHints":{"allow":["GET"]}}],"collection":[{"href":"https:\/\/cliente1.publisher.highstack.com.ar\/index.php?rest_route=\/wp\/v2\/posts"}],"about":[{"href":"https:\/\/cliente1.publisher.highstack.com.ar\/index.php?rest_route=\/wp\/v2\/types\/post"}],"author":[{"embeddable":true,"href":"https:\/\/cliente1.publisher.highstack.com.ar\/index.php?rest_route=\/wp\/v2\/users\/1"}],"replies":[{"embeddable":true,"href":"https:\/\/cliente1.publisher.highstack.com.ar\/index.php?rest_route=%2Fwp%2Fv2%2Fcomments&post=24756"}],"version-history":[{"count":0,"href":"https:\/\/cliente1.publisher.highstack.com.ar\/index.php?rest_route=\/wp\/v2\/posts\/24756\/revisions"}],"wp:featuredmedia":[{"embeddable":true,"href":"https:\/\/cliente1.publisher.highstack.com.ar\/index.php?rest_route=\/wp\/v2\/media\/24757"}],"wp:attachment":[{"href":"https:\/\/cliente1.publisher.highstack.com.ar\/index.php?rest_route=%2Fwp%2Fv2%2Fmedia&parent=24756"}],"wp:term":[{"taxonomy":"category","embeddable":true,"href":"https:\/\/cliente1.publisher.highstack.com.ar\/index.php?rest_route=%2Fwp%2Fv2%2Fcategories&post=24756"},{"taxonomy":"post_tag","embeddable":true,"href":"https:\/\/cliente1.publisher.highstack.com.ar\/index.php?rest_route=%2Fwp%2Fv2%2Ftags&post=24756"}],"curies":[{"name":"wp","href":"https:\/\/api.w.org\/{rel}","templated":true}]}}