{"id":24751,"date":"2026-09-02T18:13:42","date_gmt":"2026-09-02T21:13:42","guid":{"rendered":"https:\/\/cliente1.publisher.highstack.com.ar\/?p=24751"},"modified":"2026-09-02T18:13:44","modified_gmt":"2026-09-02T21:13:44","slug":"entre-rios-elimino-las-pensiones-vitalicias-para-gobernadores-y-vicegobernadores","status":"publish","type":"post","link":"https:\/\/cliente1.publisher.highstack.com.ar\/?p=24751","title":{"rendered":"Entre R\u00edos elimin\u00f3 las pensiones vitalicias para gobernadores y vicegobernadores"},"content":{"rendered":"<div>\t\t<!-- { REGION4 --> <\/p>\n<header class=\"news-headline\">\n<div class=\"news-headline__topics-and-date-wrapper\">    <span class=\"news-headline__publication-date\"> 2 de septiembre 2026 &#8211; 17:48<br \/>\n            <\/span><\/div>\n<h2 class=\"news-headline__article-summary\"\/>\n<p id=\"p-1788379002386-584\" class=\"ignore-parser\"> El proyecto fue impulsado por el gobernador Rogelio Frigerio y obtuvo 30 votos positivos y ninguno negativo en la C\u00e1mara de Diputados local. El sistema garantizaba un pago equivalente al 75% de la remuneraci\u00f3n correspondiente al cargo.<\/p>\n<\/header>\n<article class=\"article-body article-body--first-paragraph\" data-td-script-src=\"https:\/\/www.ambito.com\/td\/modulos\/encuestas\/js\/function-embeds-min-version-1788322023.js\">\n<p id=\"p-1788379003596-53011\" class=\"\">La C\u00e1mara de Diputados de Entre R\u00edos sancion\u00f3 definitivamente este mi\u00e9rcoles la ley impulsada por el gobernador <strong>Rogelio Frigerio<\/strong> que <strong>deroga el r\u00e9gimen de pensiones vitalicias para gobernadores y vicegobernadores<\/strong>, vigente desde 1965. La iniciativa fue aprobada por 30 votos afirmativos y ninguno negativo.<\/p>\n<\/article>\n<section class=\"suscription-false printed-edition\" style=\"display:none\">\n<p> El contenido al que quiere acceder es exclusivo para suscriptores.<\/p>\n<p>  <span> <button type=\"button\" name=\"button\" class=\"subscribe-btn mercadopago-btn\">suscribirse<\/button><\/span>  <span class=\"btns\"><button type=\"button\" name=\"button\" class=\"subscribe-btn reload-login\"> ya estoy suscripto<\/button><\/span>  <\/p>\n<\/section>\n<article class=\"article-body article-body--second-paragraph\">\n<p id=\"p-1788379003596-27203\" class=\"\">La norma pone fin a m\u00e1s de seis d\u00e9cadas de un r\u00e9gimen establecido por la Ley 4.506, que otorgaba a quienes hubieran ejercido la Gobernaci\u00f3n o la Vicegobernaci\u00f3n una <strong>pensi\u00f3n equivalente al 75% de la remuneraci\u00f3n correspondiente al cargo.<\/strong><\/p>\n<\/article>\n<article class=\"article-body article-body--third-paragraph\">\n<h2 id=\"p-1788379172648-19445\"> <strong>Rogelio Frigerio celebr\u00f3 la aprobaci\u00f3n<\/strong><\/h2>\n<p id=\"p-1788379003596-36177\" class=\"\">Frigerio hab\u00eda enviado el proyecto a la Legislatura al comienzo de su gesti\u00f3n, como parte de una agenda orientada a reducir los privilegios asociados a la funci\u00f3n p\u00fablica y avanzar hacia una administraci\u00f3n m\u00e1s austera y transparente.<\/p>\n<\/article>\n<article class=\"article-body article-body--fourth-paragraph\">\n<p id=\"p-1788379003596-25200\" class=\"\">\u201cPusimos fin a m\u00e1s de 60 a\u00f1os de pensiones vitalicias para gobernadores y vicegobernadores. Alicia Aluani y yo vamos a ser los primeros alcanzados por esta decisi\u00f3n. Un compromiso m\u00e1s que asumimos y cumplimos\u201d, afirm\u00f3 el mandatario despu\u00e9s de la sanci\u00f3n.<\/p>\n<\/article>\n<article class=\"article-body article-body--fifth-paragraph\">\n<p id=\"p-1788379003596-43602\" class=\"\">La derogaci\u00f3n tendr\u00e1 un efecto inmediato sobre las actuales autoridades provinciales: tanto Frigevitalicia rio como la vicegobernadora <strong>Alicia Aluani<\/strong> ser\u00e1n los primeros mandatarios entrerrianos que finalizar\u00e1n sus funciones sin adquirir el derecho a una pensi\u00f3n por haber ocupado esos cargos.<\/p>\n<\/article>\n<article class=\"article-body article-body--remaining-paragraph\">\n<div contenteditable=\"false\" class=\"embed_cont type_freetext\" rel=\"freetext\" id=\"embed3381_wrap\" data-provider=\"Twitter\">\n<div id=\"embed3381_content\" class=\"embed_content\">\n<div id=\"embed3381_embed\">\n<blockquote data-td-script-src=\"https:\/\/platform.x.com\/widgets.js\" class=\"twitter-tweet\">\n<p id=\"p-1788379274435-43504\" dir=\"ltr\" lang=\"es\">SE TERMINARON POR LEY LAS JUBILACIONES DE PRIVILEGIO EN ENTRE R\u00cdOS<\/p>\n<p>Pusimos fin a m\u00e1s de 60 a\u00f1os de pensiones vitalicias para gobernadores y vicegobernadores. <a href=\"https:\/\/x.com\/AliciaAluani?ref_src=twsrc%5Etfw\">@AliciaAluani<\/a> y yo vamos a ser los primeros alcanzados por esta decisi\u00f3n. Un compromiso m\u00e1s que asumimos y cumplimos.\u2026<\/p>\n<p> \u2014 Rogelio Frigerio (@frigeriorogelio) <a href=\"https:\/\/x.com\/frigeriorogelio\/status\/2095190846521880952?ref_src=twsrc%5Etfw\">September 2, 2026<\/a><\/p><\/blockquote>\n<\/div><\/div>\n<\/p><\/div>\n<p id=\"p-1788379003596-61924\" class=\"\">\u201cDesde el primer d\u00eda venimos eliminando los privilegios de la pol\u00edtica y ordenando el Estado para ponerlo nuevamente al servicio de los entrerrianos\u201d, sostuvo Frigerio. Y agreg\u00f3: <strong>\u201cEstoy convencido de que, si queremos cambiar la forma de gobernar, el cambio tiene que empezar por quienes tenemos la responsabilidad de hacerlo\u201d.<\/strong><\/p>\n<p id=\"p-1788379003596-79815\" class=\"\">La eliminaci\u00f3n del beneficio se suma a otras medidas implementadas por la administraci\u00f3n provincial desde diciembre de 2023. Seg\u00fan el Gobierno entrerriano, durante la gesti\u00f3n se redujo pr\u00e1cticamente a la mitad la cantidad de cargos pol\u00edticos y se elimin\u00f3 un nivel completo de la estructura jer\u00e1rquica del Estado.<\/p>\n<p id=\"p-1788379003596-64843\" class=\"\">Tambi\u00e9n se eliminaron los <strong>gastos reservados y se adoptaron medidas sobre sobresueldos y acumulaci\u00f3n de remuneraciones<\/strong>. A esto se sumaron una reducci\u00f3n de las adscripciones y nuevas herramientas destinadas a transparentar la n\u00f3mina de empleados, los salarios y las declaraciones juradas de los funcionarios.<\/p>\n<p id=\"p-1788379003596-84451\" class=\"\">En paralelo, la gesti\u00f3n de Frigerio impuls\u00f3 una reforma pol\u00edtica y electoral, la implementaci\u00f3n de la Boleta \u00danica de Papel, una Ley de Transici\u00f3n de Gobierno y distintas iniciativas vinculadas con la \u00e9tica p\u00fablica, el acceso a la informaci\u00f3n y la transparencia administrativa.<\/p>\n<\/article>\n<p>\t\t<!-- REGION4 } --><\/div>\n<p><script>\n!function(f,b,e,v,n,t,s)\n{if(f.fbq)return;n=f.fbq=function(){n.callMethod?\nn.callMethod.apply(n,arguments):n.queue.push(arguments)};\nif(!f._fbq)f._fbq=n;n.push=n;n.loaded=!0;n.version='2.0';\nn.queue=[];t=b.createElement(e);t.async=!0;\nt.src=v;s=b.getElementsByTagName(e)[0];\ns.parentNode.insertBefore(t,s)}(window,document,'script',\n'\nfbq('init', '2047048335588113');\nfbq('track', 'PageView');\n<\/script><\/p>\n","protected":false},"excerpt":{"rendered":"<p>2 de septiembre 2026 &#8211; 17:48 El proyecto fue impulsado por el gobernador Rogelio Frigerio y obtuvo 30 votos positivos y ninguno negativo en la C\u00e1mara de Diputados local. El sistema garantizaba un pago equivalente al 75% de la remuneraci\u00f3n correspondiente al cargo. La C\u00e1mara de Diputados de Entre R\u00edos sancion\u00f3 definitivamente este mi\u00e9rcoles la [&hellip;]<\/p>\n","protected":false},"author":1,"featured_media":24752,"comment_status":"open","ping_status":"open","sticky":false,"template":"","format":"standard","meta":{"footnotes":""},"categories":[1],"tags":[4,2214,3],"class_list":["post-24751","post","type-post","status-publish","format-standard","has-post-thumbnail","hentry","category-uncategorized","tag-entre-rios","tag-entrerriano","tag-rogelio-frigerio"],"_links":{"self":[{"href":"https:\/\/cliente1.publisher.highstack.com.ar\/index.php?rest_route=\/wp\/v2\/posts\/24751","targetHints":{"allow":["GET"]}}],"collection":[{"href":"https:\/\/cliente1.publisher.highstack.com.ar\/index.php?rest_route=\/wp\/v2\/posts"}],"about":[{"href":"https:\/\/cliente1.publisher.highstack.com.ar\/index.php?rest_route=\/wp\/v2\/types\/post"}],"author":[{"embeddable":true,"href":"https:\/\/cliente1.publisher.highstack.com.ar\/index.php?rest_route=\/wp\/v2\/users\/1"}],"replies":[{"embeddable":true,"href":"https:\/\/cliente1.publisher.highstack.com.ar\/index.php?rest_route=%2Fwp%2Fv2%2Fcomments&post=24751"}],"version-history":[{"count":1,"href":"https:\/\/cliente1.publisher.highstack.com.ar\/index.php?rest_route=\/wp\/v2\/posts\/24751\/revisions"}],"predecessor-version":[{"id":24753,"href":"https:\/\/cliente1.publisher.highstack.com.ar\/index.php?rest_route=\/wp\/v2\/posts\/24751\/revisions\/24753"}],"wp:featuredmedia":[{"embeddable":true,"href":"https:\/\/cliente1.publisher.highstack.com.ar\/index.php?rest_route=\/wp\/v2\/media\/24752"}],"wp:attachment":[{"href":"https:\/\/cliente1.publisher.highstack.com.ar\/index.php?rest_route=%2Fwp%2Fv2%2Fmedia&parent=24751"}],"wp:term":[{"taxonomy":"category","embeddable":true,"href":"https:\/\/cliente1.publisher.highstack.com.ar\/index.php?rest_route=%2Fwp%2Fv2%2Fcategories&post=24751"},{"taxonomy":"post_tag","embeddable":true,"href":"https:\/\/cliente1.publisher.highstack.com.ar\/index.php?rest_route=%2Fwp%2Fv2%2Ftags&post=24751"}],"curies":[{"name":"wp","href":"https:\/\/api.w.org\/{rel}","templated":true}]}}