{"id":24747,"date":"2026-09-02T18:02:56","date_gmt":"2026-09-02T21:02:56","guid":{"rendered":"https:\/\/cliente1.publisher.highstack.com.ar\/?p=24747"},"modified":"2026-09-02T18:02:56","modified_gmt":"2026-09-02T21:02:56","slug":"caminos-rurales-afirman-que-un-municipio-bonaerense-gasto-70-millones-en-la-fiesta-de-la-galleta-de-piso-y-no-invirtio-en-obras-hidricas","status":"publish","type":"post","link":"https:\/\/cliente1.publisher.highstack.com.ar\/?p=24747","title":{"rendered":"Caminos rurales: afirman que un municipio bonaerense gast\u00f3 $70 millones en la Fiesta de la Galleta de Piso y no invirti\u00f3 en obras h\u00eddricas"},"content":{"rendered":"<div class=\"col-12\">\n<div data-tw=\"true\" style=\"display:contents\">\n<div role=\"none\"><\/div>\n<\/div>\n<p class=\"com-paragraph --capital --s\">La discusi\u00f3n por el destino de los fondos y de la transparencia de las <strong>tasas rurales <\/strong>suma un nuevo distrito en la <strong>provincia de Buenos Aires. <\/strong>Productores del partido bonaerense de <strong>Saladillo<\/strong> iniciaron un <strong>pedido formal de acceso a la informaci\u00f3n p\u00fablica <\/strong>para conocer <strong>qu\u00e9 destino tuvieron los recursos recaudados por la tasa de red vial y la tasa de gu\u00edas ganaderas.<\/strong> Tras analizar la documentaci\u00f3n entregada por el municipio, ahora eval\u00faan avanzar con una <strong>presentaci\u00f3n judicial al advertir presuntas inconsistencias entre lo recaudado y lo invertido en caminos rurales. Entre los datos que les llam\u00f3 la atenci\u00f3n se cuenta el gasto de $70 millones para la Fiesta de la Galleta de Piso en 2025 y la nula inversi\u00f3n en obras h\u00eddricas.<\/strong><\/p>\n<div class=\"ln-banner-container --no-app --caja1_mob\">\n<div id=\"caja1_mob\" class=\"ln-banner\" data-slot-group=\"nota\" data-device=\"mobile\" data-subscription=\"false\" data-ad-unit-path=\"\/133919216\/campo_mobile\/Nota\/caja1_mob\" data-targeting='{\"sitio\":\"lanacion\",\"seccion\":\"nota\"}' data-without-hide=\"true\" data-size=\"[[320,100],[300,250],[1,1],[300,450],[320,450]]\" data-sizemap=\"[]\" data-prebid-enabled=\"true\"><\/div>\n<\/div>\n<p class=\"com-paragraph --s\">El reclamo se enmarca en una movida que en los \u00faltimos meses comenz\u00f3 a extenderse por distintos distritos bonaerenses, donde <strong>productores buscan transparentar el uso de los fondos provenientes de las tasas rurales <\/strong>y <strong>exigir que esos recursos se destinen efectivamente al mantenimiento de la infraestructura vial. <\/strong><\/p>\n<div class=\"ln-banner-container --no-app --middle_1_dsk\">\n<div id=\"middle_1_dsk\" class=\"ln-banner\" data-slot-group=\"nota\" data-device=\"desktop\" data-subscription=\"true\" data-ad-unit-path=\"\/133919216\/campo_desktop\/Nota\/middle_1_dsk\" data-targeting='{\"sitio\":\"lanacion\",\"seccion\":\"nota\"}' data-without-hide=\"true\" data-size=\"[[1,1],[640,360],[640,480],[728,90]]\" data-sizemap=\"[]\" data-prebid-enabled=\"true\"><\/div>\n<\/div>\n<p class=\"com-paragraph --s\">El planteo tambi\u00e9n adquiere relevancia por el contexto pol\u00edtico del distrito. Saladillo es el \u00fanico municipio bonaerense gobernado de manera ininterrumpida por el radicalismo desde el regreso de la democracia, en 1983. Luego de las gestiones de Francisco Ferro y Carlos Antonio Gorosito, el actual jefe comunal, <strong>Jos\u00e9 Luis Salom\u00f3n, <\/strong>transita <strong>su tercer mandato.<\/strong><\/p>\n<p class=\"com-paragraph --s\">En <strong>Saladillo,<\/strong> el planteo es impulsado por la <strong>Sociedad Rural local, <\/strong>que sostiene que el deterioro de los caminos afecta la <strong>producci\u00f3n, el transporte de hacienda y granos<\/strong> e incluso el acceso a <strong>escuelas rurales<\/strong> durante los per\u00edodos de inundaciones.<\/p>\n<div class=\"ln-banner-container --no-app --caja2_mob\">\n<div id=\"caja2_mob\" class=\"ln-banner\" data-slot-group=\"nota\" data-device=\"mobile\" data-subscription=\"true\" data-ad-unit-path=\"\/133919216\/campo_mobile\/Nota\/caja2_mob\" data-targeting='{\"sitio\":\"lanacion\",\"seccion\":\"nota\"}' data-without-hide=\"true\" data-size=\"[[320,100],[300,250],[300,450],[1,1],[360,270],[320,180]]\" data-sizemap=\"[]\" data-prebid-enabled=\"true\"><\/div>\n<\/div>\n<div class=\"content-media\">\n<section role=\"button\" class=\"mod-media   \">\n<figure role=\"button\" tabindex=\"0\" class=\"mod-figure \">\n<div class=\"placeholder \">\n<div class=\"com-image\"><picture><source media=\"(min-width: 768px)\" srcset=\"https:\/\/www.lanacion.com.ar\/resizer\/v2\/la-sociedad-rural-sostiene-que-el-municipio-HETFUUALERFWNNCGSU573FVTE4.png?auth=913db6bf58542584eafe3ce2862cc44af6dcedf6d46804db08991927be07ac06&amp;width=780&amp;height=369&amp;quality=70&amp;smart=true\"><\/source><img class=\"image com-image flex --cover\" decoding=\"async\" fetchpriority=\"low\" loading=\"lazy\" src=\"https:\/\/www.lanacion.com.ar\/resizer\/v2\/la-sociedad-rural-sostiene-que-el-municipio-HETFUUALERFWNNCGSU573FVTE4.png?auth=913db6bf58542584eafe3ce2862cc44af6dcedf6d46804db08991927be07ac06&amp;width=420&amp;height=199&amp;quality=70&amp;smart=true\" width=\"752\" alt=\"La Sociedad Rural sostiene que el municipio destin\u00f3 pocos recursos a la infraestructura vial y analiza recurrir a la Justicia para exigir explicaciones sobre el uso de los fondos p\u00fablicos\" height=\"356\"><\/picture><\/div>\n<\/div><figcaption class=\"mod-figcaption\"><span class=\"com-text --caption --twoxs\">La Sociedad Rural sostiene que el municipio destin\u00f3 pocos recursos a la infraestructura vial y analiza recurrir a la Justicia para exigir explicaciones sobre el uso de los fondos p\u00fablicos<\/span><span class=\"com-text --credit --twoxs\">Gza. Sociedad Rural de Saladillo <\/span><\/figcaption><\/figure>\n<\/section>\n<\/div>\n<div class=\"ln-banner-container --no-app --middle_2_dsk\">\n<div id=\"middle_2_dsk\" class=\"ln-banner\" data-slot-group=\"nota\" data-device=\"desktop\" data-subscription=\"true\" data-ad-unit-path=\"\/133919216\/campo_desktop\/Nota\/middle_2_dsk\" data-targeting='{\"sitio\":\"lanacion\",\"seccion\":\"nota\"}' data-without-hide=\"true\" data-size=\"[[1,1],[728,90]]\" data-sizemap=\"[]\" data-prebid-enabled=\"true\"><\/div>\n<\/div>\n<p class=\"com-paragraph --s\">\u201cSaladillo es un partido chico, tiene 265.000 hect\u00e1reas, pero tiene muchas unidades productivas.<strong> Tiene 1400 kil\u00f3metros de caminos rurales <\/strong>dependientes del municipio, lo cual es mucho para la superficie del partido. <strong>Este tema viene de larga data\u201d, <\/strong>explic\u00f3 a <strong>LA NACION Ignacio Bustingorri, <\/strong>presidente de la entidad.<\/p>\n<div class=\"ln-banner-container --no-app --caja3_mob\">\n<div id=\"caja3_mob\" class=\"ln-banner\" data-slot-group=\"nota\" data-device=\"mobile\" data-subscription=\"false\" data-ad-unit-path=\"\/133919216\/campo_mobile\/Nota\/caja3_mob\" data-targeting='{\"sitio\":\"lanacion\",\"seccion\":\"nota\"}' data-without-hide=\"true\" data-size=\"[[320,100],[300,250],[1,1],[300,450],[360,270]]\" data-sizemap=\"[]\" data-prebid-enabled=\"true\"><\/div>\n<\/div>\n<div class=\"ln-banner-container --no-app --middle_2_tab\">\n<div id=\"middle_2_tab\" class=\"ln-banner\" data-slot-group=\"nota\" data-device=\"tablet\" data-subscription=\"false\" data-ad-unit-path=\"\/133919216\/campo_tablet\/Nota\/middle_2_tab\" data-targeting='{\"sitio\":\"lanacion\",\"seccion\":\"nota\"}' data-without-hide=\"true\" data-size=\"[[728,90],[640,480],[468,60],[1,1]]\" data-sizemap=\"[]\" data-prebid-enabled=\"true\"><\/div>\n<\/div>\n<p class=\"com-paragraph --s\">El dirigente se\u00f1al\u00f3 que el conflicto comenz\u00f3 hace un a\u00f1o y medio, cuando la Rural <strong>pidi\u00f3 precisiones sobre el destino de la tasa de gu\u00edas, un tributo que, seg\u00fan indic\u00f3, genera una recaudaci\u00f3n similar a la de la red vial.<\/strong><\/p>\n<p class=\"com-paragraph --s\">\u201cLe preguntamos al municipio en qu\u00e9 la gastan. Y, si no saben en qu\u00e9 la gastan, por lo menos que no la actualicen por inflaci\u00f3n. <strong>Porque la tasa tiene que tener una contraprestaci\u00f3n fija y los funcionarios no saben en qu\u00e9 la est\u00e1n gastando\u201d,<\/strong> afirm\u00f3.<\/p>\n<div class=\"content-media\">\n<section role=\"button\" class=\"mod-media   \">\n<figure role=\"button\" tabindex=\"0\" class=\"mod-figure \">\n<div class=\"placeholder \">\n<div class=\"com-image\"><picture><source media=\"(min-width: 768px)\" srcset=\"https:\/\/www.lanacion.com.ar\/resizer\/v2\/para-los-productores-esa-falta-de-intervencion-H2G7AJWGP5HR7JOW4PZFPRCBEI.png?auth=5204344d937e6bbeb5660a50d2762c5a87e913b61fb5cd6a1b5690c0f7c35c9f&amp;width=780&amp;height=501&amp;quality=70&amp;smart=true\"><\/source><img class=\"image com-image flex --cover\" decoding=\"async\" fetchpriority=\"low\" loading=\"lazy\" src=\"https:\/\/www.lanacion.com.ar\/resizer\/v2\/para-los-productores-esa-falta-de-intervencion-H2G7AJWGP5HR7JOW4PZFPRCBEI.png?auth=5204344d937e6bbeb5660a50d2762c5a87e913b61fb5cd6a1b5690c0f7c35c9f&amp;width=420&amp;height=270&amp;quality=70&amp;smart=true\" width=\"750\" alt=\"Para los productores, esa falta de intervenci\u00f3n, sumada al escaso trabajo sobre canales y desag\u00fces, incrementa el riesgo de inundaciones y agrava los problemas de transitabilidad en los caminos rurales\" height=\"482\"><\/picture><\/div>\n<\/div><figcaption class=\"mod-figcaption\"><span class=\"com-text --caption --twoxs\">Para los productores, esa falta de intervenci\u00f3n, sumada al escaso trabajo sobre canales y desag\u00fces, incrementa el riesgo de inundaciones y agrava los problemas de transitabilidad en los caminos rurales<\/span><span class=\"com-text --credit --twoxs\">Gza. Sociedad Rural de Saladillo <\/span><\/figcaption><\/figure>\n<\/section>\n<\/div>\n<div class=\"ln-banner-container --no-app --caja4_mob\">\n<div id=\"caja4_mob\" class=\"ln-banner\" data-slot-group=\"nota\" data-device=\"mobile\" data-subscription=\"false\" data-ad-unit-path=\"\/133919216\/campo_mobile\/Nota\/caja4_mob\" data-targeting='{\"sitio\":\"lanacion\",\"seccion\":\"nota\"}' data-without-hide=\"true\" data-size=\"[[320,100],[300,250],[1,1]]\" data-sizemap=\"[]\" data-prebid-enabled=\"true\"><\/div>\n<\/div>\n<p class=\"com-paragraph --s\">Seg\u00fan Bustingorri, ante la falta de respuestas, decidieron convocar a una asamblea que reuni\u00f3 a m\u00e1s de 120 productores. All\u00ed definieron avanzar con un estudio de las cuentas p\u00fablicas del municipio. Ese<strong> an\u00e1lisis,<\/strong> sostuvo, <strong>revel\u00f3 diferencias entre los recursos obtenidos y los montos destinados a la infraestructura rural.<\/strong><\/p>\n<p class=\"com-paragraph --s\">\u201cEn la propia rendici\u00f3n de cuentas del municipio figuraba que por red vial se hab\u00edan recaudado unos <strong>$1189 millones y en caminos rurales se hab\u00edan gastado $790 millones.<\/strong> Pero lo m\u00e1s llamativo es que por <strong>gu\u00edas se hab\u00edan recaudado $1075 millones y al mantenimiento de caminos rurales y obras h\u00eddricas se hab\u00eda gastado cero.<\/strong> La plata de gu\u00edas va completa a cuentas generales y a otros gastos del municipio\u201d, asegur\u00f3.<\/p>\n<div class=\"ln-banner-container --no-app --caja6_mob\">\n<div id=\"caja6_mob\" class=\"ln-banner\" data-slot-group=\"nota\" data-device=\"mobile\" data-subscription=\"false\" data-ad-unit-path=\"\/133919216\/campo_mobile\/Nota\/caja6_mob\" data-targeting='{\"sitio\":\"lanacion\",\"seccion\":\"nota\"}' data-without-hide=\"true\" data-size=\"[[300,250],[230,50],[300,450],[1,1],[320,100]]\" data-sizemap=\"[]\" data-prebid-enabled=\"true\"><\/div>\n<\/div>\n<div class=\"content-media\">\n<section role=\"button\" class=\"mod-media   \">\n<figure role=\"button\" tabindex=\"0\" class=\"mod-figure \">\n<div class=\"placeholder \">\n<div class=\"com-image\"><picture><source media=\"(min-width: 768px)\" srcset=\"https:\/\/www.lanacion.com.ar\/resizer\/v2\/luego-de-las-gestiones-de-francisco-ferro-y-6ZKFAHNCORGXDC5NNA4BHYAN5M.png?auth=a70b662cefbda24e3f95dec91c00e2198c123172f4663249b91eea9f17b2f848&amp;width=780&amp;height=673&amp;quality=70&amp;smart=true\"><\/source><img class=\"image com-image flex --cover\" decoding=\"async\" fetchpriority=\"low\" loading=\"lazy\" src=\"https:\/\/www.lanacion.com.ar\/resizer\/v2\/luego-de-las-gestiones-de-francisco-ferro-y-6ZKFAHNCORGXDC5NNA4BHYAN5M.png?auth=a70b662cefbda24e3f95dec91c00e2198c123172f4663249b91eea9f17b2f848&amp;width=420&amp;height=362&amp;quality=70&amp;smart=true\" width=\"756\" alt=\"Luego de las gestiones de Francisco Ferro y Carlos Antonio Gorosito, el actual jefe comunal, Jos\u00e9 Luis Salom\u00f3n, transita su tercer mandato\" height=\"652\"><\/picture><\/div>\n<\/div><figcaption class=\"mod-figcaption\"><span class=\"com-text --caption --twoxs\">Luego de las gestiones de Francisco Ferro y Carlos Antonio Gorosito, el actual jefe comunal, Jos\u00e9 Luis Salom\u00f3n, transita su tercer mandato<\/span><\/figcaption><\/figure>\n<\/section>\n<\/div>\n<p class=\"com-paragraph --s\">El dirigente tambi\u00e9n puso el foco en la infraestructura h\u00eddrica. Indic\u00f3 que el Canal 16, una obra realizada durante la gesti\u00f3n provincial de Eduardo Duhalde a comienzos de la d\u00e9cada de 1990, lleva a\u00f1os sin el mantenimiento necesario. A su entender, esa falta de intervenci\u00f3n, sumada al escaso trabajo sobre canales y desag\u00fces, incrementa el riesgo de inundaciones y agrava los problemas de transitabilidad en los caminos rurales.<\/p>\n<div class=\"ln-banner-container --no-app --caja7_mob\">\n<div id=\"caja7_mob\" class=\"ln-banner\" data-slot-group=\"nota\" data-device=\"mobile\" data-subscription=\"true\" data-ad-unit-path=\"\/133919216\/campo_mobile\/Nota\/caja7_mob\" data-targeting='{\"sitio\":\"lanacion\",\"seccion\":\"nota\"}' data-without-hide=\"true\" data-size=\"[[300,250],[320,50],[300,450],[1,1],[320,100]]\" data-sizemap=\"[]\" data-prebid-enabled=\"true\"><\/div>\n<\/div>\n<p class=\"com-paragraph --s\">A partir de esos datos, la Sociedad Rural present\u00f3 un pedido formal de acceso a la informaci\u00f3n p\u00fablica. Como respuesta, indic\u00f3 Bustingorri, <strong>el municipio entreg\u00f3 unas 15.000 p\u00e1ginas correspondientes a las rendiciones de cuentas de los \u00faltimos tres ejercicios.<\/strong><\/p>\n<p class=\"com-paragraph --s\">\u201cNos contestaron entreg\u00e1ndonos 15.000 hojas de las \u00faltimas tres rendiciones de cuentas en una actitud como diciendo: <strong>\u2018Ahora b\u00fasquenla ustedes a la informaci\u00f3n\u2019.<\/strong> Lo que hicimos fue procesar esas cantidad de p\u00e1ginas y sali\u00f3 mucha informaci\u00f3n muy interesante sobre todo de c\u00f3mo se gasta esa plata\u201d, relat\u00f3.<\/p>\n<div class=\"ln-banner-container --no-app --caja8_mob\">\n<div id=\"caja8_mob\" class=\"ln-banner\" data-slot-group=\"nota\" data-device=\"mobile\" data-subscription=\"true\" data-ad-unit-path=\"\/133919216\/campo_mobile\/Nota\/caja8_mob\" data-targeting='{\"sitio\":\"lanacion\",\"seccion\":\"nota\"}' data-without-hide=\"true\" data-size=\"[[300,250],[320,50],[300,450],[1,1],[320,100]]\" data-sizemap=\"[]\" data-prebid-enabled=\"true\"><\/div>\n<\/div>\n<p class=\"com-paragraph --s\">Para el dirigente, <strong>el problema no radica en el cobro de las tasas sino en la falta de una contraprestaci\u00f3n acorde.<\/strong> \u201cNosotros nunca vamos a decir que no hay que pagar la tasa. Lo que queremos saber es <strong>en qu\u00e9 la gastan, c\u00f3mo la gastan y c\u00f3mo se podr\u00eda gastar mejor\u201d,<\/strong> se\u00f1al\u00f3.<\/p>\n<div class=\"content-media\">\n<section role=\"button\" class=\"mod-media   \">\n<figure role=\"button\" tabindex=\"0\" class=\"mod-figure \">\n<div class=\"placeholder \">\n<div class=\"com-image\"><picture><source media=\"(min-width: 768px)\" srcset=\"https:\/\/www.lanacion.com.ar\/resizer\/v2\/si-hubieran-destinado-el-30-o-el-40percent-de-lo-MVHE45LINRD3VO254WR7FRI2RY.png?auth=b30009f8248228658a7cefc4a15594ac365a90f90df5a91807562d5e3e47cf3a&amp;width=780&amp;height=584&amp;quality=70&amp;smart=true\"><\/source><img class=\"image com-image flex --cover\" decoding=\"async\" fetchpriority=\"low\" loading=\"lazy\" src=\"https:\/\/www.lanacion.com.ar\/resizer\/v2\/si-hubieran-destinado-el-30-o-el-40percent-de-lo-MVHE45LINRD3VO254WR7FRI2RY.png?auth=b30009f8248228658a7cefc4a15594ac365a90f90df5a91807562d5e3e47cf3a&amp;width=420&amp;height=315&amp;quality=70&amp;smart=true\" width=\"766\" alt=\"\u201cSi hubieran destinado el 30 o el 40% de lo que recibieron por gu\u00edas podr\u00edan haber comprado m\u00e1s de una motoniveladora por a\u00f1o. \u00bfCu\u00e1ntas compraron en los \u00faltimos 15 a\u00f1os? Una, y la compraron con cr\u00e9dito\u201d, dijo Bustingorri\" height=\"574\"><\/picture><\/div>\n<\/div><figcaption class=\"mod-figcaption\"><span class=\"com-text --caption --twoxs\">\u201cSi hubieran destinado el 30 o el 40% de lo que recibieron por gu\u00edas podr\u00edan haber comprado m\u00e1s de una motoniveladora por a\u00f1o. \u00bfCu\u00e1ntas compraron en los \u00faltimos 15 a\u00f1os? Una, y la compraron con cr\u00e9dito\u201d, dijo Bustingorri<\/span><\/figcaption><\/figure>\n<\/section>\n<\/div>\n<div class=\"ln-banner-container --no-app --caja9_mob\">\n<div id=\"caja9_mob\" class=\"ln-banner\" data-slot-group=\"nota\" data-device=\"mobile\" data-subscription=\"true\" data-ad-unit-path=\"\/133919216\/campo_mobile\/Nota\/caja9_mob\" data-targeting='{\"sitio\":\"lanacion\",\"seccion\":\"nota\"}' data-without-hide=\"true\" data-size=\"[[300,250],[320,50],[300,450],[1,1],[320,100]]\" data-sizemap=\"[]\" data-prebid-enabled=\"true\"><\/div>\n<\/div>\n<p class=\"com-paragraph --s\">En ese sentido, cuestion\u00f3 el estado del parque vial municipal y la escasa inversi\u00f3n realizada durante los \u00faltimos a\u00f1os. \u201cSi hubieran destinado el 30 o el 40% de lo que recibieron por gu\u00edas podr\u00edan haber comprado m\u00e1s de una motoniveladora por a\u00f1o. <strong>\u00bfCu\u00e1ntas compraron en los \u00faltimos 15 a\u00f1os? Una, y la compraron con cr\u00e9dito\u201d, <\/strong>expres\u00f3.<\/p>\n<p class=\"com-paragraph --s\">Tambi\u00e9n describi\u00f3 las dificultades que enfrent\u00f3 la producci\u00f3n durante las inundaciones del a\u00f1o pasado. \u201cEstuvimos sin poder ingresar camiones desde el 10 de marzo hasta el 10 de diciembre. <strong>Hubo escuelas rurales con m\u00e1s de cuatro meses sin clases porque no se pod\u00eda acceder <\/strong>y aun as\u00ed destinaron muy poco al mantenimiento de caminos ni hicieron obras h\u00eddricas\u201d, afirm\u00f3.<\/p>\n<p class=\"com-paragraph --s\">Bustingorri remarc\u00f3 que el objetivo del reclamo no es dejar de pagar tributos. \u201cLo m\u00e1s grave no es el pago sino <strong>la falta de contraprestaci\u00f3n.<\/strong> No es un llamado a no pagar la tasa; <strong>es un llamado a que, si se paga, se tenga una contraprestaci\u00f3n eficiente\u201d, <\/strong>enfatiz\u00f3.<\/p>\n<p class=\"com-paragraph --s\">En este escenario cuestionan las prioridades del gasto municipal. Seg\u00fan se\u00f1alaron, mientras el intendente les manifest\u00f3 en distintas reuniones que el municipio enfrenta \u201cmuchas necesidades\u201d que dificultan destinar m\u00e1s recursos a los caminos rurales, en la rendici\u00f3n de cuentas detectaron partidas que consideran alejadas de las demandas del sector. Entre ellas mencionaron una erogaci\u00f3n cercana a <strong>$70 millones para la Fiesta de la Galleta de Piso durante 2025<\/strong>, un monto que, sostienen, podr\u00eda haberse destinado a reforzar el mantenimiento de la red vial. <\/p>\n<p class=\"com-paragraph --s\">El caso es acompa\u00f1ado por el abogado <strong>Pablo Torres Barthe,<\/strong> quien representa legalmente a la entidad y viene impulsando acciones similares en otros municipios bonaerenses. \u201cPresentamos el pedido de acceso a la informaci\u00f3n p\u00fablica y el municipio entreg\u00f3 tres cajas con las rendiciones de cuentas de 2023, 2024 y 2025. Y encontramos<strong> muchas inconsistencias\u201d, <\/strong>sostuvo.<\/p>\n<p class=\"com-paragraph --s\">Seg\u00fan explic\u00f3, una de las diferencias detectadas aparece en las metas informadas por la propia administraci\u00f3n municipal. <strong>\u201cTen\u00edan pensado mantener en 2025 unos 4600 kil\u00f3metros de caminos rurales, pero tienen menos de 1500 kil\u00f3metros.<\/strong> Lo m\u00e1s grave es que en la <strong>rendici\u00f3n de cuentas<\/strong> terminaron diciendo que <strong>mantuvieron 10.000 kil\u00f3metros de caminos rurales\u201d, <\/strong>se\u00f1al\u00f3.<\/p>\n<div class=\"content-media\">\n<section role=\"button\" class=\"mod-media   \">\n<figure role=\"button\" tabindex=\"0\" class=\"mod-figure \">\n<div class=\"placeholder \">\n<div class=\"com-image\"><picture><source media=\"(min-width: 768px)\" srcset=\"https:\/\/www.lanacion.com.ar\/resizer\/v2\/segun-explico-el-abogado-pablo-torres-barthe-una-HTU55Y6UXRGEZIPHU23V2J3LFA.png?auth=3edfda53573b2b707d957c950987a298629793d46ebd130a23bac0f52aa361be&amp;width=780&amp;height=455&amp;quality=70&amp;smart=true\"><\/source><img class=\"image com-image flex --cover\" decoding=\"async\" fetchpriority=\"low\" loading=\"lazy\" src=\"https:\/\/www.lanacion.com.ar\/resizer\/v2\/segun-explico-el-abogado-pablo-torres-barthe-una-HTU55Y6UXRGEZIPHU23V2J3LFA.png?auth=3edfda53573b2b707d957c950987a298629793d46ebd130a23bac0f52aa361be&amp;width=420&amp;height=245&amp;quality=70&amp;smart=true\" width=\"1328\" alt=\"Seg\u00fan explic\u00f3 el abogado Pablo Torres Barthe, una de las diferencias detectadas aparece en las metas informadas por la propia administraci\u00f3n municipal\" height=\"774\"><\/picture><\/div>\n<\/div><figcaption class=\"mod-figcaption\"><span class=\"com-text --caption --twoxs\">Seg\u00fan explic\u00f3 el abogado Pablo Torres Barthe, una de las diferencias detectadas aparece en las metas informadas por la propia administraci\u00f3n municipal<\/span><span class=\"com-text --credit --twoxs\">Gza. Sociedad Rural de Saladillo <\/span><\/figcaption><\/figure>\n<\/section>\n<\/div>\n<p class=\"com-paragraph --s\">El abogado tambi\u00e9n cuestion\u00f3 los datos vinculados al consumo de combustible destinado al mantenimiento vial. \u201cSe estima que el promedio <strong>para mantener un kil\u00f3metro de camino rural es de entre 30 y 40 litros de gasoil. <\/strong>Pero como nadie ve esos n\u00fameros, ni siquiera los concejales, los dibujan y ponen lo que se les ocurra\u201d, afirm\u00f3.<\/p>\n<p class=\"com-paragraph --s\">Frente a ese escenario, adelant\u00f3 que la <strong>estrategia legal<\/strong> podr\u00eda escalar si las inconsistencias detectadas se confirman durante el an\u00e1lisis t\u00e9cnico. \u201cCuando tengamos los n\u00fameros y las inconsistencias, si son severas, <strong>se analizar\u00e1 ir a la Justicia penal.<\/strong> Queremos sacar la diferencia entre lo ingresado por tasa y lo gastado en caminos y <strong>pedir que el municipio devuelva ese dinero y lo destine a la reparaci\u00f3n de los caminos rurales con supervisi\u00f3n de la Justicia y de los productores\u201d, <\/strong>concluy\u00f3. <\/p>\n<p class=\"com-paragraph --s\"><strong>LA NACION<\/strong> intent\u00f3 comunicarse con el municipio, pero a\u00fan no tuvo respuesta.<\/p>\n<div class=\"ln-banner-container --no-app --caja5_mob\">\n<div id=\"caja5_mob\" class=\"ln-banner\" data-slot-group=\"nota\" data-device=\"mobile\" data-subscription=\"false\" data-ad-unit-path=\"\/133919216\/campo_mobile\/Nota\/caja5_mob\" data-targeting='{\"sitio\":\"lanacion\",\"seccion\":\"nota\"}' data-without-hide=\"true\" data-size='[[320,100],[300,250],[1,1],[\" fluid\"]]' data-sizemap=\"[]\" data-prebid-enabled=\"true\"><\/div>\n<\/div>\n<div data-fusion-lazy-id=\"f0fLHi7Wfcy22C4\"><\/div>\n<div class=\"ln-banner-container --no-app --middle_3_dsk\">\n<div id=\"middle_3_dsk\" class=\"ln-banner\" data-slot-group=\"nota\" data-device=\"desktop\" data-subscription=\"true\" data-ad-unit-path=\"\/133919216\/campo_desktop\/Nota\/middle_3_dsk\" data-targeting='{\"sitio\":\"lanacion\",\"seccion\":\"nota\"}' data-without-hide=\"true\" data-size=\"[[1,1],[728,90],[640,360],[728,360]]\" data-sizemap=\"[]\" data-prebid-enabled=\"true\"><\/div>\n<\/div>\n<\/div>\n","protected":false},"excerpt":{"rendered":"<p>La discusi\u00f3n por el destino de los fondos y de la transparencia de las tasas rurales suma un nuevo distrito en la provincia de Buenos Aires. Productores del partido bonaerense de Saladillo iniciaron un pedido formal de acceso a la informaci\u00f3n p\u00fablica para conocer qu\u00e9 destino tuvieron los recursos recaudados por la tasa de red [&hellip;]<\/p>\n","protected":false},"author":1,"featured_media":24748,"comment_status":"open","ping_status":"open","sticky":false,"template":"","format":"standard","meta":{"footnotes":""},"categories":[1],"tags":[],"class_list":["post-24747","post","type-post","status-publish","format-standard","has-post-thumbnail","hentry","category-uncategorized"],"_links":{"self":[{"href":"https:\/\/cliente1.publisher.highstack.com.ar\/index.php?rest_route=\/wp\/v2\/posts\/24747","targetHints":{"allow":["GET"]}}],"collection":[{"href":"https:\/\/cliente1.publisher.highstack.com.ar\/index.php?rest_route=\/wp\/v2\/posts"}],"about":[{"href":"https:\/\/cliente1.publisher.highstack.com.ar\/index.php?rest_route=\/wp\/v2\/types\/post"}],"author":[{"embeddable":true,"href":"https:\/\/cliente1.publisher.highstack.com.ar\/index.php?rest_route=\/wp\/v2\/users\/1"}],"replies":[{"embeddable":true,"href":"https:\/\/cliente1.publisher.highstack.com.ar\/index.php?rest_route=%2Fwp%2Fv2%2Fcomments&post=24747"}],"version-history":[{"count":0,"href":"https:\/\/cliente1.publisher.highstack.com.ar\/index.php?rest_route=\/wp\/v2\/posts\/24747\/revisions"}],"wp:featuredmedia":[{"embeddable":true,"href":"https:\/\/cliente1.publisher.highstack.com.ar\/index.php?rest_route=\/wp\/v2\/media\/24748"}],"wp:attachment":[{"href":"https:\/\/cliente1.publisher.highstack.com.ar\/index.php?rest_route=%2Fwp%2Fv2%2Fmedia&parent=24747"}],"wp:term":[{"taxonomy":"category","embeddable":true,"href":"https:\/\/cliente1.publisher.highstack.com.ar\/index.php?rest_route=%2Fwp%2Fv2%2Fcategories&post=24747"},{"taxonomy":"post_tag","embeddable":true,"href":"https:\/\/cliente1.publisher.highstack.com.ar\/index.php?rest_route=%2Fwp%2Fv2%2Ftags&post=24747"}],"curies":[{"name":"wp","href":"https:\/\/api.w.org\/{rel}","templated":true}]}}