{"id":24745,"date":"2026-09-02T18:00:09","date_gmt":"2026-09-02T21:00:09","guid":{"rendered":"https:\/\/cliente1.publisher.highstack.com.ar\/?p=24745"},"modified":"2026-09-02T18:00:09","modified_gmt":"2026-09-02T21:00:09","slug":"la-fiesta-de-la-empanada-y-el-vino-vuelve-a-colonia-ensayo","status":"publish","type":"post","link":"https:\/\/cliente1.publisher.highstack.com.ar\/?p=24745","title":{"rendered":"La Fiesta de la Empanada y el Vino vuelve a Colonia Ensayo"},"content":{"rendered":"<p>Habr\u00e1 concurso gastron\u00f3mico, m\u00fasica, recorridos por el vi\u00f1edo y actividades para conocer los atractivos de la localidad.<\/p>\n<p>La programaci\u00f3n contempla el concurso de empanadas, de 18 a 21, y espect\u00e1culos art\u00edsticos durante la noche. Tambi\u00e9n habr\u00e1 visitas guiadas al Vi\u00f1edo Los Aromitos, una excursi\u00f3n al Salto de la Olla y recorridos por los parajes La Jaula y La Juanita, con sus miradores sobre el r\u00edo Paran\u00e1. La propuesta invita a recorrer la zona durante el d\u00eda y culminar la jornada en la fiesta.<\/p>\n<p>&#8220;Uno de los productos que venimos desarrollando es el enoturismo, y esta fiesta es un claro ejemplo de c\u00f3mo el sector privado y el Estado pueden trabajar juntos para poner en valor la gastronom\u00eda t\u00edpica y generar un espacio de encuentro entre los lugare\u00f1os y los turistas&#8221;, destac\u00f3 el secretario ejecutivo del Ente Mixto de Turismo de Entre R\u00edos (Emturer), Sebasti\u00e1n Bel.<\/p>\n<p>Por su parte, el presidente comunal de Colonia Ensayo, Cristian Kemerer, resalt\u00f3 la participaci\u00f3n de los distintos actores de la localidad. &#8220;Estamos presentando con orgullo la segunda edici\u00f3n, que se realiza de manera conjunta entre la Comuna y el Vi\u00f1edo Los Aromitos. Tambi\u00e9n es muy importante el aporte de las comisiones de vecinos y de los emprendedores que participan con la venta de empanadas, porque esto le da vida al pueblo y genera actividad econ\u00f3mica&#8221;, se\u00f1al\u00f3.<\/p>\n<p>Leandro Jacob, de Bodega y Vi\u00f1edo Los Aromitos, destac\u00f3 la identidad que re\u00fanen los dos productos que dan nombre a la fiesta. &#8220;Es el maridaje perfecto: una comida tan popular y nuestra como la empanada, acompa\u00f1ada por una bebida nacional como el vino. Que ambos se hayan unido en esta fiesta es un hermoso motivo para encontrarnos&#8221;, expres\u00f3.<\/p>\n<p>La primera edici\u00f3n se realiz\u00f3 en 2025 y permiti\u00f3 poner en valor el perfil gastron\u00f3mico y productivo de la localidad, con la participaci\u00f3n de emprendedores y prestadores. En esta nueva convocatoria, Colonia Ensayo vuelve a integrar esa identidad con sus paisajes, el enoturismo y una agenda cultural que busca atraer visitantes y generar movimiento para quienes producen y trabajan en la comunidad.<\/p>\n","protected":false},"excerpt":{"rendered":"<p>Colonia Ensayo volver\u00e1 a reunir gastronom\u00eda, producci\u00f3n vitivin\u00edcola y cultura local con la segunda edici\u00f3n de la Fiesta de la Empanada y el Vino. El encuentro fue presentado en Paran\u00e1 y se desarrollar\u00e1 el s\u00e1bado desde las 20.30 con entrada libre y gratuita, con una propuesta que articula a la Comuna, el Vi\u00f1edo Los Aromitos, emprendedores y vecinos.<\/p>\n","protected":false},"author":0,"featured_media":24746,"comment_status":"open","ping_status":"open","sticky":false,"template":"","format":"standard","meta":{"footnotes":""},"categories":[2330,2225],"tags":[1665],"class_list":["post-24745","post","type-post","status-publish","format-standard","has-post-thumbnail","hentry","category-colonia-ensayo","category-locales","tag-cultura"],"_links":{"self":[{"href":"https:\/\/cliente1.publisher.highstack.com.ar\/index.php?rest_route=\/wp\/v2\/posts\/24745","targetHints":{"allow":["GET"]}}],"collection":[{"href":"https:\/\/cliente1.publisher.highstack.com.ar\/index.php?rest_route=\/wp\/v2\/posts"}],"about":[{"href":"https:\/\/cliente1.publisher.highstack.com.ar\/index.php?rest_route=\/wp\/v2\/types\/post"}],"replies":[{"embeddable":true,"href":"https:\/\/cliente1.publisher.highstack.com.ar\/index.php?rest_route=%2Fwp%2Fv2%2Fcomments&post=24745"}],"version-history":[{"count":0,"href":"https:\/\/cliente1.publisher.highstack.com.ar\/index.php?rest_route=\/wp\/v2\/posts\/24745\/revisions"}],"wp:featuredmedia":[{"embeddable":true,"href":"https:\/\/cliente1.publisher.highstack.com.ar\/index.php?rest_route=\/wp\/v2\/media\/24746"}],"wp:attachment":[{"href":"https:\/\/cliente1.publisher.highstack.com.ar\/index.php?rest_route=%2Fwp%2Fv2%2Fmedia&parent=24745"}],"wp:term":[{"taxonomy":"category","embeddable":true,"href":"https:\/\/cliente1.publisher.highstack.com.ar\/index.php?rest_route=%2Fwp%2Fv2%2Fcategories&post=24745"},{"taxonomy":"post_tag","embeddable":true,"href":"https:\/\/cliente1.publisher.highstack.com.ar\/index.php?rest_route=%2Fwp%2Fv2%2Ftags&post=24745"}],"curies":[{"name":"wp","href":"https:\/\/api.w.org\/{rel}","templated":true}]}}