{"id":24740,"date":"2026-09-02T17:38:42","date_gmt":"2026-09-02T20:38:42","guid":{"rendered":"https:\/\/cliente1.publisher.highstack.com.ar\/?p=24740"},"modified":"2026-09-02T17:38:44","modified_gmt":"2026-09-02T20:38:44","slug":"martin-llaryora-anuncio-una-nueva-ley-de-promocion-industrial-con-beneficios-fiscales-para-pymes-y-empresas","status":"publish","type":"post","link":"https:\/\/cliente1.publisher.highstack.com.ar\/?p=24740","title":{"rendered":"Mart\u00edn Llaryora anunci\u00f3 una nueva ley de Promoci\u00f3n Industrial con beneficios fiscales para pymes y empresas"},"content":{"rendered":"<p><\/p>\n<div id=\"\">\n<p id=\"p-1788376997501-92689\">El gobernador de C\u00f3rdoba, <strong>Mart\u00edn Llaryora<\/strong>, anunci\u00f3 que enviar\u00e1 a la Legislatura un nuevo proyecto de ley de Promoci\u00f3n Industrial, que contempla diversos <strong>beneficios fiscales para pymes industriales<\/strong> y compa\u00f1\u00edas del sector, incluyendo <strong>eximici\u00f3n de IIBB <\/strong>y recompensas para las firmas que contraten trabajadores.<\/p>\n<\/div>\n<div id=\"\">\n<p id=\"p-1788376997501-10516\">Llaryora dio a conocer la noticia al presidir un acto en la sede de la Uni\u00f3n Industrial de C\u00f3rdoba (UICba) en el marco del D\u00eda de la Industria. &#8220;Qu\u00e9 mejor manera de celebrar el D\u00eda de la Industria con mejoras necesarias para acompa\u00f1ar a este importante sector productivo de C\u00f3rdoba&#8221;, dijo el mandatario.<\/p>\n<\/div>\n<div id=\"\">\n<p id=\"p-1788376997501-55671\"> El jefe provincial indic\u00f3 que la nueva Ley de Promoci\u00f3n Industrial Unificada para ampliar el beneficio de Ingresos Brutos Cero con el objetivo que puedan acceder pymes industriales que $4.500 millones anuales, elevando el l\u00edmite actual de $3.200 millones.<\/p>\n<\/div>\n<div id=\"\">\n<p id=\"p-1788376997502-98373\"><strong>&#8220;As\u00ed, m\u00e1s empresas cordobesas tendr\u00e1n mejores condiciones para invertir, ampliar su producci\u00f3n y sostener y generar empleo privado formal&#8221;,<\/strong> afirm\u00f3.<\/p>\n<\/div>\n<div id=\"\">\n<p id=\"p-1788376997502-71663\">A la vez, anticip\u00f3 que simplificar\u00e1n el acceso a los beneficios: &#8220;Las pymes que realicen una inversi\u00f3n en activos fijos equivalente o superior al 1,20% de la base imponible de Ingresos Brutos del ejercicio anterior podr\u00e1n incorporarse mediante un tr\u00e1mite autom\u00e1tico, m\u00e1s \u00e1gil y din\u00e1mico&#8221;.<\/p>\n<\/div>\n<div id=\"\">\n<p id=\"p-1788376991432-83712\">&#8220;Queremos menos burocracia y m\u00e1s herramientas para producir. <strong>El Estado tiene que acompa\u00f1ar a quienes arriesgan, invierten y generan trabajo<\/strong>, facilitando su crecimiento y no poni\u00e9ndoles obst\u00e1culos&#8221;, complet\u00f3 Llaryora.<\/p>\n<div contenteditable=\"false\" class=\"embed_cont type_imagen\" id=\"8273164-Libre-2073450730_wrap\">\n<div id=\"8273164-Libre-2073450730_content\" class=\"embed_content\"><img decoding=\"async\" fetchpriority=\"low\" loading=\"lazy\" alt=\"Los anuncios fueron realizados en el marco del D\u00eda de la Industria.\" title=\"Los anuncios fueron realizados en el marco del D\u00eda de la Industria.\" width=\"730\" height=\"undefined\" id=\"8273164-Libre-2073450730_embed\"\/><\/div>\n<div class=\"embed_wrapper-cont\" id=\"p-1788378721992-7227\">\n<div id=\"8273164-Libre-2073450730_epigrafe\" class=\"embed_epigrafe\">\n<p id=\"p-1788378746859-29468\">Los anuncios fueron realizados en el marco del D\u00eda de la Industria.<\/p>\n<\/div><\/div>\n<\/p><\/div>\n<p id=\"p-1788378390818-48940\">La nueva ley establece adem\u00e1s un <strong>R\u00e9gimen General para proyectos de mayor impacto, con 10 a\u00f1os de exenci\u00f3n del 100% en los impuestos sobre los Ingresos Brutos, Sellos e Inmobiliario<\/strong>. Paralelamente, se\u00f1al\u00f3 que durante un a\u00f1o se aplicar\u00e1 un subsidio equivalente a un Salario M\u00ednimo, Vital y M\u00f3vil por cada nuevo trabajador incorporado.<\/p>\n<p id=\"p-1788378398770-3437\">&#8220;Los proyectos que se instalen en <a dir=\"ltr\" href=\"https:\/\/x.com\/hashtag\/ParquesIndustriales?src=hashtag_click\" role=\"link\" class=\"\">P<\/a>arques Industriales o se radiquen en las zonas estrat\u00e9gicas del norte y sur-sur provincial podr\u00e1n acceder a beneficios fiscales durante 15 a\u00f1os y a dos a\u00f1os de subsidio por cada nuevo puesto de trabajo&#8221;, indic\u00f3.<\/p>\n<p id=\"p-1788378089201-23689\">La semana pasada, Llaryora se reuni\u00f3 en la Casa Rosada con el jefe de Gabinete, <strong>Diego Santilli<\/strong>. El mediterr\u00e1neo estuvo acompa\u00f1ado por Rogelio Frigerio (Entre R\u00edos) y <strong>Maximiliano Pullaro (Santa Fe)<\/strong>, sus pares de la Regi\u00f3n Centro.<\/p>\n<p id=\"p-1788378089201-18203\">All\u00ed analizaron un esquema de <strong>alivio en las tarifas de las industrias mediante la modificaci\u00f3n del esquema de Gran Usuario de las Distribuidoras<\/strong> (GUDI), un sistema que abarca a aquellas firmas que consuman una potencia mayor o igual a 300 Kw.<\/p>\n<h2 id=\"p-1788378089201-40236\">Cr\u00edticas al Gobierno en el D\u00eda de la Industria<\/h2>\n<p id=\"p-1788378089201-10009\">El acto central por el D\u00eda de la Industria estuvo a cargo de la Uni\u00f3n Industrial Argentina (UIA), que apunt\u00f3 sus ca\u00f1ones contra la administraci\u00f3n libertaria.<\/p>\n<p id=\"p-1788362311385-84839\">En un evento que tuvo muy escasa presencia de funcionarios del Gobierno nacional, <strong>Mart\u00edn Rappallini<\/strong>, el titular de la entidad, pidi\u00f3 <strong>respeto para los que producen y alert\u00f3 sobre la ca\u00edda de la actividad y la destrucci\u00f3n de puestos de trabajo.<\/strong><\/p>\n<p id=\"p-1788362894019-39506\">\u201cDebemos dejar atr\u00e1s las descalificaciones y las agresiones hacia quienes producen. Podemos tener diferencias, incluso debatir qu\u00e9 pol\u00edticas necesita la Argentina, pero el respeto tiene que ser parte fundamental de nuestra convivencia democr\u00e1tica\u201d, dijo el Rappallini, en una indirecta alusi\u00f3n al presidente <strong>Javier Milei<\/strong>, que en reiteradas ocasiones insult\u00f3 a empresarios, y al ministro Luis Caputo, que trat\u00f3 de &#8220;tarados&#8221; a los que proponen pol\u00edticas para favorecer a la industria.<\/p>\n<p id=\"p-1788364154123-95804\">En un contexto en el que algunos sectores del empresariado industrial piden elevar el tono, el titular de la UIA propuso \u201cconstruir un puente\u201d para atravesar la transici\u00f3n econ\u00f3mica &#8220;de la estabilizaci\u00f3n hacia el crecimiento&#8221; y habl\u00f3 de la necesidad de contar con instrumentos que permitan sostener la actividad sin comprometer el orden macroecon\u00f3mico. \u201cLa econom\u00eda no puede medirse solamente por la inflaci\u00f3n\u201d, dijo Rappallini.<\/p>\n<div contenteditable=\"false\" class=\"embed_cont type_imagen\" id=\"8272927-Libre-785835713_wrap\">\n<div id=\"8272927-Libre-785835713_content\" class=\"embed_content\"><img decoding=\"async\" fetchpriority=\"low\" loading=\"lazy\" alt=\"El acto por el D\u00eda de la Industria.\" title=\"El acto por el D\u00eda de la Industria.\" width=\"730\" height=\"undefined\" id=\"8272927-Libre-785835713_embed\"\/><\/div>\n<div class=\"embed_wrapper-cont\" id=\"p-1788378783072-93601\">\n<div id=\"8272927-Libre-785835713_epigrafe\" class=\"embed_epigrafe\">\n<p id=\"p-1788379962535-1985\">El acto por el D\u00eda de la Industria.<\/p>\n<\/div><\/div>\n<\/p><\/div>\n<p id=\"p-1788364329427-53190\">En ese sentido, dijo que ese puente implicar\u00eda &#8220;reconstruir el cr\u00e9dito, acelerar la reducci\u00f3n del costo argentino, combatir la competencia desleal y el contrabando, garantizar el abastecimiento de la energ\u00eda a precios competitivos en todo el territorio nacional, facilitar la baja de la morosidad, generar la infraestructura necesaria para exportar y consolidar la modernizaci\u00f3n laboral&#8221;.<\/p>\n<p id=\"p-1788364329427-53190\">M\u00e1s duro fue <strong>Guillermo Moretti<\/strong>, n\u00famero dos de la UIA, quien afirm\u00f3 en referencia al Gobierno: &#8220;Esta gente no conoce el pa\u00eds, no sabe lo que es una f\u00e1brica&#8221;.<\/p>\n<p id=\"p-1788364329427-53190\">&#8220;Debe saber mucho de finanzas porque sus finanzas personales aumentaron un a\u00f1o un 37% en d\u00f3lares. Y a la Argentina en ese a\u00f1o la endeuda. \u00bfPor qu\u00e9 no usar\u00e1 lo mismo que usa para \u00e9l para nuestro pa\u00eds?&#8221;, lanz\u00f3.<\/p>\n<\/div>\n<p><script>\n!function(f,b,e,v,n,t,s)\n{if(f.fbq)return;n=f.fbq=function(){n.callMethod?\nn.callMethod.apply(n,arguments):n.queue.push(arguments)};\nif(!f._fbq)f._fbq=n;n.push=n;n.loaded=!0;n.version='2.0';\nn.queue=[];t=b.createElement(e);t.async=!0;\nt.src=v;s=b.getElementsByTagName(e)[0];\ns.parentNode.insertBefore(t,s)}(window,document,'script',\n'\nfbq('init', '2047048335588113');\nfbq('track', 'PageView');\n<\/script><\/p>\n","protected":false},"excerpt":{"rendered":"<p>El gobernador de C\u00f3rdoba, Mart\u00edn Llaryora, anunci\u00f3 que enviar\u00e1 a la Legislatura un nuevo proyecto de ley de Promoci\u00f3n Industrial, que contempla diversos beneficios fiscales para pymes industriales y compa\u00f1\u00edas del sector, incluyendo eximici\u00f3n de IIBB y recompensas para las firmas que contraten trabajadores. Llaryora dio a conocer la noticia al presidir un acto en [&hellip;]<\/p>\n","protected":false},"author":1,"featured_media":24741,"comment_status":"open","ping_status":"open","sticky":false,"template":"","format":"standard","meta":{"footnotes":""},"categories":[1],"tags":[4,3],"class_list":["post-24740","post","type-post","status-publish","format-standard","has-post-thumbnail","hentry","category-uncategorized","tag-entre-rios","tag-rogelio-frigerio"],"_links":{"self":[{"href":"https:\/\/cliente1.publisher.highstack.com.ar\/index.php?rest_route=\/wp\/v2\/posts\/24740","targetHints":{"allow":["GET"]}}],"collection":[{"href":"https:\/\/cliente1.publisher.highstack.com.ar\/index.php?rest_route=\/wp\/v2\/posts"}],"about":[{"href":"https:\/\/cliente1.publisher.highstack.com.ar\/index.php?rest_route=\/wp\/v2\/types\/post"}],"author":[{"embeddable":true,"href":"https:\/\/cliente1.publisher.highstack.com.ar\/index.php?rest_route=\/wp\/v2\/users\/1"}],"replies":[{"embeddable":true,"href":"https:\/\/cliente1.publisher.highstack.com.ar\/index.php?rest_route=%2Fwp%2Fv2%2Fcomments&post=24740"}],"version-history":[{"count":1,"href":"https:\/\/cliente1.publisher.highstack.com.ar\/index.php?rest_route=\/wp\/v2\/posts\/24740\/revisions"}],"predecessor-version":[{"id":24742,"href":"https:\/\/cliente1.publisher.highstack.com.ar\/index.php?rest_route=\/wp\/v2\/posts\/24740\/revisions\/24742"}],"wp:featuredmedia":[{"embeddable":true,"href":"https:\/\/cliente1.publisher.highstack.com.ar\/index.php?rest_route=\/wp\/v2\/media\/24741"}],"wp:attachment":[{"href":"https:\/\/cliente1.publisher.highstack.com.ar\/index.php?rest_route=%2Fwp%2Fv2%2Fmedia&parent=24740"}],"wp:term":[{"taxonomy":"category","embeddable":true,"href":"https:\/\/cliente1.publisher.highstack.com.ar\/index.php?rest_route=%2Fwp%2Fv2%2Fcategories&post=24740"},{"taxonomy":"post_tag","embeddable":true,"href":"https:\/\/cliente1.publisher.highstack.com.ar\/index.php?rest_route=%2Fwp%2Fv2%2Ftags&post=24740"}],"curies":[{"name":"wp","href":"https:\/\/api.w.org\/{rel}","templated":true}]}}