{"id":24736,"date":"2026-09-02T17:31:29","date_gmt":"2026-09-02T20:31:29","guid":{"rendered":"https:\/\/cliente1.publisher.highstack.com.ar\/?p=24736"},"modified":"2026-09-02T17:31:29","modified_gmt":"2026-09-02T20:31:29","slug":"violenta-gresca-con-punaladas-y-rebencazos-en-cortada-351-dejo-heridos-disparos-y-cuatro-demorados","status":"publish","type":"post","link":"https:\/\/cliente1.publisher.highstack.com.ar\/?p=24736","title":{"rendered":"Violenta gresca con pu\u00f1aladas y rebencazos en Cortada 351, dej\u00f3 heridos, disparos y cuatro demorados"},"content":{"rendered":"<p><\/p>\n<div>\n<p><b>Una violenta gresca en Cortada 351<\/b> moviliz\u00f3 este mi\u00e9rcoles, a al menos 10 patrulleros y dej\u00f3 personas heridas tras una sucesi\u00f3n de agresiones con <b>elementos punzantes y disparos. Cuatro personas fueron demoradas en el marco de los procedimientos, seg\u00fan confirmaron fuentes policiales a Elonce.<\/b> <\/p>\n<p><!-- is a <br \/>--><\/p>\n<p>\u00a0<\/p>\n<p><!-- is a <br \/>--><\/p>\n<p>De acuerdo con los primeros datos, el conflicto se habr\u00eda iniciado con una pelea entre dos mujeres. Una de ellas sufri\u00f3 una herida provocada con un <b>elemento cortopunzante y debi\u00f3 ser trasladada al Hospital San Mart\u00edn para recibir atenci\u00f3n m\u00e9dica.<\/b> <\/p>\n<p><!-- is a <br \/>--><\/p>\n<p><!-- is a object --><br \/>\n<!-- embed start --><\/p>\n<figure class=\"embed\">\n<p>    <img decoding=\"async\" src=\"https:\/\/elonce-media.elonce.com\/fotos-nuevo\/2021\/12\/14\/o_1639511978.jpg\" loading=\"lazy\" width=\"600\" height=\"400\" alt=\"\"\/><\/p>\n<\/figure>\n<p><!-- embed end --><br \/>\n<!-- end object --><\/p>\n<p>Tras esa agresi\u00f3n, <b>el esposo de la mujer herida habr\u00eda intervenido y atacado con un elemento punzante a la otra involucrada. Posteriormente, se sumaron familiares<\/b> de esta \u00faltima y la situaci\u00f3n deriv\u00f3 en una gresca de mayores dimensiones, en la que se habr\u00edan efectuado disparos y tambi\u00e9n hubo agresiones a rebencazos. <\/p>\n<p><!-- is a <br \/>--><\/p>\n<p>\u00a0<\/p>\n<p><!-- is a <br \/>--><\/p>\n<p><!-- is a object --><\/p>\n<h3>Demorados y medidas de la Fiscal\u00eda<\/h3>\n<p><!-- end object --><\/p>\n<p>\u00a0<\/p>\n<p><!-- is a <br \/>--><\/p>\n<p><b>Ante la magnitud del enfrentamiento, numerosos m\u00f3viles policiales fueron desplegados en Cortada 351<\/b>. Durante el procedimiento, una mujer habr\u00eda intentado agredir a los uniformados y fue reducida. Preventivamente, los involucrados fueron trasladados a dependencias policiales. <\/p>\n<p><!-- is a <br \/>--><\/p>\n<p>\u00a0<\/p>\n<p><!-- is a <br \/>--><\/p>\n<p>Fuentes policiales indicaron a <b>Elonce que entre los demorados hab\u00eda una mujer de 30 a\u00f1os y dos hombres de 20 y 25. La fiscal interviniente dispuso la realizaci\u00f3n de dermotest a los tres<\/b> y tambi\u00e9n, al esposo de una de las mujeres lesionadas, quien formaliz\u00f3 una denuncia por la agresi\u00f3n sufrida. <\/p>\n<p><!-- is a <br \/>--><\/p>\n<p><!-- is a object --><br \/>\n<!-- embed start --><\/p>\n<figure class=\"embed\">\n<p>    <img decoding=\"async\" src=\"https:\/\/elonce-media.elonce.com\/fotos\/2026\/09\/02\/e_1788379877_32385.webp\" loading=\"lazy\" width=\"600\" height=\"400\" alt=\"\"\/><\/p>\n<\/figure>\n<p><!-- embed end --><br \/>\n<!-- end object --><\/p>\n<p>\u00a0<\/p>\n<p><!-- is a <br \/>--><\/p>\n<p>Adem\u00e1s, se orden\u00f3 <b>el traslado de la mujer de 30 a\u00f1os por los presuntos delitos de resistencia a la autoridad y lesiones<\/b>. Su hermano, de 25 a\u00f1os, qued\u00f3 demorado en una causa por hurto y lesiones. Tambi\u00e9n se dispuso examinar la<b>s heridas del hombre para establecer si eran compatibles con un disparo de arma de fuego.<\/b> <\/p>\n<p><!-- is a <br \/>--><\/p>\n<p>\u00a0<\/p>\n<p><!-- is a <br \/>--><\/p>\n<p><!-- is a object --><\/p>\n<h3>Detenido por lesiones y abuso de armas<\/h3>\n<p><!-- end object --><\/p>\n<p>\u00a0<\/p>\n<p><!-- is a <br \/>--><\/p>\n<p>A ra\u00edz del procedimiento realizado en el interior de Cortada 351 tras la gresca entre varias personas, la Polic\u00eda demor\u00f3 a un joven de 21 a\u00f1os, se\u00f1alado como presunto autor de detonaciones contra dos hermanos. <\/p>\n<p><!-- is a <br \/>--><\/p>\n<p><!-- is a object --><br \/>\n<!-- embed start --><\/p>\n<figure class=\"embed\">\n<p>    <img decoding=\"async\" src=\"https:\/\/elonce-media.elonce.com\/fotos\/2026\/09\/02\/e_1788379877_21304.webp\" loading=\"lazy\" width=\"600\" height=\"400\" alt=\"\"\/><\/p>\n<\/figure>\n<p><!-- embed end --><br \/>\n<!-- end object --><\/p>\n<p>Seg\u00fan se inform\u00f3, ambos denunciantes fueron examinados por el m\u00e9dico policial. Uno present\u00f3 una herida puntiforme, mientras que el segundo ten\u00eda una lesi\u00f3n de similares<b> caracter\u00edsticas en la regi\u00f3n frontal izquierda de la cabeza y fue derivado al Hospital San Mart\u00edn para la realizaci\u00f3n de estudios.<\/b> <\/p>\n<p><!-- is a <br \/>--><\/p>\n<p>\u00a0<\/p>\n<p><!-- is a <br \/>--><\/p>\n<p>Las lesiones podr\u00edan <b>resultar compatibles con impactos producidos por un arma de fuego de fabricaci\u00f3n casera<\/b>, seg\u00fan la evaluaci\u00f3n preliminar. <\/p>\n<p><!-- is a <br \/>--><\/p>\n<p>La fiscal Mercedes Nin dispuso que el joven de 21 a\u00f1os fuera trasladado a la Alcaid\u00eda Contravencional por los presuntos delitos de lesiones y abuso de armas, mientras continuaron las actuaciones para determinar las responsabilidades en los violentos episodios.<\/p>\n<\/p><\/div>\n","protected":false},"excerpt":{"rendered":"<p>Una violenta gresca en Cortada 351 moviliz\u00f3 este mi\u00e9rcoles, a al menos 10 patrulleros y dej\u00f3 personas heridas tras una sucesi\u00f3n de agresiones con elementos punzantes y disparos. Cuatro personas fueron demoradas en el marco de los procedimientos, seg\u00fan confirmaron fuentes policiales a Elonce. \u00a0 De acuerdo con los primeros datos, el conflicto se habr\u00eda [&hellip;]<\/p>\n","protected":false},"author":1,"featured_media":24737,"comment_status":"open","ping_status":"open","sticky":false,"template":"","format":"standard","meta":{"footnotes":""},"categories":[1],"tags":[],"class_list":["post-24736","post","type-post","status-publish","format-standard","has-post-thumbnail","hentry","category-uncategorized"],"_links":{"self":[{"href":"https:\/\/cliente1.publisher.highstack.com.ar\/index.php?rest_route=\/wp\/v2\/posts\/24736","targetHints":{"allow":["GET"]}}],"collection":[{"href":"https:\/\/cliente1.publisher.highstack.com.ar\/index.php?rest_route=\/wp\/v2\/posts"}],"about":[{"href":"https:\/\/cliente1.publisher.highstack.com.ar\/index.php?rest_route=\/wp\/v2\/types\/post"}],"author":[{"embeddable":true,"href":"https:\/\/cliente1.publisher.highstack.com.ar\/index.php?rest_route=\/wp\/v2\/users\/1"}],"replies":[{"embeddable":true,"href":"https:\/\/cliente1.publisher.highstack.com.ar\/index.php?rest_route=%2Fwp%2Fv2%2Fcomments&post=24736"}],"version-history":[{"count":0,"href":"https:\/\/cliente1.publisher.highstack.com.ar\/index.php?rest_route=\/wp\/v2\/posts\/24736\/revisions"}],"wp:featuredmedia":[{"embeddable":true,"href":"https:\/\/cliente1.publisher.highstack.com.ar\/index.php?rest_route=\/wp\/v2\/media\/24737"}],"wp:attachment":[{"href":"https:\/\/cliente1.publisher.highstack.com.ar\/index.php?rest_route=%2Fwp%2Fv2%2Fmedia&parent=24736"}],"wp:term":[{"taxonomy":"category","embeddable":true,"href":"https:\/\/cliente1.publisher.highstack.com.ar\/index.php?rest_route=%2Fwp%2Fv2%2Fcategories&post=24736"},{"taxonomy":"post_tag","embeddable":true,"href":"https:\/\/cliente1.publisher.highstack.com.ar\/index.php?rest_route=%2Fwp%2Fv2%2Ftags&post=24736"}],"curies":[{"name":"wp","href":"https:\/\/api.w.org\/{rel}","templated":true}]}}