{"id":24724,"date":"2026-09-02T15:06:55","date_gmt":"2026-09-02T18:06:55","guid":{"rendered":"https:\/\/cliente1.publisher.highstack.com.ar\/?p=24724"},"modified":"2026-09-02T15:06:55","modified_gmt":"2026-09-02T18:06:55","slug":"hallaron-a-un-hombre-muerto-en-barrio-parana-xiv-e-investigan-una-muerte-dudosa","status":"publish","type":"post","link":"https:\/\/cliente1.publisher.highstack.com.ar\/?p=24724","title":{"rendered":"Hallaron a un hombre muerto en barrio Paran\u00e1 XIV e investigan una \u201cmuerte dudosa\u201d"},"content":{"rendered":"<p><\/p>\n<div>\n<p>Un <b>hombre de 61 a\u00f1os fue hallado muerto en barrio Paran\u00e1 XIV<\/b>, en la capital entrerriana, y la Justicia inici\u00f3 una investigaci\u00f3n para determinar las circunstancias en las que se produjo el fallecimiento, seg\u00fan se confirm\u00f3 a Elonce. <\/p>\n<p><!-- is a <br \/>--><\/p>\n<p>\u00a0<\/p>\n<p><!-- is a <br \/>--><\/p>\n<p>El cuerpo fue encontrado en el interior de un departamento ubicado en inmediaciones de las calles Churruar\u00edn y G\u00fciraldes. Tras el hallazgo, personal policial acudi\u00f3 al lugar y se dio intervenci\u00f3n a la Divisi\u00f3n Homicidios. <\/p>\n<p><!-- is a <br \/>--><\/p>\n<p><!-- is a object --><br \/>\n<!-- embed start --><\/p>\n<figure class=\"embed\">\n<p>    <img decoding=\"async\" src=\"https:\/\/elonce-media.elonce.com\/fotos\/2026\/09\/02\/e_1788371724_60135.webp\" loading=\"lazy\" width=\"600\" height=\"400\" alt=\"\"\/><\/p>\n<\/figure>\n<p><!-- embed end --><br \/>\n<!-- end object --><\/p>\n<p>Fuentes vinculadas a la investigaci\u00f3n se\u00f1alaron a Elonce que el hecho fue inicialmente calificado como una <b>\u201cmuerte dudosa\u201d<\/b>. Si bien trascendieron versiones sobre una posible muerte violenta, esa circunstancia no hab\u00eda sido confirmada oficialmente. <\/p>\n<p><!-- is a <br \/>--><\/p>\n<p>\u00a0<\/p>\n<p><!-- is a <br \/>--><\/p>\n<p><!-- is a object --><\/p>\n<h2>Investigaci\u00f3n en el lugar<\/h2>\n<p><!-- end object --><\/p>\n<p>\u00a0<\/p>\n<p><!-- is a <br \/>--><\/p>\n<p>El fiscal Pereyra intervino en la causa y trabaja junto con los investigadores para determinar c\u00f3mo ocurri\u00f3 el deceso. Familiares del hombre tambi\u00e9n se encontraban en el lugar mientras avanzaban las actuaciones correspondientes. <\/p>\n<p><!-- is a <br \/>--><\/p>\n<p><!-- is a object --><br \/>\n<!-- embed start --><\/p>\n<figure class=\"embed\">\n<p>    <img decoding=\"async\" src=\"https:\/\/elonce-media.elonce.com\/fotos\/2026\/09\/02\/e_1788371724_80958.webp\" loading=\"lazy\" width=\"600\" height=\"400\" alt=\"\"\/><\/p>\n<\/figure>\n<p><!-- embed end --><br \/>\n<!-- end object --><\/p>\n<p>Las pericias y dem\u00e1s medidas dispuestas por la Justicia buscar\u00e1n establecer las causas de la muerte y determinar si existi\u00f3 intervenci\u00f3n de terceros. <\/p>\n<p><!-- is a <br \/>--><\/p>\n<p>\u00a0<\/p>\n<p><!-- is a <br \/>--><\/p>\n<p><i>En desarrollo&#8230;<\/i> <\/p>\n<p><!-- is a <br \/>--><\/p>\n<p>\u00a0<\/p>\n<p><!-- is a <br \/>--><\/p>\n<p><!-- is a object --><br \/>\n<!-- embed start --><\/p>\n<div class=\"embed embed-video\">\n<p>\n            <iframe loading=\"lazy\" title=\"Investigan el hallazgo de una persona sin vida en barrio Paran\u00e1 XIV - Elonce\" width=\"500\" height=\"281\" src=\"https:\/\/www.youtube.com\/embed\/-4EvDBZbVBk?feature=oembed\" frameborder=\"0\" allow=\"accelerometer; autoplay; clipboard-write; encrypted-media; gyroscope; picture-in-picture; web-share\" referrerpolicy=\"strict-origin-when-cross-origin\" allowfullscreen><\/iframe>\n        <\/p>\n<p>\n                <span>Investigan el hallazgo de una persona sin vida en barrio Paran\u00e1 XIV<\/span>\n            <\/p>\n<\/p><\/div>\n<p><!-- embed end --><br \/>\n<!-- end object --><\/p><\/div>\n","protected":false},"excerpt":{"rendered":"<p>Un hombre de 61 a\u00f1os fue hallado muerto en barrio Paran\u00e1 XIV, en la capital entrerriana, y la Justicia inici\u00f3 una investigaci\u00f3n para determinar las circunstancias en las que se produjo el fallecimiento, seg\u00fan se confirm\u00f3 a Elonce. \u00a0 El cuerpo fue encontrado en el interior de un departamento ubicado en inmediaciones de las calles [&hellip;]<\/p>\n","protected":false},"author":1,"featured_media":24725,"comment_status":"open","ping_status":"open","sticky":false,"template":"","format":"standard","meta":{"footnotes":""},"categories":[1],"tags":[],"class_list":["post-24724","post","type-post","status-publish","format-standard","has-post-thumbnail","hentry","category-uncategorized"],"_links":{"self":[{"href":"https:\/\/cliente1.publisher.highstack.com.ar\/index.php?rest_route=\/wp\/v2\/posts\/24724","targetHints":{"allow":["GET"]}}],"collection":[{"href":"https:\/\/cliente1.publisher.highstack.com.ar\/index.php?rest_route=\/wp\/v2\/posts"}],"about":[{"href":"https:\/\/cliente1.publisher.highstack.com.ar\/index.php?rest_route=\/wp\/v2\/types\/post"}],"author":[{"embeddable":true,"href":"https:\/\/cliente1.publisher.highstack.com.ar\/index.php?rest_route=\/wp\/v2\/users\/1"}],"replies":[{"embeddable":true,"href":"https:\/\/cliente1.publisher.highstack.com.ar\/index.php?rest_route=%2Fwp%2Fv2%2Fcomments&post=24724"}],"version-history":[{"count":0,"href":"https:\/\/cliente1.publisher.highstack.com.ar\/index.php?rest_route=\/wp\/v2\/posts\/24724\/revisions"}],"wp:featuredmedia":[{"embeddable":true,"href":"https:\/\/cliente1.publisher.highstack.com.ar\/index.php?rest_route=\/wp\/v2\/media\/24725"}],"wp:attachment":[{"href":"https:\/\/cliente1.publisher.highstack.com.ar\/index.php?rest_route=%2Fwp%2Fv2%2Fmedia&parent=24724"}],"wp:term":[{"taxonomy":"category","embeddable":true,"href":"https:\/\/cliente1.publisher.highstack.com.ar\/index.php?rest_route=%2Fwp%2Fv2%2Fcategories&post=24724"},{"taxonomy":"post_tag","embeddable":true,"href":"https:\/\/cliente1.publisher.highstack.com.ar\/index.php?rest_route=%2Fwp%2Fv2%2Ftags&post=24724"}],"curies":[{"name":"wp","href":"https:\/\/api.w.org\/{rel}","templated":true}]}}