{"id":24722,"date":"2026-09-02T14:39:40","date_gmt":"2026-09-02T17:39:40","guid":{"rendered":"https:\/\/cliente1.publisher.highstack.com.ar\/?p=24722"},"modified":"2026-09-02T14:39:40","modified_gmt":"2026-09-02T17:39:40","slug":"uruguay-confirma-que-va-a-relocalizar-la-planta-de-hidrogeno-verde-que-era-rechazada-por-la-argentina","status":"publish","type":"post","link":"https:\/\/cliente1.publisher.highstack.com.ar\/?p=24722","title":{"rendered":"Uruguay confirma que va a relocalizar la planta de hidr\u00f3geno verde que era rechazada por la Argentina"},"content":{"rendered":"<p> <br \/>\n<\/p>\n<div id=\"element-body-0\">\n<p>El canciller de Uruguay, Mario Lubetkin, confirm\u00f3 este mi\u00e9rcoles que el presidente Yamand\u00fa Orsi dispuso &#8220;relocalizar&#8221; la planta de hidr\u00f3geno verde que la empresa HIF Global planeaba instalar en la localidad de Paysand\u00fa, frente a la entrerriana de Col\u00f3n, lo que gener\u00f3 un reclamo ante la justicia argentina.<\/p>\n<\/div>\n<div id=\"element-body-1\">\n<p>Lubetkin hizo el anuncio poco antes de una conferencia de prensa junto al canciller Pablo Quirno, quienes participan en Montevideo de una reuni\u00f3n de cancilleres del Mercosur.<\/p>\n<\/div>\n<div id=\"element-body-2\">\n<p><strong>&#8220;El presidente de la Rep\u00fablica nos dio instrucciones precisas para relocalizar esa planta&#8221;,<\/strong> sostuvo el ministro uruguayo ante la prensa y destac\u00f3 que ambas partes est\u00e1n &#8220;haciendo esfuerzos grandes para ser muy concretos y no hablar tanto&#8221; y para &#8220;evitar todo tipo de problemas&#8221;.<\/p>\n<\/div>\n<div id=\"element-body-3\">\n<p>Y, a\u00f1adi\u00f3 que se recibieron solicitudes del canciller argentino y de autoridades de Entre R\u00edos y Col\u00f3n para evitar <strong>&#8220;la contaminaci\u00f3n visual&#8221; <\/strong>que representar\u00eda la instalaci\u00f3n de esta planta.<\/p>\n<\/div>\n<div id=\"element-body-4\">\n<p>&#13;<br \/>\nCon una inversi\u00f3n total prevista de 5.385 millones de d\u00f3lares, estaba previsto que el proyecto de HIF se instalara a 15 kil\u00f3metros de Paysand\u00fa y a tres kil\u00f3metros de la costa de Col\u00f3n e incluyera un parque de energ\u00eda solar, uno e\u00f3lico y una planta para producir hasta 876.000 toneladas de metanol por a\u00f1o a partir de hidr\u00f3geno verde. <\/p>\n<\/div>\n<div id=\"element-body-5\">\n<p>&#13;<br \/>\nSeg\u00fan datos de HIF, el proceso de obtenci\u00f3n de la autorizaci\u00f3n ambiental por parte de Uruguay se inici\u00f3 en el primer trimestre de 2024; en el cuarto trimestre de 2025 se obtuvo la viabilidad ambiental de ubicaci\u00f3n (VAL); y el pasado 13 de marzo la empresa present\u00f3 ante el Ministerio de Ambiente de Uruguay la solicitud de autorizaci\u00f3n ambiental previa de la planta de combustibles.<\/p>\n<\/div>\n<div id=\"element-body-6\">\n<p>La demanda que se tramita en tribunales argentinos fue presentada el pasado 12 de marzo por los diputados nacionales Guillermo Michel y Marianela Marclay y el senador nacional Ad\u00e1n Bahl, de la provincia argentina de Entre R\u00edos, fronteriza con Uruguay. Se trata de una demanda civil de prevenci\u00f3n de da\u00f1os y perjuicios.<\/p>\n<\/div>\n<div id=\"element-body-7\">\n<p><em>Noticia en desarrollo &#8230; con informaci\u00f3n de EFE<\/em><\/p>\n<\/div>\n","protected":false},"excerpt":{"rendered":"<p>El canciller de Uruguay, Mario Lubetkin, confirm\u00f3 este mi\u00e9rcoles que el presidente Yamand\u00fa Orsi dispuso &#8220;relocalizar&#8221; la planta de hidr\u00f3geno verde que la empresa HIF Global planeaba instalar en la localidad de Paysand\u00fa, frente a la entrerriana de Col\u00f3n, lo que gener\u00f3 un reclamo ante la justicia argentina. Lubetkin hizo el anuncio poco antes de [&hellip;]<\/p>\n","protected":false},"author":1,"featured_media":24723,"comment_status":"open","ping_status":"open","sticky":false,"template":"","format":"standard","meta":{"footnotes":""},"categories":[1],"tags":[108,4,2247,2],"class_list":["post-24722","post","type-post","status-publish","format-standard","has-post-thumbnail","hentry","category-uncategorized","tag-adan-bahl","tag-entre-rios","tag-entrerriana","tag-guillermo-michel"],"_links":{"self":[{"href":"https:\/\/cliente1.publisher.highstack.com.ar\/index.php?rest_route=\/wp\/v2\/posts\/24722","targetHints":{"allow":["GET"]}}],"collection":[{"href":"https:\/\/cliente1.publisher.highstack.com.ar\/index.php?rest_route=\/wp\/v2\/posts"}],"about":[{"href":"https:\/\/cliente1.publisher.highstack.com.ar\/index.php?rest_route=\/wp\/v2\/types\/post"}],"author":[{"embeddable":true,"href":"https:\/\/cliente1.publisher.highstack.com.ar\/index.php?rest_route=\/wp\/v2\/users\/1"}],"replies":[{"embeddable":true,"href":"https:\/\/cliente1.publisher.highstack.com.ar\/index.php?rest_route=%2Fwp%2Fv2%2Fcomments&post=24722"}],"version-history":[{"count":0,"href":"https:\/\/cliente1.publisher.highstack.com.ar\/index.php?rest_route=\/wp\/v2\/posts\/24722\/revisions"}],"wp:featuredmedia":[{"embeddable":true,"href":"https:\/\/cliente1.publisher.highstack.com.ar\/index.php?rest_route=\/wp\/v2\/media\/24723"}],"wp:attachment":[{"href":"https:\/\/cliente1.publisher.highstack.com.ar\/index.php?rest_route=%2Fwp%2Fv2%2Fmedia&parent=24722"}],"wp:term":[{"taxonomy":"category","embeddable":true,"href":"https:\/\/cliente1.publisher.highstack.com.ar\/index.php?rest_route=%2Fwp%2Fv2%2Fcategories&post=24722"},{"taxonomy":"post_tag","embeddable":true,"href":"https:\/\/cliente1.publisher.highstack.com.ar\/index.php?rest_route=%2Fwp%2Fv2%2Ftags&post=24722"}],"curies":[{"name":"wp","href":"https:\/\/api.w.org\/{rel}","templated":true}]}}