{"id":24719,"date":"2026-09-02T14:36:22","date_gmt":"2026-09-02T17:36:22","guid":{"rendered":"https:\/\/cliente1.publisher.highstack.com.ar\/?p=24719"},"modified":"2026-09-02T14:36:24","modified_gmt":"2026-09-02T17:36:24","slug":"en-medio-de-las-negociaciones-con-lla-el-pro-advierte-por-el-desempleo-y-la-situacion-de-las-provincias","status":"publish","type":"post","link":"https:\/\/cliente1.publisher.highstack.com.ar\/?p=24719","title":{"rendered":"En medio de las negociaciones con LLA, el PRO advierte por el desempleo y la situaci\u00f3n de las provincias"},"content":{"rendered":"<p><\/p>\n<div id=\"\">\n<p id=\"p-1788366050278-52251\">Como es habitual, la escuder\u00eda fundada por <strong>Mauricio Macri<\/strong> sent\u00f3 posici\u00f3n sobre la coyuntura a trav\u00e9s del informe mensual de la Fundaci\u00f3n Pensar. El mismo se titula &#8220;Una Argentina partida&#8221; y aborda distintos componentes econ\u00f3micos, con eje en la situaci\u00f3n laboral de las jurisdicciones subnacionales, definiendo las ganadoras y las perdedoras de modelo libertario.<\/p>\n<\/div>\n<div id=\"\">\n<p id=\"p-1788366050278-71202\">Al respecto, pone el acento en que, a mayo de 2026, el pa\u00eds registraba aproximadamente 241.000 asalariados privados registrados menos que en noviembre de 2023, una ca\u00edda del 3,8% y que solamente <strong>Neuqu\u00e9n <\/strong>(+7,6%), <strong>R\u00edo Negro<\/strong> (+3,4%) y <strong>San Juan<\/strong> (+0,4%) hab\u00edan logrado superar los niveles de empleo privado registrados al inicio del per\u00edodo.<\/p>\n<\/div>\n<div id=\"\">\n<p id=\"p-1788366050278-7187\">En la misma t\u00f3nica, se\u00f1ala que la actividad econ\u00f3mica presenta una fractura similar, ya que en 2024 solamente cinco jurisdicciones registraron crecimiento: <strong>Neuqu\u00e9n <\/strong>(+11,3%), <strong>C\u00f3rdoba <\/strong>(+4,5%), <strong>Santa Fe<\/strong> (+3,1%), <strong>Entre R\u00edos<\/strong> (+0,4%) y <strong>La Pampa<\/strong> (+0,4%). En el otro extremo se ubicaron <strong>Tierra del Fuego<\/strong> (-13,1%), <strong>Formosa <\/strong>(-12,9%), <strong>Jujuy <\/strong>(-9,5%), <strong>San Luis<\/strong> (-8,8%) y <strong>Chaco <\/strong>(-6,3%).<\/p>\n<\/div>\n<div id=\"\">\n<div contenteditable=\"false\" class=\"embed_cont type_imagen\" id=\"8268117-Libre-472204467_wrap\">\n<div id=\"8268117-Libre-472204467_content\" class=\"embed_content\"><img decoding=\"async\" fetchpriority=\"low\" loading=\"lazy\" alt=\"Vaca Muerta, el motor del crecimiento neuquino.\" title=\"Vaca Muerta, el motor del crecimiento neuquino.\" width=\"730\" height=\"undefined\" id=\"8268117-Libre-472204467_embed\"\/><\/div>\n<div class=\"embed_wrapper-cont\" id=\"p-1788367364029-54615\">\n<div id=\"8268117-Libre-472204467_epigrafe\" class=\"embed_epigrafe\">\n<p id=\"p-1788368410938-95634\">Vaca Muerta, el motor del crecimiento neuquino.<\/p>\n<\/div><\/div>\n<\/p><\/div>\n<p id=\"p-1788366137052-86522\">De acuerdo al informe de Pensar, los casos fueguino y santacruce\u00f1o son los que revisten mayores se\u00f1ales de alerta, ya que conservan indicadores relativamente altos en algunas dimensiones, &#8220;pero muestran <strong>una trayectoria negativa en actividad, empleo, situaci\u00f3n fiscal o seguridad&#8221;.<\/strong> Por el contrario, reporta mejoras sociales &#8220;importantes&#8221; en varias provincias del Norte, que todav\u00eda conviven &#8220;con una baja densidad empresarial y escaso empleo privado formal&#8221;.<\/p>\n<p id=\"p-1788366050278-87816\">&#8220;Las provincias del centro rural y de la regi\u00f3n cordillerana se posicionan como las <strong>mejor ubicadas para capturar los beneficios incipientes.<\/strong> En contraste, los grandes centros urbanos (GBA, C\u00f3rdoba y Santa Fe), m\u00e1s dependientes del mercado interno, <strong>enfrentan un escenario menos favorable<\/strong>&#8220;, subraya el documento. Se\u00f1ala, adem\u00e1s, que el nuevo mapa productivo encuentra realidades muy diferentes<strong>: &#8220;La informalidad alcanza el 60% del empleo en Tucum\u00e1n y San Juan, el 56% en Formosa, el 55% en Santiago del Estero y el 53% en Corrientes&#8221;.<\/strong><\/p>\n<p id=\"p-1788366206945-16482\">Acto seguido, detalla que las provincias con mayor peso de los sectores pujantes se encuentran en una &#8220;situaci\u00f3n m\u00e1s ventajosa&#8221;, debido a que el mayor <strong>dinamismo productivo se traduce en m\u00e1s recaudaci\u00f3n de tributos propios y regal\u00edas<\/strong> (los ingresos de Neuqu\u00e9n aumentaron 9% real en el \u00faltimo a\u00f1o, vs 1% las provincias en su conjunto). Y completa: &#8220;A esto se suma que las inversiones aprobadas bajo el RIGI se concentran en las provincias con mejores perspectivas, profundizando la divergencia&#8221;.<\/p>\n<p id=\"p-1788368623006-39475\">Por otra parte, los datos arrojan una importante dispersi\u00f3n en el achicamiento del gasto. San Luis redujo el gasto real 28%, Catamarca y La Rioja 21%, Salta y San Juan 16%, Buenos Aires 15% y Mendoza 14%. En sentido contrario, <strong>Neuqu\u00e9n aument\u00f3 16%, Chubut 5% y CABA 3%.<\/strong> Entre Neuqu\u00e9n y San Luis hay 44 puntos porcentuales de diferencia en la estrategia de gasto. El consolidado cay\u00f3 alrededor de 12%.<\/p>\n<div contenteditable=\"false\" class=\"embed_cont type_imagen\" id=\"8273014-Libre-459852797_wrap\">\n<div id=\"8273014-Libre-459852797_content\" class=\"embed_content\"><img decoding=\"async\" fetchpriority=\"low\" loading=\"lazy\" alt=\"\" title=\"\" width=\"730\" height=\"undefined\" id=\"8273014-Libre-459852797_embed\"\/><\/div>\n<\/p><\/div>\n<h2 id=\"p-1788366050278-45148\">Ganadores y perdedores<\/h2>\n<p id=\"p-1788366050278-2153\">Pensar destaca que <strong>C\u00f3rdoba <\/strong>es la jurisdicci\u00f3n con la combinaci\u00f3n m\u00e1s equilibrada entre crecimiento, situaci\u00f3n fiscal, educaci\u00f3n y evoluci\u00f3n social, mientras que <strong>CABA <\/strong>sobresale como &#8220;el caso de mayor fortaleza estructural del pa\u00eds&#8221;.<\/p>\n<p id=\"p-1788366276335-54384\">Asimismo, <strong>R\u00edo Negro<\/strong> se consolida como un nuevo polo de inversi\u00f3n y empleo y <strong>San Juan<\/strong> aparece como una de las provincias con mayor potencial de transformaci\u00f3n por el desarrollo minero, la creaci\u00f3n de empleo privado y la mejora de sus indicadores educativos. <strong>Santa Fe, <\/strong>por su parte, muestra una recuperaci\u00f3n productiva y social significativa.<\/p>\n<p id=\"p-1788366050278-7934\"><strong>Entre R\u00edos<\/strong>, afirma, presenta una trayectoria de avance moderado pero consistente, ya que fue una de las \u00fanicas cinco jurisdicciones que lograron crecer en 2024. Por \u00faltimo, <strong>Chubut conserva una de las bases econ\u00f3micas y sociales &#8220;m\u00e1s fuertes del interior del pa\u00eds&#8221;. <\/strong><\/p>\n<div contenteditable=\"false\" class=\"embed_cont type_imagen\" id=\"8273011-Libre-1877687601_wrap\" style=\"opacity:1;height:auto;\">\n<div id=\"8273011-Libre-1877687601_content\" class=\"embed_content\"> <img decoding=\"async\" fetchpriority=\"low\" loading=\"lazy\" alt=\"\" title=\"\" width=\"730\" height=\"undefined\" id=\"8273011-Libre-1877687601_embed\"\/><\/div>\n<\/p><\/div>\n<p id=\"p-1788366050278-46279\">M\u00e1s all\u00e1 de los datos, el informe pone en valor a los gobernadores de la escuder\u00eda amarilla: <strong>Rogelio Frigerio<\/strong> (Entre R\u00edos), <strong>Ignacio Torres<\/strong> (Chubut) y <strong>Jorge Macri<\/strong> (CABA), tres caciques que el a\u00f1o pr\u00f3ximo intentar\u00e1n defender sus terru\u00f1os y que deber\u00e1n definir si cierran filas con La Libertad Avanza (LLA) o juegan de manera aut\u00f3noma.<\/p>\n<p id=\"p-1788366050278-96749\">Por el contrario, el trabajo remarca a <strong>San Luis<\/strong> y a <strong>Formosa <\/strong>como casos de orden en las cuentas p\u00fablicas pero sin un crecimiento acorde, consecuencia de la falta de una base privada o productiva que acelere la expansi\u00f3n. A la par, identifica a <strong data-path-to-node=\"14,5,0,0\" data-index-in-node=\"25\">Chaco, Corrientes, Tucum\u00e1n, Misiones, Santiago del Estero y La Rioja <\/strong>como &#8220;atrapadas en una baj\u00edsima densidad empresarial (pocas empresas por habitante) y alta informalidad laboral&#8221;.<\/p>\n<h2 id=\"p-1788366050278-50571\">Presi\u00f3n a La Libertad Avanza<\/h2>\n<p id=\"p-1788366050278-60887\">El informe amarillo llega en plenas <strong>negociaciones entre La Libertad Avanza y la escuder\u00eda de Mauricio Macri<\/strong>. Semanas atr\u00e1s, las partes conformaron una mesa de di\u00e1logo que se re\u00fane cada 15 d\u00edas en la Casa Rosada. La parte violeta es representada por <strong>Mart\u00edn <\/strong>y <strong>Eduardo &#8220;Lule&#8221; Menem<\/strong>, mientras que el macrismo tiene como interlocutores a <strong>Cristian Ritondo<\/strong> y <strong>Fernando de Andreis. Diego Santilli<\/strong>, en tanto, oficia como el nexo y maestro de ceremonias.<\/p>\n<p id=\"p-1788366050278-97629\">El objetivo de las conversaciones es acercar posiciones con miras a un acuerdo electoral nacional para el 2027. El oficialismo tiene como norte la reelecci\u00f3n de Javier Milei, mientras que en el PRO coquetean con una candidatura del exministro de Econom\u00eda Hern\u00e1n Lacunza, quien ya anticip\u00f3 sus intenciones de competir. Por ahora, <strong>se lee como un elemento de negociaci\u00f3n para presionar al oficialismo. <\/strong><\/p>\n<p id=\"p-1788366050278-3402\">Para sellar un acuerdo, en los cuarteles macristas pretenden respeto y apoyo a los gobernadores amarillos: <strong>Rogelio Frigerio,<\/strong> <strong>Ignacio Torres y Jorge Macri, todos con posibilidad de reelecci\u00f3n<\/strong>. Buscan, adem\u00e1s, licuar el poder de Karina Milei para administrar la lapicera y tener incidencia en las decisiones centrales. Frigerio y Macri (Jorge) cerraron filas con los violetas en 2025, mientras que Torres es uno de los apuntados para hacerlo el a\u00f1o pr\u00f3ximo.<\/p>\n<div contenteditable=\"false\" class=\"embed_cont type_imagen\" id=\"8267050-Libre-1369628929_wrap\" style=\"opacity:1;height:auto;\">\n<div id=\"8267050-Libre-1369628929_content\" class=\"embed_content\"><img decoding=\"async\" fetchpriority=\"low\" loading=\"lazy\" alt=\"Pilar Ram\u00edrez y Karina Milei, en una recorrida por CABA.\" title=\"Pilar Ram\u00edrez y Karina Milei, en una recorrida por CABA.\" width=\"730\" height=\"undefined\" id=\"8267050-Libre-1369628929_embed\"\/><\/div>\n<div class=\"embed_wrapper-cont\" id=\"p-1788367313093-34684\">\n<div id=\"8267050-Libre-1369628929_epigrafe\" class=\"embed_epigrafe\">\n<p id=\"p-1788367313093-83819\">Pilar Ram\u00edrez y Karina Milei, en una recorrida por CABA.<\/p>\n<\/div>\n<p>La Libertad Avanza<\/p>\n<\/div><\/div>\n<p id=\"p-1788366050278-56183\">El chubutense ya condicion\u00f3 una eventual confluencia. &#8220;<strong>El rejunte no tiene ning\u00fan tipo de sentido si es solo para ganar una elecci\u00f3n&#8221;,<\/strong> advirti\u00f3. Se descuenta que las escuder\u00edas revalidar\u00e1n las alianzas de octubre pasado, con especial \u00e9nfasis en la provincia de Buenos Aires. Por el contrario, el tablero porte\u00f1o es uno de los m\u00e1s complejos. El primo del expresidente aspira a buscar un nuevo mandato, pero los hermanos Milei tienen otros planes, que ni siquiera la ca\u00edda en desgracia de Manuel Adorni parece trastocar.<\/p>\n<p id=\"p-1788366050278-41045\">La titular de la bancada de LLA en la Legislatura, <strong>Pilar Ram\u00edrez<\/strong>, y hasta la senadora <strong>Patricia Bullrich<\/strong> son algunos de los nombres que barajan en la Casa Rosada para disputar la Capital Federal. Macri viene atendiendo la agenda violeta como un gesto para acercar posiciones. La marca presidencial lanz\u00f3 recorridas por CABA que involucran a funcionarios de primera l\u00ednea, como Luis Caputo, Santilli y la propia secretaria general de la Presidencia. Como mucho de lo que pasa en el Gobierno, el acercamiento con el oficialismo de la Ciudad depender\u00e1 de la voluntad de Javier y Karina Milei.<\/p>\n<\/div>\n<p><script>\n!function(f,b,e,v,n,t,s)\n{if(f.fbq)return;n=f.fbq=function(){n.callMethod?\nn.callMethod.apply(n,arguments):n.queue.push(arguments)};\nif(!f._fbq)f._fbq=n;n.push=n;n.loaded=!0;n.version='2.0';\nn.queue=[];t=b.createElement(e);t.async=!0;\nt.src=v;s=b.getElementsByTagName(e)[0];\ns.parentNode.insertBefore(t,s)}(window,document,'script',\n'\nfbq('init', '2047048335588113');\nfbq('track', 'PageView');\n<\/script><\/p>\n","protected":false},"excerpt":{"rendered":"<p>Como es habitual, la escuder\u00eda fundada por Mauricio Macri sent\u00f3 posici\u00f3n sobre la coyuntura a trav\u00e9s del informe mensual de la Fundaci\u00f3n Pensar. El mismo se titula &#8220;Una Argentina partida&#8221; y aborda distintos componentes econ\u00f3micos, con eje en la situaci\u00f3n laboral de las jurisdicciones subnacionales, definiendo las ganadoras y las perdedoras de modelo libertario. Al [&hellip;]<\/p>\n","protected":false},"author":1,"featured_media":24720,"comment_status":"open","ping_status":"open","sticky":false,"template":"","format":"standard","meta":{"footnotes":""},"categories":[1],"tags":[4,3],"class_list":["post-24719","post","type-post","status-publish","format-standard","has-post-thumbnail","hentry","category-uncategorized","tag-entre-rios","tag-rogelio-frigerio"],"_links":{"self":[{"href":"https:\/\/cliente1.publisher.highstack.com.ar\/index.php?rest_route=\/wp\/v2\/posts\/24719","targetHints":{"allow":["GET"]}}],"collection":[{"href":"https:\/\/cliente1.publisher.highstack.com.ar\/index.php?rest_route=\/wp\/v2\/posts"}],"about":[{"href":"https:\/\/cliente1.publisher.highstack.com.ar\/index.php?rest_route=\/wp\/v2\/types\/post"}],"author":[{"embeddable":true,"href":"https:\/\/cliente1.publisher.highstack.com.ar\/index.php?rest_route=\/wp\/v2\/users\/1"}],"replies":[{"embeddable":true,"href":"https:\/\/cliente1.publisher.highstack.com.ar\/index.php?rest_route=%2Fwp%2Fv2%2Fcomments&post=24719"}],"version-history":[{"count":1,"href":"https:\/\/cliente1.publisher.highstack.com.ar\/index.php?rest_route=\/wp\/v2\/posts\/24719\/revisions"}],"predecessor-version":[{"id":24721,"href":"https:\/\/cliente1.publisher.highstack.com.ar\/index.php?rest_route=\/wp\/v2\/posts\/24719\/revisions\/24721"}],"wp:featuredmedia":[{"embeddable":true,"href":"https:\/\/cliente1.publisher.highstack.com.ar\/index.php?rest_route=\/wp\/v2\/media\/24720"}],"wp:attachment":[{"href":"https:\/\/cliente1.publisher.highstack.com.ar\/index.php?rest_route=%2Fwp%2Fv2%2Fmedia&parent=24719"}],"wp:term":[{"taxonomy":"category","embeddable":true,"href":"https:\/\/cliente1.publisher.highstack.com.ar\/index.php?rest_route=%2Fwp%2Fv2%2Fcategories&post=24719"},{"taxonomy":"post_tag","embeddable":true,"href":"https:\/\/cliente1.publisher.highstack.com.ar\/index.php?rest_route=%2Fwp%2Fv2%2Ftags&post=24719"}],"curies":[{"name":"wp","href":"https:\/\/api.w.org\/{rel}","templated":true}]}}