{"id":24717,"date":"2026-09-02T14:36:20","date_gmt":"2026-09-02T17:36:20","guid":{"rendered":"https:\/\/cliente1.publisher.highstack.com.ar\/?p=24717"},"modified":"2026-09-02T14:36:20","modified_gmt":"2026-09-02T17:36:20","slug":"chile-prepara-una-demostracion-militar-en-magallanes-en-plena-tension-con-la-argentina","status":"publish","type":"post","link":"https:\/\/cliente1.publisher.highstack.com.ar\/?p=24717","title":{"rendered":"Chile prepara una demostraci\u00f3n militar en Magallanes en plena tensi\u00f3n con la Argentina"},"content":{"rendered":"<div id=\"\">\n<p id=\"p-1788367499811-49175\" data-start=\"829\" data-end=\"1173\">Kast estar\u00e1 a bordo de la fragata <strong data-start=\"863\" data-end=\"879\">Capit\u00e1n Prat<\/strong>, acompa\u00f1ado por los ministros del Interior, Claudio Alvarado, y de Defensa, Fernando Barros, adem\u00e1s del comandante en jefe de la Armada, almirante Fernando Cabrera. Desde all\u00ed supervisar\u00e1 ejercicios destinados a <strong data-start=\"1092\" data-end=\"1172\">evaluar la capacidad de respuesta de las fuerzas chilenas en la Zona Austral<\/strong>.<\/p>\n<\/div>\n<div id=\"\">\n<h2 id=\"p-1788367499811-25287\" data-section-id=\"1m3h3w6\" data-start=\"1175\" data-end=\"1223\"> C\u00f3mo ser\u00e1n las maniobras de la Armada chilena<\/h2>\n<p id=\"p-1788367499811-16409\" data-start=\"1225\" data-end=\"1470\">El operativo estar\u00e1 dividido en <strong data-start=\"1257\" data-end=\"1274\">cuatro etapas<\/strong> y pondr\u00e1 a prueba distintas capacidades de la Armada chilena. La primera consistir\u00e1 en la simulaci\u00f3n de un suceso cr\u00edtico con participaci\u00f3n de un submarino, dentro de una operaci\u00f3n antisubmarina.<\/p>\n<\/div>\n<div id=\"\">\n<p id=\"p-1788368157873-42979\" data-start=\"1472\" data-end=\"1688\">La segunda fase ser\u00e1 una <strong data-start=\"1497\" data-end=\"1535\">operaci\u00f3n de interdicci\u00f3n mar\u00edtima<\/strong>, que contempla el abordaje de una embarcaci\u00f3n. Para realizarla, personal especializado ser\u00e1 trasladado desde un helic\u00f3ptero hasta el remolcador Lientur.<\/p>\n<\/div>\n<div id=\"\">\n<div contenteditable=\"false\" class=\"embed_cont type_imagen\" id=\"8197261-Libre-1158771559_wrap\">\n<div id=\"8197261-Libre-1158771559_content\" class=\"embed_content\"><img src=\"https:\/\/media.ambito.com\/p\/dc0011fec060f97a6cc68d14c179e665\/adjuntos\/239\/imagenes\/043\/222\/0043222005\/730x0\/smart\/jose-antonio-kast.webp\" decoding=\"async\" fetchpriority=\"low\" loading=\"lazy\" alt=\"Jos\u00e9 Antonio Kast supervisar\u00e1 maniobras navales en la Zona Austral junto a autoridades civiles y militares de su gobierno.\" title=\"Jos\u00e9 Antonio Kast supervisar\u00e1 maniobras navales en la Zona Austral junto a autoridades civiles y militares de su gobierno.\" width=\"730\" height=\"undefined\" id=\"8197261-Libre-1158771559_embed\"\/><\/div>\n<div class=\"embed_wrapper-cont\" id=\"p-1788368157873-8580\">\n<div id=\"8197261-Libre-1158771559_epigrafe\" class=\"embed_epigrafe\">\n<p id=\"p-1788368382530-76688\">Jos\u00e9 Antonio Kast supervisar\u00e1 maniobras navales en la Zona Austral junto a autoridades civiles y militares de su gobierno.<\/p>\n<\/div><\/div>\n<\/p><\/div>\n<p id=\"p-1788367499811-41823\" data-start=\"1690\" data-end=\"1881\">Luego se llevar\u00e1 adelante un ejercicio de <strong data-start=\"1732\" data-end=\"1765\">reaprovisionamiento en el mar<\/strong>, destinado a practicar la transferencia de combustible y suministros entre buques mientras se encuentran navegando.<\/p>\n<\/div>\n<div id=\"\">\n<p id=\"p-1788367499811-58736\" data-start=\"1883\" data-end=\"2131\">La \u00faltima etapa incluir\u00e1 una <strong data-start=\"1912\" data-end=\"1942\">demostraci\u00f3n de fuego real<\/strong>. La fragata Almirante Latorre efectuar\u00e1 disparos de artiller\u00eda naval contra blancos mar\u00edtimos o costeros, mientras que la Infanter\u00eda de Marina realizar\u00e1 una acci\u00f3n ofensiva durante el d\u00eda.<\/p>\n<h2 id=\"p-1788367499811-98699\" data-section-id=\"ox5fyq\" data-start=\"2133\" data-end=\"2178\">El conflicto por el estrecho de Magallanes<\/h2>\n<p id=\"p-1788367499811-3707\" data-start=\"2180\" data-end=\"2472\">El despliegue se produce despu\u00e9s de una nueva controversia entre <strong data-start=\"2245\" data-end=\"2318\">Chile y la Argentina por la soberan\u00eda sobre el estrecho de Magallanes<\/strong>. La disputa volvi\u00f3 a quedar en el centro de la agenda luego de que el jefe de la Fuerza A\u00e9rea Argentina, Gustavo Javier Valverde, cuestionara la soberan\u00eda chilena sobre ese paso estrat\u00e9gico.<\/p>\n<p id=\"p-1788367499811-41937\" data-start=\"2474\" data-end=\"2779\">Desde el gobierno de Javier Milei intentaron posteriormente reducir la tensi\u00f3n y calificaron esas declaraciones como <strong data-start=\"2591\" data-end=\"2608\">\u201cdesprolijas\u201d<\/strong>. Sin embargo, Santiago mantiene un reclamo pendiente relacionado con una normativa argentina que considera incompatible con su interpretaci\u00f3n de los acuerdos bilaterales.<\/p>\n<p id=\"p-1788367499811-94668\" data-start=\"2781\" data-end=\"3056\">El punto de conflicto es el <strong data-start=\"2809\" data-end=\"2839\">decreto argentino 457\/2021<\/strong>, firmado durante la presidencia de Alberto Fern\u00e1ndez. La norma establece que el estrecho de Magallanes y el mar de Drake constituyen un <strong data-start=\"2976\" data-end=\"3000\">\u201cespacio compartido\u201d<\/strong> que requiere \u201cexploraci\u00f3n, estudio y control conjunto\u201d.<\/p>\n<p id=\"p-1788367499811-63546\" data-start=\"3058\" data-end=\"3383\">Para Chile, esa definici\u00f3n contradice la interpretaci\u00f3n de los tratados que regulan la frontera y la navegaci\u00f3n en la regi\u00f3n. En marzo de 2025, <strong data-start=\"3202\" data-end=\"3249\">Milei se comprometi\u00f3 a modificar el decreto<\/strong> luego de reconocer que conten\u00eda un <strong data-start=\"3285\" data-end=\"3314\">\u201cerror de interpretaci\u00f3n\u201d<\/strong> de los acuerdos bilaterales. Sin embargo, el texto contin\u00faa vigente.<\/p>\n<h2 id=\"p-1788367499811-79704\" data-section-id=\"1ag6d3n\" data-start=\"3385\" data-end=\"3422\">Santiago espera una firma de Milei<\/h2>\n<p id=\"p-1788367499811-68925\" data-start=\"3424\" data-end=\"3660\">El ministro de Defensa chileno, Fernando Barros, afirm\u00f3 el martes que la cuesti\u00f3n estar\u00eda cerca de resolverse. En declaraciones a Radio Duna, asegur\u00f3 que <strong data-start=\"3578\" data-end=\"3628\">la Argentina ya tiene preparado un nuevo texto<\/strong> para que sea firmado por Milei.<\/p>\n<p id=\"p-1788367920850-80427\" data-start=\"3662\" data-end=\"3830\">\u201cDe un compromiso hemos pasado a un texto que se nos dice que est\u00e1 para la firma del presidente Milei. Por lo tanto, yo creo que ese tema est\u00e1 cerrado\u201d, sostuvo Barros.<\/p>\n<div contenteditable=\"false\" class=\"embed_cont type_imagen\" id=\"8177965-Libre-1674851136_wrap\">\n<div id=\"8177965-Libre-1674851136_content\" class=\"embed_content\"><img src=\"https:\/\/media.ambito.com\/p\/01d35ec01a1f75e302b4778e2164a076\/adjuntos\/239\/imagenes\/043\/113\/0043113850\/fernando-barros.jpeg?2026-01-21-08-54-35\" decoding=\"async\" fetchpriority=\"low\" loading=\"lazy\" alt=\"El ministro de Defensa de Chile, Fernando Barros, asegur\u00f3 que la Argentina ya tiene listo un nuevo texto para que Milei firme.\" title=\"El ministro de Defensa de Chile, Fernando Barros, asegur\u00f3 que la Argentina ya tiene listo un nuevo texto para que Milei firme.\" width=\"547\" height=\"460\" id=\"8177965-Libre-1674851136_embed\"\/><\/div>\n<div class=\"embed_wrapper-cont\" id=\"p-1788367920850-8263\">\n<div id=\"8177965-Libre-1674851136_epigrafe\" class=\"embed_epigrafe\">\n<p id=\"p-1788368012875-86253\">El ministro de Defensa de Chile, Fernando Barros, asegur\u00f3 que la Argentina ya tiene listo un nuevo texto para que Milei firme.<\/p>\n<\/div>\n<p>Bio Bio Chile<\/p>\n<\/div><\/div>\n<p id=\"p-1788367499811-85744\" data-start=\"3832\" data-end=\"4145\">El funcionario tambi\u00e9n cont\u00f3 que habl\u00f3 sobre el tema con su par argentino, el teniente general Carlos Alberto Presti, quien le habr\u00eda pedido <strong data-start=\"3973\" data-end=\"3988\">\u201cpaciencia\u201d<\/strong>. Seg\u00fan Barros, las autoridades argentinas reconocieron que las expresiones que generaron la \u00faltima controversia fueron producto de un error o una confusi\u00f3n.<\/p>\n<p id=\"p-1788367499811-99798\" data-start=\"4147\" data-end=\"4304\">\u201cCuando el ministro de Defensa y el comandante en jefe de la Armada (argentina) dicen que el Estrecho es chileno, se acab\u00f3 la discusi\u00f3n\u201d, afirm\u00f3 el ministro.<\/p>\n<p id=\"p-1788367499811-14890\" data-start=\"4306\" data-end=\"4464\">La cuesti\u00f3n podr\u00eda volver a aparecer este jueves, cuando <strong data-start=\"4363\" data-end=\"4386\">Milei viaje a Chile<\/strong> para participar del Foro de Madrid y mantener una reuni\u00f3n bilateral con Kast.<\/p>\n<h2 id=\"p-1788367499811-9080\" data-section-id=\"n6my7n\" data-start=\"4466\" data-end=\"4516\">Kast enfrenta adem\u00e1s una ca\u00edda en su aprobaci\u00f3n<\/h2>\n<p id=\"p-1788367499811-84482\" data-start=\"4518\" data-end=\"4811\">El despliegue militar ocurre, adem\u00e1s, mientras <strong data-start=\"4565\" data-end=\"4622\">Kast atraviesa un per\u00edodo de menor respaldo ciudadano<\/strong> respecto del comienzo de su gesti\u00f3n. Las encuestas registraron un deterioro de su aprobaci\u00f3n desde marzo y una mayor distancia entre quienes apoyan y quienes desaprueban su administraci\u00f3n.<\/p>\n<p id=\"p-1788367499811-86498\" data-start=\"4813\" data-end=\"5062\">En julio, la consultora Cadem ubic\u00f3 la aprobaci\u00f3n presidencial en <strong data-start=\"4879\" data-end=\"4886\">38%<\/strong>, frente a un 58% de desaprobaci\u00f3n. Otras mediciones posteriores tambi\u00e9n mostraron retrocesos, aunque algunas registraron una recuperaci\u00f3n vinculada con la agenda de seguridad.<\/p>\n<p id=\"p-1788367499811-70864\" data-start=\"5064\" data-end=\"5305\">El escenario suma <strong data-start=\"5082\" data-end=\"5128\">presi\u00f3n pol\u00edtica sobre el gobierno chileno<\/strong>, que busca mostrar avances en seguridad y control territorial mientras enfrenta dificultades econ\u00f3micas y un desempleo que alcanz\u00f3 el <strong data-start=\"5263\" data-end=\"5271\">9,5%<\/strong>, su nivel m\u00e1s alto en cinco a\u00f1os.<\/p>\n<\/div>\n<p><script>\n!function(f,b,e,v,n,t,s)\n{if(f.fbq)return;n=f.fbq=function(){n.callMethod?\nn.callMethod.apply(n,arguments):n.queue.push(arguments)};\nif(!f._fbq)f._fbq=n;n.push=n;n.loaded=!0;n.version='2.0';\nn.queue=[];t=b.createElement(e);t.async=!0;\nt.src=v;s=b.getElementsByTagName(e)[0];\ns.parentNode.insertBefore(t,s)}(window,document,'script',\n'\nfbq('init', '2047048335588113');\nfbq('track', 'PageView');\n<\/script><\/p>\n","protected":false},"excerpt":{"rendered":"<p>Kast estar\u00e1 a bordo de la fragata Capit\u00e1n Prat, acompa\u00f1ado por los ministros del Interior, Claudio Alvarado, y de Defensa, Fernando Barros, adem\u00e1s del comandante en jefe de la Armada, almirante Fernando Cabrera. Desde all\u00ed supervisar\u00e1 ejercicios destinados a evaluar la capacidad de respuesta de las fuerzas chilenas en la Zona Austral. C\u00f3mo ser\u00e1n las [&hellip;]<\/p>\n","protected":false},"author":1,"featured_media":24718,"comment_status":"open","ping_status":"open","sticky":false,"template":"","format":"standard","meta":{"footnotes":""},"categories":[1],"tags":[],"class_list":["post-24717","post","type-post","status-publish","format-standard","has-post-thumbnail","hentry","category-uncategorized"],"_links":{"self":[{"href":"https:\/\/cliente1.publisher.highstack.com.ar\/index.php?rest_route=\/wp\/v2\/posts\/24717","targetHints":{"allow":["GET"]}}],"collection":[{"href":"https:\/\/cliente1.publisher.highstack.com.ar\/index.php?rest_route=\/wp\/v2\/posts"}],"about":[{"href":"https:\/\/cliente1.publisher.highstack.com.ar\/index.php?rest_route=\/wp\/v2\/types\/post"}],"author":[{"embeddable":true,"href":"https:\/\/cliente1.publisher.highstack.com.ar\/index.php?rest_route=\/wp\/v2\/users\/1"}],"replies":[{"embeddable":true,"href":"https:\/\/cliente1.publisher.highstack.com.ar\/index.php?rest_route=%2Fwp%2Fv2%2Fcomments&post=24717"}],"version-history":[{"count":0,"href":"https:\/\/cliente1.publisher.highstack.com.ar\/index.php?rest_route=\/wp\/v2\/posts\/24717\/revisions"}],"wp:featuredmedia":[{"embeddable":true,"href":"https:\/\/cliente1.publisher.highstack.com.ar\/index.php?rest_route=\/wp\/v2\/media\/24718"}],"wp:attachment":[{"href":"https:\/\/cliente1.publisher.highstack.com.ar\/index.php?rest_route=%2Fwp%2Fv2%2Fmedia&parent=24717"}],"wp:term":[{"taxonomy":"category","embeddable":true,"href":"https:\/\/cliente1.publisher.highstack.com.ar\/index.php?rest_route=%2Fwp%2Fv2%2Fcategories&post=24717"},{"taxonomy":"post_tag","embeddable":true,"href":"https:\/\/cliente1.publisher.highstack.com.ar\/index.php?rest_route=%2Fwp%2Fv2%2Ftags&post=24717"}],"curies":[{"name":"wp","href":"https:\/\/api.w.org\/{rel}","templated":true}]}}