{"id":24703,"date":"2026-09-02T13:51:55","date_gmt":"2026-09-02T16:51:55","guid":{"rendered":"https:\/\/cliente1.publisher.highstack.com.ar\/?p=24703"},"modified":"2026-09-02T13:51:55","modified_gmt":"2026-09-02T16:51:55","slug":"el-perfil-de-las-ex-funcionarias-procesadas-por-el-fentanilo-mortal-sus-carreras-las-responsabilidades-y-la-falta-de-control-a-los-laboratorios","status":"publish","type":"post","link":"https:\/\/cliente1.publisher.highstack.com.ar\/?p=24703","title":{"rendered":"El perfil de las ex funcionarias procesadas por el fentanilo mortal: sus carreras, las responsabilidades y la falta de control a los laboratorios"},"content":{"rendered":"<div class=\"visual__image image-initial-width\"><picture><source srcset=\"https:\/\/www.infobae.com\/resizer\/v2\/IAORTKPO7JF63CVD72CJFZB3SA.jpg?auth=0b4a5194336b903e9d1c0fbda6c17ff60835acc61a639ccfd6ccef86351576ae&amp;smart=true&amp;width=992&amp;height=558&amp;quality=85\" media=\"(min-width: 1000px)\"><\/source><source srcset=\"https:\/\/www.infobae.com\/resizer\/v2\/IAORTKPO7JF63CVD72CJFZB3SA.jpg?auth=0b4a5194336b903e9d1c0fbda6c17ff60835acc61a639ccfd6ccef86351576ae&amp;smart=true&amp;width=768&amp;height=432&amp;quality=85\" media=\"(min-width: 768px)\"><\/source><source srcset=\"https:\/\/www.infobae.com\/resizer\/v2\/IAORTKPO7JF63CVD72CJFZB3SA.jpg?auth=0b4a5194336b903e9d1c0fbda6c17ff60835acc61a639ccfd6ccef86351576ae&amp;smart=true&amp;width=577&amp;height=325&amp;quality=85\" media=\"(min-width: 580px)\"><\/source><source srcset=\"https:\/\/www.infobae.com\/resizer\/v2\/IAORTKPO7JF63CVD72CJFZB3SA.jpg?auth=0b4a5194336b903e9d1c0fbda6c17ff60835acc61a639ccfd6ccef86351576ae&amp;smart=true&amp;width=420&amp;height=236&amp;quality=85\" media=\"(min-width: 350px)\"><\/source><source srcset=\"https:\/\/www.infobae.com\/resizer\/v2\/IAORTKPO7JF63CVD72CJFZB3SA.jpg?auth=0b4a5194336b903e9d1c0fbda6c17ff60835acc61a639ccfd6ccef86351576ae&amp;smart=true&amp;width=350&amp;height=197&amp;quality=85\" media=\"(min-width: 80px)\"><\/source><img alt=\"Agustina N\u00e9lida Bisio y Gabriela Mantec\u00f3n Fumado\" class=\"global-image\" decoding=\"async\" fetchpriority=\"high\" height=\"1069\" loading=\"eager\" src=\"https:\/\/www.infobae.com\/resizer\/v2\/IAORTKPO7JF63CVD72CJFZB3SA.jpg?auth=0b4a5194336b903e9d1c0fbda6c17ff60835acc61a639ccfd6ccef86351576ae&amp;smart=true&amp;width=350&amp;height=197&amp;quality=85\" width=\"1900\"><\/picture><\/div>\n<div class=\"sharebar-container display_flex sharebar-new\" style=\"opacity:1\">\n<div class=\"share-bar-article-date-container \"><span class=\"sharebar-article-date\">02 Sep, 2026 12:13 p. m. EST<\/span><\/div>\n<div class=\"sharebar-buttons-container display_flex\">\n<div aria-label=\"Guardar\" class=\"sharebar-buttons button-save\" role=\"button\" tabindex=\"0\"><svg width=\"9\" height=\"12\" viewbox=\"0 0 8 10\" fill=\"none\" xmlns=\"http:\/\/www.w3.org\/2000\/svg\" class=\"saved-icon saved\"><path d=\"M6.64286 0.5V9.31687L4.1116 7.16407L4.11106 7.16361C3.79894 6.89891 3.34392 6.89891 3.03179 7.16361L3.03126 7.16407L0.5 9.31687V0.5H6.64286Z\"><\/path><\/svg><span class=\"buttons-save-text\">Guardar<\/span><\/div>\n<div class=\"sharebar-buttons-separator\"><\/div>\n<p><button class=\"sharemenu-buttons display_flex\" aria-label=\"Compartir en Telegram\"><svg width=\"38\" height=\"38\" viewbox=\"0 0 38 38\" fill=\"none\" xmlns=\"http:\/\/www.w3.org\/2000\/svg\"><rect x=\"0.5\" y=\"0.5\" width=\"37\" height=\"37\" rx=\"18.5\" fill=\"white\"><\/rect><rect x=\"0.5\" y=\"0.5\" width=\"37\" height=\"37\" rx=\"18.5\" stroke=\"#C2C2C2\"><\/rect><path d=\"M24.9696 12.5511L10.3405 18.0494C10.0623 18.151 9.92701 18.4484 10.0398 18.7168C10.0999 18.8619 10.2277 18.9779 10.3856 19.0214L14.1068 20.0805L15.4975 24.3312C15.6028 24.6576 15.9636 24.839 16.2944 24.7374C16.3921 24.7084 16.4823 24.6504 16.5575 24.5778L18.482 22.6846L22.2558 25.354C22.6091 25.6006 23.0977 25.5281 23.3533 25.1872C23.421 25.1001 23.4661 24.9986 23.4887 24.897L25.9845 13.3707C26.0672 12.979 25.8116 12.5946 25.4056 12.5148C25.2628 12.4858 25.1124 12.5003 24.9771 12.5511M23.1429 15.1116L16.347 20.9147C16.2793 20.9727 16.2342 21.0525 16.2267 21.1395L15.9636 23.381C15.9636 23.4172 15.926 23.4462 15.8884 23.439C15.8583 23.439 15.8358 23.4172 15.8283 23.3955L14.7533 20.0442C14.7007 19.8919 14.7683 19.7251 14.9111 19.638L22.9399 14.836C23.0226 14.7852 23.1353 14.8142 23.1804 14.894C23.2255 14.9666 23.2105 15.0536 23.1504 15.1116\" fill=\"#555555\"><\/path><\/svg><\/button><button class=\"sharemenu-buttons display_flex\" aria-label=\"Compartir en Linkedin\"><svg width=\"38\" height=\"38\" viewbox=\"0 0 38 38\" fill=\"none\" xmlns=\"http:\/\/www.w3.org\/2000\/svg\"><rect x=\"0.5\" y=\"0.5\" width=\"37\" height=\"37\" rx=\"18.5\" fill=\"white\"><\/rect><rect x=\"0.5\" y=\"0.5\" width=\"37\" height=\"37\" rx=\"18.5\" stroke=\"#C2C2C2\"><\/rect><path d=\"M16.5556 27V16.2231H19.963V17.6949C20.0185 17.6368 20.0648 17.5787 20.1111 17.5206C20.8611 16.349 22.2037 15.739 23.537 15.981C25.3889 16.1359 26.8426 17.7046 26.9259 19.6411C26.9722 20.0478 27 20.4641 27 20.8708C27 22.817 27 24.7633 27 26.7095V26.9806H23.5741V26.6805C23.5741 24.8892 23.5741 23.0882 23.5741 21.2969C23.5741 20.8805 23.5278 20.4545 23.4259 20.0478C23.1945 19.1279 22.2963 18.5663 21.4074 18.8084C21.2037 18.8665 21 18.9633 20.8333 19.0989C20.3333 19.4281 20.0185 19.9897 19.9907 20.6094C19.9722 21.1419 19.9722 21.6842 19.9722 22.2167V26.9903H16.5648L16.5556 27ZM11.2222 27V16.2037H11.7407C12.6204 16.2037 13.5 16.2037 14.3796 16.2037C14.5833 16.2037 14.6482 16.2328 14.6482 16.4748V26.9903H11.2222V27ZM11.0093 12.8825C11.0093 11.8465 11.8055 11.0041 12.787 11.0041C12.8426 11.0041 12.8982 11.0041 12.9537 11.0041C13.9445 10.9363 14.7963 11.7206 14.8611 12.7567C14.8611 12.7954 14.8611 12.8438 14.8611 12.8825C14.8426 13.9283 14.0278 14.761 13.0278 14.7416C12.9907 14.7416 12.9537 14.7416 12.9259 14.7416H12.9074C11.9259 14.8191 11.0741 14.0445 11 13.0181C11 12.9697 11 12.931 11 12.8825H11.0093Z\" fill=\"#555555\"><\/path><\/svg><\/button><button class=\"sharemenu-buttons display_flex\" aria-label=\"Compartir en Twitter\"><svg width=\"38\" height=\"38\" viewbox=\"0 0 38 38\" fill=\"none\" xmlns=\"http:\/\/www.w3.org\/2000\/svg\"><rect x=\"0.5\" y=\"0.5\" width=\"37\" height=\"37\" rx=\"18.5\" fill=\"white\"><\/rect><rect x=\"0.5\" y=\"0.5\" width=\"37\" height=\"37\" rx=\"18.5\" stroke=\"#C2C2C2\"><\/rect><path d=\"M11.0391 11L17.2165 19.8249L11 27H12.399L17.8415 20.7182L22.2389 27H27L20.475 17.6786L26.2613 11H24.8623L19.85 16.7855L15.8001 11H11.0391ZM13.0965 12.101H15.2838L24.9423 25.8987H22.7551L13.0965 12.101Z\" fill=\"#555555\"><\/path><\/svg><\/button><button class=\"sharemenu-buttons display_flex\" aria-label=\"Compartir en Facebook\"><svg width=\"38\" height=\"38\" viewbox=\"0 0 38 38\" fill=\"none\" xmlns=\"http:\/\/www.w3.org\/2000\/svg\"><rect x=\"0.5\" y=\"0.5\" width=\"37\" height=\"37\" rx=\"18.5\" fill=\"white\"><\/rect><rect x=\"0.5\" y=\"0.5\" width=\"37\" height=\"37\" rx=\"18.5\" stroke=\"#C2C2C2\"><\/rect><path d=\"M17.3544 26.9921V18.9235H15V16.3346H17.3544V16.0805C17.3544 15.3816 17.3291 14.6748 17.3882 13.976C17.3882 12.8642 18.0633 11.8556 19.1266 11.3712C19.5232 11.1965 19.9452 11.0853 20.3755 11.0376C21.2532 10.9741 22.1308 10.99 23 11.0932V13.4201H22.7722C22.2743 13.4201 21.7848 13.4201 21.2869 13.436C20.73 13.4042 20.2489 13.8013 20.2152 14.3254C20.2152 14.373 20.2152 14.4128 20.2152 14.4604C20.1983 15.0481 20.2152 15.6357 20.2152 16.2234C20.2152 16.2552 20.2152 16.2949 20.2321 16.3267H22.9409C22.8228 17.2082 22.7046 18.0579 22.5865 18.9315H20.2236V27H17.3629L17.3544 26.9921Z\" fill=\"#555555\"><\/path><\/svg><\/button><button class=\"sharemenu-buttons display_flex\" aria-label=\"Compartir en Whatsapp\"><svg width=\"38\" height=\"38\" viewbox=\"0 0 38 38\" fill=\"none\" xmlns=\"http:\/\/www.w3.org\/2000\/svg\"><rect x=\"0.5\" y=\"0.5\" width=\"37\" height=\"37\" rx=\"18.5\" fill=\"white\"><\/rect><rect x=\"0.5\" y=\"0.5\" width=\"37\" height=\"37\" rx=\"18.5\" stroke=\"#C2C2C2\"><\/rect><path d=\"M21.2863 19.9439C21.0997 19.8551 20.9664 19.9262 20.8419 20.0861C20.6731 20.3261 20.4687 20.5483 20.2909 20.7794C20.1665 20.9393 20.0243 20.9749 19.8376 20.8949C18.6645 20.4239 17.7757 19.6506 17.1269 18.5841C17.0292 18.4242 17.038 18.2997 17.1536 18.1575C17.3225 17.9531 17.4824 17.7576 17.6157 17.5354C17.678 17.4287 17.7135 17.2599 17.678 17.1532C17.4735 16.6111 17.2425 16.0867 17.0114 15.5535C16.9669 15.4557 16.8781 15.3313 16.7892 15.3224C16.4248 15.2602 16.0426 15.1891 15.7316 15.4912C15.1094 16.0778 14.8784 16.7977 15.0383 17.6243C15.1805 18.3619 15.5983 18.9663 16.0426 19.5618C16.887 20.6638 17.8646 21.6237 19.1622 22.1925C19.7932 22.4769 20.4331 22.7613 21.1441 22.7613C21.2685 22.7613 21.393 22.7613 21.5085 22.7346C22.4506 22.5391 23.1172 22.0058 23.0816 21.0193C23.0816 20.9216 23.0194 20.7794 22.9483 20.7438C22.3973 20.4594 21.8462 20.2017 21.2863 19.9439Z\" fill=\"#555555\"><\/path><path d=\"M26.9482 17.8724C26.3972 13.4642 22.1401 10.3447 17.7229 11.1179C12.6481 11.9977 9.71521 17.2859 11.6883 21.9963C12.1948 22.6629 12.0615 23.3472 11.8216 24.0849C11.5105 25.027 11.2794 26.0046 11.0039 27C11.1194 26.9733 11.1994 26.9644 11.2794 26.9378C12.5059 26.6178 13.7324 26.3068 14.9411 25.9868C15.1544 25.9335 15.3144 25.9602 15.5099 26.0579C17.1719 26.8667 18.9227 27.0978 20.718 26.7067C24.833 25.7913 27.4548 22.0496 26.9305 17.8902L26.9482 17.8724ZM20.0515 25.4624C18.4784 25.7113 17.003 25.3913 15.6166 24.6003C15.5099 24.5381 15.3411 24.5115 15.2077 24.547C14.4612 24.7248 13.7146 24.9292 12.9147 25.1336C13.1192 24.3693 13.3058 23.6672 13.5102 22.9473C13.5635 22.7606 13.5369 22.6273 13.4391 22.4673C11.0039 18.5479 13.1014 13.5442 17.6163 12.5043C21.2868 11.6511 25.0285 14.1841 25.5884 17.908C26.1395 21.5519 23.6954 24.8936 20.0515 25.4624Z\" fill=\"#555555\"><\/path><\/svg><\/button><\/div>\n<\/div>\n<p class=\"paragraph\" data-paragraph-number=\"1\">El juez federal de <b>La Plata<\/b>, <b>Ernesto Kreplak<\/b>, dict\u00f3 el procesamiento sin prisi\u00f3n preventiva de <b>Gabriela Carmen Mantec\u00f3n Fumad\u00f3<\/b> y <b>N\u00e9lida Agustina Bisio<\/b>, las dos ex funcionarias que estuvieron al frente de los organismos responsables de controlar la calidad de los medicamentos en la <b>Argentina<\/b> durante la fabricaci\u00f3n y comercializaci\u00f3n del <b>fentanilo contaminado<\/b> que caus\u00f3 al menos 90 muertes y lesiones en otras 44 personas. La resoluci\u00f3n, del <b>1 de septiembre de 2026<\/b>, las considera part\u00edcipes necesarias del delito de adulteraci\u00f3n de sustancias medicinales y orden\u00f3 un embargo de 500 mil millones de pesos contra cada una, adem\u00e1s de la inhibici\u00f3n general de sus bienes.<\/p>\n<div class=\"marfeel-recommender marfeel-recommender-1\"><\/div>\n<p class=\"paragraph\" data-paragraph-number=\"2\"><b>Como se ver\u00e1 al recorrer la carrera de ambas en la estructura del Estado en la que se desempe\u00f1aron, ninguna puede aducir que desconoc\u00edan la tarea que les tocaba realizar, ni la importancia que ten\u00eda para resguardar la salud de la poblaci\u00f3n. Por el contrario, eran dos profesionales que hicieron carrera dentro de los m\u00e1ximos organismos de control sobre los laboratorios que elaboran y comercializan los medicamentos que se consumen en el pa\u00eds.<\/b><\/p>\n<div class=\"inline ad-wrapper dfpAd ad-inline ad-text ad-component-container\" style=\"--ad-shell-height:250px;--ad-shell-width:300px\" data-ad-wrapper=\"arcad\" data-ad-type=\"inline\" data-ad-slot=\"infobae\/politica\/nota\/inline\" data-ad-container=\"dfp\" data-ad-slot-name=\"infobae\/politica\/nota\/inline\">\n<p class=\"ad-shell-label\">PUBLICIDAD<\/p>\n<div id=\"infobae\/politica\/nota\/inline\" class=\"infobae\/politica\/nota\/inline arcad ad-slot-node ad-slot-node--boxed\" data-ad-slot-id=\"infobae\/politica\/nota\/inline\"><\/div>\n<\/div>\n<div class=\"visual__image\"><picture><source srcset=\"https:\/\/www.infobae.com\/resizer\/v2\/R2HLC4DOXRHA3LVXCGWT6POYDQ.jpg?auth=876736df6412d220d906fc24c6d9a4bafd117a9a6cba69ab2dd72b51cade3447&amp;smart=true&amp;width=992&amp;height=558&amp;quality=85\" media=\"(min-width: 1000px)\"><\/source><source srcset=\"https:\/\/www.infobae.com\/resizer\/v2\/R2HLC4DOXRHA3LVXCGWT6POYDQ.jpg?auth=876736df6412d220d906fc24c6d9a4bafd117a9a6cba69ab2dd72b51cade3447&amp;smart=true&amp;width=768&amp;height=432&amp;quality=85\" media=\"(min-width: 768px)\"><\/source><source srcset=\"https:\/\/www.infobae.com\/resizer\/v2\/R2HLC4DOXRHA3LVXCGWT6POYDQ.jpg?auth=876736df6412d220d906fc24c6d9a4bafd117a9a6cba69ab2dd72b51cade3447&amp;smart=true&amp;width=577&amp;height=325&amp;quality=85\" media=\"(min-width: 580px)\"><\/source><source srcset=\"https:\/\/www.infobae.com\/resizer\/v2\/R2HLC4DOXRHA3LVXCGWT6POYDQ.jpg?auth=876736df6412d220d906fc24c6d9a4bafd117a9a6cba69ab2dd72b51cade3447&amp;smart=true&amp;width=420&amp;height=236&amp;quality=85\" media=\"(min-width: 350px)\"><\/source><source srcset=\"https:\/\/www.infobae.com\/resizer\/v2\/R2HLC4DOXRHA3LVXCGWT6POYDQ.jpg?auth=876736df6412d220d906fc24c6d9a4bafd117a9a6cba69ab2dd72b51cade3447&amp;smart=true&amp;width=350&amp;height=197&amp;quality=85\" media=\"(min-width: 80px)\"><\/source><img alt=\"Gabriela Mantec\u00f3n Fumad\u00f3, INAME, fentanilo contaminado\" class=\"global-image\" decoding=\"async\" fetchpriority=\"low\" height=\"432\" loading=\"lazy\" src=\"https:\/\/www.infobae.com\/resizer\/v2\/R2HLC4DOXRHA3LVXCGWT6POYDQ.jpg?auth=876736df6412d220d906fc24c6d9a4bafd117a9a6cba69ab2dd72b51cade3447&amp;smart=true&amp;width=350&amp;height=197&amp;quality=85\" width=\"768\"><\/picture><\/div>\n<p class=\"paragraph\" data-paragraph-number=\"3\"><b>Mantec\u00f3n Fumad\u00f3<\/b>, de 56 a\u00f1os, se desempe\u00f1\u00f3 como directora nacional del <b>Instituto Nacional de Medicamentos (INAME)<\/b>, dependiente de la <b>Administraci\u00f3n Nacional de Medicamentos, Alimentos y Tecnolog\u00eda M\u00e9dica (ANMAT)<\/b>.<\/p>\n<div class=\"marfeel-recommender marfeel-recommender-3\"><\/div>\n<p class=\"paragraph\" data-paragraph-number=\"4\"><b>Bisio<\/b>, de 71 a\u00f1os, fue la administradora nacional de la <b>ANMAT<\/b>, el organismo del que depende el <b>INAME<\/b>. Ambas integraron, seg\u00fan el auto de procesamiento, \u201c<b>una de las piezas centrales del poder de polic\u00eda sanitario del Estado Nacional\u201d<\/b> durante el per\u00edodo en que se fabricaron y distribuyeron los lotes de fentanilo contaminados con las bacterias Klebsiella pneumoniae, Klebsiella variicola y Ralstonia mannitolilytica.<\/p>\n<div class=\"inline_2 ad-wrapper dfpAd ad-inline ad-text ad-component-container\" style=\"--ad-shell-height:250px;--ad-shell-width:300px\" data-ad-wrapper=\"arcad\" data-ad-type=\"inline_2\" data-ad-slot=\"infobae\/politica\/nota\/inline_2\" data-ad-container=\"dfp\" data-ad-slot-name=\"infobae\/politica\/nota\/inline_2\">\n<p class=\"ad-shell-label\">PUBLICIDAD<\/p>\n<div id=\"infobae\/politica\/nota\/inline_2\" class=\"infobae\/politica\/nota\/inline_2 arcad ad-slot-node ad-slot-node--boxed\" data-ad-slot-id=\"infobae\/politica\/nota\/inline_2\"><\/div>\n<\/div>\n<p class=\"paragraph\" data-paragraph-number=\"5\"><b>La trayectoria de la ex titular del INAME<\/b><\/p>\n<div class=\"marfeel-recommender marfeel-recommender-5\"><\/div>\n<p class=\"paragraph\" data-paragraph-number=\"6\"><b>Mantec\u00f3n Fumad\u00f3<\/b> es abogada, con formaci\u00f3n en gesti\u00f3n de calidad, y lleg\u00f3 al cargo durante la gesti\u00f3n de <b>Alberto Fern\u00e1ndez. <\/b>Naci\u00f3 el 22 de junio de 1970 en la <b>Ciudad Aut\u00f3noma de Buenos Aires.<\/b> Egres\u00f3 en 1987 del <b>Colegio Nuestra Se\u00f1ora de la Misericordia<\/b> como bachiller con orientaci\u00f3n docente y se recibi\u00f3 de procuradora en 1992 y de abogada en 1994 en la <b>Universidad de Belgrano<\/b>, donde tambi\u00e9n fue ayudante de c\u00e1tedra de Pol\u00edtica Exterior Comparada, en la carrera de Relaciones Internacionales, entre 2000 y 2003.<\/p>\n<div class=\"ad_1 ad-wrapper dfpAd ad-1-al-6 ad-text ad-component-container\" style=\"--ad-shell-height:250px;--ad-shell-width:300px\" data-ad-wrapper=\"arcad\" data-ad-type=\"ad_1\" data-ad-slot=\"infobae\/politica\/nota\/ad_1\" data-ad-container=\"dfp\" data-ad-slot-name=\"infobae\/politica\/nota\/ad_1\">\n<p class=\"ad-shell-label\">PUBLICIDAD<\/p>\n<div id=\"infobae\/politica\/nota\/ad_1\" class=\"infobae\/politica\/nota\/ad_1 arcad ad-slot-node ad-slot-node--boxed\" data-ad-slot-id=\"infobae\/politica\/nota\/ad_1\"><\/div>\n<\/div>\n<p class=\"paragraph\" data-paragraph-number=\"7\">Est\u00e1 matriculada en el <b>Colegio P\u00fablico de Abogados de la Capital Federal<\/b>. Complet\u00f3 adem\u00e1s una diplomatura en Gesti\u00f3n Municipal en 2017 y otra en Implementaci\u00f3n y Control de Sistemas de Gesti\u00f3n de Calidad, con formaci\u00f3n como auditora l\u00edder, en 2014, ambas en la <b>Universidad Tecnol\u00f3gica Nacional<\/b>. Habla ingl\u00e9s, con nivel First Certificate, y portugu\u00e9s, con fluidez oral y escrita. Reside en el partido de <b>Quilmes<\/b>, provincia de <b>Buenos Aires<\/b>.<\/p>\n<p class=\"paragraph\" data-paragraph-number=\"8\">Antes de ingresar a la funci\u00f3n p\u00fablica, trabaj\u00f3 en una inmobiliaria familiar, en un estudio jur\u00eddico, en una concesionaria oficial <b>Chevrolet<\/b> y como gerenta general de la <b>editorial Ediciones Ciudad Argentina<\/b>, ligada a una fundaci\u00f3n presidida por Mar\u00eda Laura San Martino de Dromi. En esa etapa tambi\u00e9n colabor\u00f3 en investigaciones jur\u00eddicas sobre derecho administrativo y privatizaciones con el <b>Estudio Jur\u00eddico Roberto Dromi &amp; Asociados<\/b>, en el marco de las cuales particip\u00f3 de la obra \u201cEmpresas P\u00fablicas de Estatales a Privadas\u201d. Disert\u00f3 en 1997 en el V\u00ba Encuentro de Especialistas en el <b>Mercosur<\/b> y particip\u00f3, en 2003, del Simposio Internacional de Vigilancia y Promoci\u00f3n de la Salud y de las <b>Jornadas Internacionales sobre el Control del Tabaco<\/b>.<\/p>\n<div class=\"ad_2 ad-wrapper dfpAd ad-1-al-6 ad-text ad-component-container\" style=\"--ad-shell-height:250px;--ad-shell-width:300px\" data-ad-wrapper=\"arcad\" data-ad-type=\"ad_2\" data-ad-slot=\"infobae\/politica\/nota\/ad_2\" data-ad-container=\"dfp\" data-ad-slot-name=\"infobae\/politica\/nota\/ad_2\">\n<p class=\"ad-shell-label\">PUBLICIDAD<\/p>\n<div id=\"infobae\/politica\/nota\/ad_2\" class=\"infobae\/politica\/nota\/ad_2 arcad ad-slot-node ad-slot-node--boxed\" data-ad-slot-id=\"infobae\/politica\/nota\/ad_2\"><\/div>\n<\/div>\n<div class=\"visual__image\"><picture><source srcset=\"https:\/\/www.infobae.com\/resizer\/v2\/UZA2RODBTZC53M663WMM7UEBYY.jpg?auth=2ba6785fbaead640086e277877d710583597902893a271cd6aa50c45e061da04&amp;smart=true&amp;width=992&amp;height=558&amp;quality=85\" media=\"(min-width: 1000px)\"><\/source><source srcset=\"https:\/\/www.infobae.com\/resizer\/v2\/UZA2RODBTZC53M663WMM7UEBYY.jpg?auth=2ba6785fbaead640086e277877d710583597902893a271cd6aa50c45e061da04&amp;smart=true&amp;width=768&amp;height=432&amp;quality=85\" media=\"(min-width: 768px)\"><\/source><source srcset=\"https:\/\/www.infobae.com\/resizer\/v2\/UZA2RODBTZC53M663WMM7UEBYY.jpg?auth=2ba6785fbaead640086e277877d710583597902893a271cd6aa50c45e061da04&amp;smart=true&amp;width=577&amp;height=325&amp;quality=85\" media=\"(min-width: 580px)\"><\/source><source srcset=\"https:\/\/www.infobae.com\/resizer\/v2\/UZA2RODBTZC53M663WMM7UEBYY.jpg?auth=2ba6785fbaead640086e277877d710583597902893a271cd6aa50c45e061da04&amp;smart=true&amp;width=420&amp;height=236&amp;quality=85\" media=\"(min-width: 350px)\"><\/source><source srcset=\"https:\/\/www.infobae.com\/resizer\/v2\/UZA2RODBTZC53M663WMM7UEBYY.jpg?auth=2ba6785fbaead640086e277877d710583597902893a271cd6aa50c45e061da04&amp;smart=true&amp;width=350&amp;height=197&amp;quality=85\" media=\"(min-width: 80px)\"><\/source><img alt=\"En la sede Central de la ANMAT ubicada en Avenida de Mayo 869 las dos ex funcionarias tivieron el encuentro con los responsables de HLB Pharma y Ramallo SA (Gustavo Gavotti)\" class=\"global-image\" decoding=\"async\" fetchpriority=\"low\" height=\"972\" loading=\"lazy\" src=\"https:\/\/www.infobae.com\/resizer\/v2\/UZA2RODBTZC53M663WMM7UEBYY.jpg?auth=2ba6785fbaead640086e277877d710583597902893a271cd6aa50c45e061da04&amp;smart=true&amp;width=350&amp;height=197&amp;quality=85\" width=\"1728\"><\/picture><\/div>\n<p class=\"paragraph\" data-paragraph-number=\"9\"><b>Su carrera en el Estado comenz\u00f3 en 1999, cuando ingres\u00f3 como asesora jur\u00eddica del Ministerio de Salud de la Naci\u00f3n.<\/b><\/p>\n<p class=\"paragraph\" data-paragraph-number=\"10\">En 2002 fue designada directora de Registro, Fiscalizaci\u00f3n y Sanidad de Fronteras, cargo que ocup\u00f3 hasta 2005. Seg\u00fan su curriculum vitae oficial, ese a\u00f1o pas\u00f3 a la ANMAT como interventora y coordinadora del Sector Comercio Exterior del INAME, bajo la gesti\u00f3n del entonces administrador nacional, Manuel Limeres; el auto de procesamiento judicial, en cambio, ubica su ingreso al organismo el 1 de agosto de 2006. Con los a\u00f1os se desempe\u00f1\u00f3 tambi\u00e9n como asesora jur\u00eddica en la Direcci\u00f3n de Planificaci\u00f3n y Relaciones Institucionales y en la Direcci\u00f3n de Evaluaci\u00f3n y Control de Biol\u00f3gicos y Radiof\u00e1rmacos, mientras acumulaba decenas de cursos de posgrado sobre gesti\u00f3n de calidad, administraci\u00f3n p\u00fablica y regulaci\u00f3n de productos m\u00e9dicos dictados por el <b>Instituto Nacional de la Administraci\u00f3n P\u00fablica<\/b>, la <b>UTN<\/b> y el <b>Colegio Oficial de Farmac\u00e9uticos y Bioqu\u00edmicos de Capital Federal<\/b>.<\/p>\n<div class=\"ad_3 ad-wrapper dfpAd ad-1-al-6 ad-text ad-component-container\" style=\"--ad-shell-height:250px;--ad-shell-width:300px\" data-ad-wrapper=\"arcad\" data-ad-type=\"ad_3\" data-ad-slot=\"infobae\/politica\/nota\/ad_3\" data-ad-container=\"dfp\" data-ad-slot-name=\"infobae\/politica\/nota\/ad_3\">\n<p class=\"ad-shell-label\">PUBLICIDAD<\/p>\n<div id=\"infobae\/politica\/nota\/ad_3\" class=\"infobae\/politica\/nota\/ad_3 arcad ad-slot-node ad-slot-node--boxed\" data-ad-slot-id=\"infobae\/politica\/nota\/ad_3\"><\/div>\n<\/div>\n<p class=\"paragraph\" data-paragraph-number=\"11\">El 1 de diciembre de 2022, durante el gobierno de <b>Alberto Fern\u00e1ndez<\/b> y bajo la gesti\u00f3n de la entonces ministra de Salud, <b>Carla Vizzotti<\/b>, asumi\u00f3 la direcci\u00f3n del INAME en reemplazo del farmac\u00e9utico <b>Mat\u00edas G\u00f3mez<\/b>, quien hab\u00eda renunciado tras nueve meses en el cargo. Su nombramiento fue \u201cpor designaci\u00f3n transitoria y por excepci\u00f3n\u201d. <b>Mantec\u00f3n Fumad\u00f3<\/b> continu\u00f3 en funciones durante el cambio de gobierno y permaneci\u00f3 en el cargo bajo la gesti\u00f3n de <b>Javier Milei<\/b> hasta el <b>21 de agosto de 2025<\/b>, cuando fue separada preventivamente de sus funciones a medida que avanzaba la causa judicial.<\/p>\n<p class=\"paragraph\" data-paragraph-number=\"12\">El auto de procesamiento fija su cese formal el 20 de agosto de 2025. Al momento de los hechos investigados, entre diciembre de 2024 y mayo de 2025, ejerc\u00eda \u201cuna posici\u00f3n determinante en la conducci\u00f3n\u201d del organismo, con responsabilidad directa sobre el control y la fiscalizaci\u00f3n de los laboratorios <b>HLB Pharma Group<\/b> y <b>Laboratorios Ramallo<\/b>.<\/p>\n<div class=\"ad_4 ad-wrapper dfpAd ad-1-al-6 ad-text ad-component-container\" style=\"--ad-shell-height:250px;--ad-shell-width:300px\" data-ad-wrapper=\"arcad\" data-ad-type=\"ad_4\" data-ad-slot=\"infobae\/politica\/nota\/ad_4\" data-ad-container=\"dfp\" data-ad-slot-name=\"infobae\/politica\/nota\/ad_4\">\n<p class=\"ad-shell-label\">PUBLICIDAD<\/p>\n<div id=\"infobae\/politica\/nota\/ad_4\" class=\"infobae\/politica\/nota\/ad_4 arcad ad-slot-node ad-slot-node--boxed\" data-ad-slot-id=\"infobae\/politica\/nota\/ad_4\"><\/div>\n<\/div>\n<div class=\"visual__image\"><picture><source srcset=\"https:\/\/www.infobae.com\/resizer\/v2\/MXKXNUKNNRAANA627EBBIZCSPY.jpg?auth=4537931af89ce2b3cd82b067fb6978f38cbfcca0de1e04309012f2a095c59a6c&amp;smart=true&amp;width=992&amp;height=661&amp;quality=85\" media=\"(min-width: 1000px)\"><\/source><source srcset=\"https:\/\/www.infobae.com\/resizer\/v2\/MXKXNUKNNRAANA627EBBIZCSPY.jpg?auth=4537931af89ce2b3cd82b067fb6978f38cbfcca0de1e04309012f2a095c59a6c&amp;smart=true&amp;width=768&amp;height=512&amp;quality=85\" media=\"(min-width: 768px)\"><\/source><source srcset=\"https:\/\/www.infobae.com\/resizer\/v2\/MXKXNUKNNRAANA627EBBIZCSPY.jpg?auth=4537931af89ce2b3cd82b067fb6978f38cbfcca0de1e04309012f2a095c59a6c&amp;smart=true&amp;width=577&amp;height=385&amp;quality=85\" media=\"(min-width: 580px)\"><\/source><source srcset=\"https:\/\/www.infobae.com\/resizer\/v2\/MXKXNUKNNRAANA627EBBIZCSPY.jpg?auth=4537931af89ce2b3cd82b067fb6978f38cbfcca0de1e04309012f2a095c59a6c&amp;smart=true&amp;width=420&amp;height=280&amp;quality=85\" media=\"(min-width: 350px)\"><\/source><source srcset=\"https:\/\/www.infobae.com\/resizer\/v2\/MXKXNUKNNRAANA627EBBIZCSPY.jpg?auth=4537931af89ce2b3cd82b067fb6978f38cbfcca0de1e04309012f2a095c59a6c&amp;smart=true&amp;width=350&amp;height=233&amp;quality=85\" media=\"(min-width: 80px)\"><\/source><img alt=\"NELIDA AGUSTINA BISIO, ANMAT\" class=\"global-image\" decoding=\"async\" fetchpriority=\"low\" height=\"1080\" loading=\"lazy\" src=\"https:\/\/www.infobae.com\/resizer\/v2\/MXKXNUKNNRAANA627EBBIZCSPY.jpg?auth=4537931af89ce2b3cd82b067fb6978f38cbfcca0de1e04309012f2a095c59a6c&amp;smart=true&amp;width=350&amp;height=233&amp;quality=85\" width=\"1620\"><\/picture><\/div>\n<p class=\"paragraph\" data-paragraph-number=\"13\"><b>La trayectoria de Bisio <\/b><\/p>\n<p class=\"paragraph\" data-paragraph-number=\"14\"><b>N\u00e9lida<\/b> <b>Agustina Bisio<\/b> es m\u00e9dica psiquiatra y psic\u00f3loga, con un doctorado en curso y fue nombrada por decreto de Milei a d\u00edas de asumir. Naci\u00f3 el 29 de julio de 1955 en <b>Vicente L\u00f3pez<\/b>, provincia de <b>Buenos Aires.<\/b> Es divorciada, tiene un hijo y reside en la localidad de <b>Olivos<\/b>. Se gradu\u00f3 como licenciada en Psicolog\u00eda en 1978 en la <b>Universidad de Buenos Aires (UBA)<\/b>, casa de estudios en la que tambi\u00e9n obtuvo los t\u00edtulos de m\u00e9dica, en 1986; psiquiatra universitaria, en 1990; m\u00e9dica legista, en 1995, y mag\u00edster en Salud P\u00fablica, con la tesis en defensa, en 2000. Desde 2019 cursa un doctorado en Psicolog\u00eda en la <b>Universidad de Ciencias Empresariales y Sociales (UCES)<\/b>, con la tesis todav\u00eda en proceso.<\/p>\n<div class=\"ad_5 ad-wrapper dfpAd ad-1-al-6 ad-text ad-component-container\" style=\"--ad-shell-height:250px;--ad-shell-width:300px\" data-ad-wrapper=\"arcad\" data-ad-type=\"ad_5\" data-ad-slot=\"infobae\/politica\/nota\/ad_5\" data-ad-container=\"dfp\" data-ad-slot-name=\"infobae\/politica\/nota\/ad_5\">\n<p class=\"ad-shell-label\">PUBLICIDAD<\/p>\n<div id=\"infobae\/politica\/nota\/ad_5\" class=\"infobae\/politica\/nota\/ad_5 arcad ad-slot-node ad-slot-node--boxed\" data-ad-slot-id=\"infobae\/politica\/nota\/ad_5\"><\/div>\n<\/div>\n<p class=\"paragraph\" data-paragraph-number=\"15\">Su carrera hospitalaria comenz\u00f3 en 1978 como psic\u00f3loga concurrente del <b>Hospital de Ni\u00f1os Ricardo Guti\u00e9rrez<\/b>, en la c\u00e1tedra de Psiquiatr\u00eda Infantil a cargo del doctor Robles Gorriti. Entre 1979 y 1991 pas\u00f3 por distintos roles en el Servicio N\u00b0 8 del <b>Hospital Nacional Jos\u00e9 T. Borda<\/b>, bajo la jefatura del doctor Juan Jos\u00e9 Morgan: primero como psic\u00f3loga concurrente, luego como m\u00e9dica concurrente y finalmente como m\u00e9dica de planta. En septiembre de 1991 realiz\u00f3 una pasant\u00eda en el <b>Instituto Nacional de Salud Mental de Badajoz<\/b>, <b>Espa\u00f1a<\/b>, y entre 1992 y 1995 fue adscripta y vocal titular de la junta m\u00e9dica en la Direcci\u00f3n Nacional de Rehabilitaci\u00f3n.<\/p>\n<p class=\"paragraph\" data-paragraph-number=\"16\">Ingres\u00f3 a la <b>ANMAT<\/b> en 1992, el mismo a\u00f1o de la creaci\u00f3n del organismo, como m\u00e9dica evaluadora, cargo que ocup\u00f3 hasta 2006. En 2007 fue subdirectora general y coordinadora de Ensayos Cl\u00ednicos en la Direcci\u00f3n de Evaluaci\u00f3n de Medicamentos, y entre 2008 y 2011 dirigi\u00f3 la Direcci\u00f3n Nacional de Evaluaci\u00f3n y Registro de Medicamentos. En paralelo desarroll\u00f3 una extensa actividad docente: fue profesora titular e invitada en c\u00e1tedras de Salud Mental y Psicolog\u00eda de la UBA en el Hospital Borda, en la Escuela Nacional de Terapia Ocupacional y, desde 2010, en cursos de posgrado de la Facultad de Derecho de la UBA. Entre 2011 y 2013 fue profesora invitada en la Maestr\u00eda de Investigaci\u00f3n Cl\u00ednica de la <b>Universidad Abierta Interamericana<\/b>. Tambi\u00e9n represent\u00f3 a la <b>ANMAT<\/b> como speaker invitada en los encuentros europeos y americanos de la <b>Drug Information Association (DIA)<\/b> entre 2009 y 2014, en su car\u00e1cter de miembro del <b>Latin American Advisory Council (ACLA)<\/b>.<\/p>\n<div class=\"ad_6 ad-wrapper dfpAd ad-1-al-6 ad-text ad-component-container\" style=\"--ad-shell-height:250px;--ad-shell-width:300px\" data-ad-wrapper=\"arcad\" data-ad-type=\"ad_6\" data-ad-slot=\"infobae\/politica\/nota\/ad_6\" data-ad-container=\"dfp\" data-ad-slot-name=\"infobae\/politica\/nota\/ad_6\">\n<p class=\"ad-shell-label\">PUBLICIDAD<\/p>\n<div id=\"infobae\/politica\/nota\/ad_6\" class=\"infobae\/politica\/nota\/ad_6 arcad ad-slot-node ad-slot-node--boxed\" data-ad-slot-id=\"infobae\/politica\/nota\/ad_6\"><\/div>\n<\/div>\n<div class=\"visual__image\"><picture><source srcset=\"https:\/\/www.infobae.com\/resizer\/v2\/I4377TPFDZGP7HVNEPIBS63W2A.png?auth=67eeaf27772643f1758f7fa7bf8872eacec50c4afc0f7b8126c1be2ed01f1e53&amp;smart=true&amp;width=992&amp;height=783&amp;quality=85\" media=\"(min-width: 1000px)\"><\/source><source srcset=\"https:\/\/www.infobae.com\/resizer\/v2\/I4377TPFDZGP7HVNEPIBS63W2A.png?auth=67eeaf27772643f1758f7fa7bf8872eacec50c4afc0f7b8126c1be2ed01f1e53&amp;smart=true&amp;width=768&amp;height=606&amp;quality=85\" media=\"(min-width: 768px)\"><\/source><source srcset=\"https:\/\/www.infobae.com\/resizer\/v2\/I4377TPFDZGP7HVNEPIBS63W2A.png?auth=67eeaf27772643f1758f7fa7bf8872eacec50c4afc0f7b8126c1be2ed01f1e53&amp;smart=true&amp;width=577&amp;height=455&amp;quality=85\" media=\"(min-width: 580px)\"><\/source><source srcset=\"https:\/\/www.infobae.com\/resizer\/v2\/I4377TPFDZGP7HVNEPIBS63W2A.png?auth=67eeaf27772643f1758f7fa7bf8872eacec50c4afc0f7b8126c1be2ed01f1e53&amp;smart=true&amp;width=420&amp;height=332&amp;quality=85\" media=\"(min-width: 350px)\"><\/source><source srcset=\"https:\/\/www.infobae.com\/resizer\/v2\/I4377TPFDZGP7HVNEPIBS63W2A.png?auth=67eeaf27772643f1758f7fa7bf8872eacec50c4afc0f7b8126c1be2ed01f1e53&amp;smart=true&amp;width=350&amp;height=276&amp;quality=85\" media=\"(min-width: 80px)\"><\/source><img alt=\"FENTANILO CONTAMINADO RESOLUCI\u00d3N PROCESAMIENTOS\" class=\"global-image\" decoding=\"async\" fetchpriority=\"low\" height=\"566\" loading=\"lazy\" src=\"https:\/\/www.infobae.com\/resizer\/v2\/I4377TPFDZGP7HVNEPIBS63W2A.png?auth=67eeaf27772643f1758f7fa7bf8872eacec50c4afc0f7b8126c1be2ed01f1e53&amp;smart=true&amp;width=350&amp;height=276&amp;quality=85\" width=\"717\"><\/picture><\/div>\n<p class=\"paragraph\" data-paragraph-number=\"17\">El 27 de diciembre de 2023, apenas semanas despu\u00e9s de que <b>Milei<\/b> asumiera la presidencia, fue designada administradora nacional de la <b>ANMAT<\/b> mediante el Decreto 94\/2023, firmado por el propio Milei y el entonces ministro de Salud, <b>Mario Russo<\/b>. Reemplaz\u00f3 a <b>Manuel Limeres<\/b>, que se hab\u00eda desempe\u00f1ado en el cargo durante las gestiones de <b>Gin\u00e9s Gonz\u00e1lez Garc\u00eda<\/b> y, tras el esc\u00e1ndalo del vacunatorio VIP, de <b>Carla Vizzotti<\/b>. En su declaraci\u00f3n testimonial del 15 de mayo de 2025, previa a ser imputada, <b>Bisio<\/b> dijo ejercer funciones en el organismo \u201cdesde su creaci\u00f3n en el a\u00f1o 1992\u201d. Present\u00f3 su renuncia al cargo el 5 de enero de 2026, aceptada por el Decreto 3\/2026, y fue sucedida por <b>Luis Eduardo Fontana<\/b>.<\/p>\n<p class=\"paragraph\" data-paragraph-number=\"18\"><b>Las dos versiones sobre la reuni\u00f3n del 14 de enero de 2025 en la sede de la ANMAT<\/b><\/p>\n<p class=\"paragraph\" data-paragraph-number=\"19\">Uno de los cuestionamientos que pesan sobre ellas en la causa judicial es la reuni\u00f3n que Mantec\u00f3n Fumad\u00f3 y Bisio mantuvieron el 14 de enero de 2025 en la sede central de la ANMAT, en Avenida de Mayo 869, con <b>Ariel Garc\u00eda <\/b>(due\u00f1o real de HLB Pharma y Laboratorios Ramallo) y su hermano <b>Diego; junto a Javier Tchukr\u00e1n, director de Manufactura, y Mar\u00eda Victoria Garc\u00eda<\/b>, gerenta de Gesti\u00f3n de Calidad.<\/p>\n<p class=\"paragraph\" data-paragraph-number=\"20\">El encuentro se convoc\u00f3 de manera oficial para \u201ccontinuar abordando el tema de los reportes recibidos\u201d, pero seg\u00fan el auto de procesamiento tuvo como objeto real acordar con los laboratorios de qu\u00e9 manera neutralizar dos proyectos de carta de advertencia que estaban listos para firmarse desde el 3 y el 8 de enero de ese a\u00f1o.<\/p>\n<p class=\"paragraph\" data-paragraph-number=\"21\">Las versiones de las dos ex funcionarias sobre lo ocurrido esa tarde son contradictorias. <b>Bisio sostuvo que se mantuvo callada durante todo el encuentro, \u201csin haber emitido nunca opini\u00f3n\u201d, y que asisti\u00f3 porque su subordinada le pidi\u00f3 que estuviera presente \u201cpara mantener el orden\u201d frente a \u201cpersonas complicadas\u201d.<\/b> Mantec\u00f3n Fumad\u00f3, en cambio, rechaz\u00f3 esa versi\u00f3n en la ampliaci\u00f3n de su declaraci\u00f3n indagatoria del 31 de agosto de 2026: \u201cEso no es verdad, ella trat\u00f3 de morigerar los modos en que se llevaba la reuni\u00f3n, apoy\u00f3 todos mis dichos\u201d, afirm\u00f3, y agreg\u00f3 que tampoco es cierto que Bisio se haya retirado antes que los directivos de los laboratorios.<\/p>\n<p class=\"paragraph\" data-paragraph-number=\"22\"><b>Un dato relevante<\/b>: Hasta que <b>Ariel Garc\u00eda<\/b> no declar\u00f3 ante el juez <b>Ernesto Kreplak<\/b> en su indagatoria que el 14 de enero de 2025 se hab\u00eda reunido en la sede de la ANMAT con Bisio y Mantec\u00f3n Fumad\u00f3 ninguna hab\u00eda informado a sus superiores del hecho. Es m\u00e1s, cuando de manera directa se le pregunt\u00f3 a la entonces titular de la ANMAT si era verdad lo que dijo el empresario due\u00f1o de HLB Pharma y Laboratorios Ramallo, ella habr\u00eda respondido (seg\u00fan dos fuentes consultadas por Infobae) <b>\u201cS\u00ed, pero me olvid\u00e9\u201d<\/b>.<\/p>\n<p class=\"paragraph\" data-paragraph-number=\"23\">-\u00bfY esa va a ser tu defensa?, le dijo uno de los funcionarios que la interpel\u00f3.<\/p>\n<p class=\"paragraph\" data-paragraph-number=\"24\">La m\u00e9dica psiquiatra, siempre respetuosa y medida en sus palabras, no respondi\u00f3. En el INAME tambi\u00e9n destacan el buen trato que siempre mantuvo la abogada para con sus subordinados.<\/p>\n<div class=\"visual__image\"><picture><source srcset=\"https:\/\/www.infobae.com\/resizer\/v2\/RPPFXTNPEFAGDIFNGPT2DSBVME.png?auth=df44bc75bf81dffcab2faa37d828abd5f7d0e0a1623783272b8b0e57db3942d8&amp;smart=true&amp;width=992&amp;height=1777&amp;quality=85\" media=\"(min-width: 1000px)\"><\/source><source srcset=\"https:\/\/www.infobae.com\/resizer\/v2\/RPPFXTNPEFAGDIFNGPT2DSBVME.png?auth=df44bc75bf81dffcab2faa37d828abd5f7d0e0a1623783272b8b0e57db3942d8&amp;smart=true&amp;width=768&amp;height=1376&amp;quality=85\" media=\"(min-width: 768px)\"><\/source><source srcset=\"https:\/\/www.infobae.com\/resizer\/v2\/RPPFXTNPEFAGDIFNGPT2DSBVME.png?auth=df44bc75bf81dffcab2faa37d828abd5f7d0e0a1623783272b8b0e57db3942d8&amp;smart=true&amp;width=577&amp;height=1034&amp;quality=85\" media=\"(min-width: 580px)\"><\/source><source srcset=\"https:\/\/www.infobae.com\/resizer\/v2\/RPPFXTNPEFAGDIFNGPT2DSBVME.png?auth=df44bc75bf81dffcab2faa37d828abd5f7d0e0a1623783272b8b0e57db3942d8&amp;smart=true&amp;width=420&amp;height=753&amp;quality=85\" media=\"(min-width: 350px)\"><\/source><source srcset=\"https:\/\/www.infobae.com\/resizer\/v2\/RPPFXTNPEFAGDIFNGPT2DSBVME.png?auth=df44bc75bf81dffcab2faa37d828abd5f7d0e0a1623783272b8b0e57db3942d8&amp;smart=true&amp;width=350&amp;height=627&amp;quality=85\" media=\"(min-width: 80px)\"><\/source><img alt=\"Infograf\u00eda con ilustraciones de la sede de ANMAT, dos funcionarias, datos del encuentro del 14 de enero e iconos de cuatro asistentes.\" class=\"global-image\" decoding=\"async\" fetchpriority=\"low\" height=\"2752\" loading=\"lazy\" src=\"https:\/\/www.infobae.com\/resizer\/v2\/RPPFXTNPEFAGDIFNGPT2DSBVME.png?auth=df44bc75bf81dffcab2faa37d828abd5f7d0e0a1623783272b8b0e57db3942d8&amp;smart=true&amp;width=350&amp;height=627&amp;quality=85\" width=\"1536\"><\/picture><\/div>\n<p class=\"paragraph\" data-paragraph-number=\"25\"><b>Mantec\u00f3n Fumad\u00f3 dijo tener grabada una conversaci\u00f3n telef\u00f3nica con Bisio<\/b><\/p>\n<p class=\"paragraph\" data-paragraph-number=\"26\">En esa misma audiencia del 31 de agosto, <b>Mantec\u00f3n Fumad\u00f3<\/b> revel\u00f3 ante el <b>Juzgado Criminal y Correccional Federal N\u00b0 3 de La Plata<\/b> que conserva la grabaci\u00f3n de una llamada telef\u00f3nica con Bisio, realizada por sugerencia de su abogado, <b>Marcelo Hugo Rocchetti<\/b>. Seg\u00fan relat\u00f3, el letrado le aconsej\u00f3: \u201cSi ten\u00e9s una conversaci\u00f3n con ella, grabala\u201d. Sobre el contenido, advirti\u00f3: \u201cLa sorpresa se la va a llevar Bisio cuando sepa que la conversaci\u00f3n la tengo grabada\u201d. La exdirectora del <b>INAME<\/b> precis\u00f3 que la charla se produjo en su propio despacho.<\/p>\n<p class=\"paragraph\" data-paragraph-number=\"27\">El resultado de la inspecci\u00f3n realizada en noviembre de 2024 sobre <b>Laboratorios Ramallo<\/b> ya estaba en conocimiento de ambas funcionarias antes de esa reuni\u00f3n. El auto judicial sostiene que <b>Mantec\u00f3n Fumad\u00f3<\/b> supo de las deficiencias cr\u00edticas al menos desde el 3 de enero de 2025, fecha de elevaci\u00f3n del proyecto de carta de advertencia, y que <b>Bisio<\/b> tom\u00f3 conocimiento de la situaci\u00f3n, como m\u00ednimo, el d\u00eda del encuentro con los responsables de los laboratorios.<\/p>\n<p class=\"paragraph\" data-paragraph-number=\"28\"><b>Detenidas el mismo d\u00eda, liberadas bajo cauci\u00f3n de 75 millones de pesos cada una<\/b><\/p>\n<p class=\"paragraph\" data-paragraph-number=\"29\">Las dos ex funcionarias fueron detenidas el 3 de agosto de 2026, a pedido de la fiscal federal, <b>Mar\u00eda Laura Roteta<\/b>, para garantizar la realizaci\u00f3n de sus indagatorias. Bisio fue aprehendida en su domicilio de Olivos, mientras que Mantec\u00f3n Fumad\u00f3 se present\u00f3 de manera voluntaria junto con su abogado en una dependencia policial. Las indagatorias se llevaron a cabo el 6 de agosto: Bisio se neg\u00f3 a responder preguntas y present\u00f3 un escrito de descargo, mientras que Mantec\u00f3n Fumad\u00f3 respondi\u00f3 al interrogatorio, aunque repiti\u00f3 en 33 oportunidades la frase \u201cno lo recuerdo\u201d.<\/p>\n<div class=\"visual__image\"><picture><source srcset=\"https:\/\/www.infobae.com\/resizer\/v2\/O2ZYB4YCPFE4NIWPJDA4CIM42U.jpg?auth=407d70ee395baae820a83472f209351ad7925636ab2efc1d12853d57cf9242fb&amp;smart=true&amp;width=992&amp;height=662&amp;quality=85\" media=\"(min-width: 1000px)\"><\/source><source srcset=\"https:\/\/www.infobae.com\/resizer\/v2\/O2ZYB4YCPFE4NIWPJDA4CIM42U.jpg?auth=407d70ee395baae820a83472f209351ad7925636ab2efc1d12853d57cf9242fb&amp;smart=true&amp;width=768&amp;height=512&amp;quality=85\" media=\"(min-width: 768px)\"><\/source><source srcset=\"https:\/\/www.infobae.com\/resizer\/v2\/O2ZYB4YCPFE4NIWPJDA4CIM42U.jpg?auth=407d70ee395baae820a83472f209351ad7925636ab2efc1d12853d57cf9242fb&amp;smart=true&amp;width=577&amp;height=385&amp;quality=85\" media=\"(min-width: 580px)\"><\/source><source srcset=\"https:\/\/www.infobae.com\/resizer\/v2\/O2ZYB4YCPFE4NIWPJDA4CIM42U.jpg?auth=407d70ee395baae820a83472f209351ad7925636ab2efc1d12853d57cf9242fb&amp;smart=true&amp;width=420&amp;height=280&amp;quality=85\" media=\"(min-width: 350px)\"><\/source><source srcset=\"https:\/\/www.infobae.com\/resizer\/v2\/O2ZYB4YCPFE4NIWPJDA4CIM42U.jpg?auth=407d70ee395baae820a83472f209351ad7925636ab2efc1d12853d57cf9242fb&amp;smart=true&amp;width=350&amp;height=234&amp;quality=85\" media=\"(min-width: 80px)\"><\/source><img alt=\"En el centro Ernesto Kreplak ante diputados exponiendo los entretelones del caso y la falta de trazabilidad del fentanilo\" class=\"global-image\" decoding=\"async\" fetchpriority=\"low\" height=\"1668\" loading=\"lazy\" src=\"https:\/\/www.infobae.com\/resizer\/v2\/O2ZYB4YCPFE4NIWPJDA4CIM42U.jpg?auth=407d70ee395baae820a83472f209351ad7925636ab2efc1d12853d57cf9242fb&amp;smart=true&amp;width=350&amp;height=234&amp;quality=85\" width=\"2500\"><\/picture><\/div>\n<p class=\"paragraph\" data-paragraph-number=\"30\">El juez <b>Kreplak<\/b> dispuso la excarcelaci\u00f3n de ambas el 7 de agosto de 2026, bajo una cauci\u00f3n real de 75 millones de pesos para cada una. En lugar de depositar el dinero en efectivo, la Justicia les permiti\u00f3 ofrecer inmuebles como garant\u00eda: <b>Mantec\u00f3n Fumad\u00f3<\/b> hipotec\u00f3 una casa propia ubicada en <b>Santa Clara<\/b> y <b>Bisio<\/b>, un inmueble a nombre de su hijo. A ambas se les retuvieron los pasaportes y se les impuso la prohibici\u00f3n de salir del pa\u00eds, adem\u00e1s de la obligaci\u00f3n de comparecer mensualmente ante la <b>Polic\u00eda Federal<\/b> y de no contactar a ninguna persona vinculada con la <b>ANMAT<\/b> o el <b>INAME<\/b>.<\/p>\n<p class=\"paragraph\" data-paragraph-number=\"31\"><b>El expediente identific\u00f3 134 v\u00edctimas, de las cuales 90 murieron<\/b><\/p>\n<p class=\"paragraph\" data-paragraph-number=\"32\"><b>La investigaci\u00f3n, que tramita bajo el expediente FLP 17371\/2025, logr\u00f3 identificar 134 v\u00edctimas del fentanilo adulterado: 90 fallecidas, dos con lesiones grav\u00edsimas, 41 con lesiones graves y una con lesiones leves.<\/b> El primer lote contaminado, identificado como 31202, registr\u00f3 orden de producci\u00f3n el 16 de diciembre de 2024, fue fabricado entre el 18 y el 19 de ese mes y liberado al mercado el 4 de enero de 2025. La carta de advertencia que prohibi\u00f3 la producci\u00f3n en <b>Laboratorios Ramallo<\/b> reci\u00e9n fue firmada por <b>Mantec\u00f3n Fumad\u00f3<\/b> y <b>Bisio<\/b> el 10 de febrero de 2025, 38 d\u00edas despu\u00e9s de que los equipos t\u00e9cnicos del <b>INAME<\/b> elevaran el proyecto. La carta que deb\u00eda prohibir la comercializaci\u00f3n de los productos de <b>HLB Pharma<\/b> nunca lleg\u00f3 a firmarse.<\/p>\n","protected":false},"excerpt":{"rendered":"<p>02 Sep, 2026 12:13 p. m. EST Guardar El juez federal de La Plata, Ernesto Kreplak, dict\u00f3 el procesamiento sin prisi\u00f3n preventiva de Gabriela Carmen Mantec\u00f3n Fumad\u00f3 y N\u00e9lida Agustina Bisio, las dos ex funcionarias que estuvieron al frente de los organismos responsables de controlar la calidad de los medicamentos en la Argentina durante la [&hellip;]<\/p>\n","protected":false},"author":1,"featured_media":24704,"comment_status":"open","ping_status":"open","sticky":false,"template":"","format":"standard","meta":{"footnotes":""},"categories":[1],"tags":[],"class_list":["post-24703","post","type-post","status-publish","format-standard","has-post-thumbnail","hentry","category-uncategorized"],"_links":{"self":[{"href":"https:\/\/cliente1.publisher.highstack.com.ar\/index.php?rest_route=\/wp\/v2\/posts\/24703","targetHints":{"allow":["GET"]}}],"collection":[{"href":"https:\/\/cliente1.publisher.highstack.com.ar\/index.php?rest_route=\/wp\/v2\/posts"}],"about":[{"href":"https:\/\/cliente1.publisher.highstack.com.ar\/index.php?rest_route=\/wp\/v2\/types\/post"}],"author":[{"embeddable":true,"href":"https:\/\/cliente1.publisher.highstack.com.ar\/index.php?rest_route=\/wp\/v2\/users\/1"}],"replies":[{"embeddable":true,"href":"https:\/\/cliente1.publisher.highstack.com.ar\/index.php?rest_route=%2Fwp%2Fv2%2Fcomments&post=24703"}],"version-history":[{"count":0,"href":"https:\/\/cliente1.publisher.highstack.com.ar\/index.php?rest_route=\/wp\/v2\/posts\/24703\/revisions"}],"wp:featuredmedia":[{"embeddable":true,"href":"https:\/\/cliente1.publisher.highstack.com.ar\/index.php?rest_route=\/wp\/v2\/media\/24704"}],"wp:attachment":[{"href":"https:\/\/cliente1.publisher.highstack.com.ar\/index.php?rest_route=%2Fwp%2Fv2%2Fmedia&parent=24703"}],"wp:term":[{"taxonomy":"category","embeddable":true,"href":"https:\/\/cliente1.publisher.highstack.com.ar\/index.php?rest_route=%2Fwp%2Fv2%2Fcategories&post=24703"},{"taxonomy":"post_tag","embeddable":true,"href":"https:\/\/cliente1.publisher.highstack.com.ar\/index.php?rest_route=%2Fwp%2Fv2%2Ftags&post=24703"}],"curies":[{"name":"wp","href":"https:\/\/api.w.org\/{rel}","templated":true}]}}