{"id":24701,"date":"2026-09-02T13:21:45","date_gmt":"2026-09-02T16:21:45","guid":{"rendered":"https:\/\/cliente1.publisher.highstack.com.ar\/?p=24701"},"modified":"2026-09-02T13:21:45","modified_gmt":"2026-09-02T16:21:45","slug":"entre-la-mora-y-las-paso-la-mesa-politica-de-milei-quiere-encauzar-la-agenda-del-congreso-y-espera-resoluciones-del-banco-central","status":"publish","type":"post","link":"https:\/\/cliente1.publisher.highstack.com.ar\/?p=24701","title":{"rendered":"Entre la mora y las PASO: la mesa pol\u00edtica de Milei quiere encauzar la agenda del Congreso y espera resoluciones del Banco Central"},"content":{"rendered":"<p> <br \/>\n<\/p>\n<div id=\"element-body-0\">\n<p>La <strong>extensa reuni\u00f3n de la mesa pol\u00edtica del martes<\/strong> tuvo dos ejes centrales: c\u00f3mo apurar el debate por las PASO y la discusi\u00f3n por la mora r\u00e9cord, que logr\u00f3 colarse en la agenda p\u00fablica y pegar en la l\u00ednea de flotaci\u00f3n del Gobierno.<\/p>\n<\/div>\n<div id=\"element-body-1\">\n<p>En ambos casos, <strong>gobernadores y aliados<\/strong> tienen la llave para <strong>facilitar los planes del Gobierno<\/strong> o para presionarlo. Aunque todav\u00eda no cuenta con los votos, <strong>Patricia Bullrich quiere acelerar el debate por la suspensi\u00f3n de las primarias<\/strong>. Imaginan avanzar con ese debate en la C\u00e1mara Alta en octubre.<\/p>\n<\/div>\n<div id=\"element-body-2\">\n<p>M\u00e1s urgente es la discusi\u00f3n por la mora, despu\u00e9s de que una nueva mayor\u00eda asomara en Diputados la semana pasada con el pedido de una sesi\u00f3n especial para el 9 de septiembre. <strong>Mart\u00edn Menem reaccion\u00f3 al redirigir el tema<\/strong> a la comisi\u00f3n de Finanzas. En junio hab\u00eda <strong>apelado a la misma estrategia<\/strong> cuando la oposici\u00f3n buscaba interpelar al entonces jefe de Gabinete Manuel Adorni y avanzar con una moci\u00f3n de censura. En aquella oportunidad convoc\u00f3 a la comisi\u00f3n de Asuntos Constitucionales. <\/p>\n<\/div>\n<div id=\"element-body-3\">\n<p>El Gobierno se mantiene firme en su convicci\u00f3n de <strong>no intervenir de manera directa para auxiliar a los morosos<\/strong>, pero espera una <strong>reacci\u00f3n del presidente del Banco Central Santiago Bausili <\/strong>y de su ex socio en la consultora Anker, el ministro de Econom\u00eda, Luis Caputo. \u201c<strong>El BCRA tiene que activar<\/strong>\u201d, le dijo a <strong>Clar\u00edn <\/strong>uno de los participantes de la mesa de poder del Presidente en la que <strong>Karina Milei es la que manda.<\/strong><\/p>\n<\/div>\n<div id=\"element-body-4\">\n<p>La reacci\u00f3n de la autoridad monetaria para ayudar a los deudores con dificultades para pagar es la misma que reclaman ministros para acelerar la reactivaci\u00f3n econ\u00f3mica y del consumo: <strong>la baja de las tasas de inter\u00e9s<\/strong>.<\/p>\n<\/div>\n<div id=\"element-body-5\">\n<p>La medida tambi\u00e9n es exigen por los industriales. Javier Milei orden\u00f3 sus ministros de que no participaran del <strong>D\u00eda de la Industria<\/strong> despu\u00e9s de que Mart\u00edn Rappalini, jefe de la UIA, se retirara del discurso del Presidente en el <strong>Consejo de las Am\u00e9ricas<\/strong>.<\/p>\n<\/div>\n<div id=\"element-body-6\">\n<p>\u201cHay que utilizar las herramientas que tenemos: hay <strong>trata de bajar las tasas en t\u00e9rminos generales. Este es el riesgo: es un tema de tiempo, sin otra intervenci\u00f3n. Tenemos que colaborar con educaci\u00f3n financiera y algunas cuestiones m\u00e1s<\/strong>\u201d, blanquearon sin demasiadas precisiones los lugartenientes de la hermana del Presidente en la mesa pol\u00edtica, donde tienen asiento Mart\u00edn y Eduardo &#8220;Lule&#8221; Menem, Diego Santilli, Ignacio Devitt, Santiago Caputo, Bullrich y el ministro de Econom\u00eda, que peg\u00f3 el faltazo para asistir a la cumbre del G-20 en Estados Unidos..<\/p>\n<\/div>\n<div id=\"element-body-8\">\n<p>En rigor, se especulaba la semana con un anuncio en esa direcci\u00f3n para que <strong>billeteras virtuales<\/strong> informaran sobre el <strong>costo financiero total de los pr\u00e9stamos. Finalmente <\/strong>Caputo sorprendi\u00f3 al <strong>anunciar el fondeo a bancos v\u00eda ANSES<\/strong> para facilitar cr\u00e9ditos hipotecarios y apel\u00f3 a la \u201cjusticia social\u201d.<\/p>\n<\/div>\n<div id=\"element-body-9\">\n<p>En el Senado <strong>todav\u00eda no prendi\u00f3 la llama opositora<\/strong> para reclamar medidas para los morosos, <strong>pero si avanza en Diputados. <\/strong>El escenario puede reconfingurarse e incluso afectar la discusi\u00f3n por las primarias.<\/p>\n<\/div>\n<div id=\"element-body-10\">\n<p><strong>Diez gobernadores de todo el arco pol\u00edtico<\/strong> ya se diferenciaron de Milei y colaboraron con deudores de servicios en sus provincias. En esa agenda se superponen opositores duros como Axel Kicillof y mandatarios provinciales m\u00e1s amables con la Rosada como <strong>Maximiliano Pullaro (Santa Fe), Gustavo S\u00e1enz (Salta), Rolando Figueroa (Neuqu\u00e9n) y Mart\u00edn Llaryora (C\u00f3rdoba)<\/strong>.<\/p>\n<\/div>\n<div id=\"element-body-11\">\n<p>Una encuesta de Opina Argentina revel\u00f3 <strong>que el 52 por ciento de los consultados<\/strong> no ver\u00eda con malos ojos que el Gobierno ayudara con <strong>recursos fiscales a los morosos<\/strong>. Nadie en el Ejecutivo piensa en un gesto de esa naturaleza.<\/p>\n<\/div>\n<div id=\"element-body-12\">\n<p>Sin embargo, como aconsejaba el consultor catal\u00e1n <strong>Anton\u00ed Guti\u00e9rrez Rub\u00ed<\/strong> -una mala palabra para Milei- a Sergio Massa, aunque los controles de precios no tuvieran el efecto deseado, <strong>el electorado los valoraba<\/strong>, porque ve\u00eda que al Gobierno le importaba la problem\u00e1tica. \u201c<strong>Es mejor que nada<\/strong>\u201d, razonaban. En la administraci\u00f3n libertaria hay quienes piensan en la misma l\u00ednea. La pol\u00edtica y el momento delicado del Gobierno requiere <strong>gestos<\/strong>.<\/p>\n<\/div>\n<div id=\"element-body-13\">\n<p>Llaryora, jefe del segundo distrito nacional, se reuni\u00f3 la semana pasada con su antecesor <strong>Juan Schiaretti<\/strong> horas despu\u00e9s de <strong>pasar por el despacho de Diego Santilli<\/strong> y no descarta que puedan prestar apoyo a la <strong>suspensi\u00f3n de las primarias<\/strong> en sinton\u00eda con lo que dejaron trascender sus socios de la regi\u00f3n centro <strong>Pullaro y Rogelio Frigerio<\/strong>, aliado del Gobierno. Otros ejecutivos provinciales monitorean el v\u00ednculo con la Rosada, que <strong>suaviza la competencia electoral y la oferta propia<\/strong> en las provincias.<\/p>\n<\/div>\n<div id=\"element-body-15\">\n<p>Otro aliado de Milei, el mandatario chaque\u00f1o <strong>Leandro Zdero,<\/strong> <strong>pic\u00f3 en punta<\/strong> y logr\u00f3 que la legislatura local suspendiera por un a\u00f1o las primarias, pese al rechazo del peronismo. La Rioja, San Luis y Salta ya hab\u00edan avanzado antes con la eliminaci\u00f3n definitiva de esa herramienta.<\/p>\n<\/div>\n","protected":false},"excerpt":{"rendered":"<p>La extensa reuni\u00f3n de la mesa pol\u00edtica del martes tuvo dos ejes centrales: c\u00f3mo apurar el debate por las PASO y la discusi\u00f3n por la mora r\u00e9cord, que logr\u00f3 colarse en la agenda p\u00fablica y pegar en la l\u00ednea de flotaci\u00f3n del Gobierno. En ambos casos, gobernadores y aliados tienen la llave para facilitar los [&hellip;]<\/p>\n","protected":false},"author":1,"featured_media":24702,"comment_status":"open","ping_status":"open","sticky":false,"template":"","format":"standard","meta":{"footnotes":""},"categories":[1],"tags":[3],"class_list":["post-24701","post","type-post","status-publish","format-standard","has-post-thumbnail","hentry","category-uncategorized","tag-rogelio-frigerio"],"_links":{"self":[{"href":"https:\/\/cliente1.publisher.highstack.com.ar\/index.php?rest_route=\/wp\/v2\/posts\/24701","targetHints":{"allow":["GET"]}}],"collection":[{"href":"https:\/\/cliente1.publisher.highstack.com.ar\/index.php?rest_route=\/wp\/v2\/posts"}],"about":[{"href":"https:\/\/cliente1.publisher.highstack.com.ar\/index.php?rest_route=\/wp\/v2\/types\/post"}],"author":[{"embeddable":true,"href":"https:\/\/cliente1.publisher.highstack.com.ar\/index.php?rest_route=\/wp\/v2\/users\/1"}],"replies":[{"embeddable":true,"href":"https:\/\/cliente1.publisher.highstack.com.ar\/index.php?rest_route=%2Fwp%2Fv2%2Fcomments&post=24701"}],"version-history":[{"count":0,"href":"https:\/\/cliente1.publisher.highstack.com.ar\/index.php?rest_route=\/wp\/v2\/posts\/24701\/revisions"}],"wp:featuredmedia":[{"embeddable":true,"href":"https:\/\/cliente1.publisher.highstack.com.ar\/index.php?rest_route=\/wp\/v2\/media\/24702"}],"wp:attachment":[{"href":"https:\/\/cliente1.publisher.highstack.com.ar\/index.php?rest_route=%2Fwp%2Fv2%2Fmedia&parent=24701"}],"wp:term":[{"taxonomy":"category","embeddable":true,"href":"https:\/\/cliente1.publisher.highstack.com.ar\/index.php?rest_route=%2Fwp%2Fv2%2Fcategories&post=24701"},{"taxonomy":"post_tag","embeddable":true,"href":"https:\/\/cliente1.publisher.highstack.com.ar\/index.php?rest_route=%2Fwp%2Fv2%2Ftags&post=24701"}],"curies":[{"name":"wp","href":"https:\/\/api.w.org\/{rel}","templated":true}]}}