{"id":24694,"date":"2026-09-02T13:11:20","date_gmt":"2026-09-02T16:11:20","guid":{"rendered":"https:\/\/cliente1.publisher.highstack.com.ar\/?p=24694"},"modified":"2026-09-02T13:11:20","modified_gmt":"2026-09-02T16:11:20","slug":"alberto-frola-un-dirigente-rural-dialoguista-que-dejo-huella-en-el-campo-argentino","status":"publish","type":"post","link":"https:\/\/cliente1.publisher.highstack.com.ar\/?p=24694","title":{"rendered":"Alberto Frola, un dirigente rural dialoguista que dej\u00f3 huella en el campo argentino"},"content":{"rendered":"<div class=\"col-12\">\n<div data-tw=\"true\" style=\"display:contents\">\n<div role=\"none\"><\/div>\n<\/div>\n<p class=\"com-paragraph --capital --s\">El ruralismo argentino despidi\u00f3 a <strong>Alberto Frola<\/strong>, ex presidente de la <strong>Confederaci\u00f3n de Asociaciones Rurales de Buenos Aires y La Pampa (Carbap)<\/strong>, dirigente pampeano de extensa trayectoria gremial y referente de una generaci\u00f3n de productores que atraves\u00f3 algunos de los momentos m\u00e1s complejos de la relaci\u00f3n entre el sector agropecuario y el Estado. <\/p>\n<div class=\"ln-banner-container --no-app --caja1_mob\">\n<div id=\"caja1_mob\" class=\"ln-banner\" data-slot-group=\"nota\" data-device=\"mobile\" data-subscription=\"false\" data-ad-unit-path=\"\/133919216\/campo_mobile\/Nota\/caja1_mob\" data-targeting='{\"sitio\":\"lanacion\",\"seccion\":\"nota\"}' data-without-hide=\"true\" data-size=\"[[320,100],[300,250],[1,1],[300,450],[320,450]]\" data-sizemap=\"[]\" data-prebid-enabled=\"true\"><\/div>\n<\/div>\n<p class=\"com-paragraph --s\">Nacido en <strong>1947<\/strong>, Frola fue un hombre profundamente ligado al campo desde sus or\u00edgenes. Representaba la tercera generaci\u00f3n de una familia de productores agropecuarios con actividad en <strong>La Pampa<\/strong> y tambi\u00e9n en la provincia de <strong>Buenos Aires<\/strong>, particularmente en <strong>Chacabuco<\/strong>. Sin embargo, su perfil excedi\u00f3 ampliamente la producci\u00f3n rural: fue <strong>abogado<\/strong>, <strong>docente universitario<\/strong>, investigador en temas de derecho privado y un activo participante en diversas instituciones.<\/p>\n<div class=\"ln-banner-container --no-app --middle_1_dsk\">\n<div id=\"middle_1_dsk\" class=\"ln-banner\" data-slot-group=\"nota\" data-device=\"desktop\" data-subscription=\"true\" data-ad-unit-path=\"\/133919216\/campo_desktop\/Nota\/middle_1_dsk\" data-targeting='{\"sitio\":\"lanacion\",\"seccion\":\"nota\"}' data-without-hide=\"true\" data-size=\"[[1,1],[640,360],[640,480],[728,90]]\" data-sizemap=\"[]\" data-prebid-enabled=\"true\"><\/div>\n<\/div>\n<p class=\"com-paragraph --s\">La noticia de su fallecimiento gener\u00f3 numerosas expresiones de pesar dentro de la dirigencia agropecuaria. En un comunicado, <strong>Carbap<\/strong> destac\u00f3 su paso por la entidad y record\u00f3 que ocup\u00f3 la <strong>Vicepresidencia Primera entre 2008 y 2010<\/strong> y posteriormente la <strong>Presidencia entre 2010 y 2012<\/strong>, en una etapa marcada por las consecuencias pol\u00edticas y econ\u00f3micas del conflicto que enfrent\u00f3 al gobierno nacional con el sector agropecuario tras la recordada <strong>Resoluci\u00f3n 125<\/strong>.<\/p>\n<p class=\"com-paragraph --s\">Desde la entidad resaltaron que Frola se distingui\u00f3 por un estilo de conducci\u00f3n caracterizado por el di\u00e1logo y la moderaci\u00f3n. \u201cDialoguista\u201d era, justamente, la palabra con la que \u00e9l mismo eligi\u00f3 definirse cuando asumi\u00f3 la conducci\u00f3n de Carbap en 2010, tras imponerse en unas elecciones internas que marcaron el rumbo de la organizaci\u00f3n para los a\u00f1os siguientes.<\/p>\n<div class=\"ln-banner-container --no-app --caja2_mob\">\n<div id=\"caja2_mob\" class=\"ln-banner\" data-slot-group=\"nota\" data-device=\"mobile\" data-subscription=\"true\" data-ad-unit-path=\"\/133919216\/campo_mobile\/Nota\/caja2_mob\" data-targeting='{\"sitio\":\"lanacion\",\"seccion\":\"nota\"}' data-without-hide=\"true\" data-size=\"[[320,100],[300,250],[300,450],[1,1],[360,270],[320,180]]\" data-sizemap=\"[]\" data-prebid-enabled=\"true\"><\/div>\n<\/div>\n<p class=\"com-paragraph --s\">Aquella definici\u00f3n condensaba buena parte de su personalidad pol\u00edtica y gremial. Aunque encabez\u00f3 una de las entidades hist\u00f3ricamente m\u00e1s cr\u00edticas de las pol\u00edticas agropecuarias del kirchnerismo, sosten\u00eda que el di\u00e1logo deb\u00eda ser una herramienta para alcanzar consensos sin resignar convicciones. \u201cEl di\u00e1logo debe servir para llegar al consenso\u201d, afirmaba entonces. Tambi\u00e9n fue presidente de la Sociedad Rural de General Pico, en La Pampa y representante por Confederaciones Rurales Argentinas (CRA) en la Comisi\u00f3n Nacional de Trabajo Agrario. <\/p>\n<div class=\"ln-banner-container --no-app --middle_2_dsk\">\n<div id=\"middle_2_dsk\" class=\"ln-banner\" data-slot-group=\"nota\" data-device=\"desktop\" data-subscription=\"true\" data-ad-unit-path=\"\/133919216\/campo_desktop\/Nota\/middle_2_dsk\" data-targeting='{\"sitio\":\"lanacion\",\"seccion\":\"nota\"}' data-without-hide=\"true\" data-size=\"[[1,1],[728,90]]\" data-sizemap=\"[]\" data-prebid-enabled=\"true\"><\/div>\n<\/div>\n<div class=\"content-media\">\n<section role=\"button\" class=\"mod-media   \">\n<figure role=\"button\" tabindex=\"0\" class=\"mod-figure \">\n<div class=\"placeholder \">\n<div class=\"com-image\"><picture><source media=\"(min-width: 768px)\" srcset=\"https:\/\/www.lanacion.com.ar\/resizer\/v2\/manuel-cipriano-heredia-junto-a-alberto-frola-O4LOJFN675ERFDVEQW5HLZOIEE.jpg?auth=ae531214f7d5d8d49b5a0d0da93295a9431d03e64450b5e824cc4fdb460461a8&amp;width=780&amp;height=344&amp;quality=70&amp;smart=true\"><\/source><img class=\"image com-image flex --cover\" decoding=\"async\" fetchpriority=\"low\" loading=\"lazy\" src=\"https:\/\/www.lanacion.com.ar\/resizer\/v2\/manuel-cipriano-heredia-junto-a-alberto-frola-O4LOJFN675ERFDVEQW5HLZOIEE.jpg?auth=ae531214f7d5d8d49b5a0d0da93295a9431d03e64450b5e824cc4fdb460461a8&amp;width=420&amp;height=185&amp;quality=70&amp;smart=true\" width=\"454\" alt=\"Manuel Cipriano Heredia, junto a Alberto Frola, Mario Llamb\u00edas y Alberto Larra\u00f1aga, en Expoagro\" height=\"200\"><\/picture><\/div>\n<\/div><figcaption class=\"mod-figcaption\"><span class=\"com-text --caption --twoxs\">Manuel Cipriano Heredia, junto a Alberto Frola, Mario Llamb\u00edas y Alberto Larra\u00f1aga, en Expoagro<\/span><span class=\"com-text --credit --twoxs\">LA NACION<\/span><\/figcaption><\/figure>\n<\/section>\n<\/div>\n<div class=\"ln-banner-container --no-app --caja3_mob\">\n<div id=\"caja3_mob\" class=\"ln-banner\" data-slot-group=\"nota\" data-device=\"mobile\" data-subscription=\"false\" data-ad-unit-path=\"\/133919216\/campo_mobile\/Nota\/caja3_mob\" data-targeting='{\"sitio\":\"lanacion\",\"seccion\":\"nota\"}' data-without-hide=\"true\" data-size=\"[[320,100],[300,250],[1,1],[300,450],[360,270]]\" data-sizemap=\"[]\" data-prebid-enabled=\"true\"><\/div>\n<\/div>\n<div class=\"ln-banner-container --no-app --middle_2_tab\">\n<div id=\"middle_2_tab\" class=\"ln-banner\" data-slot-group=\"nota\" data-device=\"tablet\" data-subscription=\"false\" data-ad-unit-path=\"\/133919216\/campo_tablet\/Nota\/middle_2_tab\" data-targeting='{\"sitio\":\"lanacion\",\"seccion\":\"nota\"}' data-without-hide=\"true\" data-size=\"[[728,90],[640,480],[468,60],[1,1]]\" data-sizemap=\"[]\" data-prebid-enabled=\"true\"><\/div>\n<\/div>\n<p class=\"com-paragraph --s\">Durante su gesti\u00f3n mantuvo contactos con representantes de distintas fuerzas pol\u00edticas con presencia parlamentaria y promovi\u00f3 espacios de intercambio institucional. Bajo su presidencia, Carbap fue anfitriona de un encuentro de <strong>gremialismo rural iberoamericano<\/strong>, que reuni\u00f3 en la Argentina a dirigentes de diversos pa\u00edses de Am\u00e9rica Latina, reafirmando su inter\u00e9s por la construcci\u00f3n de puentes y el fortalecimiento de los v\u00ednculos regionales.<\/p>\n<p class=\"com-paragraph --s\">Su liderazgo tambi\u00e9n coincidi\u00f3 con a\u00f1os de intensa discusi\u00f3n sobre las pol\u00edticas agropecuarias nacionales. Frola cuestion\u00f3 reiteradamente los mecanismos de intervenci\u00f3n estatal en los mercados y advirti\u00f3 sobre las consecuencias que, a su juicio, generaban algunas medidas para los productores. Particularmente contra el aumento de la presi\u00f3n impositiva en las provincias de Buenos Aires y La Pampa.<\/p>\n<p class=\"com-paragraph --s\">Adem\u00e1s de su actividad ruralista, desarroll\u00f3 una destacada carrera acad\u00e9mica. Fue docente de la <strong>Universidad del Museo Social Argentino<\/strong> y recibi\u00f3 reconocimientos como profesor em\u00e9rito en instituciones del exterior. Tambi\u00e9n public\u00f3 diversos trabajos de investigaci\u00f3n vinculados al derecho privado, una disciplina a la que dedic\u00f3 gran parte de su vida profesional.<\/p>\n<div class=\"ln-banner-container --no-app --caja4_mob\">\n<div id=\"caja4_mob\" class=\"ln-banner\" data-slot-group=\"nota\" data-device=\"mobile\" data-subscription=\"false\" data-ad-unit-path=\"\/133919216\/campo_mobile\/Nota\/caja4_mob\" data-targeting='{\"sitio\":\"lanacion\",\"seccion\":\"nota\"}' data-without-hide=\"true\" data-size=\"[[320,100],[300,250],[1,1]]\" data-sizemap=\"[]\" data-prebid-enabled=\"true\"><\/div>\n<\/div>\n<p class=\"com-paragraph --s\">Su compromiso institucional trascendi\u00f3 el \u00e1mbito agropecuario. Particip\u00f3 activamente en <strong>Rotary Club Internacional<\/strong>, donde tambi\u00e9n volc\u00f3 su experiencia dirigencial y su vocaci\u00f3n de servicio. <\/p>\n<p class=\"com-paragraph --s\">Entre sus pasiones personales ocupaba un lugar especial <strong>Racing Club<\/strong>, equipo del que era ferviente simpatizante y al que segu\u00eda con el mismo entusiasmo con que acompa\u00f1aba los debates del sector agropecuario.<\/p>\n<div class=\"ln-banner-container --no-app --caja6_mob\">\n<div id=\"caja6_mob\" class=\"ln-banner\" data-slot-group=\"nota\" data-device=\"mobile\" data-subscription=\"false\" data-ad-unit-path=\"\/133919216\/campo_mobile\/Nota\/caja6_mob\" data-targeting='{\"sitio\":\"lanacion\",\"seccion\":\"nota\"}' data-without-hide=\"true\" data-size=\"[[300,250],[230,50],[300,450],[1,1],[320,100]]\" data-sizemap=\"[]\" data-prebid-enabled=\"true\"><\/div>\n<\/div>\n<p class=\"com-paragraph --s\">Al despedirlo, CARBAP destac\u00f3 que deja una \u201chuella imborrable\u201d en la instituci\u00f3n y entre los productores de la regi\u00f3n. La entidad hizo llegar sus condolencias a su familia y subray\u00f3 que su legado permanece asociado a valores que marcaron toda su trayectoria: el compromiso con la producci\u00f3n, la defensa de las instituciones republicanas y una permanente vocaci\u00f3n por el di\u00e1logo.<\/p>\n<p class=\"com-paragraph --s\">A su vez, la<strong> Sociedad Rural Argentina <\/strong>expres\u00f3 su pesar por el fallecimiento de Frola y destac\u00f3 que fue \u201cun dirigente dedicado a la defensa de los productores y a la b\u00fasqueda de consensos para el desarrollo de la actividad rural\u201d.<\/p>\n<div class=\"ln-banner-container --no-app --caja7_mob\">\n<div id=\"caja7_mob\" class=\"ln-banner\" data-slot-group=\"nota\" data-device=\"mobile\" data-subscription=\"true\" data-ad-unit-path=\"\/133919216\/campo_mobile\/Nota\/caja7_mob\" data-targeting='{\"sitio\":\"lanacion\",\"seccion\":\"nota\"}' data-without-hide=\"true\" data-size=\"[[300,250],[320,50],[300,450],[1,1],[320,100]]\" data-sizemap=\"[]\" data-prebid-enabled=\"true\"><\/div>\n<\/div>\n<p class=\"com-paragraph --s\">\u201cDesde la Sociedad Rural Argentina acompa\u00f1amos a sus familiares, amigos y a toda la comunidad rural en este doloroso momento. Recordamos con <strong>respeto y reconocimiento su compromiso, su vocaci\u00f3n de servicio y su aporte a la representaci\u00f3n gremial del campo argentino<\/strong>\u201d, expres\u00f3 la entidad en redes sociales.<\/p>\n<div data-tw=\"true\" style=\"display:contents\">\n<h3 class=\"font-primary text-subheading-lg text-left container-center-100 mb-8\"><span><\/span><\/h3>\n<\/div>\n<div class=\"ln-banner-container --no-app --caja5_mob\">\n<div id=\"caja5_mob\" class=\"ln-banner\" data-slot-group=\"nota\" data-device=\"mobile\" data-subscription=\"false\" data-ad-unit-path=\"\/133919216\/campo_mobile\/Nota\/caja5_mob\" data-targeting='{\"sitio\":\"lanacion\",\"seccion\":\"nota\"}' data-without-hide=\"true\" data-size='[[320,100],[300,250],[1,1],[\" fluid\"]]' data-sizemap=\"[]\" data-prebid-enabled=\"true\"><\/div>\n<\/div>\n<div data-fusion-lazy-id=\"f0fLHi7Wfcy22C4\"><\/div>\n<div class=\"ln-banner-container --no-app --middle_3_dsk\">\n<div id=\"middle_3_dsk\" class=\"ln-banner\" data-slot-group=\"nota\" data-device=\"desktop\" data-subscription=\"true\" data-ad-unit-path=\"\/133919216\/campo_desktop\/Nota\/middle_3_dsk\" data-targeting='{\"sitio\":\"lanacion\",\"seccion\":\"nota\"}' data-without-hide=\"true\" data-size=\"[[1,1],[728,90],[640,360],[728,360]]\" data-sizemap=\"[]\" data-prebid-enabled=\"true\"><\/div>\n<\/div>\n<\/div>\n","protected":false},"excerpt":{"rendered":"<p>El ruralismo argentino despidi\u00f3 a Alberto Frola, ex presidente de la Confederaci\u00f3n de Asociaciones Rurales de Buenos Aires y La Pampa (Carbap), dirigente pampeano de extensa trayectoria gremial y referente de una generaci\u00f3n de productores que atraves\u00f3 algunos de los momentos m\u00e1s complejos de la relaci\u00f3n entre el sector agropecuario y el Estado. Nacido en [&hellip;]<\/p>\n","protected":false},"author":1,"featured_media":24695,"comment_status":"open","ping_status":"open","sticky":false,"template":"","format":"standard","meta":{"footnotes":""},"categories":[1],"tags":[],"class_list":["post-24694","post","type-post","status-publish","format-standard","has-post-thumbnail","hentry","category-uncategorized"],"_links":{"self":[{"href":"https:\/\/cliente1.publisher.highstack.com.ar\/index.php?rest_route=\/wp\/v2\/posts\/24694","targetHints":{"allow":["GET"]}}],"collection":[{"href":"https:\/\/cliente1.publisher.highstack.com.ar\/index.php?rest_route=\/wp\/v2\/posts"}],"about":[{"href":"https:\/\/cliente1.publisher.highstack.com.ar\/index.php?rest_route=\/wp\/v2\/types\/post"}],"author":[{"embeddable":true,"href":"https:\/\/cliente1.publisher.highstack.com.ar\/index.php?rest_route=\/wp\/v2\/users\/1"}],"replies":[{"embeddable":true,"href":"https:\/\/cliente1.publisher.highstack.com.ar\/index.php?rest_route=%2Fwp%2Fv2%2Fcomments&post=24694"}],"version-history":[{"count":0,"href":"https:\/\/cliente1.publisher.highstack.com.ar\/index.php?rest_route=\/wp\/v2\/posts\/24694\/revisions"}],"wp:featuredmedia":[{"embeddable":true,"href":"https:\/\/cliente1.publisher.highstack.com.ar\/index.php?rest_route=\/wp\/v2\/media\/24695"}],"wp:attachment":[{"href":"https:\/\/cliente1.publisher.highstack.com.ar\/index.php?rest_route=%2Fwp%2Fv2%2Fmedia&parent=24694"}],"wp:term":[{"taxonomy":"category","embeddable":true,"href":"https:\/\/cliente1.publisher.highstack.com.ar\/index.php?rest_route=%2Fwp%2Fv2%2Fcategories&post=24694"},{"taxonomy":"post_tag","embeddable":true,"href":"https:\/\/cliente1.publisher.highstack.com.ar\/index.php?rest_route=%2Fwp%2Fv2%2Ftags&post=24694"}],"curies":[{"name":"wp","href":"https:\/\/api.w.org\/{rel}","templated":true}]}}