{"id":24686,"date":"2026-09-02T12:05:19","date_gmt":"2026-09-02T15:05:19","guid":{"rendered":"https:\/\/cliente1.publisher.highstack.com.ar\/?p=24686"},"modified":"2026-09-02T12:05:19","modified_gmt":"2026-09-02T15:05:19","slug":"aseguran-que-el-exdictador-raul-castro-estaria-grave-de-salud-tras-sufrir-un-acv","status":"publish","type":"post","link":"https:\/\/cliente1.publisher.highstack.com.ar\/?p=24686","title":{"rendered":"Aseguran que el exdictador Ra\u00fal Castro estar\u00eda grave de salud tras sufrir un ACV"},"content":{"rendered":"<div id=\"\">\n<p id=\"p-1788360510120-31103\" class=\"\"><strong> Ra\u00fal Castro, de 95 a\u00f1os, atravesar\u00eda un grave estado de salud<\/strong> y estar\u00eda siendo asistido con equipos para mantenerlo con vida, seg\u00fan una informaci\u00f3n surgida desde La Habana. El exdictador cubano habr\u00eda sufrido, al parecer, <strong>un accidente cerebrovascular<\/strong>, aunque el dato no fue confirmado oficialmente.<\/p>\n<\/div>\n<div id=\"\">\n<p id=\"p-1788360510120-95469\" class=\"\">La situaci\u00f3n del veterano dirigente ocurre luego de varias semanas con <strong>poca exposici\u00f3n p\u00fablica<\/strong>. Castro hab\u00eda reaparecido el 13 de agosto en un acto realizado en La Habana por el centenario del nacimiento de su hermano Fidel, donde fue recibido con una ovaci\u00f3n y permaneci\u00f3 junto a integrantes de la c\u00fapula pol\u00edtica cubana.<\/p>\n<\/div>\n<div id=\"\">\n<p id=\"p-1788360510120-52202\"> La versi\u00f3n sobre su delicado estado de salud fue difundida por el <strong>Diario Las Am\u00e9ricas<\/strong>, que cit\u00f3 a una fuente confidencial en La Habana. El medio de Miami tambi\u00e9n desminti\u00f3 los rumores que hab\u00edan comenzado a circular sobre la supuesta muerte de Castro y sostuvo que, hasta el momento, la informaci\u00f3n apunta a que se encuentra \u201c<strong>muy delicado de salud<\/strong>\u201d.<\/p>\n<\/div>\n<div id=\"\">\n<h2 id=\"p-1788360549779-75536\">Qu\u00e9 se sabe sobre su estado de salud<\/h2>\n<p id=\"p-1788360549779-88162\">El dato fue ampliado por <strong>Iliana Lavastida<\/strong>, directora del <em>Diario Las Am\u00e9ricas<\/em>, durante una entrevista con el canal N+ Univision 23 Miami. La periodista explic\u00f3 que la informaci\u00f3n lleg\u00f3 durante la madrugada del martes y asegur\u00f3 que proven\u00eda de una fuente que consideraban confiable.<\/p>\n<\/div>\n<div id=\"\">\n<div contenteditable=\"false\" class=\"embed_cont type_imagen\" id=\"6118771-Libre-381642544_wrap\">\n<div id=\"6118771-Libre-381642544_content\" class=\"embed_content\"><img src=\"https:\/\/media.ambito.com\/p\/595e107f0d59acddaf21a6c23638a03b\/adjuntos\/239\/imagenes\/029\/789\/0029789442\/raul-castro.jpg?0000-00-00-00-00-00\" decoding=\"async\" fetchpriority=\"high\" loading=\"eager\" crossorigin=\"anonymous\" alt=\"El estado de salud de Ra\u00fal Castro fue informado por un medio de Miami a partir de una fuente confidencial en La Habana.\" title=\"El estado de salud de Ra\u00fal Castro fue informado por un medio de Miami a partir de una fuente confidencial en La Habana.\" width=\"1000\" height=\"540\" id=\"6118771-Libre-381642544_embed\"\/><\/div>\n<div class=\"embed_wrapper-cont\" id=\"p-1788360247161-23903\">\n<div id=\"6118771-Libre-381642544_epigrafe\" class=\"embed_epigrafe\">\n<p id=\"p-1788360325888-66452\">El estado de salud de Ra\u00fal Castro fue informado por un medio de Miami a partir de una fuente confidencial en La Habana.<\/p>\n<\/div><\/div>\n<\/p><\/div>\n<p id=\"p-1788360189139-20446\" class=\"\">\u201c<strong>En la madrugada de hoy (martes) recibimos una informaci\u00f3n desde Cuba, de una fuente muy confidencial, pero muy fidedigna, que nos asegur\u00f3 que Ra\u00fal Castro se encuentra en este estado que hemos reportado<\/strong>\u201d, se\u00f1al\u00f3 Lavastida.<\/p>\n<\/div>\n<div id=\"\">\n<p id=\"p-1788360579650-12248\" class=\"\">La directora del medio tambi\u00e9n se refiri\u00f3 a los rumores sobre la supuesta muerte del exdictador. Seg\u00fan explic\u00f3, <strong>este tipo de versiones suelen aparecer cuando ocurre alg\u00fan movimiento inusual dentro de la dirigencia cubana<\/strong>, especialmente cuando se trata de figuras centrales del r\u00e9gimen.<\/p>\n<p id=\"p-1788360590125-31959\" class=\"\">\u201cCuando cualquiera de estas figuras que forman parte de la nomenclatura de la dictadura, <strong>alrededor de ellas ocurre algo significativo, siempre se producen movimientos de tropas<\/strong>, siempre hay cambios que dan lugar a que las personas que est\u00e1n al tanto de estas informaciones, puedan sospechar que algo est\u00e1 ocurriendo\u201d, afirm\u00f3.<\/p>\n<h2 id=\"p-1788360189139-50037\">El \u00faltimo acto p\u00fablico de Ra\u00fal Castro<\/h2>\n<p id=\"p-1788360189139-28455\" class=\"\">Ra\u00fal Castro hab\u00eda reaparecido p\u00fablicamente el <strong>13 de agosto en La Habana<\/strong>, durante un acto por el centenario del nacimiento de su hermano Fidel Castro. Vestido con su tradicional uniforme verde olivo, fue ovacionado al ingresar al teatro Karl Marx, donde tambi\u00e9n estuvieron el presidente Miguel D\u00edaz-Canel y dirigentes del Partido Comunista.<\/p>\n<p id=\"p-1788360189139-67353\" class=\"\">Aunque dej\u00f3 la presidencia en 2018, <strong>Castro conserva influencia dentro del poder cubano<\/strong> y mantiene la lealtad de las Fuerzas Armadas. En junio, la Presidencia inform\u00f3 que hab\u00eda respaldado un paquete de reformas econ\u00f3micas destinado a enfrentar la profunda crisis que atraviesa la isla.<\/p>\n<p id=\"p-1788360189139-85510\" class=\"\">Antes de su aparici\u00f3n de agosto, su \u00faltima presencia p\u00fablica hab\u00eda sido el <strong>1\u00b0 de mayo frente a la embajada de Estados Unidos en La Habana<\/strong>, donde se lo hab\u00eda visto fr\u00e1gil. Posteriormente, la televisi\u00f3n estatal cubana lo mostr\u00f3 en dos actos durante junio.<\/p>\n<h2 id=\"p-1788360189139-90191\">El papel de Castro en el r\u00e9gimen cubano<\/h2>\n<p id=\"p-1788360284978-27734\" class=\"\">Ra\u00fal Castro asumi\u00f3 la presidencia de manera interina en <strong>2006<\/strong>, despu\u00e9s de que Fidel delegara sus funciones por problemas de salud. En 2008 accedi\u00f3 formalmente al cargo y permaneci\u00f3 al frente del pa\u00eds hasta abril de 2018, cuando fue sucedido por Miguel D\u00edaz-Canel.<\/p>\n<div contenteditable=\"false\" class=\"embed_cont type_imagen\" id=\"6114863-Libre-633386552_wrap\">\n<div id=\"6114863-Libre-633386552_content\" class=\"embed_content\"><img src=\"https:\/\/media.ambito.com\/p\/e15906fc41da86c940c2f2c801735cd9\/adjuntos\/239\/imagenes\/029\/825\/0029825598\/raul-castro-y-miguel-diaz-canel.jpg?0000-00-00-00-00-00\" decoding=\"async\" fetchpriority=\"low\" loading=\"lazy\" alt=\"Castro fue presidente de Cuba entre 2008 y 2018, luego de haber asumido inicialmente de manera interina en 2006.\" title=\"Castro fue presidente de Cuba entre 2008 y 2018, luego de haber asumido inicialmente de manera interina en 2006.\" width=\"1000\" height=\"540\" id=\"6114863-Libre-633386552_embed\"\/><\/div>\n<div class=\"embed_wrapper-cont\" id=\"p-1788360284978-11283\">\n<div id=\"6114863-Libre-633386552_epigrafe\" class=\"embed_epigrafe\">\n<p id=\"p-1788360452786-13261\">Castro fue presidente de Cuba entre 2008 y 2018, luego de haber asumido inicialmente de manera interina en 2006.<\/p>\n<\/div><\/div>\n<\/p><\/div>\n<p id=\"p-1788360189139-51133\" class=\"\">Durante su gobierno impuls\u00f3 <strong>reformas econ\u00f3micas limitadas<\/strong>, consideradas las m\u00e1s importantes desde el colapso de la Uni\u00f3n Sovi\u00e9tica. Entre ellas estuvieron una mayor apertura a peque\u00f1os negocios privados, la compraventa de viviendas y autom\u00f3viles y cierta flexibilizaci\u00f3n de las restricciones migratorias.<\/p>\n<p id=\"p-1788360189139-10663\" class=\"\">Sin embargo, esas medidas convivieron con la <strong>continuidad del sistema pol\u00edtico de partido \u00fanico<\/strong> establecido despu\u00e9s de la revoluci\u00f3n de 1959. Organizaciones internacionales de derechos humanos continuaron denunciando durante su liderazgo la falta de libertades civiles y pol\u00edticas y la represi\u00f3n contra opositores.<\/p>\n<p id=\"p-1788360189139-46531\">En mayo, adem\u00e1s, Castro fue acusado en Miami por la muerte de <strong>cuatro estadounidenses<\/strong> en el derribo de dos avionetas pertenecientes a un grupo anticastrista ocurrido en 1996, cuando se desempe\u00f1aba como ministro de Defensa.<\/p>\n<\/div>\n<p><script>\n!function(f,b,e,v,n,t,s)\n{if(f.fbq)return;n=f.fbq=function(){n.callMethod?\nn.callMethod.apply(n,arguments):n.queue.push(arguments)};\nif(!f._fbq)f._fbq=n;n.push=n;n.loaded=!0;n.version='2.0';\nn.queue=[];t=b.createElement(e);t.async=!0;\nt.src=v;s=b.getElementsByTagName(e)[0];\ns.parentNode.insertBefore(t,s)}(window,document,'script',\n'\nfbq('init', '2047048335588113');\nfbq('track', 'PageView');\n<\/script><\/p>\n","protected":false},"excerpt":{"rendered":"<p>Ra\u00fal Castro, de 95 a\u00f1os, atravesar\u00eda un grave estado de salud y estar\u00eda siendo asistido con equipos para mantenerlo con vida, seg\u00fan una informaci\u00f3n surgida desde La Habana. El exdictador cubano habr\u00eda sufrido, al parecer, un accidente cerebrovascular, aunque el dato no fue confirmado oficialmente. La situaci\u00f3n del veterano dirigente ocurre luego de varias semanas [&hellip;]<\/p>\n","protected":false},"author":1,"featured_media":24687,"comment_status":"open","ping_status":"open","sticky":false,"template":"","format":"standard","meta":{"footnotes":""},"categories":[1],"tags":[],"class_list":["post-24686","post","type-post","status-publish","format-standard","has-post-thumbnail","hentry","category-uncategorized"],"_links":{"self":[{"href":"https:\/\/cliente1.publisher.highstack.com.ar\/index.php?rest_route=\/wp\/v2\/posts\/24686","targetHints":{"allow":["GET"]}}],"collection":[{"href":"https:\/\/cliente1.publisher.highstack.com.ar\/index.php?rest_route=\/wp\/v2\/posts"}],"about":[{"href":"https:\/\/cliente1.publisher.highstack.com.ar\/index.php?rest_route=\/wp\/v2\/types\/post"}],"author":[{"embeddable":true,"href":"https:\/\/cliente1.publisher.highstack.com.ar\/index.php?rest_route=\/wp\/v2\/users\/1"}],"replies":[{"embeddable":true,"href":"https:\/\/cliente1.publisher.highstack.com.ar\/index.php?rest_route=%2Fwp%2Fv2%2Fcomments&post=24686"}],"version-history":[{"count":0,"href":"https:\/\/cliente1.publisher.highstack.com.ar\/index.php?rest_route=\/wp\/v2\/posts\/24686\/revisions"}],"wp:featuredmedia":[{"embeddable":true,"href":"https:\/\/cliente1.publisher.highstack.com.ar\/index.php?rest_route=\/wp\/v2\/media\/24687"}],"wp:attachment":[{"href":"https:\/\/cliente1.publisher.highstack.com.ar\/index.php?rest_route=%2Fwp%2Fv2%2Fmedia&parent=24686"}],"wp:term":[{"taxonomy":"category","embeddable":true,"href":"https:\/\/cliente1.publisher.highstack.com.ar\/index.php?rest_route=%2Fwp%2Fv2%2Fcategories&post=24686"},{"taxonomy":"post_tag","embeddable":true,"href":"https:\/\/cliente1.publisher.highstack.com.ar\/index.php?rest_route=%2Fwp%2Fv2%2Ftags&post=24686"}],"curies":[{"name":"wp","href":"https:\/\/api.w.org\/{rel}","templated":true}]}}