{"id":24681,"date":"2026-09-02T11:21:22","date_gmt":"2026-09-02T14:21:22","guid":{"rendered":"https:\/\/cliente1.publisher.highstack.com.ar\/?p=24681"},"modified":"2026-09-02T11:21:22","modified_gmt":"2026-09-02T14:21:22","slug":"detuvieron-a-dos-hombres-por-robo-de-picaportes-y-cables-en-parana","status":"publish","type":"post","link":"https:\/\/cliente1.publisher.highstack.com.ar\/?p=24681","title":{"rendered":"Detuvieron a dos hombres por robo de picaportes y cables en Paran\u00e1"},"content":{"rendered":"<p><\/p>\n<div>\n<p>El <b>robo de picaportes y cables en Paran\u00e1<\/b> motiv\u00f3 tres procedimientos policiales durante la madrugada y la ma\u00f1ana de este mi\u00e9rcoles, en el marco de los operativos de seguridad desplegados en distintos sectores de la capital entrerriana. Las intervenciones derivaron en el secuestro de picaportes, cables de cobre y un cuchillo.  <\/p>\n<p><!-- is a <br \/>--><\/p>\n<p>\u00a0<\/p>\n<p><!-- is a <br \/>--><\/p>\n<p>El primero de los procedimientos se produjo durante la madrugada, cuando efectivos identificaron a un hombre en inmediaciones de calles Laprida y Mendoza. Seg\u00fan inform\u00f3 la Polic\u00eda, llevaba consigo cinco picaportes: tres de bronce y dos de metal.  <\/p>\n<p><!-- is a <br \/>--><\/p>\n<p>\u00a0<\/p>\n<p><!-- is a <br \/>--><\/p>\n<p>\u00a0<\/p>\n<p><!-- is a <br \/>--><\/p>\n<p><!-- is a object --><br \/>\n<!-- embed start --><\/p>\n<figure class=\"embed\">\n<p>    <img decoding=\"async\" src=\"https:\/\/elonce-media.elonce.com\/fotos\/2026\/09\/02\/e_1788355889_8392.webp\" loading=\"lazy\" width=\"600\" height=\"400\" alt=\"\"\/><\/p>\n<\/figure>\n<p><!-- embed end --><br \/>\n<!-- end object --><\/p>\n<p>\u00a0<\/p>\n<p><!-- is a <br \/>--><\/p>\n<p><!-- is a object --><br \/>\n<!-- embed start --><!-- embed end --><br \/>\n<!-- end object --><\/p>\n<p>\u00a0<\/p>\n<p><!-- is a <br \/>--><\/p>\n<p>Al ser consultado sobre los elementos, el hombre no pudo &#8220;precisar ni acreditar su procedencia&#8221;. Ante esta situaci\u00f3n, la Fiscal\u00eda interviniente orden\u00f3 su correcta identificaci\u00f3n y el secuestro preventivo de los cinco picaportes, con el objetivo de establecer su propiedad y determinar de d\u00f3nde proven\u00edan.  <\/p>\n<p><!-- is a <br \/>--><\/p>\n<p>\u00a0<\/p>\n<p><!-- is a <br \/>--><\/p>\n<p><!-- is a object --><br \/>\n<!-- embed start --><!-- embed end --><br \/>\n<!-- end object --><\/p>\n<p>\u00a0<\/p>\n<p><!-- is a <br \/>--><\/p>\n<p><!-- is a object --><\/p>\n<h3>Un hombre con cables de cobre y un cuchillo<\/h3>\n<p><!-- end object --><\/p>\n<p>\u00a0<\/p>\n<p><!-- is a <br \/>--><\/p>\n<p>Otro procedimiento se registr\u00f3 tambi\u00e9n durante la madrugada, esta vez sobre calle Juan Soldado. All\u00ed, personal policial identific\u00f3 a un hombre que trasladaba una bolsa en cuyo interior llevaba recortes de cable de cobre.  <\/p>\n<p><!-- is a <br \/>--><\/p>\n<p>\u00a0<\/p>\n<p><!-- is a <br \/>--><\/p>\n<p>Durante la intervenci\u00f3n, los uniformados constataron adem\u00e1s que el hombre ten\u00eda entre sus prendas un cuchillo. Posteriormente, al recorrer las inmediaciones, localizaron un poste perteneciente al servicio de telefon\u00eda que presentaba cables cortados.  <\/p>\n<p><!-- is a <br \/>--><\/p>\n<p>\u00a0<\/p>\n<p><!-- is a <br \/>--><\/p>\n<p><!-- is a object --><br \/>\n<!-- embed start --><!-- embed end --><br \/>\n<!-- end object --><\/p>\n<p>\u00a0<\/p>\n<p><!-- is a <br \/>--><\/p>\n<p>La Fiscal\u00eda dispuso el secuestro de los recortes de cable y del arma blanca. En tanto, el hombre fue correctamente identificado y qued\u00f3 supeditado a una causa por el supuesto delito de robo, de acuerdo con la informaci\u00f3n oficial.  <\/p>\n<p><!-- is a <br \/>--><\/p>\n<p>\u00a0<\/p>\n<p><!-- is a <br \/>--><\/p>\n<p><!-- is a object --><\/p>\n<h3>Dos hombres fueron alojados en Alcaid\u00eda<\/h3>\n<p><!-- end object --><\/p>\n<p>\u00a0<\/p>\n<p><!-- is a <br \/>--><\/p>\n<p>El tercer procedimiento ocurri\u00f3 durante la ma\u00f1ana de este mi\u00e9rcoles en inmediaciones de calles Guti\u00e9rrez y Jos\u00e9 Mar\u00eda Paz. Un transe\u00fante alert\u00f3 a los efectivos sobre la presencia de un hombre que sal\u00eda de un pozo mientras transportaba un trozo de cable.  <\/p>\n<p><!-- is a <br \/>--><\/p>\n<p>\u00a0<\/p>\n<p><!-- is a <br \/>--><\/p>\n<p><!-- is a object --><br \/>\n<!-- embed start --><!-- embed end --><br \/>\n<!-- end object --><\/p>\n<p>\u00a0<\/p>\n<p><!-- is a <br \/>--><\/p>\n<p>Una vez identificado, el hombre manifest\u00f3 que se encontraba acompa\u00f1ado por otra persona. Los polic\u00edas recorrieron el lugar y localizaron al segundo involucrado, quien permanec\u00eda oculto en el interior del pozo. Ambos fueron demorados y los efectivos secuestraron el trozo de cable hallado durante el procedimiento.  <\/p>\n<p><!-- is a <br \/>--><\/p>\n<p>\u00a0<\/p>\n<p><!-- is a <br \/>--><\/p>\n<p>Tras tomar conocimiento de lo ocurrido, la Fiscal\u00eda interviniente dispuso que los dos hombres fueran trasladados y alojados en la Alcaid\u00eda de Tribunales, previo cumplimiento de las diligencias correspondientes.<\/p>\n<\/p><\/div>\n","protected":false},"excerpt":{"rendered":"<p>El robo de picaportes y cables en Paran\u00e1 motiv\u00f3 tres procedimientos policiales durante la madrugada y la ma\u00f1ana de este mi\u00e9rcoles, en el marco de los operativos de seguridad desplegados en distintos sectores de la capital entrerriana. Las intervenciones derivaron en el secuestro de picaportes, cables de cobre y un cuchillo. \u00a0 El primero de [&hellip;]<\/p>\n","protected":false},"author":1,"featured_media":23721,"comment_status":"open","ping_status":"open","sticky":false,"template":"","format":"standard","meta":{"footnotes":""},"categories":[1],"tags":[],"class_list":["post-24681","post","type-post","status-publish","format-standard","has-post-thumbnail","hentry","category-uncategorized"],"_links":{"self":[{"href":"https:\/\/cliente1.publisher.highstack.com.ar\/index.php?rest_route=\/wp\/v2\/posts\/24681","targetHints":{"allow":["GET"]}}],"collection":[{"href":"https:\/\/cliente1.publisher.highstack.com.ar\/index.php?rest_route=\/wp\/v2\/posts"}],"about":[{"href":"https:\/\/cliente1.publisher.highstack.com.ar\/index.php?rest_route=\/wp\/v2\/types\/post"}],"author":[{"embeddable":true,"href":"https:\/\/cliente1.publisher.highstack.com.ar\/index.php?rest_route=\/wp\/v2\/users\/1"}],"replies":[{"embeddable":true,"href":"https:\/\/cliente1.publisher.highstack.com.ar\/index.php?rest_route=%2Fwp%2Fv2%2Fcomments&post=24681"}],"version-history":[{"count":0,"href":"https:\/\/cliente1.publisher.highstack.com.ar\/index.php?rest_route=\/wp\/v2\/posts\/24681\/revisions"}],"wp:featuredmedia":[{"embeddable":true,"href":"https:\/\/cliente1.publisher.highstack.com.ar\/index.php?rest_route=\/wp\/v2\/media\/23721"}],"wp:attachment":[{"href":"https:\/\/cliente1.publisher.highstack.com.ar\/index.php?rest_route=%2Fwp%2Fv2%2Fmedia&parent=24681"}],"wp:term":[{"taxonomy":"category","embeddable":true,"href":"https:\/\/cliente1.publisher.highstack.com.ar\/index.php?rest_route=%2Fwp%2Fv2%2Fcategories&post=24681"},{"taxonomy":"post_tag","embeddable":true,"href":"https:\/\/cliente1.publisher.highstack.com.ar\/index.php?rest_route=%2Fwp%2Fv2%2Ftags&post=24681"}],"curies":[{"name":"wp","href":"https:\/\/api.w.org\/{rel}","templated":true}]}}