{"id":24674,"date":"2026-09-02T10:41:33","date_gmt":"2026-09-02T13:41:33","guid":{"rendered":"https:\/\/cliente1.publisher.highstack.com.ar\/?p=24674"},"modified":"2026-09-02T10:41:33","modified_gmt":"2026-09-02T13:41:33","slug":"el-trabajo-rural-temporario-desata-una-controversia-entre-un-gremio-y-una-camara-empresaria","status":"publish","type":"post","link":"https:\/\/cliente1.publisher.highstack.com.ar\/?p=24674","title":{"rendered":"El trabajo rural temporario desata una controversia entre un gremio y una c\u00e1mara empresaria"},"content":{"rendered":"<div class=\"col-12\">\n<div data-tw=\"true\" style=\"display:contents\">\n<div role=\"none\"><\/div>\n<\/div>\n<p class=\"com-paragraph --capital --s\">C\u00d3RDOBA.- La posibilidad de trabajar en forma temporal en las cosechas de los productos de las econom\u00edas regionales por parte de quienes perciben planes sociales abri\u00f3 una controversia entre un gremio y una central empresarial.<\/p>\n<div class=\"ln-banner-container --no-app --caja1_mob\">\n<div id=\"caja1_mob\" class=\"ln-banner\" data-slot-group=\"nota\" data-device=\"mobile\" data-subscription=\"false\" data-ad-unit-path=\"\/133919216\/campo_mobile\/Nota\/caja1_mob\" data-targeting='{\"sitio\":\"lanacion\",\"seccion\":\"nota\"}' data-without-hide=\"true\" data-size=\"[[320,100],[300,250],[1,1],[300,450],[320,450]]\" data-sizemap=\"[]\" data-prebid-enabled=\"true\"><\/div>\n<\/div>\n<p class=\"com-paragraph --s\">Mientras la <strong>Uni\u00f3n Argentina de Trabajadores y Estibadores<\/strong> <strong>Rurales (Uatre)<\/strong> advirti\u00f3 sobre su \u201cpreocupaci\u00f3n\u201d porque el 1\u00b0 de setiembre <strong>venc\u00eda el Decreto 514\/2021 <\/strong>que establece el <strong>r\u00e9gimen de compatibilidad entre el trabajo rural temporario y determinados planes y beneficios sociales, en la Confederaci\u00f3n Argentina de la Mediana Empresa (Came) subrayan que esa opci\u00f3n qued\u00f3 incorporada en la reciente ley de Modernizaci\u00f3n laboral.<\/strong><\/p>\n<div class=\"ln-banner-container --no-app --middle_1_dsk\">\n<div id=\"middle_1_dsk\" class=\"ln-banner\" data-slot-group=\"nota\" data-device=\"desktop\" data-subscription=\"true\" data-ad-unit-path=\"\/133919216\/campo_desktop\/Nota\/middle_1_dsk\" data-targeting='{\"sitio\":\"lanacion\",\"seccion\":\"nota\"}' data-without-hide=\"true\" data-size=\"[[1,1],[640,360],[640,480],[728,90]]\" data-sizemap=\"[]\" data-prebid-enabled=\"true\"><\/div>\n<\/div>\n<p class=\"com-paragraph --s\">En un comunicado, la Uatre plante\u00f3 que el 18 de agosto pasado, el secretario general <strong>Jos\u00e9 Voytenco<\/strong>, remiti\u00f3 una carta a la ministra de Capital Humano, <strong>Sandra Pettovello<\/strong>, solicitando \u201cde manera urgente la pr\u00f3rroga de dicha compatibilidad. Hasta el momento, el Gobierno nacional no ha respondido ni ha dispuesto su extensi\u00f3n\u201d.<\/p>\n<p class=\"com-paragraph --s\">Para el gremio, la situaci\u00f3n \u201cpone <strong>en riesgo inmediato a 120.000 puestos de trabajo rural en todo el pa\u00eds<\/strong> y, con ellos, a las familias de esas trabajadoras y trabajadores que dependen de la posibilidad de combinar el empleo formal estacional con la protecci\u00f3n social\u201d. <\/p>\n<div class=\"ln-banner-container --no-app --caja2_mob\">\n<div id=\"caja2_mob\" class=\"ln-banner\" data-slot-group=\"nota\" data-device=\"mobile\" data-subscription=\"true\" data-ad-unit-path=\"\/133919216\/campo_mobile\/Nota\/caja2_mob\" data-targeting='{\"sitio\":\"lanacion\",\"seccion\":\"nota\"}' data-without-hide=\"true\" data-size=\"[[320,100],[300,250],[300,450],[1,1],[360,270],[320,180]]\" data-sizemap=\"[]\" data-prebid-enabled=\"true\"><\/div>\n<\/div>\n<p class=\"com-paragraph --s\">Fuentes de Capital Humano indicaron a este diario: \u201cEs un r\u00e9gimen que se viene prorrogando a\u00f1o a a\u00f1o. <strong>La pr\u00f3rroga correspondiente a este a\u00f1o se encuentra actualmente dentro del tr\u00e1mite administrativo <\/strong>y <strong>no habr\u00e1 ninguna interrupci\u00f3n en el cobro de la prestaci\u00f3n\u201d<\/strong>.<\/p>\n<div class=\"ln-banner-container --no-app --middle_2_dsk\">\n<div id=\"middle_2_dsk\" class=\"ln-banner\" data-slot-group=\"nota\" data-device=\"desktop\" data-subscription=\"true\" data-ad-unit-path=\"\/133919216\/campo_desktop\/Nota\/middle_2_dsk\" data-targeting='{\"sitio\":\"lanacion\",\"seccion\":\"nota\"}' data-without-hide=\"true\" data-size=\"[[1,1],[728,90]]\" data-sizemap=\"[]\" data-prebid-enabled=\"true\"><\/div>\n<\/div>\n<p class=\"com-paragraph --s\">Sin embargo, <strong>Eduardo Rodr\u00edguez<\/strong> al frente del \u00e1rea de Econom\u00edas Regionales de Came indic\u00f3 a<strong> LA NACION<\/strong> subray\u00f3 que, en la ley de Modernizaci\u00f3n Laboral qued\u00f3 incorporado \u201cexpresamente\u201d el r\u00e9gimen de compatibilidad entre el trabajo rural registrado y las prestaciones sociales.<\/p>\n<div class=\"ln-banner-container --no-app --caja3_mob\">\n<div id=\"caja3_mob\" class=\"ln-banner\" data-slot-group=\"nota\" data-device=\"mobile\" data-subscription=\"false\" data-ad-unit-path=\"\/133919216\/campo_mobile\/Nota\/caja3_mob\" data-targeting='{\"sitio\":\"lanacion\",\"seccion\":\"nota\"}' data-without-hide=\"true\" data-size=\"[[320,100],[300,250],[1,1],[300,450],[360,270]]\" data-sizemap=\"[]\" data-prebid-enabled=\"true\"><\/div>\n<\/div>\n<div class=\"ln-banner-container --no-app --middle_2_tab\">\n<div id=\"middle_2_tab\" class=\"ln-banner\" data-slot-group=\"nota\" data-device=\"tablet\" data-subscription=\"false\" data-ad-unit-path=\"\/133919216\/campo_tablet\/Nota\/middle_2_tab\" data-targeting='{\"sitio\":\"lanacion\",\"seccion\":\"nota\"}' data-without-hide=\"true\" data-size=\"[[728,90],[640,480],[468,60],[1,1]]\" data-sizemap=\"[]\" data-prebid-enabled=\"true\"><\/div>\n<\/div>\n<p class=\"com-paragraph --s\">Es decir, que seg\u00fan la norma, los trabajadores contratados bajo modalidades de trabajo temporario o estacional pueden ser debidamente <strong>registrados en blanco<\/strong> sin perder de forma autom\u00e1tica los beneficios de programas sociales o asignaciones compatibles.<\/p>\n<p class=\"com-paragraph --s\">El objetivo fue la formalizaci\u00f3n laboral ya que muchas veces los empleados temporarios no aceptaban puestos temporarios para no perder la ayuda del Estado. <\/p>\n<p class=\"com-paragraph --s\">Rodr\u00edguez record\u00f3 que la entidad hac\u00eda tiempo ven\u00eda insistiendo en que la incompatibilidad hist\u00f3rica entre planes y empleo estacional provocaba escasez de jornaleros para cosechas y econom\u00edas regionales.<\/p>\n<div class=\"ln-banner-container --no-app --caja4_mob\">\n<div id=\"caja4_mob\" class=\"ln-banner\" data-slot-group=\"nota\" data-device=\"mobile\" data-subscription=\"false\" data-ad-unit-path=\"\/133919216\/campo_mobile\/Nota\/caja4_mob\" data-targeting='{\"sitio\":\"lanacion\",\"seccion\":\"nota\"}' data-without-hide=\"true\" data-size=\"[[320,100],[300,250],[1,1]]\" data-sizemap=\"[]\" data-prebid-enabled=\"true\"><\/div>\n<\/div>\n<p class=\"com-paragraph --s\">La Uatre, en cambio, a trav\u00e9s del comunicado insisti\u00f3 en que se requiere una pr\u00f3rroga del decreto y menciona que en el 2025 consiguieron ese objetivo. <\/p>\n<p class=\"com-paragraph --s\">El texto del comunicado \u201cdenuncia la negligencia del Estado al no considerar el impacto de esta decisi\u00f3n sobre toda la cadena productiva: los trabajadores y sus familias, los empleadores del sector agropecuario y la producci\u00f3n general\u201d. <\/p>\n<div class=\"ln-banner-container --no-app --caja6_mob\">\n<div id=\"caja6_mob\" class=\"ln-banner\" data-slot-group=\"nota\" data-device=\"mobile\" data-subscription=\"false\" data-ad-unit-path=\"\/133919216\/campo_mobile\/Nota\/caja6_mob\" data-targeting='{\"sitio\":\"lanacion\",\"seccion\":\"nota\"}' data-without-hide=\"true\" data-size=\"[[300,250],[230,50],[300,450],[1,1],[320,100]]\" data-sizemap=\"[]\" data-prebid-enabled=\"true\"><\/div>\n<\/div>\n<p class=\"com-paragraph --s\">Y agreg\u00f3 que \u201clas pol\u00edticas sociales no deben convertirse en una barrera para el acceso al trabajo registrado, sino en una herramienta que acompa\u00f1e la transici\u00f3n hacia el empleo formal y brinde previsibilidad a trabajadores, productores y comunidades\u201d.<\/p>\n<p class=\"com-paragraph --s\">Para Came, la pol\u00e9mica queda saldada a trav\u00e9s del <strong>art\u00edculo 34 bis (ley de Trabajo Agrario y de Contrato de Trabajo) <\/strong>que incorpora el derecho a percibir asignaciones familiares contributivas durante el per\u00edodo de contrataci\u00f3n temporaria<strong>.<\/strong><\/p>\n<div class=\"ln-banner-container --no-app --caja7_mob\">\n<div id=\"caja7_mob\" class=\"ln-banner\" data-slot-group=\"nota\" data-device=\"mobile\" data-subscription=\"true\" data-ad-unit-path=\"\/133919216\/campo_mobile\/Nota\/caja7_mob\" data-targeting='{\"sitio\":\"lanacion\",\"seccion\":\"nota\"}' data-without-hide=\"true\" data-size=\"[[300,250],[320,50],[300,450],[1,1],[320,100]]\" data-sizemap=\"[]\" data-prebid-enabled=\"true\"><\/div>\n<\/div>\n<p class=\"com-paragraph --s\">\u201cEl <strong>R\u00e9gimen de Incentivo (RIFL) <\/strong>admite que los beneficiarios de programas de asistencia social del Estado mantengan el cobro de estas ayudas por hasta un a\u00f1o tras su registraci\u00f3n formal\u201d, explicaron.<\/p>\n<div class=\"ln-banner-container --no-app --caja5_mob\">\n<div id=\"caja5_mob\" class=\"ln-banner\" data-slot-group=\"nota\" data-device=\"mobile\" data-subscription=\"false\" data-ad-unit-path=\"\/133919216\/campo_mobile\/Nota\/caja5_mob\" data-targeting='{\"sitio\":\"lanacion\",\"seccion\":\"nota\"}' data-without-hide=\"true\" data-size='[[320,100],[300,250],[1,1],[\" fluid\"]]' data-sizemap=\"[]\" data-prebid-enabled=\"true\"><\/div>\n<\/div>\n<div data-fusion-lazy-id=\"f0fLHi7Wfcy22C4\"><\/div>\n<div class=\"ln-banner-container --no-app --middle_3_dsk\">\n<div id=\"middle_3_dsk\" class=\"ln-banner\" data-slot-group=\"nota\" data-device=\"desktop\" data-subscription=\"true\" data-ad-unit-path=\"\/133919216\/campo_desktop\/Nota\/middle_3_dsk\" data-targeting='{\"sitio\":\"lanacion\",\"seccion\":\"nota\"}' data-without-hide=\"true\" data-size=\"[[1,1],[728,90],[640,360],[728,360]]\" data-sizemap=\"[]\" data-prebid-enabled=\"true\"><\/div>\n<\/div>\n<\/div>\n","protected":false},"excerpt":{"rendered":"<p>C\u00d3RDOBA.- La posibilidad de trabajar en forma temporal en las cosechas de los productos de las econom\u00edas regionales por parte de quienes perciben planes sociales abri\u00f3 una controversia entre un gremio y una central empresarial. Mientras la Uni\u00f3n Argentina de Trabajadores y Estibadores Rurales (Uatre) advirti\u00f3 sobre su \u201cpreocupaci\u00f3n\u201d porque el 1\u00b0 de setiembre venc\u00eda [&hellip;]<\/p>\n","protected":false},"author":1,"featured_media":24675,"comment_status":"open","ping_status":"open","sticky":false,"template":"","format":"standard","meta":{"footnotes":""},"categories":[1],"tags":[],"class_list":["post-24674","post","type-post","status-publish","format-standard","has-post-thumbnail","hentry","category-uncategorized"],"_links":{"self":[{"href":"https:\/\/cliente1.publisher.highstack.com.ar\/index.php?rest_route=\/wp\/v2\/posts\/24674","targetHints":{"allow":["GET"]}}],"collection":[{"href":"https:\/\/cliente1.publisher.highstack.com.ar\/index.php?rest_route=\/wp\/v2\/posts"}],"about":[{"href":"https:\/\/cliente1.publisher.highstack.com.ar\/index.php?rest_route=\/wp\/v2\/types\/post"}],"author":[{"embeddable":true,"href":"https:\/\/cliente1.publisher.highstack.com.ar\/index.php?rest_route=\/wp\/v2\/users\/1"}],"replies":[{"embeddable":true,"href":"https:\/\/cliente1.publisher.highstack.com.ar\/index.php?rest_route=%2Fwp%2Fv2%2Fcomments&post=24674"}],"version-history":[{"count":0,"href":"https:\/\/cliente1.publisher.highstack.com.ar\/index.php?rest_route=\/wp\/v2\/posts\/24674\/revisions"}],"wp:featuredmedia":[{"embeddable":true,"href":"https:\/\/cliente1.publisher.highstack.com.ar\/index.php?rest_route=\/wp\/v2\/media\/24675"}],"wp:attachment":[{"href":"https:\/\/cliente1.publisher.highstack.com.ar\/index.php?rest_route=%2Fwp%2Fv2%2Fmedia&parent=24674"}],"wp:term":[{"taxonomy":"category","embeddable":true,"href":"https:\/\/cliente1.publisher.highstack.com.ar\/index.php?rest_route=%2Fwp%2Fv2%2Fcategories&post=24674"},{"taxonomy":"post_tag","embeddable":true,"href":"https:\/\/cliente1.publisher.highstack.com.ar\/index.php?rest_route=%2Fwp%2Fv2%2Ftags&post=24674"}],"curies":[{"name":"wp","href":"https:\/\/api.w.org\/{rel}","templated":true}]}}