{"id":24666,"date":"2026-09-02T09:32:03","date_gmt":"2026-09-02T12:32:03","guid":{"rendered":"https:\/\/cliente1.publisher.highstack.com.ar\/?p=24666"},"modified":"2026-09-02T09:32:03","modified_gmt":"2026-09-02T12:32:03","slug":"agresion-a-jugadores-de-patronato-cinco-allanamientos-cuatro-vehiculos-secuestrados-y-un-arma-incautada","status":"publish","type":"post","link":"https:\/\/cliente1.publisher.highstack.com.ar\/?p=24666","title":{"rendered":"Agresi\u00f3n a jugadores de Patronato: cinco allanamientos, cuatro veh\u00edculos secuestrados y un arma incautada"},"content":{"rendered":"<p><\/p>\n<div>\n<p>Los <b>allanamientos por la agresi\u00f3n a jugadores de Patronato<\/b> ocurrida el pasado 15 de agosto avanzaron este mi\u00e9rcoles con cinco procedimientos simult\u00e1neos en diferentes barrios de Paran\u00e1. Como resultado preliminar de los operativos, la Polic\u00eda secuestr\u00f3 cuatro veh\u00edculos considerados de inter\u00e9s para la causa y un arma de fuego larga tipo escopeta, que qued\u00f3 en manos de Polic\u00eda Cient\u00edfica para su correspondiente peritaje. <\/p>\n<p><!-- is a <br \/>--><\/p>\n<p>\u00a0<\/p>\n<p><!-- is a <br \/>--><\/p>\n<p>Los procedimientos se desarrollaron en dos domicilios del barrio Municipal y otros tres inmuebles ubicados en los barrios Hijos de Mar\u00eda, Paran\u00e1 XIV y Tiro Federal. En este \u00faltimo sector, el operativo se concret\u00f3 sobre calle Castares, en cercan\u00edas de Almirante Brown y D\u00edaz V\u00e9lez, donde trabaj\u00f3 personal de Investigaciones junto con efectivos de la Jefatura Departamental Paran\u00e1 y Polic\u00eda Cient\u00edfica. <\/p>\n<p><!-- is a <br \/>--><\/p>\n<p>\u00a0<\/p>\n<p><!-- is a <br \/>--><\/p>\n<p>El subdirector de Investigaciones, Claudio Mart\u00ednez, confirm\u00f3 a <i>Elonce<\/i> que las medidas judiciales est\u00e1n directamente vinculadas con el episodio que tuvo como v\u00edctimas a integrantes del plantel de Patronato. \u201cEn este momento se est\u00e1n realizando cinco procedimientos judiciales, cinco allanamientos relacionados con las agresiones que sufrieron los jugadores del club Patronato el d\u00eda 15 de agosto\u201d, explic\u00f3. <\/p>\n<p><!-- is a <br \/>--><\/p>\n<p><!-- is a object --><br \/>\n<!-- embed start --><\/p>\n<figure class=\"embed\">\n<p>    <img decoding=\"async\" src=\"https:\/\/elonce-media.elonce.com\/fotos\/2026\/09\/02\/e_1788351389_4567.webp\" loading=\"lazy\" width=\"600\" height=\"400\" alt=\"\"\/><\/p>\n<\/figure>\n<p><!-- embed end --><br \/>\n<!-- end object --><\/p>\n<p><!-- is a object --><\/p>\n<h3>Cuatro veh\u00edculos quedaron secuestrados<\/h3>\n<p><!-- end object --><\/p>\n<p>\u00a0<\/p>\n<p><!-- is a <br \/>--><\/p>\n<p>Uno de los principales resultados de los procedimientos fue el secuestro de cuatro rodados que, de acuerdo con la investigaci\u00f3n, habr\u00edan sido identificados a partir de testimonios y del an\u00e1lisis de registros de c\u00e1maras de seguridad. <\/p>\n<p><!-- is a <br \/>--><\/p>\n<p>\u00a0<\/p>\n<p><!-- is a <br \/>--><\/p>\n<p>\u201cSe han secuestrado cuatro veh\u00edculos que interesaban en relaci\u00f3n a esta causa. Est\u00e1n identificados por testimonios y por el relevamiento de las c\u00e1maras\u201d, precis\u00f3 Mart\u00ednez. <\/p>\n<p><!-- is a <br \/>--><\/p>\n<p>\u00a0<\/p>\n<p><!-- is a <br \/>--><\/p>\n<p>Los veh\u00edculos incautados son una <b>Renault Express, un Fiat Palio, un Volkswagen Voyage y un Chevrolet Onix<\/b>, seg\u00fan detall\u00f3 el funcionario policial durante el operativo. <\/p>\n<p><!-- is a <br \/>--><\/p>\n<p>\u00a0<\/p>\n<p><!-- is a <br \/>--><\/p>\n<p>Los investigadores llegaron hasta los diferentes domicilios luego de analizar las declaraciones incorporadas al expediente y las im\u00e1genes obtenidas mediante c\u00e1maras ubicadas tanto en inmediaciones del club como en otros puntos considerados relevantes para reconstruir lo ocurrido. <\/p>\n<p><!-- is a <br \/>--><\/p>\n<p>\u00a0<\/p>\n<p><!-- is a <br \/>--><\/p>\n<p>\u201cEs a ra\u00edz de testimonios y de todo lo que es el relevamiento de c\u00e1maras que se ha realizado en inmediaciones del club y de los domicilios en el d\u00eda que sucedi\u00f3 el hecho\u201d, explic\u00f3 el subdirector de Investigaciones. <\/p>\n<p><!-- is a <br \/>--><\/p>\n<p><!-- is a object --><br \/>\n<!-- embed start --><\/p>\n<div class=\"embed embed-video\">\n<p>\n            <iframe loading=\"lazy\" title=\"Secuestran auto en la causa por agresi\u00f3n a futbolistas de Patronato - 02\/09\/26\" width=\"500\" height=\"281\" src=\"https:\/\/www.youtube.com\/embed\/psP3JUjDk_s?feature=oembed\" frameborder=\"0\" allow=\"accelerometer; autoplay; clipboard-write; encrypted-media; gyroscope; picture-in-picture; web-share\" referrerpolicy=\"strict-origin-when-cross-origin\" allowfullscreen><\/iframe>\n        <\/p>\n<p>\n                <span>Agresi\u00f3n a jugadores de Patronato: cinco allanamientos, cuatro veh\u00edculos secuestrados y un arma incautada<\/span>\n            <\/p>\n<\/p><\/div>\n<p><!-- embed end --><br \/>\n<!-- end object --><\/p>\n<p><!-- is a object --><\/p>\n<h3>Secuestraron una escopeta y realizan peritajes<\/h3>\n<p><!-- end object --><\/p>\n<p>\u00a0<\/p>\n<p><!-- is a <br \/>--><\/p>\n<p>En el procedimiento desarrollado en barrio Tiro Federal tambi\u00e9n fue localizada un arma de fuego. Mart\u00ednez confirm\u00f3 que se trata, en principio, de <b>un arma larga tipo escopeta<\/b>, aunque evit\u00f3 brindar mayores precisiones debido a que todav\u00eda estaba siendo examinada. <\/p>\n<p><!-- is a <br \/>--><\/p>\n<p>\u00a0<\/p>\n<p><!-- is a <br \/>--><\/p>\n<p>\u201cEn este domicilio precisamente se ha secuestrado tambi\u00e9n un arma de fuego que en este momento est\u00e1 siendo peritada por personal de Polic\u00eda Cient\u00edfica\u201d, inform\u00f3. <\/p>\n<p><!-- is a <br \/>--><\/p>\n<p>\u00a0<\/p>\n<p><!-- is a <br \/>--><\/p>\n<p>El funcionario aclar\u00f3 que los datos espec\u00edficos sobre el arma se conocer\u00e1n una vez finalizado el trabajo del personal especializado en bal\u00edstica. Por lo tanto, hasta contar con los resultados de las pericias no se determin\u00f3 p\u00fablicamente qu\u00e9 eventual vinculaci\u00f3n tendr\u00eda con el hecho investigado. <\/p>\n<p><!-- is a <br \/>--><\/p>\n<p>\u00a0<\/p>\n<p><!-- is a <br \/>--><\/p>\n<p>Los cinco procedimientos se desarrollaron con normalidad y no se registraron incidentes ni resistencia por parte de las personas que se encontraban en los domicilios allanados. <\/p>\n<p><!-- is a <br \/>--><\/p>\n<p><!-- is a object --><br \/>\n<!-- embed start --><\/p>\n<figure class=\"embed\">\n<p>    <img decoding=\"async\" src=\"https:\/\/elonce-media.elonce.com\/fotos\/2026\/08\/15\/e_1786846964_1512.webp\" loading=\"lazy\" width=\"600\" height=\"400\" alt=\"Investigan una presunta agresi\u00f3n a jugadores de Patronato (archivo)\"\/><figcaption>\n            <span>Investigan una presunta agresi\u00f3n a jugadores de Patronato (archivo)<\/span><br \/>\n        <\/figcaption><\/figure>\n<p><!-- embed end --><br \/>\n<!-- end object --><\/p>\n<p><!-- is a object --><\/p>\n<h3>No se ordenaron detenciones<\/h3>\n<p><!-- end object --><\/p>\n<p>\u00a0<\/p>\n<p><!-- is a <br \/>--><\/p>\n<p>Pese a los elementos secuestrados, Mart\u00ednez aclar\u00f3 que <b>hasta el momento no se hab\u00edan dispuesto detenciones<\/b>. Tampoco quedaron arrestados los responsables de los inmuebles allanados ni los propietarios de los veh\u00edculos incautados. <\/p>\n<p><!-- is a <br \/>--><\/p>\n<p>\u00a0<\/p>\n<p><!-- is a <br \/>--><\/p>\n<p>\u201cLos procedimientos todav\u00eda est\u00e1n en tr\u00e1mite. No se han ordenado detenciones respecto de las personas responsables de los inmuebles, como tampoco de los responsables de los veh\u00edculos\u201d, puntualiz\u00f3. <\/p>\n<p><!-- is a <br \/>--><\/p>\n<p>\u00a0<\/p>\n<p><!-- is a <br \/>--><\/p>\n<p>La investigaci\u00f3n continuar\u00e1 ahora con el an\u00e1lisis de los elementos obtenidos durante los allanamientos. Los veh\u00edculos y el arma ser\u00e1n incorporados a las actuaciones y los informes elaborados por las distintas \u00e1reas policiales ser\u00e1n remitidos a la Fiscal\u00eda que interviene en la causa. <\/p>\n<p><!-- is a <br \/>--><\/p>\n<p>\u00a0<\/p>\n<p><!-- is a <br \/>--><\/p>\n<p>\u201cUna vez que la Fiscal\u00eda cuente con todos los informes elevados, va a hacer una nueva evaluaci\u00f3n del estado de la causa y determinar\u00e1 si dicta o no nuevas medidas para las personas involucradas\u201d, adelant\u00f3 Mart\u00ednez. <\/p>\n<p><!-- is a <br \/>--><\/p>\n<p><!-- is a object --><br \/>\n<!-- embed start --><!-- embed end --><br \/>\n<!-- end object --><\/p>\n<p>Los operativos representan un nuevo avance en la investigaci\u00f3n por <b>las agresiones sufridas por jugadores de Patronato el 15 de agosto<\/b>, episodio ocurrido luego del regreso del plantel a Paran\u00e1 tras dura derrota del rojinegro por 3 a 0 ante Col\u00f3n en Santa Fe. Se recordar\u00e1 que el jugador Facundo D\u00edaz, habr\u00eda recibido un golpe en la cabeza que le provoc\u00f3 un corte y debi\u00f3 ser vendado. Por su parte, el capit\u00e1n Alan Sosa, habr\u00eda recibido golpes en la cara y las im\u00e1genes lo mostraban con hematomas visibles en el rostro, dio a conocer el perfil del mencionado periodista. <\/p>\n<p><!-- is a <br \/>--><\/p>\n<p>\u00a0<\/p>\n<p><!-- is a <br \/>--><\/p>\n<p>La Justicia busca ahora establecer responsabilidades a partir de los testimonios, las c\u00e1maras de seguridad y los elementos incorporados durante los cinco allanamientos.  <\/p>\n<p><!-- is a <br \/>--><\/p>\n<p><!-- is a object --><br \/>\n<!-- embed start --><!-- embed end --><br \/>\n<!-- end object --><\/p>\n<p><!-- is a object --><br \/>\n<!-- embed start --><!-- embed end --><br \/>\n<!-- end object --><\/p><\/div>\n","protected":false},"excerpt":{"rendered":"<p>Los allanamientos por la agresi\u00f3n a jugadores de Patronato ocurrida el pasado 15 de agosto avanzaron este mi\u00e9rcoles con cinco procedimientos simult\u00e1neos en diferentes barrios de Paran\u00e1. Como resultado preliminar de los operativos, la Polic\u00eda secuestr\u00f3 cuatro veh\u00edculos considerados de inter\u00e9s para la causa y un arma de fuego larga tipo escopeta, que qued\u00f3 en [&hellip;]<\/p>\n","protected":false},"author":1,"featured_media":24667,"comment_status":"open","ping_status":"open","sticky":false,"template":"","format":"standard","meta":{"footnotes":""},"categories":[1],"tags":[],"class_list":["post-24666","post","type-post","status-publish","format-standard","has-post-thumbnail","hentry","category-uncategorized"],"_links":{"self":[{"href":"https:\/\/cliente1.publisher.highstack.com.ar\/index.php?rest_route=\/wp\/v2\/posts\/24666","targetHints":{"allow":["GET"]}}],"collection":[{"href":"https:\/\/cliente1.publisher.highstack.com.ar\/index.php?rest_route=\/wp\/v2\/posts"}],"about":[{"href":"https:\/\/cliente1.publisher.highstack.com.ar\/index.php?rest_route=\/wp\/v2\/types\/post"}],"author":[{"embeddable":true,"href":"https:\/\/cliente1.publisher.highstack.com.ar\/index.php?rest_route=\/wp\/v2\/users\/1"}],"replies":[{"embeddable":true,"href":"https:\/\/cliente1.publisher.highstack.com.ar\/index.php?rest_route=%2Fwp%2Fv2%2Fcomments&post=24666"}],"version-history":[{"count":0,"href":"https:\/\/cliente1.publisher.highstack.com.ar\/index.php?rest_route=\/wp\/v2\/posts\/24666\/revisions"}],"wp:featuredmedia":[{"embeddable":true,"href":"https:\/\/cliente1.publisher.highstack.com.ar\/index.php?rest_route=\/wp\/v2\/media\/24667"}],"wp:attachment":[{"href":"https:\/\/cliente1.publisher.highstack.com.ar\/index.php?rest_route=%2Fwp%2Fv2%2Fmedia&parent=24666"}],"wp:term":[{"taxonomy":"category","embeddable":true,"href":"https:\/\/cliente1.publisher.highstack.com.ar\/index.php?rest_route=%2Fwp%2Fv2%2Fcategories&post=24666"},{"taxonomy":"post_tag","embeddable":true,"href":"https:\/\/cliente1.publisher.highstack.com.ar\/index.php?rest_route=%2Fwp%2Fv2%2Ftags&post=24666"}],"curies":[{"name":"wp","href":"https:\/\/api.w.org\/{rel}","templated":true}]}}