{"id":24662,"date":"2026-09-02T09:28:35","date_gmt":"2026-09-02T12:28:35","guid":{"rendered":"https:\/\/cliente1.publisher.highstack.com.ar\/?p=24662"},"modified":"2026-09-02T09:28:35","modified_gmt":"2026-09-02T12:28:35","slug":"spagnuolo-pidio-que-se-suspenda-el-peritaje-sobre-los-audios-donde-hablaba-del-3-de-coimas","status":"publish","type":"post","link":"https:\/\/cliente1.publisher.highstack.com.ar\/?p=24662","title":{"rendered":"Spagnuolo pidi\u00f3 que se suspenda el peritaje sobre los audios donde hablaba del 3% de coimas"},"content":{"rendered":"<p><\/p>\n<div class=\"body-noticia clearfix text-formatted field field--name-body field--type-text-with-summary field--label-hidden field__item\">\n<p>Diego Spagnuolo no se resigna a que sea su propia voz renegando por el famoso \u201ctres por ciento para Karina\u201d. El extitular de la Agencia Nacional de Discapacidad (ANDIS), procesado en el marco de una investigaci\u00f3n sobre la compra de medicamentos para discapacitados con sobreprecios y sobornos, pidi\u00f3 por medio de su defensa suspender el peritaje sobre los audios con su bella dicci\u00f3n, a cargo de la Direcci\u00f3n de Criminal\u00edstica de Gendarmer\u00eda, que orden\u00f3 el juez federal Ariel Lijo.<\/p>\n<p>El abogado defensor de Spagnuolo, Mauricio D\u2019Alessandro, present\u00f3 un escrito ante el juez en el que sugiere que los audios que est\u00e1 peritando Gendarmer\u00eda no son los mismos que se oyeron por los medios, donde el entonces abogado personal de Milei describ\u00eda la mec\u00e1nica del negocio dentro de la Agencia a su cargo y se\u00f1alaba entre los beneficiarios de la cadena de la felicidad a la secretaria general de Presidencia, Karina Milei, y a su mano derecha, Eduardo \u201cLule\u201d Menem. En la misma l\u00ednea de defensa, el ex funcionario se hab\u00eda negado antes a dar una muestra indubitada de su voz para la pericia, que entonces debe realizarse sobre fragmentos de entrevistas, que son registros p\u00fablicos.<\/p>\n<p>Un peritaje particular realizado a pedido del imputado sugiri\u00f3 que los audios eran en realidad un montaje, alterado con inteligencia artificial. A instancias de la C\u00e1mara Federal, el juez Lijo orden\u00f3 entonces una pericia oficial, que encomend\u00f3 a Gendarmer\u00eda, public\u00f3 <em>P\u00e1gina12<\/em>.<\/p>\n<p>El periodista Mauro Federico aport\u00f3 a la causa al entregar al juzgado un pen drive con 58 audios. El abogado D\u2019Alessandro cuestion\u00f3 que en el expediente nunca se hab\u00eda hecho menci\u00f3n a ese material, que podr\u00eda afectar el derecho de defensa de su cliente, y pidi\u00f3 suspender el peritaje. Su razonamiento ser\u00eda que la C\u00e1mara orden\u00f3 analizar los audios que dieron origen a la causa penal, mientras que el juzgado de Lijo estar\u00eda incorporando los archivos de audio de la memoria externa aportada por Federico, y que no sabe si entre ellos est\u00e1n los difundidos por los medios.<\/p>\n<p>M\u00e1s all\u00e1 de las objeciones, los peritos de Gendarmer\u00eda avanzar\u00edan con los an\u00e1lisis del contenido de ese material. Se trata de una fuerza subordinada al Ejecutivo y que ya ha dado muestras de prestancia para embarrar causas judiciales, por lo que el an\u00e1lisis comparativo podr\u00eda demorar todo lo que sea necesario.<\/p>\n<p>Mientras tanto, la C\u00e1mara Federal debe analizar la situaci\u00f3n de Spagnuolo, procesado (sin prisi\u00f3n preventiva) junto con otras 18 personas por los delitos de asociaci\u00f3n il\u00edcita, cohecho, fraude al Estado y negociaciones incompatibles con la funci\u00f3n p\u00fablica. Los procesamientos se dictaron sobre la base de gran cantidad de prueba documental y de tel\u00e9fonos celulares, pero no hubo referencias a las grabaciones.<\/p>\n<p>La C\u00e1mara, integrada a priori por Roberto Boico y Eduardo Farah, debe determinar si confirma o no los procesamientos. Si ambos jueces no concuerdan en una misma postura, la sala deber\u00e1 completarse con un subrogante, que podr\u00eda ser alguno de los flamantes camaristas designado la semana pasada, Pablo Yadarola y Pablo Bertuzzi.<\/p>\n<\/div>\n","protected":false},"excerpt":{"rendered":"<p>Diego Spagnuolo no se resigna a que sea su propia voz renegando por el famoso \u201ctres por ciento para Karina\u201d. El extitular de la Agencia Nacional de Discapacidad (ANDIS), procesado en el marco de una investigaci\u00f3n sobre la compra de medicamentos para discapacitados con sobreprecios y sobornos, pidi\u00f3 por medio de su defensa suspender el [&hellip;]<\/p>\n","protected":false},"author":1,"featured_media":24663,"comment_status":"open","ping_status":"open","sticky":false,"template":"","format":"standard","meta":{"footnotes":""},"categories":[1],"tags":[],"class_list":["post-24662","post","type-post","status-publish","format-standard","has-post-thumbnail","hentry","category-uncategorized"],"_links":{"self":[{"href":"https:\/\/cliente1.publisher.highstack.com.ar\/index.php?rest_route=\/wp\/v2\/posts\/24662","targetHints":{"allow":["GET"]}}],"collection":[{"href":"https:\/\/cliente1.publisher.highstack.com.ar\/index.php?rest_route=\/wp\/v2\/posts"}],"about":[{"href":"https:\/\/cliente1.publisher.highstack.com.ar\/index.php?rest_route=\/wp\/v2\/types\/post"}],"author":[{"embeddable":true,"href":"https:\/\/cliente1.publisher.highstack.com.ar\/index.php?rest_route=\/wp\/v2\/users\/1"}],"replies":[{"embeddable":true,"href":"https:\/\/cliente1.publisher.highstack.com.ar\/index.php?rest_route=%2Fwp%2Fv2%2Fcomments&post=24662"}],"version-history":[{"count":0,"href":"https:\/\/cliente1.publisher.highstack.com.ar\/index.php?rest_route=\/wp\/v2\/posts\/24662\/revisions"}],"wp:featuredmedia":[{"embeddable":true,"href":"https:\/\/cliente1.publisher.highstack.com.ar\/index.php?rest_route=\/wp\/v2\/media\/24663"}],"wp:attachment":[{"href":"https:\/\/cliente1.publisher.highstack.com.ar\/index.php?rest_route=%2Fwp%2Fv2%2Fmedia&parent=24662"}],"wp:term":[{"taxonomy":"category","embeddable":true,"href":"https:\/\/cliente1.publisher.highstack.com.ar\/index.php?rest_route=%2Fwp%2Fv2%2Fcategories&post=24662"},{"taxonomy":"post_tag","embeddable":true,"href":"https:\/\/cliente1.publisher.highstack.com.ar\/index.php?rest_route=%2Fwp%2Fv2%2Ftags&post=24662"}],"curies":[{"name":"wp","href":"https:\/\/api.w.org\/{rel}","templated":true}]}}