{"id":24658,"date":"2026-09-02T09:01:19","date_gmt":"2026-09-02T12:01:19","guid":{"rendered":"https:\/\/cliente1.publisher.highstack.com.ar\/?p=24658"},"modified":"2026-09-02T09:01:19","modified_gmt":"2026-09-02T12:01:19","slug":"visita-del-papa-leon-xiv-a-la-argentina-la-delegacion-del-vaticano-visita-lujan-y-claypole","status":"publish","type":"post","link":"https:\/\/cliente1.publisher.highstack.com.ar\/?p=24658","title":{"rendered":"Visita del papa Le\u00f3n XIV a la Argentina: la delegaci\u00f3n del Vaticano visita Luj\u00e1n y Claypole"},"content":{"rendered":"<div>\t\t<!-- { REGION4 --> <\/p>\n<article class=\"article-body article-body--first-paragraph\" data-td-script-src=\"https:\/\/www.ambito.com\/td\/modulos\/encuestas\/js\/function-embeds-min-version-1788235717.js\">\n<p id=\"p-1788348271844-48494\">Los enviados de la Santa Sede avanzan con los preparativos para la visita del <strong>papa Le\u00f3n XIV a la Argentina<\/strong> y este mi\u00e9rcoles recorrieron distintos puntos de la provincia de Buenos Aires. La recorrida oficial incluye paradas en la <strong>Bas\u00edlica de Luj\u00e1n y el Cottolengo Don Orione, en Claypole<\/strong>. La delegaci\u00f3n tambi\u00e9n mantuvo reuniones con autoridades locales para ultimar detalles de la recorrida.<\/p>\n<\/article>\n<article class=\"article-body article-body--second-paragraph\">\n<p id=\"p-1788348271844-81656\">Las paradas de este mi\u00e9rcoles forman parte del relevamiento de los lugares que <strong>se espera que sean parte de la agenda del pont\u00edfice, prevista entre el 8 y el 11 de noviembre<\/strong>. En Luj\u00e1n, la comitiva <strong>evalu\u00f3 las condiciones del espacio donde Le\u00f3n XIV <\/strong>celebrar\u00eda una de las <strong>tres misas principales <\/strong>previstas durante su paso por el pa\u00eds.<\/p>\n<\/article>\n<article class=\"article-body article-body--third-paragraph\">\n<p id=\"p-1788348271844-77077\"> En Claypole, en tanto, los enviados analizaron el <strong>Cottolengo Don Orione<\/strong> como posible escenario para una actividad relacionada con la vulnerabilidad social. El predio ocupa 49 manzanas y est\u00e1 destinado al cuidado de personas con discapacidad.<\/p>\n<\/article>\n<article class=\"article-body article-body--fourth-paragraph\">\n<div contenteditable=\"false\" class=\"embed_cont type_imagen\" id=\"8231742-Libre-2800454_wrap\">\n<div id=\"8231742-Libre-2800454_content\" class=\"embed_content\"><img src=\"https:\/\/media.ambito.com\/p\/35a1d501ef036275b4fb097feded8418\/adjuntos\/239\/imagenes\/043\/409\/0043409679\/730x0\/1322x215:1342x235\/papa-leon-xiv-viaje-avion.png\" decoding=\"async\" fetchpriority=\"low\" loading=\"lazy\" alt=\"La visita est\u00e1 prevista entre el 8 y el 11 de noviembre.\" title=\"La visita est\u00e1 prevista entre el 8 y el 11 de noviembre.\" width=\"730\" height=\"undefined\" id=\"8231742-Libre-2800454_embed\"\/><\/div>\n<div class=\"embed_wrapper-cont\" id=\"p-1788348710635-17261\">\n<div id=\"8231742-Libre-2800454_epigrafe\" class=\"embed_epigrafe\">\n<p id=\"p-1788348931593-24526\">La visita est\u00e1 prevista entre el 8 y el 11 de noviembre.<\/p>\n<\/div>\n<p>Vatican Media<\/p>\n<\/div><\/div>\n<p id=\"p-1788348271844-15296\">Desde la <strong>Conferencia Episcopal<\/strong> aclararon que la delegaci\u00f3n todav\u00eda no est\u00e1 definiendo las actividades del Papa. <strong>\u201cSon reuniones m\u00e1s informativas, est\u00e1n mirando lugares, no est\u00e1n definiendo nada. Eso despu\u00e9s se enviar\u00e1 a Secretar\u00eda de Estado y se decide\u201d<\/strong>, explicaron.<\/p>\n<\/article>\n<article class=\"article-body article-body--fifth-paragraph\">\n<h2 id=\"p-1788348271844-10729\">C\u00f3mo avanza la organizaci\u00f3n de la visita de Le\u00f3n XIV<\/h2>\n<p id=\"p-1788348271844-20231\">En paralelo con la recorrida, el presidente de la <strong>Conferencia Episcopal Argentina, Marcelo Colombo<\/strong>, se reuni\u00f3 con el gobernador bonaerense <strong>Axel Kicillof<\/strong> en La Plata para avanzar en la organizaci\u00f3n de la visita y coordinar cuestiones vinculadas con la seguridad.<\/p>\n<\/article>\n<article class=\"article-body article-body--remaining-paragraph\">\n<p id=\"p-1788348271844-35089\">Kicillof confirm\u00f3 el encuentro a trav\u00e9s de sus redes sociales y se\u00f1al\u00f3: <strong>\u201cCoordinamos detalles de las actividades previstas en Luj\u00e1n y tambi\u00e9n del operativo de seguridad para la misa programada para el 11 de noviembre en esa ciudad\u201d.<\/strong><\/p>\n<div contenteditable=\"false\" class=\"embed_cont type_imagen\" id=\"8272222-Libre-273130306_wrap\">\n<div id=\"8272222-Libre-273130306_content\" class=\"embed_content\"> <img src=\"https:\/\/media.ambito.com\/p\/05c0bb7c45a9f9c923fc8b336767e79f\/adjuntos\/239\/imagenes\/043\/615\/0043615207\/730x0\/914x253:934x273\/leon-xiv-argentian.jpeg\" decoding=\"async\" fetchpriority=\"low\" loading=\"lazy\" alt=\"La misa central ser\u00e1 en el Monumento de los Espa\u00f1oles.\" title=\"La misa central ser\u00e1 en el Monumento de los Espa\u00f1oles.\" width=\"730\" height=\"undefined\" id=\"8272222-Libre-273130306_embed\"\/><\/div>\n<div class=\"embed_wrapper-cont\" id=\"p-1788348721585-14765\">\n<div id=\"8272222-Libre-273130306_epigrafe\" class=\"embed_epigrafe\">\n<p id=\"p-1788348812057-91278\">La misa central ser\u00e1 en el Monumento de los Espa\u00f1oles.<\/p>\n<\/div>\n<p>Imagen creada con IA<\/p>\n<\/div><\/div>\n<p id=\"p-1788348271844-33896\">La delegaci\u00f3n vaticana hab\u00eda comenzado su trabajo el lunes en la <strong>Ciudad de Buenos Aires<\/strong>, donde visit\u00f3 el Monumento de los Espa\u00f1oles, el Palacio Libertad y el Palacio San Mart\u00edn. En este \u00faltimo lugar mantuvo una reuni\u00f3n de trabajo con representantes de la <strong>Secretar\u00eda General de la Presidencia, la Nunciatura, la Conferencia Episcopal y la Canciller\u00eda<\/strong>.<\/p>\n<p id=\"p-1788348271844-36612\">Los enviados de la Santa Sede terminar\u00e1n el relevamiento este jueves por la ma\u00f1ana. Luego, la <strong>Secretar\u00eda de Estado del Vaticano<\/strong> analizar\u00e1 los informes elaborados durante la recorrida y definir\u00e1 el itinerario definitivo de Le\u00f3n XIV durante su visita a la Argentina.<\/p>\n<\/article>\n<p>\t\t<!-- REGION4 } --><\/div>\n<p><script>\n!function(f,b,e,v,n,t,s)\n{if(f.fbq)return;n=f.fbq=function(){n.callMethod?\nn.callMethod.apply(n,arguments):n.queue.push(arguments)};\nif(!f._fbq)f._fbq=n;n.push=n;n.loaded=!0;n.version='2.0';\nn.queue=[];t=b.createElement(e);t.async=!0;\nt.src=v;s=b.getElementsByTagName(e)[0];\ns.parentNode.insertBefore(t,s)}(window,document,'script',\n'\nfbq('init', '2047048335588113');\nfbq('track', 'PageView');\n<\/script><\/p>\n","protected":false},"excerpt":{"rendered":"<p>Los enviados de la Santa Sede avanzan con los preparativos para la visita del papa Le\u00f3n XIV a la Argentina y este mi\u00e9rcoles recorrieron distintos puntos de la provincia de Buenos Aires. La recorrida oficial incluye paradas en la Bas\u00edlica de Luj\u00e1n y el Cottolengo Don Orione, en Claypole. La delegaci\u00f3n tambi\u00e9n mantuvo reuniones con [&hellip;]<\/p>\n","protected":false},"author":1,"featured_media":24659,"comment_status":"open","ping_status":"open","sticky":false,"template":"","format":"standard","meta":{"footnotes":""},"categories":[1],"tags":[],"class_list":["post-24658","post","type-post","status-publish","format-standard","has-post-thumbnail","hentry","category-uncategorized"],"_links":{"self":[{"href":"https:\/\/cliente1.publisher.highstack.com.ar\/index.php?rest_route=\/wp\/v2\/posts\/24658","targetHints":{"allow":["GET"]}}],"collection":[{"href":"https:\/\/cliente1.publisher.highstack.com.ar\/index.php?rest_route=\/wp\/v2\/posts"}],"about":[{"href":"https:\/\/cliente1.publisher.highstack.com.ar\/index.php?rest_route=\/wp\/v2\/types\/post"}],"author":[{"embeddable":true,"href":"https:\/\/cliente1.publisher.highstack.com.ar\/index.php?rest_route=\/wp\/v2\/users\/1"}],"replies":[{"embeddable":true,"href":"https:\/\/cliente1.publisher.highstack.com.ar\/index.php?rest_route=%2Fwp%2Fv2%2Fcomments&post=24658"}],"version-history":[{"count":0,"href":"https:\/\/cliente1.publisher.highstack.com.ar\/index.php?rest_route=\/wp\/v2\/posts\/24658\/revisions"}],"wp:featuredmedia":[{"embeddable":true,"href":"https:\/\/cliente1.publisher.highstack.com.ar\/index.php?rest_route=\/wp\/v2\/media\/24659"}],"wp:attachment":[{"href":"https:\/\/cliente1.publisher.highstack.com.ar\/index.php?rest_route=%2Fwp%2Fv2%2Fmedia&parent=24658"}],"wp:term":[{"taxonomy":"category","embeddable":true,"href":"https:\/\/cliente1.publisher.highstack.com.ar\/index.php?rest_route=%2Fwp%2Fv2%2Fcategories&post=24658"},{"taxonomy":"post_tag","embeddable":true,"href":"https:\/\/cliente1.publisher.highstack.com.ar\/index.php?rest_route=%2Fwp%2Fv2%2Ftags&post=24658"}],"curies":[{"name":"wp","href":"https:\/\/api.w.org\/{rel}","templated":true}]}}