{"id":24652,"date":"2026-09-02T08:21:15","date_gmt":"2026-09-02T11:21:15","guid":{"rendered":"https:\/\/cliente1.publisher.highstack.com.ar\/?p=24652"},"modified":"2026-09-02T08:21:15","modified_gmt":"2026-09-02T11:21:15","slug":"diputados-opositores-viajaron-a-brasil-para-recomponer-el-vinculo-con-lula-y-abrir-un-canal-de-dialogo","status":"publish","type":"post","link":"https:\/\/cliente1.publisher.highstack.com.ar\/?p=24652","title":{"rendered":"Diputados opositores viajaron a Brasil para recomponer el v\u00ednculo con Lula y abrir un canal de di\u00e1logo"},"content":{"rendered":"<div class=\"jwplayer-ctn\"><script src=\"https:\/\/census-web.scorecardresearch.com\/plugins\/streaming-jwplayer\/v2\/current.js\"><\/script><\/p>\n<div class=\"\">\n<div id=\"66P6Q4ZELZHURKTGRSDG5SZL2A-custom_embed0\"><\/div>\n<\/div><figcaption class=\"jwplayer-figcaption\">Diputados opositores viajaron a Brasilia para recomponer la relaci\u00f3n con Lula da Silva y reabrir el di\u00e1logo pol\u00edtico entre la Argentina y Brasil<\/figcaption><\/div>\n<div class=\"sharebar-container display_flex sharebar-new\" style=\"opacity:1\">\n<div class=\"share-bar-article-date-container \"><span class=\"sharebar-article-date\">02 Sep, 2026 06:58 a. m. EST<\/span><\/div>\n<div class=\"sharebar-buttons-container display_flex\">\n<div aria-label=\"Guardar\" class=\"sharebar-buttons button-save\" role=\"button\" tabindex=\"0\"><svg width=\"9\" height=\"12\" viewbox=\"0 0 8 10\" fill=\"none\" xmlns=\"http:\/\/www.w3.org\/2000\/svg\" class=\"saved-icon saved\"><path d=\"M6.64286 0.5V9.31687L4.1116 7.16407L4.11106 7.16361C3.79894 6.89891 3.34392 6.89891 3.03179 7.16361L3.03126 7.16407L0.5 9.31687V0.5H6.64286Z\"><\/path><\/svg><span class=\"buttons-save-text\">Guardar<\/span><\/div>\n<div class=\"sharebar-buttons-separator\"><\/div>\n<p><button class=\"sharemenu-buttons display_flex\" aria-label=\"Compartir en Telegram\"><svg width=\"38\" height=\"38\" viewbox=\"0 0 38 38\" fill=\"none\" xmlns=\"http:\/\/www.w3.org\/2000\/svg\"><rect x=\"0.5\" y=\"0.5\" width=\"37\" height=\"37\" rx=\"18.5\" fill=\"white\"><\/rect><rect x=\"0.5\" y=\"0.5\" width=\"37\" height=\"37\" rx=\"18.5\" stroke=\"#C2C2C2\"><\/rect><path d=\"M24.9696 12.5511L10.3405 18.0494C10.0623 18.151 9.92701 18.4484 10.0398 18.7168C10.0999 18.8619 10.2277 18.9779 10.3856 19.0214L14.1068 20.0805L15.4975 24.3312C15.6028 24.6576 15.9636 24.839 16.2944 24.7374C16.3921 24.7084 16.4823 24.6504 16.5575 24.5778L18.482 22.6846L22.2558 25.354C22.6091 25.6006 23.0977 25.5281 23.3533 25.1872C23.421 25.1001 23.4661 24.9986 23.4887 24.897L25.9845 13.3707C26.0672 12.979 25.8116 12.5946 25.4056 12.5148C25.2628 12.4858 25.1124 12.5003 24.9771 12.5511M23.1429 15.1116L16.347 20.9147C16.2793 20.9727 16.2342 21.0525 16.2267 21.1395L15.9636 23.381C15.9636 23.4172 15.926 23.4462 15.8884 23.439C15.8583 23.439 15.8358 23.4172 15.8283 23.3955L14.7533 20.0442C14.7007 19.8919 14.7683 19.7251 14.9111 19.638L22.9399 14.836C23.0226 14.7852 23.1353 14.8142 23.1804 14.894C23.2255 14.9666 23.2105 15.0536 23.1504 15.1116\" fill=\"#555555\"><\/path><\/svg><\/button><button class=\"sharemenu-buttons display_flex\" aria-label=\"Compartir en Linkedin\"><svg width=\"38\" height=\"38\" viewbox=\"0 0 38 38\" fill=\"none\" xmlns=\"http:\/\/www.w3.org\/2000\/svg\"><rect x=\"0.5\" y=\"0.5\" width=\"37\" height=\"37\" rx=\"18.5\" fill=\"white\"><\/rect><rect x=\"0.5\" y=\"0.5\" width=\"37\" height=\"37\" rx=\"18.5\" stroke=\"#C2C2C2\"><\/rect><path d=\"M16.5556 27V16.2231H19.963V17.6949C20.0185 17.6368 20.0648 17.5787 20.1111 17.5206C20.8611 16.349 22.2037 15.739 23.537 15.981C25.3889 16.1359 26.8426 17.7046 26.9259 19.6411C26.9722 20.0478 27 20.4641 27 20.8708C27 22.817 27 24.7633 27 26.7095V26.9806H23.5741V26.6805C23.5741 24.8892 23.5741 23.0882 23.5741 21.2969C23.5741 20.8805 23.5278 20.4545 23.4259 20.0478C23.1945 19.1279 22.2963 18.5663 21.4074 18.8084C21.2037 18.8665 21 18.9633 20.8333 19.0989C20.3333 19.4281 20.0185 19.9897 19.9907 20.6094C19.9722 21.1419 19.9722 21.6842 19.9722 22.2167V26.9903H16.5648L16.5556 27ZM11.2222 27V16.2037H11.7407C12.6204 16.2037 13.5 16.2037 14.3796 16.2037C14.5833 16.2037 14.6482 16.2328 14.6482 16.4748V26.9903H11.2222V27ZM11.0093 12.8825C11.0093 11.8465 11.8055 11.0041 12.787 11.0041C12.8426 11.0041 12.8982 11.0041 12.9537 11.0041C13.9445 10.9363 14.7963 11.7206 14.8611 12.7567C14.8611 12.7954 14.8611 12.8438 14.8611 12.8825C14.8426 13.9283 14.0278 14.761 13.0278 14.7416C12.9907 14.7416 12.9537 14.7416 12.9259 14.7416H12.9074C11.9259 14.8191 11.0741 14.0445 11 13.0181C11 12.9697 11 12.931 11 12.8825H11.0093Z\" fill=\"#555555\"><\/path><\/svg><\/button><button class=\"sharemenu-buttons display_flex\" aria-label=\"Compartir en Twitter\"><svg width=\"38\" height=\"38\" viewbox=\"0 0 38 38\" fill=\"none\" xmlns=\"http:\/\/www.w3.org\/2000\/svg\"><rect x=\"0.5\" y=\"0.5\" width=\"37\" height=\"37\" rx=\"18.5\" fill=\"white\"><\/rect><rect x=\"0.5\" y=\"0.5\" width=\"37\" height=\"37\" rx=\"18.5\" stroke=\"#C2C2C2\"><\/rect><path d=\"M11.0391 11L17.2165 19.8249L11 27H12.399L17.8415 20.7182L22.2389 27H27L20.475 17.6786L26.2613 11H24.8623L19.85 16.7855L15.8001 11H11.0391ZM13.0965 12.101H15.2838L24.9423 25.8987H22.7551L13.0965 12.101Z\" fill=\"#555555\"><\/path><\/svg><\/button><button class=\"sharemenu-buttons display_flex\" aria-label=\"Compartir en Facebook\"><svg width=\"38\" height=\"38\" viewbox=\"0 0 38 38\" fill=\"none\" xmlns=\"http:\/\/www.w3.org\/2000\/svg\"><rect x=\"0.5\" y=\"0.5\" width=\"37\" height=\"37\" rx=\"18.5\" fill=\"white\"><\/rect><rect x=\"0.5\" y=\"0.5\" width=\"37\" height=\"37\" rx=\"18.5\" stroke=\"#C2C2C2\"><\/rect><path d=\"M17.3544 26.9921V18.9235H15V16.3346H17.3544V16.0805C17.3544 15.3816 17.3291 14.6748 17.3882 13.976C17.3882 12.8642 18.0633 11.8556 19.1266 11.3712C19.5232 11.1965 19.9452 11.0853 20.3755 11.0376C21.2532 10.9741 22.1308 10.99 23 11.0932V13.4201H22.7722C22.2743 13.4201 21.7848 13.4201 21.2869 13.436C20.73 13.4042 20.2489 13.8013 20.2152 14.3254C20.2152 14.373 20.2152 14.4128 20.2152 14.4604C20.1983 15.0481 20.2152 15.6357 20.2152 16.2234C20.2152 16.2552 20.2152 16.2949 20.2321 16.3267H22.9409C22.8228 17.2082 22.7046 18.0579 22.5865 18.9315H20.2236V27H17.3629L17.3544 26.9921Z\" fill=\"#555555\"><\/path><\/svg><\/button><button class=\"sharemenu-buttons display_flex\" aria-label=\"Compartir en Whatsapp\"><svg width=\"38\" height=\"38\" viewbox=\"0 0 38 38\" fill=\"none\" xmlns=\"http:\/\/www.w3.org\/2000\/svg\"><rect x=\"0.5\" y=\"0.5\" width=\"37\" height=\"37\" rx=\"18.5\" fill=\"white\"><\/rect><rect x=\"0.5\" y=\"0.5\" width=\"37\" height=\"37\" rx=\"18.5\" stroke=\"#C2C2C2\"><\/rect><path d=\"M21.2863 19.9439C21.0997 19.8551 20.9664 19.9262 20.8419 20.0861C20.6731 20.3261 20.4687 20.5483 20.2909 20.7794C20.1665 20.9393 20.0243 20.9749 19.8376 20.8949C18.6645 20.4239 17.7757 19.6506 17.1269 18.5841C17.0292 18.4242 17.038 18.2997 17.1536 18.1575C17.3225 17.9531 17.4824 17.7576 17.6157 17.5354C17.678 17.4287 17.7135 17.2599 17.678 17.1532C17.4735 16.6111 17.2425 16.0867 17.0114 15.5535C16.9669 15.4557 16.8781 15.3313 16.7892 15.3224C16.4248 15.2602 16.0426 15.1891 15.7316 15.4912C15.1094 16.0778 14.8784 16.7977 15.0383 17.6243C15.1805 18.3619 15.5983 18.9663 16.0426 19.5618C16.887 20.6638 17.8646 21.6237 19.1622 22.1925C19.7932 22.4769 20.4331 22.7613 21.1441 22.7613C21.2685 22.7613 21.393 22.7613 21.5085 22.7346C22.4506 22.5391 23.1172 22.0058 23.0816 21.0193C23.0816 20.9216 23.0194 20.7794 22.9483 20.7438C22.3973 20.4594 21.8462 20.2017 21.2863 19.9439Z\" fill=\"#555555\"><\/path><path d=\"M26.9482 17.8724C26.3972 13.4642 22.1401 10.3447 17.7229 11.1179C12.6481 11.9977 9.71521 17.2859 11.6883 21.9963C12.1948 22.6629 12.0615 23.3472 11.8216 24.0849C11.5105 25.027 11.2794 26.0046 11.0039 27C11.1194 26.9733 11.1994 26.9644 11.2794 26.9378C12.5059 26.6178 13.7324 26.3068 14.9411 25.9868C15.1544 25.9335 15.3144 25.9602 15.5099 26.0579C17.1719 26.8667 18.9227 27.0978 20.718 26.7067C24.833 25.7913 27.4548 22.0496 26.9305 17.8902L26.9482 17.8724ZM20.0515 25.4624C18.4784 25.7113 17.003 25.3913 15.6166 24.6003C15.5099 24.5381 15.3411 24.5115 15.2077 24.547C14.4612 24.7248 13.7146 24.9292 12.9147 25.1336C13.1192 24.3693 13.3058 23.6672 13.5102 22.9473C13.5635 22.7606 13.5369 22.6273 13.4391 22.4673C11.0039 18.5479 13.1014 13.5442 17.6163 12.5043C21.2868 11.6511 25.0285 14.1841 25.5884 17.908C26.1395 21.5519 23.6954 24.8936 20.0515 25.4624Z\" fill=\"#555555\"><\/path><\/svg><\/button><\/div>\n<\/div>\n<p class=\"paragraph\" data-paragraph-number=\"1\">Una <a rel=\"noopener noreferrer\" href=\"https:\/\/www.infobae.com\/politica\/2026\/08\/26\/diputados-y-senadores-opositores-viajaran-a-brasil-para-abrir-un-canal-paralelo-e-intentar-recomponer-la-relacion-diplomatica\/\" target=\"_blank\" title=\"https:\/\/www.infobae.com\/politica\/2026\/08\/26\/diputados-y-senadores-opositores-viajaran-a-brasil-para-abrir-un-canal-paralelo-e-intentar-recomponer-la-relacion-diplomatica\/\"><b>delegaci\u00f3n<\/b> de <b>legisladores<\/b><\/a> argentinos viaj\u00f3 a <b>Brasilia<\/b> para reunirse con funcionarios y parlamentarios de Brasil con el objetivo de reabrir el di\u00e1logo pol\u00edtico bilateral, despu\u00e9s de las cr\u00edticas de <a rel=\"noopener noreferrer\" href=\"https:\/\/www.infobae.com\/politica\/2026\/08\/03\/javier-milei-redoblo-la-apuesta-lula-es-un-ladron-es-corrupto-y-lo-liberaron-por-una-falla-en-el-procedimiento\/\" target=\"_blank\" title=\"https:\/\/www.infobae.com\/politica\/2026\/08\/03\/javier-milei-redoblo-la-apuesta-lula-es-un-ladron-es-corrupto-y-lo-liberaron-por-una-falla-en-el-procedimiento\/\"><b>Javier Milei<\/b> a<b> Luiz In\u00e1cio Lula da Silva<\/b><\/a> y al Poder Judicial brasile\u00f1o que, seg\u00fan explic\u00f3 el diputado nacional de Encuentro Federal, <b>Nicol\u00e1s Massot<\/b>, dejaron \u201ccongelada\u201d la relaci\u00f3n institucional entre ambos pa\u00edses.<\/p>\n<div class=\"marfeel-recommender marfeel-recommender-1\"><\/div>\n<p class=\"paragraph\" data-paragraph-number=\"2\">La comitiva tambi\u00e9n busca abrir una v\u00eda parlamentaria permanente que funcione incluso si el conflicto contin\u00faa. La idea incluye organizar jornadas binacionales hacia finales de noviembre en Buenos Aires para recibir a legisladores y funcionarios brasile\u00f1os y sostener contactos que eviten una interrupci\u00f3n total del v\u00ednculo.<\/p>\n<div class=\"inline ad-wrapper dfpAd ad-inline ad-text ad-component-container\" style=\"--ad-shell-height:250px;--ad-shell-width:300px\" data-ad-wrapper=\"arcad\" data-ad-type=\"inline\" data-ad-slot=\"infobae\/politica\/nota\/inline\" data-ad-container=\"dfp\" data-ad-slot-name=\"infobae\/politica\/nota\/inline\">\n<p class=\"ad-shell-label\">PUBLICIDAD<\/p>\n<div id=\"infobae\/politica\/nota\/inline\" class=\"infobae\/politica\/nota\/inline arcad ad-slot-node ad-slot-node--boxed\" data-ad-slot-id=\"infobae\/politica\/nota\/inline\"><\/div>\n<\/div>\n<p class=\"paragraph\" data-paragraph-number=\"3\">Masso dijo, en di\u00e1logo con Infobae Al Amanecer, que el grupo lleg\u00f3 a la capital brasile\u00f1a en la tarde del martes. La agenda incluy\u00f3 un encuentro no previsto con el canciller <b>Mauro Vieira<\/b>, que demor\u00f3 su viaje a Montevideo para recibir a los representantes argentinos antes de participar en la cumbre de ministros del Mercosur en Uruguay.<\/p>\n<div class=\"marfeel-recommender marfeel-recommender-3\"><\/div>\n<p class=\"paragraph\" data-paragraph-number=\"4\">El legislador describi\u00f3 esa decisi\u00f3n como \u201c<b>un gesto muy bueno\u201d<\/b> y agradeci\u00f3 la recepci\u00f3n del funcionario brasile\u00f1o. La reuni\u00f3n con Vieira abri\u00f3 la agenda de una comitiva integrada por Massot, Germ\u00e1n Mart\u00ednez, Mart\u00edn Lousteau, Esteban Paul\u00f3n, Maximiliano Ferraro, Oscar Herrera Ahuad, Eduardo Falcone y Victoria Tolosa Paz.<\/p>\n<div class=\"inline_2 ad-wrapper dfpAd ad-inline ad-text ad-component-container\" style=\"--ad-shell-height:250px;--ad-shell-width:300px\" data-ad-wrapper=\"arcad\" data-ad-type=\"inline_2\" data-ad-slot=\"infobae\/politica\/nota\/inline_2\" data-ad-container=\"dfp\" data-ad-slot-name=\"infobae\/politica\/nota\/inline_2\">\n<p class=\"ad-shell-label\">PUBLICIDAD<\/p>\n<div id=\"infobae\/politica\/nota\/inline_2\" class=\"infobae\/politica\/nota\/inline_2 arcad ad-slot-node ad-slot-node--boxed\" data-ad-slot-id=\"infobae\/politica\/nota\/inline_2\"><\/div>\n<\/div>\n<div class=\"visual__image\"><picture><source srcset=\"https:\/\/www.infobae.com\/resizer\/v2\/T4W52UQYN5GWBMXM4DBEJSGNZU.jpg?auth=0091acbaec2e17483deb81e7ce7d0f8257039f6dde385ccbde93916ebbda2d9a&amp;smart=true&amp;width=992&amp;height=992&amp;quality=85\" media=\"(min-width: 1000px)\"><\/source><source srcset=\"https:\/\/www.infobae.com\/resizer\/v2\/T4W52UQYN5GWBMXM4DBEJSGNZU.jpg?auth=0091acbaec2e17483deb81e7ce7d0f8257039f6dde385ccbde93916ebbda2d9a&amp;smart=true&amp;width=768&amp;height=768&amp;quality=85\" media=\"(min-width: 768px)\"><\/source><source srcset=\"https:\/\/www.infobae.com\/resizer\/v2\/T4W52UQYN5GWBMXM4DBEJSGNZU.jpg?auth=0091acbaec2e17483deb81e7ce7d0f8257039f6dde385ccbde93916ebbda2d9a&amp;smart=true&amp;width=577&amp;height=577&amp;quality=85\" media=\"(min-width: 580px)\"><\/source><source srcset=\"https:\/\/www.infobae.com\/resizer\/v2\/T4W52UQYN5GWBMXM4DBEJSGNZU.jpg?auth=0091acbaec2e17483deb81e7ce7d0f8257039f6dde385ccbde93916ebbda2d9a&amp;smart=true&amp;width=420&amp;height=420&amp;quality=85\" media=\"(min-width: 350px)\"><\/source><source srcset=\"https:\/\/www.infobae.com\/resizer\/v2\/T4W52UQYN5GWBMXM4DBEJSGNZU.jpg?auth=0091acbaec2e17483deb81e7ce7d0f8257039f6dde385ccbde93916ebbda2d9a&amp;smart=true&amp;width=350&amp;height=350&amp;quality=85\" media=\"(min-width: 80px)\"><\/source><img alt=\"La delegaci\u00f3n argentina impuls\u00f3 una diplomacia parlamentaria para sostener canales institucionales con Brasil pese al conflicto entre Javier Milei y Lula (@nico.massot)\" class=\"global-image\" decoding=\"async\" fetchpriority=\"low\" height=\"1703\" loading=\"lazy\" src=\"https:\/\/www.infobae.com\/resizer\/v2\/T4W52UQYN5GWBMXM4DBEJSGNZU.jpg?auth=0091acbaec2e17483deb81e7ce7d0f8257039f6dde385ccbde93916ebbda2d9a&amp;smart=true&amp;width=350&amp;height=350&amp;quality=85\" width=\"1703\"><\/picture><\/div>\n<h2 class=\"text-align-left vertical-align-top line-height-100 header headline-class-h2 headline\" id=\"la-comitiva-busco-diferenciar-al-congreso-argentino-de-la-postura-de-milei\">La comitiva busc\u00f3 diferenciar al Congreso argentino de la postura de Milei<\/h2>\n<p class=\"paragraph\" data-paragraph-number=\"5\">Massot sostuvo que uno de los puntos mejor recibidos por las autoridades brasile\u00f1as fue la <b>diversidad pol\u00edtica de la delegaci\u00f3n<\/b>, ya que no se trat\u00f3 de una representaci\u00f3n del oficialismo nacional. Seg\u00fan explic\u00f3, <b>el viaje procur\u00f3 mostrar que existe una posici\u00f3n parlamentaria distinta de la expresada por el Presidente.<\/b><\/p>\n<div class=\"marfeel-recommender marfeel-recommender-5\"><\/div>\n<p class=\"paragraph\" data-paragraph-number=\"6\">En ese sentido, afirm\u00f3 que buena parte de la dirigencia pol\u00edtica argentina no comparte las cr\u00edticas dirigidas por Milei contra Lula da Silva y el Supremo Tribunal Federal. \u201c<b>La enorme mayor\u00eda del pueblo argentino y de la representaci\u00f3n parlamentaria no adhiere<\/b>\u201d, se\u00f1al\u00f3.<\/p>\n<div class=\"ad_1 ad-wrapper dfpAd ad-1-al-6 ad-text ad-component-container\" style=\"--ad-shell-height:250px;--ad-shell-width:300px\" data-ad-wrapper=\"arcad\" data-ad-type=\"ad_1\" data-ad-slot=\"infobae\/politica\/nota\/ad_1\" data-ad-container=\"dfp\" data-ad-slot-name=\"infobae\/politica\/nota\/ad_1\">\n<p class=\"ad-shell-label\">PUBLICIDAD<\/p>\n<div id=\"infobae\/politica\/nota\/ad_1\" class=\"infobae\/politica\/nota\/ad_1 arcad ad-slot-node ad-slot-node--boxed\" data-ad-slot-id=\"infobae\/politica\/nota\/ad_1\"><\/div>\n<\/div>\n<p class=\"paragraph\" data-paragraph-number=\"7\">El diputado cuestion\u00f3 que el deterioro bilateral se haya producido por razones ideol\u00f3gicas o partidarias. \u201c<b>Meternos en un despelote diplom\u00e1tico por apreciaciones ideol\u00f3gicas o partidarias es mucho peor<\/b>\u201d, dijo.<\/p>\n<p class=\"paragraph\" data-paragraph-number=\"8\">Tambi\u00e9n compar\u00f3 este episodio con otros cruces del Presidente con gobiernos extranjeros y mencion\u00f3 el caso de <b>China<\/b>, donde, seg\u00fan su evaluaci\u00f3n, hubo rectificaciones posteriores. En el caso de Brasil, consider\u00f3 m\u00e1s grave que ya hubiera pasado un mes sin una se\u00f1al de recomposici\u00f3n por parte del Gobierno argentino.<\/p>\n<div class=\"ad_2 ad-wrapper dfpAd ad-1-al-6 ad-text ad-component-container\" style=\"--ad-shell-height:250px;--ad-shell-width:300px\" data-ad-wrapper=\"arcad\" data-ad-type=\"ad_2\" data-ad-slot=\"infobae\/politica\/nota\/ad_2\" data-ad-container=\"dfp\" data-ad-slot-name=\"infobae\/politica\/nota\/ad_2\">\n<p class=\"ad-shell-label\">PUBLICIDAD<\/p>\n<div id=\"infobae\/politica\/nota\/ad_2\" class=\"infobae\/politica\/nota\/ad_2 arcad ad-slot-node ad-slot-node--boxed\" data-ad-slot-id=\"infobae\/politica\/nota\/ad_2\"><\/div>\n<\/div>\n<div class=\"visual__image\"><picture><source srcset=\"https:\/\/www.infobae.com\/resizer\/v2\/GNDKIUZRXFGIRF7JH25PHQUFJE.png?auth=6576744c323b4d84618ca459e584c44cc385d6f6b61b5f5198bd0bf70917fb15&amp;smart=true&amp;width=992&amp;height=522&amp;quality=85\" media=\"(min-width: 1000px)\"><\/source><source srcset=\"https:\/\/www.infobae.com\/resizer\/v2\/GNDKIUZRXFGIRF7JH25PHQUFJE.png?auth=6576744c323b4d84618ca459e584c44cc385d6f6b61b5f5198bd0bf70917fb15&amp;smart=true&amp;width=768&amp;height=404&amp;quality=85\" media=\"(min-width: 768px)\"><\/source><source srcset=\"https:\/\/www.infobae.com\/resizer\/v2\/GNDKIUZRXFGIRF7JH25PHQUFJE.png?auth=6576744c323b4d84618ca459e584c44cc385d6f6b61b5f5198bd0bf70917fb15&amp;smart=true&amp;width=577&amp;height=304&amp;quality=85\" media=\"(min-width: 580px)\"><\/source><source srcset=\"https:\/\/www.infobae.com\/resizer\/v2\/GNDKIUZRXFGIRF7JH25PHQUFJE.png?auth=6576744c323b4d84618ca459e584c44cc385d6f6b61b5f5198bd0bf70917fb15&amp;smart=true&amp;width=420&amp;height=221&amp;quality=85\" media=\"(min-width: 350px)\"><\/source><source srcset=\"https:\/\/www.infobae.com\/resizer\/v2\/GNDKIUZRXFGIRF7JH25PHQUFJE.png?auth=6576744c323b4d84618ca459e584c44cc385d6f6b61b5f5198bd0bf70917fb15&amp;smart=true&amp;width=350&amp;height=184&amp;quality=85\" media=\"(min-width: 80px)\"><\/source><img alt=\"(Infobae en Vivo)\" class=\"global-image\" decoding=\"async\" fetchpriority=\"low\" height=\"545\" loading=\"lazy\" src=\"https:\/\/www.infobae.com\/resizer\/v2\/GNDKIUZRXFGIRF7JH25PHQUFJE.png?auth=6576744c323b4d84618ca459e584c44cc385d6f6b61b5f5198bd0bf70917fb15&amp;smart=true&amp;width=350&amp;height=184&amp;quality=85\" width=\"1035\"><\/picture><\/div>\n<p class=\"paragraph\" data-paragraph-number=\"9\"><b>\u201cLo m\u00e1s grave de todo fue que despu\u00e9s no hubo un pedido de disculpa\u201d<\/b>, afirm\u00f3. A su criterio, un conflicto entre dos pa\u00edses puede surgir por disputas territoriales, fronterizas o por recursos naturales, pero sostuvo que nada de eso explica la situaci\u00f3n actual con Brasil.<\/p>\n<p class=\"paragraph\" data-paragraph-number=\"10\">Massot resumi\u00f3 esa preocupaci\u00f3n con otra definici\u00f3n: \u201c<b>Darte el lujo de autoinfligirte un conflicto de esta naturaleza y no querer salir<\/b>\u201d. Atribuy\u00f3 la persistencia de la tensi\u00f3n a la ausencia de una respuesta posterior de las autoridades argentinas.<\/p>\n<div class=\"ad_3 ad-wrapper dfpAd ad-1-al-6 ad-text ad-component-container\" style=\"--ad-shell-height:250px;--ad-shell-width:300px\" data-ad-wrapper=\"arcad\" data-ad-type=\"ad_3\" data-ad-slot=\"infobae\/politica\/nota\/ad_3\" data-ad-container=\"dfp\" data-ad-slot-name=\"infobae\/politica\/nota\/ad_3\">\n<p class=\"ad-shell-label\">PUBLICIDAD<\/p>\n<div id=\"infobae\/politica\/nota\/ad_3\" class=\"infobae\/politica\/nota\/ad_3 arcad ad-slot-node ad-slot-node--boxed\" data-ad-slot-id=\"infobae\/politica\/nota\/ad_3\"><\/div>\n<\/div>\n<p class=\"paragraph\" data-paragraph-number=\"11\">Seg\u00fan Massot,<b> las autoridades brasile\u00f1as manifestaron voluntad de restablecer el di\u00e1logo con la Argentina<\/b>, aunque esperan un \u201ctiempo prudencial\u201d sin nuevas controversias antes de avanzar en una recomposici\u00f3n plena. La se\u00f1al que Brasil espera, agreg\u00f3, podr\u00eda ser una disculpa o al menos el cese de las declaraciones p\u00fablicas que profundizaron el conflicto.<\/p>\n<p class=\"paragraph\" data-paragraph-number=\"12\"><b>\u201cSi no es que va a haber una disculpa, que haya un silencio prudente\u201d<\/b>, plante\u00f3 el diputado. Seg\u00fan su relato, esa actitud permitir\u00eda empezar a superar la controversia y recuperar los canales pol\u00edticos e institucionales.<\/p>\n<div class=\"ad_4 ad-wrapper dfpAd ad-1-al-6 ad-text ad-component-container\" style=\"--ad-shell-height:250px;--ad-shell-width:300px\" data-ad-wrapper=\"arcad\" data-ad-type=\"ad_4\" data-ad-slot=\"infobae\/politica\/nota\/ad_4\" data-ad-container=\"dfp\" data-ad-slot-name=\"infobae\/politica\/nota\/ad_4\">\n<p class=\"ad-shell-label\">PUBLICIDAD<\/p>\n<div id=\"infobae\/politica\/nota\/ad_4\" class=\"infobae\/politica\/nota\/ad_4 arcad ad-slot-node ad-slot-node--boxed\" data-ad-slot-id=\"infobae\/politica\/nota\/ad_4\"><\/div>\n<\/div>\n<div class=\"visual__image\"><picture><source srcset=\"https:\/\/www.infobae.com\/resizer\/v2\/5DBG3MBOY5DIFLPOZWZ7GCAADA.jpg?auth=0bb89be3aed1608a9824d242b7cc67f44eea259bd3fe23559b07d3279d2315af&amp;smart=true&amp;width=992&amp;height=662&amp;quality=85\" media=\"(min-width: 1000px)\"><\/source><source srcset=\"https:\/\/www.infobae.com\/resizer\/v2\/5DBG3MBOY5DIFLPOZWZ7GCAADA.jpg?auth=0bb89be3aed1608a9824d242b7cc67f44eea259bd3fe23559b07d3279d2315af&amp;smart=true&amp;width=768&amp;height=512&amp;quality=85\" media=\"(min-width: 768px)\"><\/source><source srcset=\"https:\/\/www.infobae.com\/resizer\/v2\/5DBG3MBOY5DIFLPOZWZ7GCAADA.jpg?auth=0bb89be3aed1608a9824d242b7cc67f44eea259bd3fe23559b07d3279d2315af&amp;smart=true&amp;width=577&amp;height=385&amp;quality=85\" media=\"(min-width: 580px)\"><\/source><source srcset=\"https:\/\/www.infobae.com\/resizer\/v2\/5DBG3MBOY5DIFLPOZWZ7GCAADA.jpg?auth=0bb89be3aed1608a9824d242b7cc67f44eea259bd3fe23559b07d3279d2315af&amp;smart=true&amp;width=420&amp;height=280&amp;quality=85\" media=\"(min-width: 350px)\"><\/source><source srcset=\"https:\/\/www.infobae.com\/resizer\/v2\/5DBG3MBOY5DIFLPOZWZ7GCAADA.jpg?auth=0bb89be3aed1608a9824d242b7cc67f44eea259bd3fe23559b07d3279d2315af&amp;smart=true&amp;width=350&amp;height=233&amp;quality=85\" media=\"(min-width: 80px)\"><\/source><img alt=\"La comitiva busc\u00f3 diferenciar al Congreso argentino de la postura de Milei y mostrar una posici\u00f3n parlamentaria distinta ante Brasil (AP Foto\/Natacha Pisarenko, Archivo)\" class=\"global-image\" decoding=\"async\" fetchpriority=\"low\" height=\"2320\" loading=\"lazy\" src=\"https:\/\/www.infobae.com\/resizer\/v2\/5DBG3MBOY5DIFLPOZWZ7GCAADA.jpg?auth=0bb89be3aed1608a9824d242b7cc67f44eea259bd3fe23559b07d3279d2315af&amp;smart=true&amp;width=350&amp;height=233&amp;quality=85\" width=\"3479\"><\/picture><\/div>\n<p class=\"paragraph\" data-paragraph-number=\"13\">Consultado por el periodista Nacho Gir\u00f3n sobre si la relaci\u00f3n pol\u00edtica segu\u00eda congelada, Massot respondi\u00f3: \u201c<b>Sigue as\u00ed, sigue totalmente as\u00ed<\/b>\u201d. <\/p>\n<p class=\"paragraph\" data-paragraph-number=\"14\">La agenda de la delegaci\u00f3n incluye reuniones en la Canciller\u00eda brasile\u00f1a, un encuentro con el ministro del Interior y contactos con senadores y diputados de la Comisi\u00f3n de Relaciones Exteriores. <b>\u201cNos van a recibir un grupo nutrido de senadores y diputados<\/b>\u201d, anticip\u00f3 Massot sobre los encuentros previstos con representantes de distintos sectores pol\u00edticos.<\/p>\n<div class=\"ad_5 ad-wrapper dfpAd ad-1-al-6 ad-text ad-component-container\" style=\"--ad-shell-height:250px;--ad-shell-width:300px\" data-ad-wrapper=\"arcad\" data-ad-type=\"ad_5\" data-ad-slot=\"infobae\/politica\/nota\/ad_5\" data-ad-container=\"dfp\" data-ad-slot-name=\"infobae\/politica\/nota\/ad_5\">\n<p class=\"ad-shell-label\">PUBLICIDAD<\/p>\n<div id=\"infobae\/politica\/nota\/ad_5\" class=\"infobae\/politica\/nota\/ad_5 arcad ad-slot-node ad-slot-node--boxed\" data-ad-slot-id=\"infobae\/politica\/nota\/ad_5\"><\/div>\n<\/div>\n<p class=\"paragraph\" data-paragraph-number=\"15\">El programa sum\u00f3 adem\u00e1s una reuni\u00f3n con <b>Celso Amorim<\/b>, asesor de Lula da Silva en relaciones exteriores y excanciller durante los primeros mandatos del presidente brasile\u00f1o. Massot explic\u00f3 que, adem\u00e1s de intentar encauzar la controversia actual, la misi\u00f3n busca institucionalizar una diplomacia parlamentaria continua entre los dos pa\u00edses.<\/p>\n<p class=\"paragraph\" data-paragraph-number=\"16\">\u201c<b>Estamos intentando encontrar canales en donde la diplomacia parlamentaria pueda establecerse de manera continua<\/b>\u201d, sostuvo. En el peor escenario, a\u00f1adi\u00f3, ese mecanismo servir\u00eda si la conducta del Gobierno argentino no cambia.<\/p>\n<div class=\"ad_6 ad-wrapper dfpAd ad-1-al-6 ad-text ad-component-container\" style=\"--ad-shell-height:250px;--ad-shell-width:300px\" data-ad-wrapper=\"arcad\" data-ad-type=\"ad_6\" data-ad-slot=\"infobae\/politica\/nota\/ad_6\" data-ad-container=\"dfp\" data-ad-slot-name=\"infobae\/politica\/nota\/ad_6\">\n<p class=\"ad-shell-label\">PUBLICIDAD<\/p>\n<div id=\"infobae\/politica\/nota\/ad_6\" class=\"infobae\/politica\/nota\/ad_6 arcad ad-slot-node ad-slot-node--boxed\" data-ad-slot-id=\"infobae\/politica\/nota\/ad_6\"><\/div>\n<\/div>\n<div class=\"visual__image\"><picture><source srcset=\"https:\/\/www.infobae.com\/resizer\/v2\/EKJJO5KLLBC53OPHLAAO6WREU4.webp?auth=933db8f0072641b5487cf133b4fd85473b05d053d627e51f586d84947aae31c8&amp;smart=true&amp;width=992&amp;height=661&amp;quality=85\" media=\"(min-width: 1000px)\"><\/source><source srcset=\"https:\/\/www.infobae.com\/resizer\/v2\/EKJJO5KLLBC53OPHLAAO6WREU4.webp?auth=933db8f0072641b5487cf133b4fd85473b05d053d627e51f586d84947aae31c8&amp;smart=true&amp;width=768&amp;height=512&amp;quality=85\" media=\"(min-width: 768px)\"><\/source><source srcset=\"https:\/\/www.infobae.com\/resizer\/v2\/EKJJO5KLLBC53OPHLAAO6WREU4.webp?auth=933db8f0072641b5487cf133b4fd85473b05d053d627e51f586d84947aae31c8&amp;smart=true&amp;width=577&amp;height=385&amp;quality=85\" media=\"(min-width: 580px)\"><\/source><source srcset=\"https:\/\/www.infobae.com\/resizer\/v2\/EKJJO5KLLBC53OPHLAAO6WREU4.webp?auth=933db8f0072641b5487cf133b4fd85473b05d053d627e51f586d84947aae31c8&amp;smart=true&amp;width=420&amp;height=280&amp;quality=85\" media=\"(min-width: 350px)\"><\/source><source srcset=\"https:\/\/www.infobae.com\/resizer\/v2\/EKJJO5KLLBC53OPHLAAO6WREU4.webp?auth=933db8f0072641b5487cf133b4fd85473b05d053d627e51f586d84947aae31c8&amp;smart=true&amp;width=350&amp;height=233&amp;quality=85\" media=\"(min-width: 80px)\"><\/source><img alt=\"Brasil expres\u00f3 voluntad de restablecer el di\u00e1logo con la Argentina, pero espera un tiempo sin nuevas controversias y una se\u00f1al de distensi\u00f3n (@nico.massot)\" class=\"global-image\" decoding=\"async\" fetchpriority=\"low\" height=\"500\" loading=\"lazy\" src=\"https:\/\/www.infobae.com\/resizer\/v2\/EKJJO5KLLBC53OPHLAAO6WREU4.webp?auth=933db8f0072641b5487cf133b4fd85473b05d053d627e51f586d84947aae31c8&amp;smart=true&amp;width=350&amp;height=233&amp;quality=85\" width=\"750\"><\/picture><\/div>\n<h2 class=\"text-align-left vertical-align-top line-height-100 header headline-class-h2 headline\" id=\"la-propuesta-apunta-a-que-las-relaciones-bilaterales-no-desaparezcan\">La propuesta apunta a que las relaciones bilaterales no desaparezcan<\/h2>\n<p class=\"paragraph\" data-paragraph-number=\"17\">Al mismo tiempo, Massot explic\u00f3 que la v\u00eda parlamentaria podr\u00eda convertirse en un respaldo para normalizar la relaci\u00f3n entre ambos pa\u00edses o, si eso no ocurre, en un canal alternativo para sostener el v\u00ednculo. \u201c<b>Tener establecido un mecanismo alternativo para que las relaciones bilaterales no desaparezcan<\/b>\u201d, defini\u00f3 sobre el objetivo de esa estrategia.<\/p>\n<p class=\"paragraph\" data-paragraph-number=\"18\">Aclar\u00f3 que espera que esa herramienta no resulte necesaria, pero admiti\u00f3 su inquietud ante la falta de se\u00f1ales oficiales. Cuando fue consultado sobre si Milei busca recomponer la relaci\u00f3n con Brasil, respondi\u00f3: <b>\u201cNo lo s\u00e9, la verdad\u201d.<\/b><\/p>\n<p class=\"paragraph\" data-paragraph-number=\"19\">El diputado agreg\u00f3 que esa falta de reflexi\u00f3n posterior le parece \u201cmucho m\u00e1s preocupante\u201d, sobre todo porque, seg\u00fan dijo, dentro del Gobierno conocen el peso geopol\u00edtico y comercial de <b>Brasil<\/b> para la Argentina. Tambi\u00e9n vincul\u00f3 esa discusi\u00f3n con el reclamo argentino por las <b>Islas Malvinas<\/b> y cuestion\u00f3 el trato hacia pa\u00edses que hist\u00f3ricamente respaldaron esa posici\u00f3n.<\/p>\n<p class=\"paragraph\" data-paragraph-number=\"20\">\u2013<\/p>\n<p class=\"paragraph\" data-paragraph-number=\"21\"><b>Infobae <\/b>te acompa\u00f1a cada d\u00eda en YouTube con entrevistas, an\u00e1lisis y la informaci\u00f3n m\u00e1s destacada, en un formato cercano y din\u00e1mico.<\/p>\n<p class=\"paragraph\" data-paragraph-number=\"22\">\u2022 De 7 a 9: <b>Infobae al Amanecer<\/b>: Nacho Giron, Luciana Rubinska y Bel\u00e9n Escobar.<\/p>\n<p class=\"paragraph\" data-paragraph-number=\"23\">\u2022 De 9 a 12: <b>Infobae a las Nueve<\/b>: Gonzalo S\u00e1nchez, Tatiana Schapiro, Ram\u00f3n Indart y Cecilia Boufflet.<\/p>\n<p class=\"paragraph\" data-paragraph-number=\"24\">\u2022 De 12 a 15: <b>Infobae al Mediodia<\/b>: Maru Duffard, Andrei Serbin Pont, Fede Mayol y Facundo Kablan.<\/p>\n<p class=\"paragraph\" data-paragraph-number=\"25\">\u2022 De 15 a 18: <b>Infobae a la Tarde<\/b>: Manu Jove, Maia Jastreblansky y Paula Guardia Bourdin; rotan en la semana Marcos Shaw, Lara L\u00f3pez Calvo y Tom\u00e1s Trap\u00e9.<\/p>\n<p class=\"paragraph\" data-paragraph-number=\"26\">\u2022 De 18 a 21: <b>Infobae al Regreso<\/b>: Gonzalo Aziz, Diego Iglesias, Malena de los R\u00edos y Mat\u00edas Barber\u00eda; rotan en la semana Gustavo Lazzari, Mart\u00edn Tetaz y Mica Mendelevich<\/p>\n<p class=\"paragraph\" data-paragraph-number=\"27\">Seguinos en nuestro canal de<a rel=\"noopener\" href=\"https:\/\/www.youtube.com\/@Infobae\" target=\"_blank\"> <i><b>YouTube <\/b><\/i><i>@infobae<\/i><\/a>.<\/p>\n","protected":false},"excerpt":{"rendered":"<p>Diputados opositores viajaron a Brasilia para recomponer la relaci\u00f3n con Lula da Silva y reabrir el di\u00e1logo pol\u00edtico entre la Argentina y Brasil 02 Sep, 2026 06:58 a. m. EST Guardar Una delegaci\u00f3n de legisladores argentinos viaj\u00f3 a Brasilia para reunirse con funcionarios y parlamentarios de Brasil con el objetivo de reabrir el di\u00e1logo pol\u00edtico [&hellip;]<\/p>\n","protected":false},"author":1,"featured_media":24653,"comment_status":"open","ping_status":"open","sticky":false,"template":"","format":"standard","meta":{"footnotes":""},"categories":[1],"tags":[],"class_list":["post-24652","post","type-post","status-publish","format-standard","has-post-thumbnail","hentry","category-uncategorized"],"_links":{"self":[{"href":"https:\/\/cliente1.publisher.highstack.com.ar\/index.php?rest_route=\/wp\/v2\/posts\/24652","targetHints":{"allow":["GET"]}}],"collection":[{"href":"https:\/\/cliente1.publisher.highstack.com.ar\/index.php?rest_route=\/wp\/v2\/posts"}],"about":[{"href":"https:\/\/cliente1.publisher.highstack.com.ar\/index.php?rest_route=\/wp\/v2\/types\/post"}],"author":[{"embeddable":true,"href":"https:\/\/cliente1.publisher.highstack.com.ar\/index.php?rest_route=\/wp\/v2\/users\/1"}],"replies":[{"embeddable":true,"href":"https:\/\/cliente1.publisher.highstack.com.ar\/index.php?rest_route=%2Fwp%2Fv2%2Fcomments&post=24652"}],"version-history":[{"count":0,"href":"https:\/\/cliente1.publisher.highstack.com.ar\/index.php?rest_route=\/wp\/v2\/posts\/24652\/revisions"}],"wp:featuredmedia":[{"embeddable":true,"href":"https:\/\/cliente1.publisher.highstack.com.ar\/index.php?rest_route=\/wp\/v2\/media\/24653"}],"wp:attachment":[{"href":"https:\/\/cliente1.publisher.highstack.com.ar\/index.php?rest_route=%2Fwp%2Fv2%2Fmedia&parent=24652"}],"wp:term":[{"taxonomy":"category","embeddable":true,"href":"https:\/\/cliente1.publisher.highstack.com.ar\/index.php?rest_route=%2Fwp%2Fv2%2Fcategories&post=24652"},{"taxonomy":"post_tag","embeddable":true,"href":"https:\/\/cliente1.publisher.highstack.com.ar\/index.php?rest_route=%2Fwp%2Fv2%2Ftags&post=24652"}],"curies":[{"name":"wp","href":"https:\/\/api.w.org\/{rel}","templated":true}]}}