{"id":24650,"date":"2026-09-02T08:14:42","date_gmt":"2026-09-02T11:14:42","guid":{"rendered":"https:\/\/cliente1.publisher.highstack.com.ar\/?p=24650"},"modified":"2026-09-02T08:14:42","modified_gmt":"2026-09-02T11:14:42","slug":"la-justicia-federal-aplicara-el-nuevo-codigo-procesal-penal-a-partir-del-30-de-noviembre-en-entre-rios","status":"publish","type":"post","link":"https:\/\/cliente1.publisher.highstack.com.ar\/?p=24650","title":{"rendered":"La Justicia Federal aplicar\u00e1 el nuevo C\u00f3digo Procesal Penal a partir del 30 de noviembre en Entre R\u00edos"},"content":{"rendered":"<p><\/p>\n<div class=\"body-noticia clearfix text-formatted field field--name-body field--type-text-with-summary field--label-hidden field__item\">\n<p>El Ministerio de Justicia de la Naci\u00f3n oficializ\u00f3 la implementaci\u00f3n del C\u00f3digo Procesal Penal Federal (T.O. 2019) en todo el territorio provincial. La medida impactar\u00e1 directamente en las sedes judiciales de Paran\u00e1, Concordia, Concepci\u00f3n del Uruguay, Gualeguaych\u00fa y Victoria, buscando dotar de mayor agilidad, oralidad y transparencia a las causas por delitos de competencia federal.<\/p>\n<p>A trav\u00e9s de la Resoluci\u00f3n 417\/2026 del Ministerio de Justicia, publicada este mi\u00e9rcoles 2 de septiembre en el Bolet\u00edn Oficial de la Rep\u00fablica Argentina, el Gobierno nacional fij\u00f3 la fecha para la puesta en marcha del sistema acusatorio en la provincia.<\/p>\n<p>La norma estipula en su Art\u00edculo 1\u00b0:<\/p>\n<p>\u201cEstablecer la entrada en vigencia del C\u00d3DIGO PROCESAL PENAL FEDERAL (T.O. 2019) en la jurisdicci\u00f3n correspondiente a la C\u00c1MARA FEDERAL DE APELACIONES DE PARAN\u00c1, a partir de las 00:00 horas del 30 de noviembre de 2026\u201d.<\/p>\n<p>Con esta resoluci\u00f3n, el Distrito Federal de Paran\u00e1 \u2014que abarca administrativamente a toda la provincia de Entre R\u00edos\u2014 se suma al proceso de reforma procesal penal que ya rige en otras diez jurisdicciones del pa\u00eds.<\/p>\n<p>En los fundamentos de la medida, la cartera de Justicia destac\u00f3 que la elecci\u00f3n de Entre R\u00edos responde a su &#8220;relevancia estrat\u00e9gica&#8221; dentro del mapa judicial y de seguridad del pa\u00eds.<\/p>\n<p>En particular, la resoluci\u00f3n remarca que la provincia constituye \u201cun espacio fronterizo con la REP\u00daBLICA ORIENTAL DEL URUGUAY\u201d, sobre el cual se emplazan \u201cTRES (3) pasos fronterizos terrestres y OCHO (8) pasos fluviales\u201d. Esta infraestructura genera una importante din\u00e1mica transfronteriza y comercial, exigiendo mayor eficacia en la &#8220;prevenci\u00f3n, investigaci\u00f3n y persecuci\u00f3n de delitos de car\u00e1cter federal, interjurisdiccional y transfronterizo&#8221;.<\/p>\n<p>Asimismo, el texto oficial pondera el rol neur\u00e1lgico de las arterias viales que cruzan el territorio entrerriano, haciendo especial hincapi\u00e9 en la Ruta Nacional N\u00b0 14:<\/p>\n<p>\u201cLa jurisdicci\u00f3n es atravesada en toda su extensi\u00f3n por la Ruta Nacional N\u00b0 14, corredor vial de relevancia estrat\u00e9gica que articula la circulaci\u00f3n entre la provincia de Entre R\u00edos y las dem\u00e1s provincias del litoral argentino y constituye una v\u00eda de conexi\u00f3n hacia la denominada Triple Frontera\u201d.<\/p>\n<p>Adem\u00e1s, se destacan los trazados de las rutas nacionales N\u00b0 12, N\u00b0 18, N\u00b0 127 y N\u00b0 174 (enlace con Rosario) como v\u00edas clave para la circulaci\u00f3n de personas y cargas, fundamentales para el abordaje del narcotr\u00e1fico, el contrabando y la trata de personas, entre otros delitos federales.<\/p>\n<p>El nuevo esquema implica el paso definitivo hacia un modelo acusatorio, oral y adversarial, donde los fiscales de la Procuraci\u00f3n General de la Naci\u00f3n asumen la conducci\u00f3n de la investigaci\u00f3n penal, mientras que los jueces act\u00faan como garantes del proceso.<\/p>\n<p>Para garantizar la transici\u00f3n operativa en los juzgados y fiscal\u00edas de Concordia, Concepci\u00f3n del Uruguay, Gualeguaych\u00fa, Victoria y Paran\u00e1, la resoluci\u00f3n prev\u00e9 un plan intensivo de adaptaci\u00f3n:<\/p>\n<p>\u201cLa implementaci\u00f3n del nuevo modelo procesal requiere fortalecer las capacidades de los distintos actores que intervienen en el sistema de justicia penal federal mediante acciones de capacitaci\u00f3n, que incluya simulacros de audiencias y talleres de estandarizaci\u00f3n operativa dirigidos a magistrados, funcionarios y equipos t\u00e9cnicos\u201d.<\/p>\n<p>El proceso involucrar\u00e1 la articulaci\u00f3n t\u00e9cnica y log\u00edstica entre la Corte Suprema de Justicia de la Naci\u00f3n, el Consejo de la Magistratura, la Procuraci\u00f3n General, la Defensor\u00eda General y el Ministerio de Seguridad de la Naci\u00f3n, a fin de adecuar los recursos humanos, inform\u00e1ticos y la infraestructura edilicia antes del l\u00edmite fijado para fines de noviembre.<\/p>\n<p><strong>Otras jurisdicciones<\/strong><\/p>\n<p>A la noticia la dio a conocer <em>El Entre R\u00edos. <\/em>El sistema acusatorio no se ha implementado a\u00fan en ocho distritos que comprenden las Provincias de C\u00f3rdoba, La Rioja, Tucum\u00e1n, Catamarca, Santiago del Estero y Entre R\u00edos, as\u00ed como en sectores de la provincia de Buenos Aires, a trav\u00e9s de las jurisdicciones de La Plata y San Mart\u00edn, y la Ciudad Aut\u00f3noma de Buenos Aires.<\/p>\n<p>\u201cEl Ministerio de Justicia ha previsto la implementaci\u00f3n del C\u00f3digo Procesal Penal Federal (T.O. 2019) durante el a\u00f1o 2026 en la jurisdicci\u00f3n de La Plata, con entrada en vigencia prevista para el d\u00eda 21 de septiembre; y para el a\u00f1o 2027, en el fuero penal federal y penal econ\u00f3mico de la Ciudad Aut\u00f3noma de Buenos Aires y en la jurisdicci\u00f3n de C\u00f3rdoba, con entrada en vigencia prevista para los d\u00edas 15 de febrero y 8 de marzo, respectivamente\u201d, precisa la normativa.<\/p>\n<\/p>\n<div data-entity-type=\"file\" data-entity-uuid=\"fd0478b9-8c81-4095-bee2-77a9dd1248e2\" data-embed-button=\"archivo\" data-entity-embed-display=\"file:FieldPdfReaderFields\" data-entity-embed-display-settings='{\"pdf_width\":\"600\",\"pdf_height\":\"780\",\"renderer\":\"google\",\"embed_view_fit\":\"Fit\",\"embed_hide_toolbar\":0,\"download\":0,\"link_placement\":\"top\",\"description\":\"\"}' data-langcode=\"es\" class=\"embedded-entity\">\n<div class=\"pdf-reader\">\n<div class=\"pdf-reader-google\">\n        <iframe loading=\"lazy\" id=\"pdf_reader\" src=\"https:\/\/docs.google.com\/viewer?embedded=true&amp;url=https%3A%2F%2Fwww.analisisdigital.com.ar%2Fsites%2Fdefault%2Ffiles%2Fimagenes%2FnoticiasDigitales%2Fboletin-oficial.pdf\" width=\"600\" height=\"780\" scrolling=\"no\" style=\"border: none;\"><br \/>\n        <\/iframe>\n    <\/div>\n<\/p><\/div>\n<\/div>\n<p>La publicaci\u00f3n original puede consultarse <a href=\"https:\/\/www.boletinoficial.gob.ar\/detalleAviso\/primera\/346787\/20260902\">AQU\u00cd<\/a>.\u00a0<\/p>\n<\/div>\n","protected":false},"excerpt":{"rendered":"<p>El Ministerio de Justicia de la Naci\u00f3n oficializ\u00f3 la implementaci\u00f3n del C\u00f3digo Procesal Penal Federal (T.O. 2019) en todo el territorio provincial. La medida impactar\u00e1 directamente en las sedes judiciales de Paran\u00e1, Concordia, Concepci\u00f3n del Uruguay, Gualeguaych\u00fa y Victoria, buscando dotar de mayor agilidad, oralidad y transparencia a las causas por delitos de competencia federal. [&hellip;]<\/p>\n","protected":false},"author":1,"featured_media":24651,"comment_status":"open","ping_status":"open","sticky":false,"template":"","format":"standard","meta":{"footnotes":""},"categories":[1],"tags":[],"class_list":["post-24650","post","type-post","status-publish","format-standard","has-post-thumbnail","hentry","category-uncategorized"],"_links":{"self":[{"href":"https:\/\/cliente1.publisher.highstack.com.ar\/index.php?rest_route=\/wp\/v2\/posts\/24650","targetHints":{"allow":["GET"]}}],"collection":[{"href":"https:\/\/cliente1.publisher.highstack.com.ar\/index.php?rest_route=\/wp\/v2\/posts"}],"about":[{"href":"https:\/\/cliente1.publisher.highstack.com.ar\/index.php?rest_route=\/wp\/v2\/types\/post"}],"author":[{"embeddable":true,"href":"https:\/\/cliente1.publisher.highstack.com.ar\/index.php?rest_route=\/wp\/v2\/users\/1"}],"replies":[{"embeddable":true,"href":"https:\/\/cliente1.publisher.highstack.com.ar\/index.php?rest_route=%2Fwp%2Fv2%2Fcomments&post=24650"}],"version-history":[{"count":0,"href":"https:\/\/cliente1.publisher.highstack.com.ar\/index.php?rest_route=\/wp\/v2\/posts\/24650\/revisions"}],"wp:featuredmedia":[{"embeddable":true,"href":"https:\/\/cliente1.publisher.highstack.com.ar\/index.php?rest_route=\/wp\/v2\/media\/24651"}],"wp:attachment":[{"href":"https:\/\/cliente1.publisher.highstack.com.ar\/index.php?rest_route=%2Fwp%2Fv2%2Fmedia&parent=24650"}],"wp:term":[{"taxonomy":"category","embeddable":true,"href":"https:\/\/cliente1.publisher.highstack.com.ar\/index.php?rest_route=%2Fwp%2Fv2%2Fcategories&post=24650"},{"taxonomy":"post_tag","embeddable":true,"href":"https:\/\/cliente1.publisher.highstack.com.ar\/index.php?rest_route=%2Fwp%2Fv2%2Ftags&post=24650"}],"curies":[{"name":"wp","href":"https:\/\/api.w.org\/{rel}","templated":true}]}}