{"id":24648,"date":"2026-09-02T07:37:32","date_gmt":"2026-09-02T10:37:32","guid":{"rendered":"https:\/\/cliente1.publisher.highstack.com.ar\/?p=24648"},"modified":"2026-09-02T07:37:32","modified_gmt":"2026-09-02T10:37:32","slug":"retenciones-en-una-multinacional-sostienen-que-la-presion-impositiva-y-la-inestabilidad-golpearon-al-agro-en-un-punto-crucial","status":"publish","type":"post","link":"https:\/\/cliente1.publisher.highstack.com.ar\/?p=24648","title":{"rendered":"Retenciones: en una multinacional sostienen que la presi\u00f3n impositiva y la inestabilidad golpearon al agro en un punto crucial"},"content":{"rendered":"<div class=\"col-12\">\n<div data-tw=\"true\" style=\"display:contents\">\n<div role=\"none\"><\/div>\n<\/div>\n<p class=\"com-paragraph --capital --s\">La <strong>presi\u00f3n impositiva,<\/strong> con las <strong>retenciones<\/strong> como elemento preponderante desde hace m\u00e1s de 20 a\u00f1os, <strong>ha influido<\/strong> en que los productores hayan estado <strong>m\u00e1s pendientes del costo<\/strong> que en poder avanzar a pleno con la productividad del negocio, seg\u00fan desliz\u00f3 <strong>Juan Farinati, presidente y CEO de Bayer Cono Sur.<\/strong> Tambi\u00e9n la inestabilidad en el pa\u00eds contribuy\u00f3 a ese desenlace. El ejecutivo, por otra parte, se mostr\u00f3 \u201coptimista\u201d de que en la Argentina \u201cse est\u00e1 dando una conversaci\u00f3n m\u00e1s profunda\u201d del tema del respeto a la propiedad intelectual en semillas, aunque consider\u00f3 que falta \u201csalir del debate de unos contra otros\u201d, es decir productores versus compa\u00f1\u00edas semilleras o viceversa, y ver c\u00f3mo se capturan unos US$3000 millones que por a\u00f1o se pierden por no contar el pa\u00eds con toda la tecnolog\u00eda en soja que se podr\u00eda tener si el asunto estuviera resuelto. <\/p>\n<div class=\"ln-banner-container --no-app --caja1_mob\">\n<div id=\"caja1_mob\" class=\"ln-banner\" data-slot-group=\"nota\" data-device=\"mobile\" data-subscription=\"false\" data-ad-unit-path=\"\/133919216\/campo_mobile\/Nota\/caja1_mob\" data-targeting='{\"sitio\":\"lanacion\",\"seccion\":\"nota\"}' data-without-hide=\"true\" data-size=\"[[320,100],[300,250],[1,1],[300,450],[320,450]]\" data-sizemap=\"[]\" data-prebid-enabled=\"true\"><\/div>\n<\/div>\n<p class=\"com-paragraph --s\">Farinati estuvo en Huxley, en el estado de Iowa, en el marco del Bayer Innovation Showcase y all\u00ed dej\u00f3 importantes definiciones. <strong>\u201cEl tema de la presi\u00f3n impositiva ha afectado por diferentes \u00e1ngulos, adem\u00e1s de que obviamente es un costo para el sector. Ha hecho que nos enfoquemos mucho m\u00e1s en el costo que en la productividad y en el costo de lo que producimos\u201d,<\/strong> indic\u00f3. <\/p>\n<div class=\"ln-banner-container --no-app --middle_1_dsk\">\n<div id=\"middle_1_dsk\" class=\"ln-banner\" data-slot-group=\"nota\" data-device=\"desktop\" data-subscription=\"true\" data-ad-unit-path=\"\/133919216\/campo_desktop\/Nota\/middle_1_dsk\" data-targeting='{\"sitio\":\"lanacion\",\"seccion\":\"nota\"}' data-without-hide=\"true\" data-size=\"[[1,1],[640,360],[640,480],[728,90]]\" data-sizemap=\"[]\" data-prebid-enabled=\"true\"><\/div>\n<\/div>\n<p class=\"com-paragraph --s\">Vale recordar que por a\u00f1os muchos productores se han quejado de que las retenciones influyeron en sus decisiones de inversi\u00f3n y hasta en el pago de tecnolog\u00edas que merecen un reconocimiento de la propiedad intelectual. <\/p>\n<p class=\"com-paragraph --s\">Para Farinati, lo que en rigor pas\u00f3 fue que la presi\u00f3n impositiva en la Argentina <strong>\u201clo que ha generado es que piense siempre en el costo por hect\u00e1rea\u201d cuando \u201cel productor no vende hect\u00e1reas, vende toneladas\u201d.<\/strong><\/p>\n<div class=\"ln-banner-container --no-app --caja2_mob\">\n<div id=\"caja2_mob\" class=\"ln-banner\" data-slot-group=\"nota\" data-device=\"mobile\" data-subscription=\"true\" data-ad-unit-path=\"\/133919216\/campo_mobile\/Nota\/caja2_mob\" data-targeting='{\"sitio\":\"lanacion\",\"seccion\":\"nota\"}' data-without-hide=\"true\" data-size=\"[[320,100],[300,250],[300,450],[1,1],[360,270],[320,180]]\" data-sizemap=\"[]\" data-prebid-enabled=\"true\"><\/div>\n<\/div>\n<p class=\"com-paragraph --s\">\u200b\u201cLa combinaci\u00f3n de costo por tonelada es: uno, cu\u00e1nto invierto; dos, cu\u00e1nto me rinde lo que invierto. Es una combinaci\u00f3n de costo y productividad. <strong>En los \u00faltimos a\u00f1os, si quer\u00e9s por el tema de la presi\u00f3n impositiva, por el productor estar a la defensiva, se ven\u00eda de un mundo de mucho costo por hect\u00e1rea\u201d,<\/strong> agreg\u00f3. <\/p>\n<div class=\"ln-banner-container --no-app --middle_2_dsk\">\n<div id=\"middle_2_dsk\" class=\"ln-banner\" data-slot-group=\"nota\" data-device=\"desktop\" data-subscription=\"true\" data-ad-unit-path=\"\/133919216\/campo_desktop\/Nota\/middle_2_dsk\" data-targeting='{\"sitio\":\"lanacion\",\"seccion\":\"nota\"}' data-without-hide=\"true\" data-size=\"[[1,1],[728,90]]\" data-sizemap=\"[]\" data-prebid-enabled=\"true\"><\/div>\n<\/div>\n<div class=\"content-media\">\n<section role=\"button\" class=\"mod-media   \">\n<figure role=\"button\" tabindex=\"0\" class=\"mod-figure \">\n<div class=\"placeholder \">\n<div class=\"com-image\"><picture><source media=\"(min-width: 768px)\" srcset=\"https:\/\/www.lanacion.com.ar\/resizer\/v2\/farinati-estuvo-en-huxley-en-el-estado-de-iowa-en-HUAHJLJ4AJBJ7CO4AQHVZX5MMQ.jpeg?auth=fc6bb9845e9950da6ea824375024dd4ead41af2ce26a2c4c55227db1b49de569&amp;width=780&amp;height=585&amp;quality=70&amp;smart=true\"><\/source><img class=\"image com-image flex --cover\" decoding=\"async\" fetchpriority=\"low\" loading=\"lazy\" src=\"https:\/\/www.lanacion.com.ar\/resizer\/v2\/farinati-estuvo-en-huxley-en-el-estado-de-iowa-en-HUAHJLJ4AJBJ7CO4AQHVZX5MMQ.jpeg?auth=fc6bb9845e9950da6ea824375024dd4ead41af2ce26a2c4c55227db1b49de569&amp;width=420&amp;height=315&amp;quality=70&amp;smart=true\" width=\"567\" alt=\"Farinati estuvo en Huxley, en el estado de Iowa, en el marco del Bayer Innovation Showcase\" height=\"425\"><\/picture><\/div>\n<\/div><figcaption class=\"mod-figcaption\"><span class=\"com-text --caption --twoxs\">Farinati estuvo en Huxley, en el estado de Iowa, en el marco del Bayer Innovation Showcase<\/span><\/figcaption><\/figure>\n<\/section>\n<\/div>\n<div class=\"ln-banner-container --no-app --caja3_mob\">\n<div id=\"caja3_mob\" class=\"ln-banner\" data-slot-group=\"nota\" data-device=\"mobile\" data-subscription=\"false\" data-ad-unit-path=\"\/133919216\/campo_mobile\/Nota\/caja3_mob\" data-targeting='{\"sitio\":\"lanacion\",\"seccion\":\"nota\"}' data-without-hide=\"true\" data-size=\"[[320,100],[300,250],[1,1],[300,450],[360,270]]\" data-sizemap=\"[]\" data-prebid-enabled=\"true\"><\/div>\n<\/div>\n<div class=\"ln-banner-container --no-app --middle_2_tab\">\n<div id=\"middle_2_tab\" class=\"ln-banner\" data-slot-group=\"nota\" data-device=\"tablet\" data-subscription=\"false\" data-ad-unit-path=\"\/133919216\/campo_tablet\/Nota\/middle_2_tab\" data-targeting='{\"sitio\":\"lanacion\",\"seccion\":\"nota\"}' data-without-hide=\"true\" data-size=\"[[728,90],[640,480],[468,60],[1,1]]\" data-sizemap=\"[]\" data-prebid-enabled=\"true\"><\/div>\n<\/div>\n<p class=\"com-paragraph --s\">Seg\u00fan el n\u00famero uno de la firma en el pa\u00eds, incluso por la inestabilidad en la Argentina se ven\u00eda de un mundo donde la discusi\u00f3n era \u201cc\u00f3mo compr\u00e1bamos, c\u00f3mo pag\u00e1bamos, c\u00f3mo nos financi\u00e1bamos\u201d. En este contexto, luego precis\u00f3: \u201cAhora estamos mirando a una l\u00f3gica donde la productividad es una conversaci\u00f3n importante y creo que lo que estar\u00eda buen\u00edsimo es que el productor diga: \u2018\u00bfQu\u00e9 es lo que me permite a m\u00ed bajar mi costo por tonelada lo m\u00e1ximo posible? \u00bfFertilizar m\u00e1s? \u00bfAplicar fungicidas? \u00bfUtilizar determinados materiales?. Para m\u00ed esa es un poco la conversaci\u00f3n\u201d. Para Farinati, el agro en el pa\u00eds \u201ces de por s\u00ed productivo\u201d. <\/p>\n<p class=\"com-paragraph --s\">El ejecutivo puso un ejemplo para ilustrar c\u00f3mo se condicion\u00f3 la discusi\u00f3n por la productividad. \u201cSi yo tengo retenciones, tengo que ser m\u00e1s productivo que mi vecino, no tengo que ser menos productivo. Si soy menos productivo y tengo retenciones, seguramente me va a ir mucho peor que teniendo retenciones y siendo productivo\u201d.<\/p>\n<p class=\"com-paragraph --s\">Consultado sobre si las retenciones han afectado la discusi\u00f3n por el reconocimiento a la propiedad intelectual, Farinati remarc\u00f3: <strong>\u201cEl tema de la presi\u00f3n impositiva al sector ha incidido en un mont\u00f3n de aspectos. Creo que ha sido como muy central y, en muchos casos, medio como que, no digo que est\u00e9 ni bien ni mal, se termina combinando todo, mezclando todo. Pero vuelvo al ejemplo: si yo tengo retenciones, tengo que tener mejor tecnolog\u00eda, no menor tecnolog\u00eda.<\/strong> Esa es la realidad si lo ves racionalmente\u201d.<\/p>\n<div class=\"ln-banner-container --no-app --caja4_mob\">\n<div id=\"caja4_mob\" class=\"ln-banner\" data-slot-group=\"nota\" data-device=\"mobile\" data-subscription=\"false\" data-ad-unit-path=\"\/133919216\/campo_mobile\/Nota\/caja4_mob\" data-targeting='{\"sitio\":\"lanacion\",\"seccion\":\"nota\"}' data-without-hide=\"true\" data-size=\"[[320,100],[300,250],[1,1]]\" data-sizemap=\"[]\" data-prebid-enabled=\"true\"><\/div>\n<\/div>\n<div data-tw=\"true\" style=\"display:contents\">\n<h2 class=\"font-primary font-w-bold text-subheading-lg text-left container-center-100 mb-8\"><span>Propiedad intelectual <\/span><\/h2>\n<\/div>\n<p class=\"com-paragraph --s\">En 2021, Bayer dej\u00f3 en la Argentina el negocio de semillas de soja. Lo hizo cuando estaba con el negocio de la soja Intacta, un producto con resistencia a insectos. Desde entonces se ha mantenido expectante por el debate en torno de la propiedad intelectual para ver si se daban las condiciones para volver. Mientras en la Argentina sigue atenta a los acontecimientos, en Brasil la empresa comercializar\u00e1 el pr\u00f3ximo a\u00f1o una nueva generaci\u00f3n de esa soja Intacta, que se llama Intacta 5+. En los hechos se trata de la cuarta generaci\u00f3n del producto. <\/p>\n<p class=\"com-paragraph --s\"><strong>Farinati se\u00f1al\u00f3 una diferencia abismal con Brasil. En 2000-2002, el vecino pa\u00eds ten\u00eda tres programas de investigaci\u00f3n gen\u00e9tica en soja, ahora cuenta con m\u00e1s de 35. \u201cEn la Argentina hemos ido para atr\u00e1s\u201d, acot\u00f3.<\/strong><\/p>\n<div class=\"ln-banner-container --no-app --caja6_mob\">\n<div id=\"caja6_mob\" class=\"ln-banner\" data-slot-group=\"nota\" data-device=\"mobile\" data-subscription=\"false\" data-ad-unit-path=\"\/133919216\/campo_mobile\/Nota\/caja6_mob\" data-targeting='{\"sitio\":\"lanacion\",\"seccion\":\"nota\"}' data-without-hide=\"true\" data-size=\"[[300,250],[230,50],[300,450],[1,1],[320,100]]\" data-sizemap=\"[]\" data-prebid-enabled=\"true\"><\/div>\n<\/div>\n<p class=\"com-paragraph --s\">En este marco, Farinati fue consultado sobre el debate por la propiedad intelectual en semillas. Reconoci\u00f3 que el Gobierno elimin\u00f3 restricciones que exist\u00edan desde 2012 a la patentabilidad en biotecnolog\u00eda y que se avanz\u00f3 con la ratificaci\u00f3n en la C\u00e1mara de Diputados de la adhesi\u00f3n de la Argentina al <strong>Tratado de Cooperaci\u00f3n en materia de Patentes (PCT, por sus siglas en ingl\u00e9s). Esta es una suerte de liga de pa\u00edses donde hay una definici\u00f3n de qu\u00e9 cosas se tienen que presentar para solicitar una patente. <\/strong>El fin de las restricciones a la patentabilidad y el PCT impactan en el agro sobre la biotecnolog\u00eda, no en la gen\u00e9tica. Para esta \u00faltimo deber\u00eda correr el tratado internacional UPOV-91, que est\u00e1 en el centro del debate en el agro. El mismo Gobierno introdujo la discusi\u00f3n por UPOV-91, cuya adhesi\u00f3n se deber\u00eda abordar en el Congreso, algo que considera positivo la industria en general ya que le brinda una mayor protecci\u00f3n al reconocimiento de la propiedad intelectual. Farinati destac\u00f3 la \u201crelevancia de que la Argentina sea parte\u201d. <\/p>\n<p class=\"com-paragraph --s\">\u201cHay un mont\u00f3n de di\u00e1logo, reuniones de productores, donde yo creo se est\u00e1n empezando a acercar posiciones en relaci\u00f3n a esto. \u200b\u00bfQu\u00e9 es lo que yo creo que para m\u00ed estar\u00eda buen\u00edsimo que se establezca? <strong>Una conversaci\u00f3n que sea menos de semilleros contra productores y m\u00e1s de c\u00f3mo hacemos para que la Argentina reduzca el gap de tecnolog\u00eda que tiene y que deje de perder la plata que pierde todos los a\u00f1os por no tener tecnolog\u00eda&#8221;.<\/strong><\/p>\n<div class=\"ln-banner-container --no-app --caja7_mob\">\n<div id=\"caja7_mob\" class=\"ln-banner\" data-slot-group=\"nota\" data-device=\"mobile\" data-subscription=\"true\" data-ad-unit-path=\"\/133919216\/campo_mobile\/Nota\/caja7_mob\" data-targeting='{\"sitio\":\"lanacion\",\"seccion\":\"nota\"}' data-without-hide=\"true\" data-size=\"[[300,250],[320,50],[300,450],[1,1],[320,100]]\" data-sizemap=\"[]\" data-prebid-enabled=\"true\"><\/div>\n<\/div>\n<p class=\"com-paragraph --s\"><strong>Mauricio Rodrigues<\/strong> es presidente de Bayer Crop Science para Am\u00e9rica Latina. Tiene una visi\u00f3n positiva sobre la discusi\u00f3n para saldar la propiedad intelectual en la Argentina. \u201cVeo con muy buenos ojos que se ha inspirado y que sea la intenci\u00f3n de, cada vez m\u00e1s, caminar en una direcci\u00f3n de respeto a la propiedad intelectual en un nivel cada d\u00eda m\u00e1s avanzado, de que se pueda tener un ambiente m\u00e1s previsible desde el punto de vista de regulaci\u00f3n y que permita traer innovaci\u00f3n\u201d, dijo.<\/p>\n<div class=\"content-media\">\n<section role=\"button\" class=\"mod-media   \">\n<figure role=\"button\" tabindex=\"0\" class=\"mod-figure \">\n<div class=\"placeholder \">\n<div class=\"com-image\"><picture><source media=\"(min-width: 768px)\" srcset=\"https:\/\/www.lanacion.com.ar\/resizer\/v2\/mauricio-rodrigues-presidente-para-america-latina-4U4AS5PGJBATBKLSZOPOMJFABU.jpeg?auth=88294dcea35e8873b1a482bc64f73562a58d82be4b0cd98b344ef6d716c908eb&amp;width=780&amp;height=585&amp;quality=70&amp;smart=true\"><\/source><img class=\"image com-image flex --cover\" decoding=\"async\" fetchpriority=\"low\" loading=\"lazy\" src=\"https:\/\/www.lanacion.com.ar\/resizer\/v2\/mauricio-rodrigues-presidente-para-america-latina-4U4AS5PGJBATBKLSZOPOMJFABU.jpeg?auth=88294dcea35e8873b1a482bc64f73562a58d82be4b0cd98b344ef6d716c908eb&amp;width=420&amp;height=315&amp;quality=70&amp;smart=true\" width=\"567\" alt=\"Mauricio Rodrigues, presidente para Am\u00e9rica Latina de Bayer Crop Science\" height=\"425\"><\/picture><\/div>\n<\/div><figcaption class=\"mod-figcaption\"><span class=\"com-text --caption --twoxs\">Mauricio Rodrigues, presidente para Am\u00e9rica Latina de Bayer Crop Science<\/span><\/figcaption><\/figure>\n<\/section>\n<\/div>\n<div class=\"ln-banner-container --no-app --caja8_mob\">\n<div id=\"caja8_mob\" class=\"ln-banner\" data-slot-group=\"nota\" data-device=\"mobile\" data-subscription=\"true\" data-ad-unit-path=\"\/133919216\/campo_mobile\/Nota\/caja8_mob\" data-targeting='{\"sitio\":\"lanacion\",\"seccion\":\"nota\"}' data-without-hide=\"true\" data-size=\"[[300,250],[320,50],[300,450],[1,1],[320,100]]\" data-sizemap=\"[]\" data-prebid-enabled=\"true\"><\/div>\n<\/div>\n<p class=\"com-paragraph --s\">\u201cAl final del d\u00eda estamos en la Argentina [desde hace] m\u00e1s de 100 a\u00f1os, conocemos muy bien el pa\u00eds, estamos muy bien establecidos con sitios de producci\u00f3n, con sitios de investigaci\u00f3n, con un equipo comercial enorme y creemos mucho en la agricultura del pa\u00eds, pero seguramente esto deber\u00eda estar siempre de la mano de tener previsibilidad y tener un ambiente que te permita seguir invirtiendo e innovando. <strong>Entonces veo muy positivamente todo el movimiento que sea en esta direcci\u00f3n y vemos que hay movimientos interesantes recientemente\u201d,<\/strong> agreg\u00f3. <\/p>\n<p class=\"com-paragraph --s\">Seg\u00fan Rodrigues, la empresa eval\u00faa el seguimiento de la discusi\u00f3n, pero no hay un plazo ni una fecha. \u201cLo que hemos evaluado son los avances, los avances que vimos en la discusi\u00f3n por UPOV\u201d, afirm\u00f3. <\/p>\n<div class=\"ln-banner-container --no-app --caja5_mob\">\n<div id=\"caja5_mob\" class=\"ln-banner\" data-slot-group=\"nota\" data-device=\"mobile\" data-subscription=\"false\" data-ad-unit-path=\"\/133919216\/campo_mobile\/Nota\/caja5_mob\" data-targeting='{\"sitio\":\"lanacion\",\"seccion\":\"nota\"}' data-without-hide=\"true\" data-size='[[320,100],[300,250],[1,1],[\" fluid\"]]' data-sizemap=\"[]\" data-prebid-enabled=\"true\"><\/div>\n<\/div>\n<div data-fusion-lazy-id=\"f0fLHi7Wfcy22C4\"><\/div>\n<div class=\"ln-banner-container --no-app --middle_3_dsk\">\n<div id=\"middle_3_dsk\" class=\"ln-banner\" data-slot-group=\"nota\" data-device=\"desktop\" data-subscription=\"true\" data-ad-unit-path=\"\/133919216\/campo_desktop\/Nota\/middle_3_dsk\" data-targeting='{\"sitio\":\"lanacion\",\"seccion\":\"nota\"}' data-without-hide=\"true\" data-size=\"[[1,1],[728,90],[640,360],[728,360]]\" data-sizemap=\"[]\" data-prebid-enabled=\"true\"><\/div>\n<\/div>\n<\/div>\n","protected":false},"excerpt":{"rendered":"<p>La presi\u00f3n impositiva, con las retenciones como elemento preponderante desde hace m\u00e1s de 20 a\u00f1os, ha influido en que los productores hayan estado m\u00e1s pendientes del costo que en poder avanzar a pleno con la productividad del negocio, seg\u00fan desliz\u00f3 Juan Farinati, presidente y CEO de Bayer Cono Sur. Tambi\u00e9n la inestabilidad en el pa\u00eds [&hellip;]<\/p>\n","protected":false},"author":1,"featured_media":24649,"comment_status":"open","ping_status":"open","sticky":false,"template":"","format":"standard","meta":{"footnotes":""},"categories":[1],"tags":[],"class_list":["post-24648","post","type-post","status-publish","format-standard","has-post-thumbnail","hentry","category-uncategorized"],"_links":{"self":[{"href":"https:\/\/cliente1.publisher.highstack.com.ar\/index.php?rest_route=\/wp\/v2\/posts\/24648","targetHints":{"allow":["GET"]}}],"collection":[{"href":"https:\/\/cliente1.publisher.highstack.com.ar\/index.php?rest_route=\/wp\/v2\/posts"}],"about":[{"href":"https:\/\/cliente1.publisher.highstack.com.ar\/index.php?rest_route=\/wp\/v2\/types\/post"}],"author":[{"embeddable":true,"href":"https:\/\/cliente1.publisher.highstack.com.ar\/index.php?rest_route=\/wp\/v2\/users\/1"}],"replies":[{"embeddable":true,"href":"https:\/\/cliente1.publisher.highstack.com.ar\/index.php?rest_route=%2Fwp%2Fv2%2Fcomments&post=24648"}],"version-history":[{"count":0,"href":"https:\/\/cliente1.publisher.highstack.com.ar\/index.php?rest_route=\/wp\/v2\/posts\/24648\/revisions"}],"wp:featuredmedia":[{"embeddable":true,"href":"https:\/\/cliente1.publisher.highstack.com.ar\/index.php?rest_route=\/wp\/v2\/media\/24649"}],"wp:attachment":[{"href":"https:\/\/cliente1.publisher.highstack.com.ar\/index.php?rest_route=%2Fwp%2Fv2%2Fmedia&parent=24648"}],"wp:term":[{"taxonomy":"category","embeddable":true,"href":"https:\/\/cliente1.publisher.highstack.com.ar\/index.php?rest_route=%2Fwp%2Fv2%2Fcategories&post=24648"},{"taxonomy":"post_tag","embeddable":true,"href":"https:\/\/cliente1.publisher.highstack.com.ar\/index.php?rest_route=%2Fwp%2Fv2%2Ftags&post=24648"}],"curies":[{"name":"wp","href":"https:\/\/api.w.org\/{rel}","templated":true}]}}