{"id":24643,"date":"2026-09-02T03:01:34","date_gmt":"2026-09-02T06:01:34","guid":{"rendered":"https:\/\/cliente1.publisher.highstack.com.ar\/?p=24643"},"modified":"2026-09-02T03:01:34","modified_gmt":"2026-09-02T06:01:34","slug":"tras-la-falta-de-acuerdos-el-gobierno-aumento-el-salario-minimo-vital-y-movil-como-se-actuliazara-mes-a-mes","status":"publish","type":"post","link":"https:\/\/cliente1.publisher.highstack.com.ar\/?p=24643","title":{"rendered":"Tras la falta de acuerdos, el Gobierno aument\u00f3 el salario m\u00ednimo, vital y m\u00f3vil: c\u00f3mo se actuliazar\u00e1 mes a mes"},"content":{"rendered":"<div class=\"visual__image image-initial-width\"><picture><source srcset=\"https:\/\/www.infobae.com\/resizer\/v2\/BW2GMJ7FZFCNJCMDBUH5W3JFXY.JPG?auth=3fa5048723a299c203df0f414bff77f020c3e7b3dbce0d7fc5ddcb1491623690&amp;smart=true&amp;width=992&amp;height=661&amp;quality=85\" media=\"(min-width: 1000px)\"><\/source><source srcset=\"https:\/\/www.infobae.com\/resizer\/v2\/BW2GMJ7FZFCNJCMDBUH5W3JFXY.JPG?auth=3fa5048723a299c203df0f414bff77f020c3e7b3dbce0d7fc5ddcb1491623690&amp;smart=true&amp;width=768&amp;height=512&amp;quality=85\" media=\"(min-width: 768px)\"><\/source><source srcset=\"https:\/\/www.infobae.com\/resizer\/v2\/BW2GMJ7FZFCNJCMDBUH5W3JFXY.JPG?auth=3fa5048723a299c203df0f414bff77f020c3e7b3dbce0d7fc5ddcb1491623690&amp;smart=true&amp;width=577&amp;height=385&amp;quality=85\" media=\"(min-width: 580px)\"><\/source><source srcset=\"https:\/\/www.infobae.com\/resizer\/v2\/BW2GMJ7FZFCNJCMDBUH5W3JFXY.JPG?auth=3fa5048723a299c203df0f414bff77f020c3e7b3dbce0d7fc5ddcb1491623690&amp;smart=true&amp;width=420&amp;height=280&amp;quality=85\" media=\"(min-width: 350px)\"><\/source><source srcset=\"https:\/\/www.infobae.com\/resizer\/v2\/BW2GMJ7FZFCNJCMDBUH5W3JFXY.JPG?auth=3fa5048723a299c203df0f414bff77f020c3e7b3dbce0d7fc5ddcb1491623690&amp;smart=true&amp;width=350&amp;height=233&amp;quality=85\" media=\"(min-width: 80px)\"><\/source><img alt=\"El Poder Ejecutivo estableci\u00f3 los nuevos pisos salariales que regir\u00e1n hasta abril del a\u00f1o entrante (REUTERS)\" class=\"global-image\" decoding=\"async\" fetchpriority=\"high\" height=\"3666\" loading=\"eager\" src=\"https:\/\/www.infobae.com\/resizer\/v2\/BW2GMJ7FZFCNJCMDBUH5W3JFXY.JPG?auth=3fa5048723a299c203df0f414bff77f020c3e7b3dbce0d7fc5ddcb1491623690&amp;smart=true&amp;width=350&amp;height=233&amp;quality=85\" width=\"5500\"><\/picture><\/div>\n<div class=\"sharebar-container display_flex sharebar-new\" style=\"opacity:1\">\n<div class=\"share-bar-article-date-container \"><span class=\"sharebar-article-date\">02 Sep, 2026 01:55 a. m. EST<\/span><\/div>\n<div class=\"sharebar-buttons-container display_flex\">\n<div aria-label=\"Guardar\" class=\"sharebar-buttons button-save\" role=\"button\" tabindex=\"0\"><svg width=\"9\" height=\"12\" viewbox=\"0 0 8 10\" fill=\"none\" xmlns=\"http:\/\/www.w3.org\/2000\/svg\" class=\"saved-icon saved\"><path d=\"M6.64286 0.5V9.31687L4.1116 7.16407L4.11106 7.16361C3.79894 6.89891 3.34392 6.89891 3.03179 7.16361L3.03126 7.16407L0.5 9.31687V0.5H6.64286Z\"><\/path><\/svg><span class=\"buttons-save-text\">Guardar<\/span><\/div>\n<div class=\"sharebar-buttons-separator\"><\/div>\n<p><button class=\"sharemenu-buttons display_flex\" aria-label=\"Compartir en Telegram\"><svg width=\"38\" height=\"38\" viewbox=\"0 0 38 38\" fill=\"none\" xmlns=\"http:\/\/www.w3.org\/2000\/svg\"><rect x=\"0.5\" y=\"0.5\" width=\"37\" height=\"37\" rx=\"18.5\" fill=\"white\"><\/rect><rect x=\"0.5\" y=\"0.5\" width=\"37\" height=\"37\" rx=\"18.5\" stroke=\"#C2C2C2\"><\/rect><path d=\"M24.9696 12.5511L10.3405 18.0494C10.0623 18.151 9.92701 18.4484 10.0398 18.7168C10.0999 18.8619 10.2277 18.9779 10.3856 19.0214L14.1068 20.0805L15.4975 24.3312C15.6028 24.6576 15.9636 24.839 16.2944 24.7374C16.3921 24.7084 16.4823 24.6504 16.5575 24.5778L18.482 22.6846L22.2558 25.354C22.6091 25.6006 23.0977 25.5281 23.3533 25.1872C23.421 25.1001 23.4661 24.9986 23.4887 24.897L25.9845 13.3707C26.0672 12.979 25.8116 12.5946 25.4056 12.5148C25.2628 12.4858 25.1124 12.5003 24.9771 12.5511M23.1429 15.1116L16.347 20.9147C16.2793 20.9727 16.2342 21.0525 16.2267 21.1395L15.9636 23.381C15.9636 23.4172 15.926 23.4462 15.8884 23.439C15.8583 23.439 15.8358 23.4172 15.8283 23.3955L14.7533 20.0442C14.7007 19.8919 14.7683 19.7251 14.9111 19.638L22.9399 14.836C23.0226 14.7852 23.1353 14.8142 23.1804 14.894C23.2255 14.9666 23.2105 15.0536 23.1504 15.1116\" fill=\"#555555\"><\/path><\/svg><\/button><button class=\"sharemenu-buttons display_flex\" aria-label=\"Compartir en Linkedin\"><svg width=\"38\" height=\"38\" viewbox=\"0 0 38 38\" fill=\"none\" xmlns=\"http:\/\/www.w3.org\/2000\/svg\"><rect x=\"0.5\" y=\"0.5\" width=\"37\" height=\"37\" rx=\"18.5\" fill=\"white\"><\/rect><rect x=\"0.5\" y=\"0.5\" width=\"37\" height=\"37\" rx=\"18.5\" stroke=\"#C2C2C2\"><\/rect><path d=\"M16.5556 27V16.2231H19.963V17.6949C20.0185 17.6368 20.0648 17.5787 20.1111 17.5206C20.8611 16.349 22.2037 15.739 23.537 15.981C25.3889 16.1359 26.8426 17.7046 26.9259 19.6411C26.9722 20.0478 27 20.4641 27 20.8708C27 22.817 27 24.7633 27 26.7095V26.9806H23.5741V26.6805C23.5741 24.8892 23.5741 23.0882 23.5741 21.2969C23.5741 20.8805 23.5278 20.4545 23.4259 20.0478C23.1945 19.1279 22.2963 18.5663 21.4074 18.8084C21.2037 18.8665 21 18.9633 20.8333 19.0989C20.3333 19.4281 20.0185 19.9897 19.9907 20.6094C19.9722 21.1419 19.9722 21.6842 19.9722 22.2167V26.9903H16.5648L16.5556 27ZM11.2222 27V16.2037H11.7407C12.6204 16.2037 13.5 16.2037 14.3796 16.2037C14.5833 16.2037 14.6482 16.2328 14.6482 16.4748V26.9903H11.2222V27ZM11.0093 12.8825C11.0093 11.8465 11.8055 11.0041 12.787 11.0041C12.8426 11.0041 12.8982 11.0041 12.9537 11.0041C13.9445 10.9363 14.7963 11.7206 14.8611 12.7567C14.8611 12.7954 14.8611 12.8438 14.8611 12.8825C14.8426 13.9283 14.0278 14.761 13.0278 14.7416C12.9907 14.7416 12.9537 14.7416 12.9259 14.7416H12.9074C11.9259 14.8191 11.0741 14.0445 11 13.0181C11 12.9697 11 12.931 11 12.8825H11.0093Z\" fill=\"#555555\"><\/path><\/svg><\/button><button class=\"sharemenu-buttons display_flex\" aria-label=\"Compartir en Twitter\"><svg width=\"38\" height=\"38\" viewbox=\"0 0 38 38\" fill=\"none\" xmlns=\"http:\/\/www.w3.org\/2000\/svg\"><rect x=\"0.5\" y=\"0.5\" width=\"37\" height=\"37\" rx=\"18.5\" fill=\"white\"><\/rect><rect x=\"0.5\" y=\"0.5\" width=\"37\" height=\"37\" rx=\"18.5\" stroke=\"#C2C2C2\"><\/rect><path d=\"M11.0391 11L17.2165 19.8249L11 27H12.399L17.8415 20.7182L22.2389 27H27L20.475 17.6786L26.2613 11H24.8623L19.85 16.7855L15.8001 11H11.0391ZM13.0965 12.101H15.2838L24.9423 25.8987H22.7551L13.0965 12.101Z\" fill=\"#555555\"><\/path><\/svg><\/button><button class=\"sharemenu-buttons display_flex\" aria-label=\"Compartir en Facebook\"><svg width=\"38\" height=\"38\" viewbox=\"0 0 38 38\" fill=\"none\" xmlns=\"http:\/\/www.w3.org\/2000\/svg\"><rect x=\"0.5\" y=\"0.5\" width=\"37\" height=\"37\" rx=\"18.5\" fill=\"white\"><\/rect><rect x=\"0.5\" y=\"0.5\" width=\"37\" height=\"37\" rx=\"18.5\" stroke=\"#C2C2C2\"><\/rect><path d=\"M17.3544 26.9921V18.9235H15V16.3346H17.3544V16.0805C17.3544 15.3816 17.3291 14.6748 17.3882 13.976C17.3882 12.8642 18.0633 11.8556 19.1266 11.3712C19.5232 11.1965 19.9452 11.0853 20.3755 11.0376C21.2532 10.9741 22.1308 10.99 23 11.0932V13.4201H22.7722C22.2743 13.4201 21.7848 13.4201 21.2869 13.436C20.73 13.4042 20.2489 13.8013 20.2152 14.3254C20.2152 14.373 20.2152 14.4128 20.2152 14.4604C20.1983 15.0481 20.2152 15.6357 20.2152 16.2234C20.2152 16.2552 20.2152 16.2949 20.2321 16.3267H22.9409C22.8228 17.2082 22.7046 18.0579 22.5865 18.9315H20.2236V27H17.3629L17.3544 26.9921Z\" fill=\"#555555\"><\/path><\/svg><\/button><button class=\"sharemenu-buttons display_flex\" aria-label=\"Compartir en Whatsapp\"><svg width=\"38\" height=\"38\" viewbox=\"0 0 38 38\" fill=\"none\" xmlns=\"http:\/\/www.w3.org\/2000\/svg\"><rect x=\"0.5\" y=\"0.5\" width=\"37\" height=\"37\" rx=\"18.5\" fill=\"white\"><\/rect><rect x=\"0.5\" y=\"0.5\" width=\"37\" height=\"37\" rx=\"18.5\" stroke=\"#C2C2C2\"><\/rect><path d=\"M21.2863 19.9439C21.0997 19.8551 20.9664 19.9262 20.8419 20.0861C20.6731 20.3261 20.4687 20.5483 20.2909 20.7794C20.1665 20.9393 20.0243 20.9749 19.8376 20.8949C18.6645 20.4239 17.7757 19.6506 17.1269 18.5841C17.0292 18.4242 17.038 18.2997 17.1536 18.1575C17.3225 17.9531 17.4824 17.7576 17.6157 17.5354C17.678 17.4287 17.7135 17.2599 17.678 17.1532C17.4735 16.6111 17.2425 16.0867 17.0114 15.5535C16.9669 15.4557 16.8781 15.3313 16.7892 15.3224C16.4248 15.2602 16.0426 15.1891 15.7316 15.4912C15.1094 16.0778 14.8784 16.7977 15.0383 17.6243C15.1805 18.3619 15.5983 18.9663 16.0426 19.5618C16.887 20.6638 17.8646 21.6237 19.1622 22.1925C19.7932 22.4769 20.4331 22.7613 21.1441 22.7613C21.2685 22.7613 21.393 22.7613 21.5085 22.7346C22.4506 22.5391 23.1172 22.0058 23.0816 21.0193C23.0816 20.9216 23.0194 20.7794 22.9483 20.7438C22.3973 20.4594 21.8462 20.2017 21.2863 19.9439Z\" fill=\"#555555\"><\/path><path d=\"M26.9482 17.8724C26.3972 13.4642 22.1401 10.3447 17.7229 11.1179C12.6481 11.9977 9.71521 17.2859 11.6883 21.9963C12.1948 22.6629 12.0615 23.3472 11.8216 24.0849C11.5105 25.027 11.2794 26.0046 11.0039 27C11.1194 26.9733 11.1994 26.9644 11.2794 26.9378C12.5059 26.6178 13.7324 26.3068 14.9411 25.9868C15.1544 25.9335 15.3144 25.9602 15.5099 26.0579C17.1719 26.8667 18.9227 27.0978 20.718 26.7067C24.833 25.7913 27.4548 22.0496 26.9305 17.8902L26.9482 17.8724ZM20.0515 25.4624C18.4784 25.7113 17.003 25.3913 15.6166 24.6003C15.5099 24.5381 15.3411 24.5115 15.2077 24.547C14.4612 24.7248 13.7146 24.9292 12.9147 25.1336C13.1192 24.3693 13.3058 23.6672 13.5102 22.9473C13.5635 22.7606 13.5369 22.6273 13.4391 22.4673C11.0039 18.5479 13.1014 13.5442 17.6163 12.5043C21.2868 11.6511 25.0285 14.1841 25.5884 17.908C26.1395 21.5519 23.6954 24.8936 20.0515 25.4624Z\" fill=\"#555555\"><\/path><\/svg><\/button><\/div>\n<\/div>\n<p class=\"paragraph\" data-paragraph-number=\"1\">Luego de que <a href=\"https:\/\/www.infobae.com\/economia\/2026\/08\/29\/de-cuanto-es-el-salario-minimo-vital-y-movil-hoy-y-por-que-la-reunion-entre-las-partes-termino-en-escandalo\/\" target=\"_blank\" rel=\"noreferrer\" title=\"https:\/\/www.infobae.com\/economia\/2026\/08\/29\/de-cuanto-es-el-salario-minimo-vital-y-movil-hoy-y-por-que-la-reunion-entre-las-partes-termino-en-escandalo\/\">no se lograra un acuerdo entre sindicatos y empresarios<\/a>, el Gobierno nacional oficializ\u00f3 <b>una nueva actualizaci\u00f3n del <\/b><a href=\"https:\/\/www.infobae.com\/tag\/smvm\/\" target=\"_blank\" rel=\"noreferrer\" title=\"https:\/\/www.infobae.com\/tag\/smvm\/\"><b>Salario M\u00ednimo, Vital y M\u00f3vil (SMVM)<\/b><\/a>. El aumento del piso salarial comenz\u00f3 a regir desde el 1 de septiembre y, adem\u00e1s, ya se establecieron cu\u00e1les ser\u00e1n las subas que experimentar\u00e1 hasta abril de 2027.<\/p>\n<div class=\"marfeel-recommender marfeel-recommender-1\"><\/div>\n<p class=\"paragraph\" data-paragraph-number=\"2\">Por medio de la publicaci\u00f3n de la <b>Resoluci\u00f3n 4\/2026<\/b>, publicada este mi\u00e9rcoles de madrugada en el <b>Bolet\u00edn Oficial<\/b>, el nuevo esquema llevar\u00e1 el piso salarial de <b>$383.800 en septiembre a $437.000 en abril<\/b>. En el caso del<b> valor por hora<\/b> para trabajadores jornalizados, este pasar\u00e1 de <b>$1.919 a $2.185<\/b> durante el mismo per\u00edodo.<\/p>\n<div class=\"inline ad-wrapper dfpAd ad-inline ad-text ad-component-container\" style=\"--ad-shell-height:250px;--ad-shell-width:300px\" data-ad-wrapper=\"arcad\" data-ad-type=\"inline\" data-ad-slot=\"infobae\/economia\/nota\/inline\" data-ad-container=\"dfp\" data-ad-slot-name=\"infobae\/economia\/nota\/inline\">\n<p class=\"ad-shell-label\">PUBLICIDAD<\/p>\n<div id=\"infobae\/economia\/nota\/inline\" class=\"infobae\/economia\/nota\/inline arcad ad-slot-node ad-slot-node--boxed\" data-ad-slot-id=\"infobae\/economia\/nota\/inline\"><\/div>\n<\/div>\n<p class=\"paragraph\" data-paragraph-number=\"3\">La medida fue firmada por <b>Claudia Silvana Testa<\/b>, en su car\u00e1cter de presidenta alterna del Consejo Nacional del Empleo, la Productividad y el Salario M\u00ednimo, Vital y M\u00f3vil, y alcanza a los trabajadores comprendidos en la <b>Ley de Contrato de Trabajo 20.744<\/b>, el <b>R\u00e9gimen de Trabajo Agrario<\/b>, la<b> Administraci\u00f3n P\u00fablica Nacional<\/b> y los organismos y entidades del Estado nacional que act\u00faen como empleadores.<\/p>\n<div class=\"marfeel-recommender marfeel-recommender-3\"><\/div>\n<p class=\"paragraph\" data-paragraph-number=\"4\">\u201cA partir del 1\u00b0 de septiembre de 2026, en pesos trescientos ochenta y tres mil ochocientos ($383.800) para todos los trabajadores mensualizados que cumplen la jornada legal completa de trabajo\u201d, establecieron en el texto oficial.<\/p>\n<div class=\"inline_2 ad-wrapper dfpAd ad-inline ad-text ad-component-container\" style=\"--ad-shell-height:250px;--ad-shell-width:300px\" data-ad-wrapper=\"arcad\" data-ad-type=\"inline_2\" data-ad-slot=\"infobae\/economia\/nota\/inline_2\" data-ad-container=\"dfp\" data-ad-slot-name=\"infobae\/economia\/nota\/inline_2\">\n<p class=\"ad-shell-label\">PUBLICIDAD<\/p>\n<div id=\"infobae\/economia\/nota\/inline_2\" class=\"infobae\/economia\/nota\/inline_2 arcad ad-slot-node ad-slot-node--boxed\" data-ad-slot-id=\"infobae\/economia\/nota\/inline_2\"><\/div>\n<\/div>\n<div class=\"visual__image\"><picture><source srcset=\"https:\/\/www.infobae.com\/resizer\/v2\/YCAJ4UPBMVHZNGWXP2L5FXT5VA.jpg?auth=53faf342ba6fbe76d36394affc9d6fca288fd84542e3ecabed64de57ac9e2206&amp;smart=true&amp;width=992&amp;height=583&amp;quality=85\" media=\"(min-width: 1000px)\"><\/source><source srcset=\"https:\/\/www.infobae.com\/resizer\/v2\/YCAJ4UPBMVHZNGWXP2L5FXT5VA.jpg?auth=53faf342ba6fbe76d36394affc9d6fca288fd84542e3ecabed64de57ac9e2206&amp;smart=true&amp;width=768&amp;height=451&amp;quality=85\" media=\"(min-width: 768px)\"><\/source><source srcset=\"https:\/\/www.infobae.com\/resizer\/v2\/YCAJ4UPBMVHZNGWXP2L5FXT5VA.jpg?auth=53faf342ba6fbe76d36394affc9d6fca288fd84542e3ecabed64de57ac9e2206&amp;smart=true&amp;width=577&amp;height=339&amp;quality=85\" media=\"(min-width: 580px)\"><\/source><source srcset=\"https:\/\/www.infobae.com\/resizer\/v2\/YCAJ4UPBMVHZNGWXP2L5FXT5VA.jpg?auth=53faf342ba6fbe76d36394affc9d6fca288fd84542e3ecabed64de57ac9e2206&amp;smart=true&amp;width=420&amp;height=247&amp;quality=85\" media=\"(min-width: 350px)\"><\/source><source srcset=\"https:\/\/www.infobae.com\/resizer\/v2\/YCAJ4UPBMVHZNGWXP2L5FXT5VA.jpg?auth=53faf342ba6fbe76d36394affc9d6fca288fd84542e3ecabed64de57ac9e2206&amp;smart=true&amp;width=350&amp;height=206&amp;quality=85\" media=\"(min-width: 80px)\"><\/source><img alt=\"Captura de pantalla de una videollamada dividida en nueve casillas con grupos de personas reunidos en mesas y participantes individuales\" class=\"global-image\" decoding=\"async\" fetchpriority=\"low\" height=\"1128\" loading=\"lazy\" src=\"https:\/\/www.infobae.com\/resizer\/v2\/YCAJ4UPBMVHZNGWXP2L5FXT5VA.jpg?auth=53faf342ba6fbe76d36394affc9d6fca288fd84542e3ecabed64de57ac9e2206&amp;smart=true&amp;width=350&amp;height=206&amp;quality=85\" width=\"1920\"><\/picture><\/div>\n<p class=\"paragraph\" data-paragraph-number=\"5\">En lo que respecta a los meses restantes de este a\u00f1o, las autoridades fijaron que el monto ascender\u00e1 a <b>$391.200 desde octubre<\/b>, <b>$398.800 desde noviembre<\/b> y <b>$406.400 desde diciembre<\/b>. Asimismo, remarcaron que las cifras fueron producto de no haberse llegado a un acuerdo, lo que oblig\u00f3 al Gobierno a subsanar la cuesti\u00f3n.<\/p>\n<div class=\"marfeel-recommender marfeel-recommender-5\"><\/div>\n<p class=\"paragraph\" data-paragraph-number=\"6\">De la misma manera, la escala continuar\u00e1 en <b>2027<\/b> con nuevos tramos: <b>$414.200 a partir de enero<\/b>, <b>$422.000 desde febrero<\/b>, <b>$429.600 desde marzo<\/b> y <b>$437.000 desde abril<\/b>. No obstante, aclararon que quedaron excluidas las asignaciones familiares y que, en los casos previstos por la normativa laboral para jornadas reducidas o contratos parciales, la percepci\u00f3n ser\u00e1 proporcional.<\/p>\n<div class=\"ad_1 ad-wrapper dfpAd ad-1-al-6 ad-text ad-component-container\" style=\"--ad-shell-height:250px;--ad-shell-width:300px\" data-ad-wrapper=\"arcad\" data-ad-type=\"ad_1\" data-ad-slot=\"infobae\/economia\/nota\/ad_1\" data-ad-container=\"dfp\" data-ad-slot-name=\"infobae\/economia\/nota\/ad_1\">\n<p class=\"ad-shell-label\">PUBLICIDAD<\/p>\n<div id=\"infobae\/economia\/nota\/ad_1\" class=\"infobae\/economia\/nota\/ad_1 arcad ad-slot-node ad-slot-node--boxed\" data-ad-slot-id=\"infobae\/economia\/nota\/ad_1\"><\/div>\n<\/div>\n<p class=\"paragraph\" data-paragraph-number=\"7\">En el caso de los trabajadores jornalizados, la actualizaci\u00f3n tambi\u00e9n qued\u00f3 escalonada. Para este a\u00f1o, el valor de la hora se estableci\u00f3 en <b>$1.919 en septiembre<\/b>, <b>$1.956 en octubre<\/b>, <b>$1.994 en noviembre<\/b>, <b>$2.032 en diciembre<\/b>. Mientras tanto, pasar\u00e1 a ser de <b>$2.071 en enero<\/b>, <b>$2.110 en febrero<\/b>, <b>$2.148 en marzo<\/b> y <b>$2.185 en abril<\/b>.<\/p>\n<p class=\"paragraph\" data-paragraph-number=\"8\">Por otro lado, tambi\u00e9n se fij\u00f3 un criterio para la <b>prestaci\u00f3n por desempleo<\/b> prevista en el art\u00edculo 118 de la ley 24.013. Seg\u00fan el art\u00edculo 2, esa prestaci\u00f3n ser\u00e1 equivalente al <b>75% del importe neto de la mejor remuneraci\u00f3n mensual, normal y habitual<\/b> del trabajador en los seis meses anteriores al cese del contrato que origin\u00f3 la situaci\u00f3n de desempleo.<\/p>\n<div class=\"ad_2 ad-wrapper dfpAd ad-1-al-6 ad-text ad-component-container\" style=\"--ad-shell-height:250px;--ad-shell-width:300px\" data-ad-wrapper=\"arcad\" data-ad-type=\"ad_2\" data-ad-slot=\"infobae\/economia\/nota\/ad_2\" data-ad-container=\"dfp\" data-ad-slot-name=\"infobae\/economia\/nota\/ad_2\">\n<p class=\"ad-shell-label\">PUBLICIDAD<\/p>\n<div id=\"infobae\/economia\/nota\/ad_2\" class=\"infobae\/economia\/nota\/ad_2 arcad ad-slot-node ad-slot-node--boxed\" data-ad-slot-id=\"infobae\/economia\/nota\/ad_2\"><\/div>\n<\/div>\n<div id=\"fusion-static-enter:raw_html_raw_html10\" style=\"display:none\" data-fusion-component=\"raw_html_raw_html10\"><\/div>\n<div class=\"rawHTML raw_html \">\n<p><meta http-equiv=\"content-type\" content=\"text\/html; charset=UTF-8\"><br \/>\n<meta name=\"viewport\" content=\"width=device-width, initial-scale=1\"><\/p>\n<style>\n.container-video {\n  position: relative;\n  width: 100%;\n  overflow: hidden;\n  padding-top: 2%;\n}\n.responsive-iframe-video {\n  position: absolute;\n  top: 0;\n  left: 0;\n  bottom: 0;\n  right: 0;\n  width: 100%;\n  height: 100%;\n  border: none;\n}\n<\/style>\n<p><script>(window.BOOMR_mq=window.BOOMR_mq||[]).push([\"addVar\",{\"rua.upush\":\"false\",\"rua.cpush\":\"false\",\"rua.upre\":\"false\",\"rua.cpre\":\"false\",\"rua.uprl\":\"false\",\"rua.cprl\":\"false\",\"rua.cprf\":\"false\",\"rua.trans\":\"\",\"rua.cook\":\"false\",\"rua.ims\":\"false\",\"rua.ufprl\":\"false\",\"rua.cfprl\":\"false\",\"rua.isuxp\":\"false\",\"rua.texp\":\"norulematch\",\"rua.ceh\":\"false\",\"rua.ueh\":\"false\",\"rua.ieh.st\":\"0\"}]);<\/script><br \/>\n                                <script>!function(e){var n=\"https:\/\/s.go-mpulse.net\/boomerang\/\";if(\"False\"==\"True\")e.BOOMR_config=e.BOOMR_config||{},e.BOOMR_config.PageParams=e.BOOMR_config.PageParams||{},e.BOOMR_config.PageParams.pci=!0,n=\"https:\/\/s2.go-mpulse.net\/boomerang\/\";if(window.BOOMR_API_key=\"C7HNE-7B57D-WM7L2-K2VFG-FX3EW\",function(){function e(){if(!i){var e=document.createElement(\"script\");e.id=\"boomr-scr-as\",e.src=window.BOOMR.url,e.async=!0,o.parentNode.appendChild(e),i=!0}}function t(e){i=!0;var n,t,a,r,d=document,O=window;if(window.BOOMR.snippetMethod=e?\"if\":\"i\",t=function(e,n){var t=d.createElement(\"script\");t.id=n||\"boomr-if-as\",t.src=window.BOOMR.url,BOOMR_lstart=(new Date).getTime(),e=e||d.body,e.appendChild(t)},!window.addEventListener&&window.attachEvent&&navigator.userAgent.match(\/MSIE [67]\\.\/))return window.BOOMR.snippetMethod=\"s\",void t(o.parentNode,\"boomr-async\");a=document.createElement(\"IFRAME\"),a.src=\"https:\/\/www.infobae.com\/economia\/2026\/09\/02\/tras-la-falta-de-acuerdos-el-gobierno-aumento-el-salario-minimo-vital-y-movil-como-se-actuliazara-mes-a-mes\/about:blank\",a.title=\"\",a.role=\"presentation\",a.loading=\"eager\",r=(a.frameElement||a).style,r.width=0,r.height=0,r.border=0,r.display=\"none\",o.parentNode.appendChild(a);try{O=a.contentWindow,d=O.document.open()}catch(_){n=document.domain,a.src=\"javascript:var d=document.open();d.domain='\"+n+\"';void(0);\",O=a.contentWindow,d=O.document.open()}if(n)d._boomrl=function(){this.domain=n,t()},d.write(\"<bo\"+\"dy onload='document._boomrl();'>\");else if(O._boomrl=function(){t()},O.addEventListener)O.addEventListener(\"load\",O._boomrl,!1);else if(O.attachEvent)O.attachEvent(\"onload\",O._boomrl);d.close()}function a(e){window.BOOMR_onload=e&&e.timeStamp||(new Date).getTime()}if(!window.BOOMR||!window.BOOMR.version&&!window.BOOMR.snippetExecuted){window.BOOMR=window.BOOMR||{},window.BOOMR.snippetStart=(new Date).getTime(),window.BOOMR.snippetExecuted=!0,window.BOOMR.snippetVersion=12,window.BOOMR.url=n+\"C7HNE-7B57D-WM7L2-K2VFG-FX3EW\";var o=document.currentScript||document.getElementsByTagName(\"script\")[0],i=!1,r=document.createElement(\"link\");if(r.relList&&\"function\"==typeof r.relList.supports&&r.relList.supports(\"preload\")&&\"as\"in r)window.BOOMR.snippetMethod=\"p\",r.href=window.BOOMR.url,r.rel=\"preload\",r.as=\"script\",r.addEventListener(\"load\",e),r.addEventListener(\"error\",function(){t(!0)}),setTimeout(function(){if(!i)t(!0)},3e3),BOOMR_lstart=(new Date).getTime(),o.parentNode.appendChild(r);else t(!1);if(window.addEventListener)window.addEventListener(\"load\",a,!1);else if(window.attachEvent)window.attachEvent(\"onload\",a)}}(),\"\".length>0)if(e&&\"performance\"in e&&e.performance&&\"function\"==typeof e.performance.setResourceTimingBufferSize)e.performance.setResourceTimingBufferSize();!function(){if(BOOMR=e.BOOMR||{},BOOMR.plugins=BOOMR.plugins||{},!BOOMR.plugins.AK){var n=\"\"==\"true\"?1:0,t=\"\",a=\"jjisrbyxz26m42uxxo6q-f-23a6b07d9-clientnsv4-s.akamaihd.net\",o=\"false\"==\"true\"?2:1,i={\"ak.v\":\"41\",\"ak.cp\":\"619111\",\"ak.ai\":parseInt(\"650669\",10),\"ak.ol\":\"0\",\"ak.cr\":1,\"ak.ipv\":4,\"ak.proto\":\"h2\",\"ak.rid\":\"fc9636cc\",\"ak.r\":46817,\"ak.a2\":n,\"ak.m\":\"dscr\",\"ak.n\":\"ff\",\"ak.cport\":40136,\"ak.gh\":\"23.206.187.214\",\"ak.quicv\":\"\",\"ak.tlsv\":\"tls1.3\",\"ak.0rtt\":\"\",\"ak.0rtt.ed\":\"\",\"ak.csrc\":\"-\",\"ak.acc\":\"\",\"ak.t\":\"1788328893\",\"ak.ak\":\"hOBiQwZUYzCg5VSAfCLimQ==ALUbtT\/zHRJUsv1q3d5XaLmH+lSVUfYdoyKooYmBTw5S\/YIFwSlpQT4g0frKRV1siZd51j+Nx5Y2yoq6oLJP8YfSxfoZoUD+lfJpTFSyhcuP410uXsN8NO1rf7EA8iePXcyvpjndMAB75hyIWMWU6wrnTK42DlxDcDU+SHqbNHVrjNx0O4wz+pznIKAUcdPzHk\/DuqK+AqRIWmBaPBLLJT4gL6nUF83LtdCsQTw4CNjfakaSuXGSIb80gJv58AoBeUD4qo\/dyNvK94oKG+DSKsyMLroCk2i1crF8OSoshAkBl\/3mVoD\/+i\/L3vc0CcEe5dhjTS7zU0VV7qZxK80RB1Qatl07FnyDRXYzhr0iPsCMcc8yiSW9N2Opl1614K5w\/iRTjSXuB6AECrTfF1KFb8UBEzCy0tK7kBtm7YQByMk=\",\"ak.pv\":\"150\",\"ak.dpoabenc\":\"\",\"ak.tf\":o};if(\"\"!==t)i[\"ak.ruds\"]=t;var r={i:!1,av:function(n){var t=\"http.initiator\";if(n&&(!n[t]||\"spa_hard\"===n[t]))i[\"ak.feo\"]=void 0!==e.aFeoApplied?1:0,BOOMR.addVar(i)},rv:function(){var e=[\"ak.cport\",\"ak.cr\",\"ak.csrc\",\"ak.gh\",\"ak.ipv\",\"ak.m\",\"ak.n\",\"ak.ol\",\"ak.proto\",\"ak.quicv\",\"ak.tlsv\",\"ak.0rtt\",\"ak.0rtt.ed\",\"ak.r\",\"ak.acc\",\"ak.t\",\"ak.tf\"];BOOMR.removeVar(e)}};BOOMR.plugins.AK={akVars:i,akDNSPreFetchDomain:a,init:function(){if(!r.i){var e=BOOMR.subscribe;e(\"before_beacon\",r.av,null,null),e(\"onbeacon\",r.rv,null,null),r.i=!0}return this},is_complete:function(){return!0}}}}()}(window);<\/script><\/p>\n<div class=\"container-video\">\n<p><iframe loading=\"lazy\" src=\"https:\/\/drive.google.com\/file\/d\/1wsUoxgKHaKBxvXjP31d6lUEoX3QVTeev\/preview\" width=\"100%\" height=\"480\" allow=\"autoplay\"><\/iframe><\/p>\n<\/div>\n<div id=\"fusion-static-exit:raw_html_raw_html10\" style=\"display:none\" data-fusion-component=\"raw_html_raw_html10\"><\/div>\n<p class=\"paragraph\" data-paragraph-number=\"9\">A la vez, la norma estableci\u00f3 l\u00edmites vinculados al Salario M\u00ednimo, Vital y M\u00f3vil vigente. En este sentido, en ning\u00fan caso la prestaci\u00f3n mensual podr\u00e1 ser inferior al <b>50% del salario m\u00ednimo<\/b> ni superior al <b>100% de ese mismo valor<\/b>.<\/p>\n<h2 class=\"text-align-left vertical-align-top line-height-100 header headline-class-h2 headline\" id=\"los-detalles-detras-de-la-falta-de-acuerdos-por-el-salario-minimo\">Los detalles detr\u00e1s de la falta de acuerdos por el salario m\u00ednimo<\/h2>\n<p class=\"paragraph\" data-paragraph-number=\"10\">La \u00faltima negociaci\u00f3n por el salario m\u00ednimo celebrada el viernes pasado volvi\u00f3 a mostrar la distancia que existe entre sindicatos, empresarios y el Gobierno para definir un valor que impacta de manera directa sobre los ingresos de los trabajadores m\u00e1s rezagados del mercado laboral. La reuni\u00f3n termin\u00f3 otra vez sin acuerdo y dej\u00f3, en los hechos, la definici\u00f3n final en manos del Poder Ejecutivo, como ocurre desde hace m\u00e1s de dos a\u00f1os.<\/p>\n<div class=\"ad_3 ad-wrapper dfpAd ad-1-al-6 ad-text ad-component-container\" style=\"--ad-shell-height:250px;--ad-shell-width:300px\" data-ad-wrapper=\"arcad\" data-ad-type=\"ad_3\" data-ad-slot=\"infobae\/economia\/nota\/ad_3\" data-ad-container=\"dfp\" data-ad-slot-name=\"infobae\/economia\/nota\/ad_3\">\n<p class=\"ad-shell-label\">PUBLICIDAD<\/p>\n<div id=\"infobae\/economia\/nota\/ad_3\" class=\"infobae\/economia\/nota\/ad_3 arcad ad-slot-node ad-slot-node--boxed\" data-ad-slot-id=\"infobae\/economia\/nota\/ad_3\"><\/div>\n<\/div>\n<p class=\"paragraph\" data-paragraph-number=\"11\">El <b>Salario M\u00ednimo, Vital y M\u00f3vil (SMVM)<\/b> establece el ingreso b\u00e1sico que debe percibir un trabajador por una jornada legal completa y, al mismo tiempo, funciona como referencia para la actualizaci\u00f3n de programas sociales, prestaciones y subsidios.<\/p>\n<p class=\"paragraph\" data-paragraph-number=\"12\">En agosto, el monto vigente es de <b>$376.600<\/b>, tras una suba de <b>1,13%<\/b> frente a julio, un ajuste que qued\u00f3 por debajo de la inflaci\u00f3n mensual, que fue de <b>2,1%<\/b>. Ese esquema de aumentos hab\u00eda sido fijado en diciembre de 2025, en otra convocatoria del Consejo del Salario que tambi\u00e9n cerr\u00f3 sin consenso.<\/p>\n<div class=\"ad_4 ad-wrapper dfpAd ad-1-al-6 ad-text ad-component-container\" style=\"--ad-shell-height:250px;--ad-shell-width:300px\" data-ad-wrapper=\"arcad\" data-ad-type=\"ad_4\" data-ad-slot=\"infobae\/economia\/nota\/ad_4\" data-ad-container=\"dfp\" data-ad-slot-name=\"infobae\/economia\/nota\/ad_4\">\n<p class=\"ad-shell-label\">PUBLICIDAD<\/p>\n<div id=\"infobae\/economia\/nota\/ad_4\" class=\"infobae\/economia\/nota\/ad_4 arcad ad-slot-node ad-slot-node--boxed\" data-ad-slot-id=\"infobae\/economia\/nota\/ad_4\"><\/div>\n<\/div>\n<p class=\"paragraph\" data-paragraph-number=\"13\">Con ese antecedente, el Gobierno reuni\u00f3 este viernes a una nueva sesi\u00f3n plenaria del Consejo Nacional del Empleo, la Productividad y el Salario M\u00ednimo, Vital y M\u00f3vil, el \u00e1mbito tripartito en el que participan representantes del Estado, las centrales sindicales y las c\u00e1maras empresarias. El encuentro se hizo de manera virtual, pese al reclamo gremial para que fuera presencial, y concluy\u00f3 con la salida anticipada de la <b>CGT<\/b> y las dos <b>CTA<\/b> antes de la realizaci\u00f3n del plenario.<\/p>\n<div class=\"visual__image\"><picture><source srcset=\"https:\/\/www.infobae.com\/resizer\/v2\/INUADZ2EKFAXTE6QDUG7QAL36M.jpg?auth=6b192b4a56da2899912b1d437ffca96dac5ff2c19357e9e9a3e0a8a6300b01f9&amp;smart=true&amp;width=992&amp;height=558&amp;quality=85\" media=\"(min-width: 1000px)\"><\/source><source srcset=\"https:\/\/www.infobae.com\/resizer\/v2\/INUADZ2EKFAXTE6QDUG7QAL36M.jpg?auth=6b192b4a56da2899912b1d437ffca96dac5ff2c19357e9e9a3e0a8a6300b01f9&amp;smart=true&amp;width=768&amp;height=432&amp;quality=85\" media=\"(min-width: 768px)\"><\/source><source srcset=\"https:\/\/www.infobae.com\/resizer\/v2\/INUADZ2EKFAXTE6QDUG7QAL36M.jpg?auth=6b192b4a56da2899912b1d437ffca96dac5ff2c19357e9e9a3e0a8a6300b01f9&amp;smart=true&amp;width=577&amp;height=325&amp;quality=85\" media=\"(min-width: 580px)\"><\/source><source srcset=\"https:\/\/www.infobae.com\/resizer\/v2\/INUADZ2EKFAXTE6QDUG7QAL36M.jpg?auth=6b192b4a56da2899912b1d437ffca96dac5ff2c19357e9e9a3e0a8a6300b01f9&amp;smart=true&amp;width=420&amp;height=236&amp;quality=85\" media=\"(min-width: 350px)\"><\/source><source srcset=\"https:\/\/www.infobae.com\/resizer\/v2\/INUADZ2EKFAXTE6QDUG7QAL36M.jpg?auth=6b192b4a56da2899912b1d437ffca96dac5ff2c19357e9e9a3e0a8a6300b01f9&amp;smart=true&amp;width=350&amp;height=197&amp;quality=85\" media=\"(min-width: 80px)\"><\/source><img alt=\"Reuni\u00f3n del Consejo Directivo de la CGT del 25\/6\/2026\" class=\"global-image\" decoding=\"async\" fetchpriority=\"low\" height=\"1080\" loading=\"lazy\" src=\"https:\/\/www.infobae.com\/resizer\/v2\/INUADZ2EKFAXTE6QDUG7QAL36M.jpg?auth=6b192b4a56da2899912b1d437ffca96dac5ff2c19357e9e9a3e0a8a6300b01f9&amp;smart=true&amp;width=350&amp;height=197&amp;quality=85\" width=\"1920\"><\/picture><\/div>\n<p class=\"paragraph\" data-paragraph-number=\"14\">Durante la comisi\u00f3n t\u00e9cnica, las tres centrales obreras acercaron una propuesta unificada para llevar el salario m\u00ednimo a <b>$911.000 en julio<\/b> y a <b>$993.000 en diciembre<\/b>. El planteo tom\u00f3 como referencia el valor de la canasta b\u00e1sica familiar, que actualmente se ubica en <b>$1.564.716<\/b>, aunque los propios dirigentes sindicales reconocieron que ese n\u00famero no ten\u00eda posibilidades de ser aceptado por el Gobierno.<\/p>\n<div class=\"ad_5 ad-wrapper dfpAd ad-1-al-6 ad-text ad-component-container\" style=\"--ad-shell-height:250px;--ad-shell-width:300px\" data-ad-wrapper=\"arcad\" data-ad-type=\"ad_5\" data-ad-slot=\"infobae\/economia\/nota\/ad_5\" data-ad-container=\"dfp\" data-ad-slot-name=\"infobae\/economia\/nota\/ad_5\">\n<p class=\"ad-shell-label\">PUBLICIDAD<\/p>\n<div id=\"infobae\/economia\/nota\/ad_5\" class=\"infobae\/economia\/nota\/ad_5 arcad ad-slot-node ad-slot-node--boxed\" data-ad-slot-id=\"infobae\/economia\/nota\/ad_5\"><\/div>\n<\/div>\n<p class=\"paragraph\" data-paragraph-number=\"15\">El cotitular de la <b>CGT<\/b>, <b>Jorge Sola<\/b>, del gremio de Seguros, consider\u00f3 insuficiente la propuesta empresaria y afirm\u00f3 que el monto ofrecido ni siquiera alcanzaba para comprar un kilo de pan. En el mismo sentido se expres\u00f3 <b>Cristian Jer\u00f3nimo<\/b>, tambi\u00e9n cotitular de la central y referente del sindicato de empleados del vidrio, quien adelant\u00f3 que el sector gremial no avalar\u00eda la oferta patronal ni participar\u00eda del plenario que deb\u00eda formalizar la decisi\u00f3n.<\/p>\n<p class=\"paragraph\" data-paragraph-number=\"16\">Adem\u00e1s de la disputa por el valor del salario m\u00ednimo, los sindicatos reclamaron la reactivaci\u00f3n de las comisiones de <b>Formaci\u00f3n Profesional, Empleo y Productividad<\/b> del Consejo del Salario. Seg\u00fan argumentaron, esos espacios son necesarios para discutir la situaci\u00f3n del empleo y la evoluci\u00f3n del mercado laboral.<\/p>\n<div class=\"ad_6 ad-wrapper dfpAd ad-1-al-6 ad-text ad-component-container\" style=\"--ad-shell-height:250px;--ad-shell-width:300px\" data-ad-wrapper=\"arcad\" data-ad-type=\"ad_6\" data-ad-slot=\"infobae\/economia\/nota\/ad_6\" data-ad-container=\"dfp\" data-ad-slot-name=\"infobae\/economia\/nota\/ad_6\">\n<p class=\"ad-shell-label\">PUBLICIDAD<\/p>\n<div id=\"infobae\/economia\/nota\/ad_6\" class=\"infobae\/economia\/nota\/ad_6 arcad ad-slot-node ad-slot-node--boxed\" data-ad-slot-id=\"infobae\/economia\/nota\/ad_6\"><\/div>\n<\/div>\n<p class=\"paragraph\" data-paragraph-number=\"17\">Del lado empresario, la representaci\u00f3n en el Consejo estuvo encabezada por la <b>Uni\u00f3n Industrial Argentina (UIA)<\/b>, junto con entidades como la <b>C\u00e1mara Argentina de Comercio<\/b>, la <b>C\u00e1mara Argentina de la Construcci\u00f3n<\/b>, la <b>Confederaci\u00f3n Argentina de la Mediana Empresa<\/b>, la <b>Asociaci\u00f3n de Bancos Argentinos<\/b>, la <b>Bolsa de Comercio de Buenos Aires<\/b> y c\u00e1maras vinculadas a los sectores hotelero, gastron\u00f3mico y agrario.<\/p>\n<p class=\"paragraph\" data-paragraph-number=\"18\">La propuesta patronal consisti\u00f3 en una suba de <b>1,8% para septiembre<\/b> y aumentos de <b>1,7% mensual entre octubre y abril del a\u00f1o pr\u00f3ximo<\/b>. Con esa pauta, el salario m\u00ednimo llegar\u00eda a <b>$468.000 en abril de 2027<\/b>, una cifra que concentr\u00f3 el mayor rechazo sindical por la distancia con el reclamo de las centrales obreras.<\/p>\n<p class=\"paragraph\" data-paragraph-number=\"19\">Ante el rechazo por parte de los sindicatos, el Gobierno volvi\u00f3 a quedar a cargo de la decisi\u00f3n. De esta manera, volvi\u00f3 a proponer aumentos escalonados, tal como lo hab\u00eda hecho en noviembre del a\u00f1o pasado.<\/p>\n<\/div>\n<div class=\"default-chain-ctn\">\n<div class=\"default-chain-inner-ctn default-chain-2\">\n<div class=\"left_1_300x250 ad-wrapper dfpAd ad-left ad-text ad-component-container\" style=\"--ad-shell-height:250px;--ad-shell-width:300px\" data-ad-wrapper=\"arcad\" data-ad-type=\"left_1_300x250\" data-ad-slot=\"infobae\/economia\/nota\/left_1_300x250\" data-ad-container=\"dfp\" data-ad-slot-name=\"infobae\/economia\/nota\/left_1_300x250\">\n<p class=\"ad-shell-label\">PUBLICIDAD<\/p>\n<div id=\"infobae\/economia\/nota\/left_1_300x250\" class=\"infobae\/economia\/nota\/left_1_300x250 arcad ad-slot-node ad-slot-node--boxed\" data-ad-slot-id=\"infobae\/economia\/nota\/left_1_300x250\"><\/div>\n<\/div>\n<div class=\"middle_1_300x250 ad-wrapper dfpAd ad-middle ad-text ad-component-container\" style=\"--ad-shell-height:250px;--ad-shell-width:300px\" data-ad-wrapper=\"arcad\" data-ad-type=\"middle_1_300x250\" data-ad-slot=\"infobae\/economia\/nota\/middle_1_300x250\" data-ad-container=\"dfp\" data-ad-slot-name=\"infobae\/economia\/nota\/middle_1_300x250\">\n<p class=\"ad-shell-label\">PUBLICIDAD<\/p>\n<div id=\"infobae\/economia\/nota\/middle_1_300x250\" class=\"infobae\/economia\/nota\/middle_1_300x250 arcad ad-slot-node ad-slot-node--boxed\" data-ad-slot-id=\"infobae\/economia\/nota\/middle_1_300x250\"><\/div>\n<\/div>\n<\/div>\n<\/div>\n<div id=\"fusion-static-enter:f0fyfc7HVnUQbG\" style=\"display:none\" data-fusion-component=\"f0fyfc7HVnUQbG\"><\/div>\n<div class=\"feed-list-wrapper\">\n<h2 class=\"ht-h1 margint16\"><span class=\"orange\">\u00daltimas Noticias<\/span><\/h2>\n<p><a class=\"feed-list-card feed-list-card-first\" href=\"https:\/\/www.infobae.com\/economia\/2026\/09\/02\/la-argentina-quedo-mas-lejos-de-volver-a-los-mercados-pero-los-precios-internacionales-impulsan-las-exportaciones\/\"><\/p>\n<div class=\"col1\">\n<h2 class=\"text-align-left vertical-align-top line-height-100 feed-list-card-headline-lean feed-list-card-headline-lean-first headline\">La Argentina qued\u00f3 m\u00e1s lejos de volver a los mercados, pero los precios internacionales impulsan las exportaciones<\/h2>\n<h3 class=\"deck deck-first\">Las tasas en Estados Unidos siguen muy altas y dificultan el financiamiento para el Gobierno. La contracara es que habr\u00eda m\u00e1s ingreso de d\u00f3lares por la suba de petr\u00f3leo y de la soja<\/h3>\n<\/div>\n<div class=\"col2\">\n<div class=\"global-picture\"><picture><source srcset=\"https:\/\/www.infobae.com\/resizer\/v2\/VZ5RZBRRYVCYNKBLQ34UCRQYLQ.JPG?auth=95f35aece0a1ed2ac0dcd6b6f58df6da5ae0fe55964785b4547ffc9b4004225c&amp;smart=true&amp;width=400&amp;height=225&amp;quality=85\" media=\"(min-width: 1200px)\"><\/source><source srcset=\"https:\/\/www.infobae.com\/resizer\/v2\/VZ5RZBRRYVCYNKBLQ34UCRQYLQ.JPG?auth=95f35aece0a1ed2ac0dcd6b6f58df6da5ae0fe55964785b4547ffc9b4004225c&amp;smart=true&amp;width=420&amp;height=236&amp;quality=85\" media=\"(min-width: 350px)\"><\/source><source srcset=\"https:\/\/www.infobae.com\/resizer\/v2\/VZ5RZBRRYVCYNKBLQ34UCRQYLQ.JPG?auth=95f35aece0a1ed2ac0dcd6b6f58df6da5ae0fe55964785b4547ffc9b4004225c&amp;smart=true&amp;width=350&amp;height=197&amp;quality=85\" media=\"(min-width: 80px)\"><\/source><img alt=\"La Argentina qued\u00f3 m\u00e1s lejos de volver a los mercados, pero los precios internacionales impulsan las exportaciones\" class=\"global-image feed-list-image feed-list-image-first\" decoding=\"async\" fetchpriority=\"low\" height=\"9\" loading=\"lazy\" src=\"https:\/\/www.infobae.com\/resizer\/v2\/VZ5RZBRRYVCYNKBLQ34UCRQYLQ.JPG?auth=95f35aece0a1ed2ac0dcd6b6f58df6da5ae0fe55964785b4547ffc9b4004225c&amp;smart=true&amp;width=350&amp;height=197&amp;quality=85\" width=\"16\"><\/picture><\/div>\n<\/div>\n<p><\/a><a class=\"feed-list-card\" href=\"https:\/\/www.infobae.com\/economia\/2026\/09\/02\/dia-de-la-industria-la-uia-prepara-un-acto-con-escasa-presencia-oficial-en-medio-de-la-caida-de-la-actividad\/\"><\/p>\n<div class=\"col1\">\n<h2 class=\"text-align-left vertical-align-top line-height-100 feed-list-card-headline-lean headline\">D\u00eda de la Industria: la UIA prepara un acto con escasa presencia oficial en medio de la ca\u00edda de la actividad<\/h2>\n<h3 class=\"deck\">La entidad fabril celebra su jornada anual con la actividad manufacturera un 11% por debajo de los niveles de 2022 y una relaci\u00f3n con la Casa Rosada que nunca termin\u00f3 de reconstruirse<\/h3>\n<\/div>\n<div class=\"col2\">\n<div class=\"global-picture\"><picture><source srcset=\"https:\/\/www.infobae.com\/resizer\/v2\/TDYSFKEVTFB53BMYKY2IIB6D7Q.png?auth=ccad09b6cd89db67457bfeb931bf54513353f715f981ec8c2790a3e822ff646e&amp;smart=true&amp;width=400&amp;height=225&amp;quality=85\" media=\"(min-width: 1200px)\"><\/source><source srcset=\"https:\/\/www.infobae.com\/resizer\/v2\/TDYSFKEVTFB53BMYKY2IIB6D7Q.png?auth=ccad09b6cd89db67457bfeb931bf54513353f715f981ec8c2790a3e822ff646e&amp;smart=true&amp;width=420&amp;height=236&amp;quality=85\" media=\"(min-width: 350px)\"><\/source><source srcset=\"https:\/\/www.infobae.com\/resizer\/v2\/TDYSFKEVTFB53BMYKY2IIB6D7Q.png?auth=ccad09b6cd89db67457bfeb931bf54513353f715f981ec8c2790a3e822ff646e&amp;smart=true&amp;width=350&amp;height=197&amp;quality=85\" media=\"(min-width: 80px)\"><\/source><img alt=\"D\u00eda de la Industria: la UIA prepara un acto con escasa presencia oficial en medio de la ca\u00edda de la actividad\" class=\"global-image feed-list-image\" decoding=\"async\" fetchpriority=\"low\" height=\"9\" loading=\"lazy\" src=\"https:\/\/www.infobae.com\/resizer\/v2\/TDYSFKEVTFB53BMYKY2IIB6D7Q.png?auth=ccad09b6cd89db67457bfeb931bf54513353f715f981ec8c2790a3e822ff646e&amp;smart=true&amp;width=350&amp;height=197&amp;quality=85\" width=\"16\"><\/picture><\/div>\n<\/div>\n<p><\/a><a class=\"feed-list-card\" href=\"https:\/\/www.infobae.com\/economia\/2026\/09\/02\/efecto-amortiguador-el-gobierno-fijo-aumentos-de-tarifas-para-septiembre-por-debajo-de-la-inflacion-proyectada\/\"><\/p>\n<div class=\"col1\">\n<h2 class=\"text-align-left vertical-align-top line-height-100 feed-list-card-headline-lean headline\">Efecto amortiguador: el Gobierno fij\u00f3 aumentos de tarifas para septiembre por debajo de la inflaci\u00f3n proyectada<\/h2>\n<h3 class=\"deck\">La boleta del agua de AySA tendr\u00e1 la mayor actualizaci\u00f3n mientras que la luz y el gas se ajustaran por debajo del \u00cdndice de Precios al Consumidor (IPC) de julio. La raz\u00f3n detr\u00e1s de la medida y c\u00f3mo ayuda a la desaceleraci\u00f3n inflacionaria<\/h3>\n<\/div>\n<div class=\"col2\">\n<div class=\"global-picture\"><picture><source srcset=\"https:\/\/www.infobae.com\/resizer\/v2\/ZCH7F37BYVALLJOVVH4HYEQFVI.jpg?auth=4684e575d47e99b64cfb32fca2a9576146f36d3b272336554e5df611b5a84f54&amp;smart=true&amp;width=400&amp;height=225&amp;quality=85\" media=\"(min-width: 1200px)\"><\/source><source srcset=\"https:\/\/www.infobae.com\/resizer\/v2\/ZCH7F37BYVALLJOVVH4HYEQFVI.jpg?auth=4684e575d47e99b64cfb32fca2a9576146f36d3b272336554e5df611b5a84f54&amp;smart=true&amp;width=420&amp;height=236&amp;quality=85\" media=\"(min-width: 350px)\"><\/source><source srcset=\"https:\/\/www.infobae.com\/resizer\/v2\/ZCH7F37BYVALLJOVVH4HYEQFVI.jpg?auth=4684e575d47e99b64cfb32fca2a9576146f36d3b272336554e5df611b5a84f54&amp;smart=true&amp;width=350&amp;height=197&amp;quality=85\" media=\"(min-width: 80px)\"><\/source><img alt=\"Efecto amortiguador: el Gobierno fij\u00f3 aumentos de tarifas para septiembre por debajo de la inflaci\u00f3n proyectada\" class=\"global-image feed-list-image\" decoding=\"async\" fetchpriority=\"low\" height=\"9\" loading=\"lazy\" src=\"https:\/\/www.infobae.com\/resizer\/v2\/ZCH7F37BYVALLJOVVH4HYEQFVI.jpg?auth=4684e575d47e99b64cfb32fca2a9576146f36d3b272336554e5df611b5a84f54&amp;smart=true&amp;width=350&amp;height=197&amp;quality=85\" width=\"16\"><\/picture><\/div>\n<\/div>\n<p><\/a><a class=\"feed-list-card\" href=\"https:\/\/www.infobae.com\/economia\/2026\/09\/02\/el-desplome-de-los-0-km-por-que-el-mercado-automotor-esta-en-su-peor-momento-del-ano\/\"><\/p>\n<div class=\"col1\">\n<h2 class=\"text-align-left vertical-align-top line-height-100 feed-list-card-headline-lean headline\">El desplome de los 0 km: por qu\u00e9 el mercado automotor est\u00e1 en su peor momento del a\u00f1o<\/h2>\n<h3 class=\"deck\">Los patentamientos acumulan una ca\u00edda del 13,3% en 2026 y el sector ya da por perdido el objetivo anual. La falta de cr\u00e9dito golpea a los autos m\u00e1s accesibles y cambia el mapa de las ventas.<\/h3>\n<\/div>\n<div class=\"col2\">\n<div class=\"global-picture\"><picture><source srcset=\"https:\/\/www.infobae.com\/resizer\/v2\/H5EP2HSF3RCURNLRXOETIZZEM4.jpg?auth=59c2d759710fcdde2c6567d0299bf928e8b6b6e81be210d2ffbc907aadd978ff&amp;smart=true&amp;width=400&amp;height=225&amp;quality=85\" media=\"(min-width: 1200px)\"><\/source><source srcset=\"https:\/\/www.infobae.com\/resizer\/v2\/H5EP2HSF3RCURNLRXOETIZZEM4.jpg?auth=59c2d759710fcdde2c6567d0299bf928e8b6b6e81be210d2ffbc907aadd978ff&amp;smart=true&amp;width=420&amp;height=236&amp;quality=85\" media=\"(min-width: 350px)\"><\/source><source srcset=\"https:\/\/www.infobae.com\/resizer\/v2\/H5EP2HSF3RCURNLRXOETIZZEM4.jpg?auth=59c2d759710fcdde2c6567d0299bf928e8b6b6e81be210d2ffbc907aadd978ff&amp;smart=true&amp;width=350&amp;height=197&amp;quality=85\" media=\"(min-width: 80px)\"><\/source><img alt=\"El desplome de los 0 km: por qu\u00e9 el mercado automotor est\u00e1 en su peor momento del a\u00f1o\" class=\"global-image feed-list-image\" decoding=\"async\" fetchpriority=\"low\" height=\"9\" loading=\"lazy\" src=\"https:\/\/www.infobae.com\/resizer\/v2\/H5EP2HSF3RCURNLRXOETIZZEM4.jpg?auth=59c2d759710fcdde2c6567d0299bf928e8b6b6e81be210d2ffbc907aadd978ff&amp;smart=true&amp;width=350&amp;height=197&amp;quality=85\" width=\"16\"><\/picture><\/div>\n<\/div>\n<p><\/a><a class=\"feed-list-card feed-list-card-last\" href=\"https:\/\/www.infobae.com\/economia\/2026\/09\/02\/las-exportaciones-de-carne-argentina-aportaron-usd-3464-millones-hasta-julio-y-marcaron-un-maximo-en-una-decada\/\"><\/p>\n<div class=\"col1\">\n<h2 class=\"text-align-left vertical-align-top line-height-100 feed-list-card-headline-lean headline\">Las exportaciones de carne argentina aportaron USD 3.464 millones hasta julio y marcaron un m\u00e1ximo en una d\u00e9cada<\/h2>\n<h3 class=\"deck\">El salto del 35% interanual en valor abarc\u00f3 todos los complejos c\u00e1rnicos, con el porcino liderando el crecimiento con un alza del 111% y China, Estados Unidos e Israel entre los principales compradores<\/h3>\n<\/div>\n<div class=\"col2\">\n<div class=\"global-picture\"><picture><source srcset=\"https:\/\/www.infobae.com\/resizer\/v2\/RRHOSNDO5NAIRBBZJQJ2CJKLNE.jpg?auth=536b38f7d415aa12f050176451e8634343d9ab468d509422b5c100634d8056f1&amp;smart=true&amp;width=400&amp;height=225&amp;quality=85\" media=\"(min-width: 1200px)\"><\/source><source srcset=\"https:\/\/www.infobae.com\/resizer\/v2\/RRHOSNDO5NAIRBBZJQJ2CJKLNE.jpg?auth=536b38f7d415aa12f050176451e8634343d9ab468d509422b5c100634d8056f1&amp;smart=true&amp;width=420&amp;height=236&amp;quality=85\" media=\"(min-width: 350px)\"><\/source><source srcset=\"https:\/\/www.infobae.com\/resizer\/v2\/RRHOSNDO5NAIRBBZJQJ2CJKLNE.jpg?auth=536b38f7d415aa12f050176451e8634343d9ab468d509422b5c100634d8056f1&amp;smart=true&amp;width=350&amp;height=197&amp;quality=85\" media=\"(min-width: 80px)\"><\/source><img alt=\"Las exportaciones de carne argentina aportaron USD 3.464 millones hasta julio y marcaron un m\u00e1ximo en una d\u00e9cada\" class=\"global-image feed-list-image\" decoding=\"async\" fetchpriority=\"low\" height=\"9\" loading=\"lazy\" src=\"https:\/\/www.infobae.com\/resizer\/v2\/RRHOSNDO5NAIRBBZJQJ2CJKLNE.jpg?auth=536b38f7d415aa12f050176451e8634343d9ab468d509422b5c100634d8056f1&amp;smart=true&amp;width=350&amp;height=197&amp;quality=85\" width=\"16\"><\/picture><\/div>\n<\/div>\n<p><\/a><\/div>\n<div id=\"fusion-static-exit:f0fyfc7HVnUQbG\" style=\"display:none\" data-fusion-component=\"f0fyfc7HVnUQbG\"><\/div>\n<aside class=\"right-rail-new right-rail-margin-new\">\n<div class=\"right_1_300x600 ad-wrapper dfpAd ad-right ad-text ad-component-container\" style=\"--ad-shell-height:600px;--ad-shell-width:300px\" data-ad-wrapper=\"arcad\" data-ad-type=\"right_1_300x600\" data-ad-slot=\"infobae\/economia\/nota\/right_1_300x600\" data-ad-container=\"dfp\" data-ad-slot-name=\"infobae\/economia\/nota\/right_1_300x600\">\n<p class=\"ad-shell-label\">PUBLICIDAD<\/p>\n<div id=\"infobae\/economia\/nota\/right_1_300x600\" class=\"infobae\/economia\/nota\/right_1_300x600 arcad ad-slot-node ad-slot-node--boxed\" data-ad-slot-id=\"infobae\/economia\/nota\/right_1_300x600\"><\/div>\n<\/div>\n<div class=\"right_2_300x600 ad-wrapper dfpAd ad-right ad-text ad-component-container\" style=\"--ad-shell-height:600px;--ad-shell-width:300px\" data-ad-wrapper=\"arcad\" data-ad-type=\"right_2_300x600\" data-ad-slot=\"infobae\/economia\/nota\/right_2_300x600\" data-ad-container=\"dfp\" data-ad-slot-name=\"infobae\/economia\/nota\/right_2_300x600\">\n<p class=\"ad-shell-label\">PUBLICIDAD<\/p>\n<div id=\"infobae\/economia\/nota\/right_2_300x600\" class=\"infobae\/economia\/nota\/right_2_300x600 arcad ad-slot-node ad-slot-node--boxed\" data-ad-slot-id=\"infobae\/economia\/nota\/right_2_300x600\"><\/div>\n<\/div>\n<div id=\"fusion-static-enter:f0fxG0K8z6Vm8rg\" style=\"display:none\" data-fusion-component=\"f0fxG0K8z6Vm8rg\"><\/div>\n<div class=\"display_flex flex_column latest-feed-container\">\n<div class=\"title-bar chain-child\">\n<div class=\"title-bar-text title-bar-orange\"><a aria-label=\"INFOBAE\" class=\"title-bar-anchor\" href=\"https:\/\/www.infobae.com\/ultimas-noticias\/\" rel=\"noreferrer noopener\"><\/p>\n<h2>Lo \u00daltimo<\/h2>\n<p><span class=\"title-bar-subtitle\">|<\/span><span class=\"title-bar-subtitle\">Argentina<\/span><\/a><\/div>\n<\/div>\n<div class=\"display_flex flex_column latest-feed-special-card-container\">\n<div class=\"display_flex justify_space_between latest-feed-special-content-container\"><a aria-label=\"El Gobierno desestima las cr\u00edticas de Lacunza y apela a una postura previa de Macri para buscar apoyo con la reforma electoral\" class=\"headline-link\" href=\"https:\/\/www.infobae.com\/politica\/2026\/09\/02\/el-gobierno-desestima-las-criticas-de-lacunza-y-apela-a-una-postura-previa-de-macri-para-buscar-apoyo-con-la-reforma-electoral\/\" rel=\"canonical\"><\/p>\n<h3 class=\"text-align-left vertical-align-top line-height-100 headline-latest-feed first-special-card headline\">El Gobierno desestima las cr\u00edticas de Lacunza y apela a una postura previa de Macri para buscar apoyo con la reforma electoral<\/h3>\n<p><\/a><\/p>\n<div class=\"latest-feed-special-card-img-ctn\">\n<div class=\"\"><picture><source srcset=\"https:\/\/www.infobae.com\/resizer\/v2\/OXFUGGVR6FEO5O2LUYNEB52RUI.jpeg?auth=e7be07c4d6fd4c5f661d2b4995fffecf33c55160a42ff9cc2bc5588981f601bb&amp;smart=true&amp;width=80&amp;height=80&amp;quality=85\" media=\"(min-width: 80px)\"><\/source><img alt=\"El Gobierno desestima las cr\u00edticas de Lacunza y apela a una postura previa de Macri para buscar apoyo con la reforma electoral\" class=\"global-image\" decoding=\"async\" fetchpriority=\"low\" height=\"1\" loading=\"lazy\" src=\"https:\/\/www.infobae.com\/resizer\/v2\/OXFUGGVR6FEO5O2LUYNEB52RUI.jpeg?auth=e7be07c4d6fd4c5f661d2b4995fffecf33c55160a42ff9cc2bc5588981f601bb&amp;smart=true&amp;width=80&amp;height=80&amp;quality=85\" width=\"1\"><\/picture><\/div>\n<\/div>\n<\/div>\n<\/div>\n<div class=\"display_flex flex_column justify_space_between latest-feed-articles-container\">\n<div class=\"display_flex flex_column lastest-feed-content\"><a aria-label=\"El secretario de Discapacidad debuta en el Congreso para frenar el intento opositor de prorrogar la Emergencia\" class=\"headline-link latest-feed-card\" href=\"https:\/\/www.infobae.com\/politica\/2026\/09\/02\/el-secretario-de-discapacidad-debuta-en-el-congreso-para-frenar-el-intento-opositor-de-prorrogar-la-emergencia\/\" rel=\"canonical\"><\/p>\n<h3 class=\"text-align-left vertical-align-top line-height-100 headline-latest-feed headline\">El secretario de Discapacidad debuta en el Congreso para frenar el intento opositor de prorrogar la Emergencia<\/h3>\n<p><\/a><\/div>\n<div class=\"latest-feed-column-articles-divider\"><\/div>\n<div class=\"display_flex flex_column lastest-feed-content\"><a aria-label=\"Crecen las tensiones entre LLA y el PRO por CABA: versiones cruzadas sobre la f\u00f3rmula para 2027\" class=\"headline-link latest-feed-card\" href=\"https:\/\/www.infobae.com\/politica\/2026\/09\/02\/crecen-las-tensiones-entre-lla-y-el-pro-por-caba-versiones-cruzadas-sobre-la-formula-para-2027\/\" rel=\"canonical\"><\/p>\n<h3 class=\"text-align-left vertical-align-top line-height-100 headline-latest-feed headline\">Crecen las tensiones entre LLA y el PRO por CABA: versiones cruzadas sobre la f\u00f3rmula para 2027<\/h3>\n<p><\/a><\/div>\n<div class=\"latest-feed-column-articles-divider\"><\/div>\n<div class=\"display_flex flex_column lastest-feed-content\"><a aria-label=\"Senado: el S\u00faper RIGI tendr\u00eda cambios y podr\u00eda regresar a Diputados tras una negociaci\u00f3n entre libertarios y radicales\" class=\"headline-link latest-feed-card\" href=\"https:\/\/www.infobae.com\/politica\/2026\/09\/02\/senado-el-super-rigi-tendria-cambios-y-podria-regresar-a-diputados-tras-una-negociacion-entre-libertarios-y-radicales\/\" rel=\"canonical\"><\/p>\n<h3 class=\"text-align-left vertical-align-top line-height-100 headline-latest-feed headline\">Senado: el S\u00faper RIGI tendr\u00eda cambios y podr\u00eda regresar a Diputados tras una negociaci\u00f3n entre libertarios y radicales<\/h3>\n<p><\/a><\/div>\n<div class=\"latest-feed-column-articles-divider\"><\/div>\n<div class=\"display_flex flex_column lastest-feed-content\"><a aria-label=\"Chubut: el peronismo mira 2027, pero la interna condiciona su armado para disputar la gobernaci\u00f3n\" class=\"headline-link latest-feed-card\" href=\"https:\/\/www.infobae.com\/politica\/2026\/09\/02\/chubut-el-peronismo-mira-2027-pero-la-interna-condiciona-su-armado-para-disputar-la-gobernacion\/\" rel=\"canonical\"><\/p>\n<h3 class=\"text-align-left vertical-align-top line-height-100 headline-latest-feed headline\">Chubut: el peronismo mira 2027, pero la interna condiciona su armado para disputar la gobernaci\u00f3n<\/h3>\n<p><\/a><\/div>\n<div class=\"latest-feed-column-articles-divider\"><\/div>\n<\/div>\n<\/div>\n<div id=\"fusion-static-exit:f0fxG0K8z6Vm8rg\" style=\"display:none\" data-fusion-component=\"f0fxG0K8z6Vm8rg\"><\/div>\n<div class=\"right_3_300x250 ad-wrapper dfpAd ad-right ad-text ad-component-container\" style=\"--ad-shell-height:250px;--ad-shell-width:300px\" data-ad-wrapper=\"arcad\" data-ad-type=\"right_3_300x250\" data-ad-slot=\"infobae\/economia\/nota\/right_3_300x250\" data-ad-container=\"dfp\" data-ad-slot-name=\"infobae\/economia\/nota\/right_3_300x250\">\n<p class=\"ad-shell-label\">PUBLICIDAD<\/p>\n<div id=\"infobae\/economia\/nota\/right_3_300x250\" class=\"infobae\/economia\/nota\/right_3_300x250 arcad ad-slot-node ad-slot-node--boxed\" data-ad-slot-id=\"infobae\/economia\/nota\/right_3_300x250\"><\/div>\n<\/div>\n<div id=\"fusion-static-enter:f0fyqVZbuXuY7qm\" style=\"display:none\" data-fusion-component=\"f0fyqVZbuXuY7qm\"><\/div>\n<div class=\"most-read most-read--marfeel\">\n<div class=\"title-bar chain-child\">\n<div class=\"title-bar-text title-bar-orange\">\n<h2>Te Recomendamos<\/h2>\n<\/div>\n<\/div>\n<div class=\"most-read-skeleton\" aria-hidden=\"true\">\n<div class=\"most-read-card-ctn most-read-card-skeleton\"><span class=\"most-read-skeleton-box most-read-skeleton-number\"><\/span><\/p>\n<div class=\"most-read-skeleton-lines\"><span class=\"most-read-skeleton-box most-read-skeleton-line\"><\/span><span class=\"most-read-skeleton-box most-read-skeleton-line\"><\/span><span class=\"most-read-skeleton-box most-read-skeleton-line\"><\/span><span class=\"most-read-skeleton-box most-read-skeleton-line most-read-skeleton-line--short\"><\/span><\/div>\n<p><span class=\"most-read-skeleton-box most-read-skeleton-img\"><\/span><\/div>\n<div class=\"most-read-card-ctn most-read-card-skeleton\"><span class=\"most-read-skeleton-box most-read-skeleton-number\"><\/span><\/p>\n<div class=\"most-read-skeleton-lines\"><span class=\"most-read-skeleton-box most-read-skeleton-line\"><\/span><span class=\"most-read-skeleton-box most-read-skeleton-line\"><\/span><span class=\"most-read-skeleton-box most-read-skeleton-line\"><\/span><span class=\"most-read-skeleton-box most-read-skeleton-line most-read-skeleton-line--short\"><\/span><\/div>\n<p><span class=\"most-read-skeleton-box most-read-skeleton-img\"><\/span><\/div>\n<div class=\"most-read-card-ctn most-read-card-skeleton\"><span class=\"most-read-skeleton-box most-read-skeleton-number\"><\/span><\/p>\n<div class=\"most-read-skeleton-lines\"><span class=\"most-read-skeleton-box most-read-skeleton-line\"><\/span><span class=\"most-read-skeleton-box most-read-skeleton-line\"><\/span><span class=\"most-read-skeleton-box most-read-skeleton-line\"><\/span><span class=\"most-read-skeleton-box most-read-skeleton-line most-read-skeleton-line--short\"><\/span><\/div>\n<p><span class=\"most-read-skeleton-box most-read-skeleton-img\"><\/span><\/div>\n<div class=\"most-read-card-ctn most-read-card-skeleton\"><span class=\"most-read-skeleton-box most-read-skeleton-number\"><\/span><\/p>\n<div class=\"most-read-skeleton-lines\"><span class=\"most-read-skeleton-box most-read-skeleton-line\"><\/span><span class=\"most-read-skeleton-box most-read-skeleton-line\"><\/span><span class=\"most-read-skeleton-box most-read-skeleton-line\"><\/span><span class=\"most-read-skeleton-box most-read-skeleton-line most-read-skeleton-line--short\"><\/span><\/div>\n<p><span class=\"most-read-skeleton-box most-read-skeleton-img\"><\/span><\/div>\n<div class=\"most-read-card-ctn most-read-card-skeleton\"><span class=\"most-read-skeleton-box most-read-skeleton-number\"><\/span><\/p>\n<div class=\"most-read-skeleton-lines\"><span class=\"most-read-skeleton-box most-read-skeleton-line\"><\/span><span class=\"most-read-skeleton-box most-read-skeleton-line\"><\/span><span class=\"most-read-skeleton-box most-read-skeleton-line\"><\/span><span class=\"most-read-skeleton-box most-read-skeleton-line most-read-skeleton-line--short\"><\/span><\/div>\n<p><span class=\"most-read-skeleton-box most-read-skeleton-img\"><\/span><\/div>\n<\/div>\n<\/div>\n<div id=\"fusion-static-exit:f0fyqVZbuXuY7qm\" style=\"display:none\" data-fusion-component=\"f0fyqVZbuXuY7qm\"><\/div>\n<\/aside>\n<div class=\"default-chain-ctn\">\n<div class=\"default-chain-inner-ctn default-chain-3\">\n<div id=\"fusion-static-enter:0fkXBUy9zm785dU\" style=\"display:none\" data-fusion-component=\"0fkXBUy9zm785dU\"><\/div>\n<div class=\"feed-column-container\"><a aria-label=\"DEPORTES\" href=\"\" class=\"feed-column-heading green\"><\/p>\n<h2 style=\"margin-bottom:0\">DEPORTES<\/h2>\n<p> <svg xmlns=\"http:\/\/www.w3.org\/2000\/svg\" width=\"19\" height=\"19\" fill=\"none\" viewbox=\"0 0 19 19\" class=\"feed-column-icon\"><rect width=\"17\" height=\"17\" x=\"1\" y=\"1.437\" rx=\"8.5\"><\/rect><path fill=\"#F68E01\" d=\"M14.26 9.435c-.323-.325-2.569-2.547-3.371-3.35-.178-.177-.386-.262-.64-.208a.612.612 0 00-.487.463c-.07.247 0 .471.186.664.71.702 2.284 2.276 2.284 2.276H5.156a.655.655 0 100 1.312h7.083s-1.574 1.574-2.284 2.276a.649.649 0 00-.185.664c.07.247.24.401.486.463.255.054.463-.031.64-.209.803-.794 3.372-3.348 3.372-3.348.31-.309.31-.687 0-1.003h-.007z\"><\/path><\/svg><\/a><\/p>\n<div class=\"feed-story-card\">\n<div class=\"feed-column-picture\"><picture><source srcset=\"https:\/\/www.infobae.com\/resizer\/v2\/VNX465RIQ5DBLNMR5QLFUTQSTA.png?auth=0d5c16003a1b759ead428bd62505fb6b8c064ecc39e6dfd619f447cb49342ebc&amp;smart=true&amp;width=420&amp;height=236&amp;quality=85\" media=\"(min-width: 992px)\"><\/source><source srcset=\"https:\/\/www.infobae.com\/resizer\/v2\/VNX465RIQ5DBLNMR5QLFUTQSTA.png?auth=0d5c16003a1b759ead428bd62505fb6b8c064ecc39e6dfd619f447cb49342ebc&amp;smart=true&amp;width=265&amp;height=149&amp;quality=85\" media=\"(min-width: 768px)\"><\/source><source srcset=\"https:\/\/www.infobae.com\/resizer\/v2\/VNX465RIQ5DBLNMR5QLFUTQSTA.png?auth=0d5c16003a1b759ead428bd62505fb6b8c064ecc39e6dfd619f447cb49342ebc&amp;smart=true&amp;width=420&amp;height=236&amp;quality=85\" media=\"(min-width: 520px)\"><\/source><source srcset=\"https:\/\/www.infobae.com\/resizer\/v2\/VNX465RIQ5DBLNMR5QLFUTQSTA.png?auth=0d5c16003a1b759ead428bd62505fb6b8c064ecc39e6dfd619f447cb49342ebc&amp;smart=true&amp;width=350&amp;height=197&amp;quality=85\" media=\"(min-width: 80px)\"><\/source><img alt=\"El emotivo homenaje de Ferrari a Schumacher en el GP de Italia de F1: el gui\u00f1o a Argentina\" class=\"global-image feed-column-image\" decoding=\"async\" fetchpriority=\"low\" height=\"9\" loading=\"lazy\" src=\"https:\/\/www.infobae.com\/resizer\/v2\/VNX465RIQ5DBLNMR5QLFUTQSTA.png?auth=0d5c16003a1b759ead428bd62505fb6b8c064ecc39e6dfd619f447cb49342ebc&amp;smart=true&amp;width=350&amp;height=197&amp;quality=85\" width=\"16\"><\/picture><\/div>\n<div class=\"feed-column-detail-ctn\"><a aria-label=\"El emotivo homenaje de Ferrari a Schumacher en el GP de Italia de F1: el gui\u00f1o a Argentina\" class=\"headline-link\" href=\"https:\/\/www.infobae.com\/deportes\/2026\/09\/02\/el-emotivo-homenaje-de-ferrari-a-schumacher-en-el-gp-de-italia-de-f1-el-guino-a-argentina\/\" rel=\"canonical\"><\/p>\n<h3 class=\"text-align-left vertical-align-top line-height-100 head-story headline\">El emotivo homenaje de Ferrari a Schumacher en el GP de Italia de F1: el gui\u00f1o a Argentina<\/h3>\n<p><\/a><\/div>\n<\/div>\n<div class=\"feed-column-articles-container false\"><a aria-label=\"La frase con la que el Atl\u00e9tico de Madrid busc\u00f3 convencer a Juli\u00e1n \u00c1lvarez de que lo mejor para su carrera fue seguir\" class=\"headline-link feed-column-card\" href=\"https:\/\/www.infobae.com\/deportes\/2026\/09\/02\/la-frase-con-la-que-el-atletico-de-madrid-busco-convencer-a-julian-alvarez-de-que-lo-mejor-para-su-carrera-fue-seguir\/\" rel=\"canonical\"><\/p>\n<h3 class=\"text-align-left vertical-align-top line-height-100 headline-feed-column headline\">La frase con la que el Atl\u00e9tico de Madrid busc\u00f3 convencer a Juli\u00e1n \u00c1lvarez de que lo mejor para su carrera fue seguir<\/h3>\n<p><\/a><\/p>\n<div class=\"feed-column-articles-devider\"><\/div>\n<p><a aria-label=\"Revelaron por qu\u00e9 se cay\u00f3 a \u00faltimo momento el pase de Tagliafico al Atl\u00e9tico de Madrid\" class=\"headline-link feed-column-card\" href=\"https:\/\/www.infobae.com\/deportes\/2026\/09\/02\/revelaron-por-que-se-cayo-a-ultimo-momento-el-pase-de-tagliafico-al-atletico-de-madrid\/\" rel=\"canonical\"><\/p>\n<h3 class=\"text-align-left vertical-align-top line-height-100 headline-feed-column headline\">Revelaron por qu\u00e9 se cay\u00f3 a \u00faltimo momento el pase de Tagliafico al Atl\u00e9tico de Madrid<\/h3>\n<p><\/a><\/p>\n<div class=\"feed-column-articles-devider\"><\/div>\n<p><a aria-label=\"La estrella transg\u00e9nero que quiere jugar en la WNBA e intensific\u00f3 el debate: \u201cNo dir\u00e9 que no\u201d\" class=\"headline-link feed-column-card\" href=\"https:\/\/www.infobae.com\/deportes\/2026\/09\/02\/la-estrella-transgenero-que-quiere-jugar-en-la-wnba-e-intensifico-el-debate-no-dire-que-no\/\" rel=\"canonical\"><\/p>\n<h3 class=\"text-align-left vertical-align-top line-height-100 headline-feed-column headline\">La estrella transg\u00e9nero que quiere jugar en la WNBA e intensific\u00f3 el debate: \u201cNo dir\u00e9 que no\u201d<\/h3>\n<p><\/a><\/p>\n<div class=\"feed-column-articles-devider\"><\/div>\n<p><a aria-label=\"Riquelme, a fondo antes del Boca-V\u00e9lez por Copa Argentina: arbitrajes, refuerzos, La Bombonera y una frase especial sobre Messi\" class=\"headline-link feed-column-card\" href=\"https:\/\/www.infobae.com\/deportes\/2026\/09\/02\/riquelme-a-fondo-antes-del-boca-velez-por-copa-argentina-arbitrajes-refuerzos-la-bombonera-y-una-frase-especial-sobre-messi\/\" rel=\"canonical\"><\/p>\n<h3 class=\"text-align-left vertical-align-top line-height-100 headline-feed-column headline\">Riquelme, a fondo antes del Boca-V\u00e9lez por Copa Argentina: arbitrajes, refuerzos, La Bombonera y una frase especial sobre Messi<\/h3>\n<p><\/a><\/p>\n<div class=\"feed-column-articles-devider\"><\/div>\n<\/div>\n<\/div>\n<div id=\"fusion-static-exit:0fkXBUy9zm785dU\" style=\"display:none\" data-fusion-component=\"0fkXBUy9zm785dU\"><\/div>\n<div id=\"fusion-static-enter:f0fWuGiIPqQV8dQ\" style=\"display:none\" data-fusion-component=\"f0fWuGiIPqQV8dQ\"><\/div>\n<div class=\"feed-column-container\"><a aria-label=\"TELESHOW\" href=\"\" class=\"feed-column-heading red\"><\/p>\n<h2 style=\"margin-bottom:0\">TELESHOW<\/h2>\n<p> <svg xmlns=\"http:\/\/www.w3.org\/2000\/svg\" width=\"19\" height=\"19\" fill=\"none\" viewbox=\"0 0 19 19\" class=\"feed-column-icon\"><rect width=\"17\" height=\"17\" x=\"1\" y=\"1.437\" rx=\"8.5\"><\/rect><path fill=\"#F68E01\" d=\"M14.26 9.435c-.323-.325-2.569-2.547-3.371-3.35-.178-.177-.386-.262-.64-.208a.612.612 0 00-.487.463c-.07.247 0 .471.186.664.71.702 2.284 2.276 2.284 2.276H5.156a.655.655 0 100 1.312h7.083s-1.574 1.574-2.284 2.276a.649.649 0 00-.185.664c.07.247.24.401.486.463.255.054.463-.031.64-.209.803-.794 3.372-3.348 3.372-3.348.31-.309.31-.687 0-1.003h-.007z\"><\/path><\/svg><\/a><\/p>\n<div class=\"feed-story-card\">\n<div class=\"feed-column-picture\"><picture><source srcset=\"https:\/\/www.infobae.com\/resizer\/v2\/3IFXNHEGQJCF5OOUZV5K23PASA.png?auth=09fac3623d5c25155f2af481a06313c1dc4ee2ef15d89819a8f747dba34e4fe1&amp;smart=true&amp;width=420&amp;height=236&amp;quality=85\" media=\"(min-width: 992px)\"><\/source><source srcset=\"https:\/\/www.infobae.com\/resizer\/v2\/3IFXNHEGQJCF5OOUZV5K23PASA.png?auth=09fac3623d5c25155f2af481a06313c1dc4ee2ef15d89819a8f747dba34e4fe1&amp;smart=true&amp;width=265&amp;height=149&amp;quality=85\" media=\"(min-width: 768px)\"><\/source><source srcset=\"https:\/\/www.infobae.com\/resizer\/v2\/3IFXNHEGQJCF5OOUZV5K23PASA.png?auth=09fac3623d5c25155f2af481a06313c1dc4ee2ef15d89819a8f747dba34e4fe1&amp;smart=true&amp;width=420&amp;height=236&amp;quality=85\" media=\"(min-width: 520px)\"><\/source><source srcset=\"https:\/\/www.infobae.com\/resizer\/v2\/3IFXNHEGQJCF5OOUZV5K23PASA.png?auth=09fac3623d5c25155f2af481a06313c1dc4ee2ef15d89819a8f747dba34e4fe1&amp;smart=true&amp;width=350&amp;height=197&amp;quality=85\" media=\"(min-width: 80px)\"><\/source><img alt=\"La divertida confesi\u00f3n de Brenda Gandini a Luisana Lopilato: \u201cMe col\u00e9 a tu cumplea\u00f1os\u201d\" class=\"global-image feed-column-image\" decoding=\"async\" fetchpriority=\"low\" height=\"9\" loading=\"lazy\" src=\"https:\/\/www.infobae.com\/resizer\/v2\/3IFXNHEGQJCF5OOUZV5K23PASA.png?auth=09fac3623d5c25155f2af481a06313c1dc4ee2ef15d89819a8f747dba34e4fe1&amp;smart=true&amp;width=350&amp;height=197&amp;quality=85\" width=\"16\"><\/picture><\/div>\n<div class=\"feed-column-detail-ctn\"><a aria-label=\"La divertida confesi\u00f3n de Brenda Gandini a Luisana Lopilato: \u201cMe col\u00e9 a tu cumplea\u00f1os\u201d\" class=\"headline-link\" href=\"https:\/\/www.infobae.com\/teleshow\/2026\/09\/02\/la-divertida-confesion-de-brenda-gandini-a-luisana-lopilato-me-cole-a-tu-cumpleanos\/\" rel=\"canonical\"><\/p>\n<h3 class=\"text-align-left vertical-align-top line-height-100 head-story headline\">La divertida confesi\u00f3n de Brenda Gandini a Luisana Lopilato: \u201cMe col\u00e9 a tu cumplea\u00f1os\u201d<\/h3>\n<p><\/a><\/div>\n<\/div>\n<div class=\"feed-column-articles-container false\"><a aria-label=\"El emotivo reencuentro de Charlotte Caniggia con Mariana Nannis en Gran Hermano Generaci\u00f3n Dorada: \u201cTra\u00e9 la copa a Marbella\u201d\" class=\"headline-link feed-column-card\" href=\"https:\/\/www.infobae.com\/teleshow\/2026\/09\/02\/el-emotivo-reencuentro-de-charlotte-caniggia-con-mariana-nannis-en-gran-hermano-generacion-dorada-trae-la-copa-a-marbella\/\" rel=\"canonical\"><\/p>\n<h3 class=\"text-align-left vertical-align-top line-height-100 headline-feed-column headline\">El emotivo reencuentro de Charlotte Caniggia con Mariana Nannis en Gran Hermano Generaci\u00f3n Dorada: \u201cTra\u00e9 la copa a Marbella\u201d<\/h3>\n<p><\/a><\/p>\n<div class=\"feed-column-articles-devider\"><\/div>\n<p><a aria-label=\"Camilota rompi\u00f3 el r\u00e9cord de Marcelo Tinelli: cu\u00e1ntos alfajores logr\u00f3 meterse en la boca\" class=\"headline-link feed-column-card\" href=\"https:\/\/www.infobae.com\/teleshow\/2026\/09\/02\/camilota-rompio-el-record-de-marcelo-tinelli-cuantos-alfajores-logro-meterse-en-la-boca\/\" rel=\"canonical\"><\/p>\n<h3 class=\"text-align-left vertical-align-top line-height-100 headline-feed-column headline\">Camilota rompi\u00f3 el r\u00e9cord de Marcelo Tinelli: cu\u00e1ntos alfajores logr\u00f3 meterse en la boca<\/h3>\n<p><\/a><\/p>\n<div class=\"feed-column-articles-devider\"><\/div>\n<p><a aria-label=\"Marta Fort lanz\u00f3 comentarios sexuales sobre Licha Mart\u00ednez: la fuerte indirecta que la esposa del jugador le dedic\u00f3\" class=\"headline-link feed-column-card\" href=\"https:\/\/www.infobae.com\/teleshow\/2026\/09\/02\/martita-fort-lanzo-comentarios-sexuales-sobre-licha-martinez-la-fuerte-indirecta-que-la-esposa-del-jugador-le-dedico\/\" rel=\"canonical\"><\/p>\n<h3 class=\"text-align-left vertical-align-top line-height-100 headline-feed-column headline\">Marta Fort lanz\u00f3 comentarios sexuales sobre Licha Mart\u00ednez: la fuerte indirecta que la esposa del jugador le dedic\u00f3<\/h3>\n<p><\/a><\/p>\n<div class=\"feed-column-articles-devider\"><\/div>\n<p><a aria-label=\"Nora Colosimo, la madre de Wanda Nara, debut\u00f3 como \u201cangelita\u201d en LAM: \u201cVine a hablar de todo\u201d \" class=\"headline-link feed-column-card\" href=\"https:\/\/www.infobae.com\/teleshow\/2026\/09\/02\/nora-colosimo-la-madre-de-wanda-nara-debuto-como-angelita-en-lam-vine-a-hablar-de-todo\/\" rel=\"canonical\"><\/p>\n<h3 class=\"text-align-left vertical-align-top line-height-100 headline-feed-column headline\">Nora Colosimo, la madre de Wanda Nara, debut\u00f3 como \u201cangelita\u201d en LAM: \u201cVine a hablar de todo\u201d <\/h3>\n<p><\/a><\/p>\n<div class=\"feed-column-articles-devider\"><\/div>\n<\/div>\n<\/div>\n<div id=\"fusion-static-exit:f0fWuGiIPqQV8dQ\" style=\"display:none\" data-fusion-component=\"f0fWuGiIPqQV8dQ\"><\/div>\n<div id=\"fusion-static-enter:f0fzsayLRLel5Mc\" style=\"display:none\" data-fusion-component=\"f0fzsayLRLel5Mc\"><\/div>\n<div class=\"feed-column-container\"><a aria-label=\"INFOBAE AM\u00c9RICA\" href=\"https:\/\/www.infobae.com\/america\" class=\"feed-column-heading orange\"><\/p>\n<h2 style=\"margin-bottom:0\">INFOBAE AM\u00c9RICA<\/h2>\n<p> <svg xmlns=\"http:\/\/www.w3.org\/2000\/svg\" width=\"19\" height=\"19\" fill=\"none\" viewbox=\"0 0 19 19\" class=\"feed-column-icon\"><rect width=\"17\" height=\"17\" x=\"1\" y=\"1.437\" rx=\"8.5\"><\/rect><path fill=\"#F68E01\" d=\"M14.26 9.435c-.323-.325-2.569-2.547-3.371-3.35-.178-.177-.386-.262-.64-.208a.612.612 0 00-.487.463c-.07.247 0 .471.186.664.71.702 2.284 2.276 2.284 2.276H5.156a.655.655 0 100 1.312h7.083s-1.574 1.574-2.284 2.276a.649.649 0 00-.185.664c.07.247.24.401.486.463.255.054.463-.031.64-.209.803-.794 3.372-3.348 3.372-3.348.31-.309.31-.687 0-1.003h-.007z\"><\/path><\/svg><\/a><\/p>\n<div class=\"feed-story-card\">\n<div class=\"feed-column-picture\"><picture><source srcset=\"https:\/\/www.infobae.com\/resizer\/v2\/64BAQVF3Q5EP7J5GKCOEV2MXP4.JPG?auth=6f480e05f1c2943fa1595206f67b32b1e7d032888d0fa6a82337ee0f083038fa&amp;smart=true&amp;width=420&amp;height=236&amp;quality=85\" media=\"(min-width: 992px)\"><\/source><source srcset=\"https:\/\/www.infobae.com\/resizer\/v2\/64BAQVF3Q5EP7J5GKCOEV2MXP4.JPG?auth=6f480e05f1c2943fa1595206f67b32b1e7d032888d0fa6a82337ee0f083038fa&amp;smart=true&amp;width=265&amp;height=149&amp;quality=85\" media=\"(min-width: 768px)\"><\/source><source srcset=\"https:\/\/www.infobae.com\/resizer\/v2\/64BAQVF3Q5EP7J5GKCOEV2MXP4.JPG?auth=6f480e05f1c2943fa1595206f67b32b1e7d032888d0fa6a82337ee0f083038fa&amp;smart=true&amp;width=420&amp;height=236&amp;quality=85\" media=\"(min-width: 520px)\"><\/source><source srcset=\"https:\/\/www.infobae.com\/resizer\/v2\/64BAQVF3Q5EP7J5GKCOEV2MXP4.JPG?auth=6f480e05f1c2943fa1595206f67b32b1e7d032888d0fa6a82337ee0f083038fa&amp;smart=true&amp;width=350&amp;height=197&amp;quality=85\" media=\"(min-width: 80px)\"><\/source><img alt=\"Macron visita Reino Unido para reforzar la cooperaci\u00f3n con Burnham y asistir a la hist\u00f3rica exhibici\u00f3n del Tapiz de Bayeux en Londres\" class=\"global-image feed-column-image\" decoding=\"async\" fetchpriority=\"low\" height=\"9\" loading=\"lazy\" src=\"https:\/\/www.infobae.com\/resizer\/v2\/64BAQVF3Q5EP7J5GKCOEV2MXP4.JPG?auth=6f480e05f1c2943fa1595206f67b32b1e7d032888d0fa6a82337ee0f083038fa&amp;smart=true&amp;width=350&amp;height=197&amp;quality=85\" width=\"16\"><\/picture><\/div>\n<div class=\"feed-column-detail-ctn\"><a aria-label=\"Macron visita Reino Unido para reforzar la cooperaci\u00f3n con Burnham y asistir a la hist\u00f3rica exhibici\u00f3n del Tapiz de Bayeux en Londres\" class=\"headline-link\" href=\"https:\/\/www.infobae.com\/america\/mundo\/2026\/09\/02\/macron-visita-reino-unido-para-reforzar-la-cooperacion-con-burnham-y-asistir-a-la-historica-exhibicion-del-tapiz-de-bayeux-en-londres\/\" rel=\"canonical\"><\/p>\n<h3 class=\"text-align-left vertical-align-top line-height-100 head-story headline\">Macron visita Reino Unido para reforzar la cooperaci\u00f3n con Burnham y asistir a la hist\u00f3rica exhibici\u00f3n del Tapiz de Bayeux en Londres<\/h3>\n<p><\/a><\/div>\n<\/div>\n<div class=\"feed-column-articles-container false\"><a aria-label=\"La ONU se prepara para una pol\u00e9mica votaci\u00f3n sobre el programa nuclear de Ir\u00e1n antes de la Asamblea General\" class=\"headline-link feed-column-card\" href=\"https:\/\/www.infobae.com\/america\/mundo\/2026\/09\/02\/la-onu-se-prepara-para-una-polemica-votacion-sobre-el-programa-nuclear-de-iran-antes-de-la-asamblea-general\/\" rel=\"canonical\"><\/p>\n<h3 class=\"text-align-left vertical-align-top line-height-100 headline-feed-column headline\">La ONU se prepara para una pol\u00e9mica votaci\u00f3n sobre el programa nuclear de Ir\u00e1n antes de la Asamblea General<\/h3>\n<p><\/a><\/p>\n<div class=\"feed-column-articles-devider\"><\/div>\n<p><a aria-label=\"El Congreso de Guatemala levanta la sesi\u00f3n y deja sin votaci\u00f3n una exoneraci\u00f3n de combustibles mientras los bloqueos contin\u00faan en once puntos\" class=\"headline-link feed-column-card\" href=\"https:\/\/www.infobae.com\/guatemala\/2026\/09\/02\/el-congreso-de-guatemala-levanta-la-sesion-y-deja-sin-votacion-una-exoneracion-de-combustibles-mientras-los-bloqueos-continuan-en-once-puntos\/\" rel=\"canonical\"><\/p>\n<h3 class=\"text-align-left vertical-align-top line-height-100 headline-feed-column headline\">El Congreso de Guatemala levanta la sesi\u00f3n y deja sin votaci\u00f3n una exoneraci\u00f3n de combustibles mientras los bloqueos contin\u00faan en once puntos<\/h3>\n<p><\/a><\/p>\n<div class=\"feed-column-articles-devider\"><\/div>\n<p><a aria-label=\"Correr, conducir y disparar: el adelanto de GTA VI promete un mundo m\u00e1s humano, pero mantiene la f\u00f3rmula cl\u00e1sica de siempre\" class=\"headline-link feed-column-card\" href=\"https:\/\/www.infobae.com\/cultura\/2026\/09\/02\/correr-conducir-y-disparar-el-adelanto-de-gta-vi-promete-un-mundo-mas-humano-pero-mantiene-la-formula-clasica-de-siempre\/\" rel=\"canonical\"><\/p>\n<h3 class=\"text-align-left vertical-align-top line-height-100 headline-feed-column headline\">Correr, conducir y disparar: el adelanto de GTA VI promete un mundo m\u00e1s humano, pero mantiene la f\u00f3rmula cl\u00e1sica de siempre<\/h3>\n<p><\/a><\/p>\n<div class=\"feed-column-articles-devider\"><\/div>\n<p><a aria-label=\"Gobierno paname\u00f1o aprueba presupuesto del Canal con ingresos proyectados por $5,555.3 millones para el 2027\" class=\"headline-link feed-column-card\" href=\"https:\/\/www.infobae.com\/panama\/2026\/09\/02\/gobierno-panameno-aprueba-presupuesto-del-canal-con-ingresos-proyectados-por-55553-millones-para-el-2027\/\" rel=\"canonical\"><\/p>\n<h3 class=\"text-align-left vertical-align-top line-height-100 headline-feed-column headline\">Gobierno paname\u00f1o aprueba presupuesto del Canal con ingresos proyectados por $5,555.3 millones para el 2027<\/h3>\n<p><\/a><\/p>\n<div class=\"feed-column-articles-devider\"><\/div>\n<\/div>\n<\/div>\n<div id=\"fusion-static-exit:f0fzsayLRLel5Mc\" style=\"display:none\" data-fusion-component=\"f0fzsayLRLel5Mc\"><\/div>\n<\/div>\n<\/div>\n","protected":false},"excerpt":{"rendered":"<p>02 Sep, 2026 01:55 a. m. EST Guardar Luego de que no se lograra un acuerdo entre sindicatos y empresarios, el Gobierno nacional oficializ\u00f3 una nueva actualizaci\u00f3n del Salario M\u00ednimo, Vital y M\u00f3vil (SMVM). El aumento del piso salarial comenz\u00f3 a regir desde el 1 de septiembre y, adem\u00e1s, ya se establecieron cu\u00e1les ser\u00e1n las [&hellip;]<\/p>\n","protected":false},"author":1,"featured_media":21794,"comment_status":"open","ping_status":"open","sticky":false,"template":"","format":"standard","meta":{"footnotes":""},"categories":[1],"tags":[],"class_list":["post-24643","post","type-post","status-publish","format-standard","has-post-thumbnail","hentry","category-uncategorized"],"_links":{"self":[{"href":"https:\/\/cliente1.publisher.highstack.com.ar\/index.php?rest_route=\/wp\/v2\/posts\/24643","targetHints":{"allow":["GET"]}}],"collection":[{"href":"https:\/\/cliente1.publisher.highstack.com.ar\/index.php?rest_route=\/wp\/v2\/posts"}],"about":[{"href":"https:\/\/cliente1.publisher.highstack.com.ar\/index.php?rest_route=\/wp\/v2\/types\/post"}],"author":[{"embeddable":true,"href":"https:\/\/cliente1.publisher.highstack.com.ar\/index.php?rest_route=\/wp\/v2\/users\/1"}],"replies":[{"embeddable":true,"href":"https:\/\/cliente1.publisher.highstack.com.ar\/index.php?rest_route=%2Fwp%2Fv2%2Fcomments&post=24643"}],"version-history":[{"count":0,"href":"https:\/\/cliente1.publisher.highstack.com.ar\/index.php?rest_route=\/wp\/v2\/posts\/24643\/revisions"}],"wp:featuredmedia":[{"embeddable":true,"href":"https:\/\/cliente1.publisher.highstack.com.ar\/index.php?rest_route=\/wp\/v2\/media\/21794"}],"wp:attachment":[{"href":"https:\/\/cliente1.publisher.highstack.com.ar\/index.php?rest_route=%2Fwp%2Fv2%2Fmedia&parent=24643"}],"wp:term":[{"taxonomy":"category","embeddable":true,"href":"https:\/\/cliente1.publisher.highstack.com.ar\/index.php?rest_route=%2Fwp%2Fv2%2Fcategories&post=24643"},{"taxonomy":"post_tag","embeddable":true,"href":"https:\/\/cliente1.publisher.highstack.com.ar\/index.php?rest_route=%2Fwp%2Fv2%2Ftags&post=24643"}],"curies":[{"name":"wp","href":"https:\/\/api.w.org\/{rel}","templated":true}]}}