{"id":24638,"date":"2026-09-01T23:55:19","date_gmt":"2026-09-02T02:55:19","guid":{"rendered":"https:\/\/cliente1.publisher.highstack.com.ar\/?p=24638"},"modified":"2026-09-01T23:55:19","modified_gmt":"2026-09-02T02:55:19","slug":"fuerte-choque-entre-dos-autos-en-parana-una-mujer-fue-hospitalizada","status":"publish","type":"post","link":"https:\/\/cliente1.publisher.highstack.com.ar\/?p=24638","title":{"rendered":"Fuerte choque entre dos autos en Paran\u00e1: una mujer fue hospitalizada"},"content":{"rendered":"<p><\/p>\n<div>\n<p>Un <b>fuerte choque entre dos autos en Paran\u00e1<\/b> se registr\u00f3 este martes por la noche en la intersecci\u00f3n de calles Salta y Nogoy\u00e1. El siniestro vial involucr\u00f3 a un Peugeot 307 y un Peugeot 408 y, como consecuencia del impacto, una mujer debi\u00f3 ser asistida y trasladada en ambulancia. <\/p>\n<p><!-- is a <br \/>--><\/p>\n<p>\u00a0<\/p>\n<p><!-- is a <br \/>--><\/p>\n<p><!-- is a object --><br \/>\n<!-- embed start --><\/p>\n<figure class=\"embed\">\n<p>    <img decoding=\"async\" src=\"https:\/\/elonce-media.elonce.com\/fotos\/2026\/09\/01\/e_1788314204_47692.webp\" loading=\"lazy\" width=\"600\" height=\"400\" alt=\"\"\/><\/p>\n<\/figure>\n<p><!-- embed end --><br \/>\n<!-- end object --><\/p>\n<p>\u00a0<\/p>\n<p><!-- is a <br \/>--><\/p>\n<p>Seg\u00fan los primeros datos recabados en el lugar, el Peugeot 307 circulaba en sentido sur-norte cuando atravesaba la intersecci\u00f3n con calle Nogoy\u00e1 y, por circunstancias que deber\u00e1n establecerse, se produjo la colisi\u00f3n con el Peugeot 408, que era conducido por una mujer. <\/p>\n<p><!-- is a <br \/>--><\/p>\n<p>\u00a0<\/p>\n<p><!-- is a <br \/>--><\/p>\n<p><!-- is a object --><br \/>\n<!-- embed start --><!-- embed end --><br \/>\n<!-- end object --><\/p>\n<p>\u00a0<\/p>\n<p><!-- is a <br \/>--><\/p>\n<p>Tras el fuerte impacto, la conductora del Peugeot 408 recibi\u00f3 asistencia en el lugar y posteriormente fue trasladada en ambulancia debido a que presentaba un estado de shock. Hasta el momento no se inform\u00f3 que hubiera sufrido lesiones de gravedad. <\/p>\n<p><!-- is a <br \/>--><\/p>\n<p>\u00a0<\/p>\n<p><!-- is a <br \/>--><\/p>\n<p><!-- is a object --><br \/>\n<!-- embed start --><\/p>\n<figure class=\"embed\">\n<p>    <img decoding=\"async\" src=\"https:\/\/elonce-media.elonce.com\/fotos\/2026\/09\/01\/e_1788314204_40511.webp\" loading=\"lazy\" width=\"600\" height=\"400\" alt=\"\"\/><\/p>\n<\/figure>\n<p><!-- embed end --><br \/>\n<!-- end object --><\/p>\n<p>\u00a0<\/p>\n<p><!-- is a <br \/>--><\/p>\n<p><!-- is a object --><\/p>\n<h2>Un hombre viajaba junto a sus dos hijos<\/h2>\n<p><!-- end object --><\/p>\n<p>\u00a0<\/p>\n<p><!-- is a <br \/>--><\/p>\n<p>En el Peugeot 307 se trasladaban tres personas: el conductor y sus dos hijos. De acuerdo con la informaci\u00f3n conocida tras el accidente, los tres se encontraban en buen estado de salud y no necesitaron ser derivados a un centro asistencial. <\/p>\n<p><!-- is a <br \/>--><\/p>\n<p>\u00a0<\/p>\n<p><!-- is a <br \/>--><\/p>\n<p><!-- is a object --><br \/>\n<!-- embed start --><\/p>\n<figure class=\"embed\">\n<p>    <img decoding=\"async\" src=\"https:\/\/elonce-media.elonce.com\/fotos\/2026\/09\/01\/e_1788314204_88444.webp\" loading=\"lazy\" width=\"600\" height=\"400\" alt=\"\"\/><\/p>\n<\/figure>\n<p><!-- embed end --><br \/>\n<!-- end object --><\/p>\n<p>\u00a0<\/p>\n<p><!-- is a <br \/>--><\/p>\n<p>El choque gener\u00f3 un importante despliegue en la intersecci\u00f3n durante la noche, mientras se realizaban las tareas correspondientes para asistir a las personas involucradas y establecer las circunstancias en las que ocurri\u00f3 el siniestro. <\/p>\n<p><!-- is a <br \/>--><\/p>\n<p>\u00a0<\/p>\n<p><!-- is a <br \/>--><\/p>\n<p><!-- is a object --><br \/>\n<!-- embed start --><!-- embed end --><br \/>\n<!-- end object --><\/p>\n<p><!-- is a object --><br \/>\n<!-- embed start --><\/p>\n<figure class=\"embed\">\n<p>    <img decoding=\"async\" src=\"https:\/\/elonce-media.elonce.com\/fotos\/2026\/09\/01\/e_1788314204_8337.webp\" loading=\"lazy\" width=\"600\" height=\"400\" alt=\"\"\/><\/p>\n<\/figure>\n<p><!-- embed end --><br \/>\n<!-- end object --><\/p>\n<p>\u00a0<\/p>\n<p><!-- is a <br \/>--><\/p>\n<p>En el lugar intervino personal de la <b>Comisar\u00eda Octava de la Polic\u00eda de Entre R\u00edos<\/b>, que llev\u00f3 adelante las actuaciones de rigor. Las circunstancias precisas que derivaron en la colisi\u00f3n entre ambos veh\u00edculos quedaron sujetas a las actuaciones correspondientes. <\/p>\n<p><!-- is a <br \/>--><\/p>\n<p>\u00a0<\/p>\n<p><!-- is a <br \/>--><\/p>\n<p><!-- is a object --><br \/>\n<!-- embed start --><!-- embed end --><br \/>\n<!-- end object --><\/p>\n<p><!-- is a object --><br \/>\n<!-- embed start --><\/p>\n<div class=\"embed embed-video\">\n<p>\n            <iframe loading=\"lazy\" title=\"Fuerte choque entre dos autos en la esquina de Salta y Nogoy\u00e1\" width=\"500\" height=\"281\" src=\"https:\/\/www.youtube.com\/embed\/6ZwKBiSDP8w?feature=oembed\" frameborder=\"0\" allow=\"accelerometer; autoplay; clipboard-write; encrypted-media; gyroscope; picture-in-picture; web-share\" referrerpolicy=\"strict-origin-when-cross-origin\" allowfullscreen><\/iframe>\n        <\/p>\n<p>\n                <span>Fuerte choque entre dos autos en la esquina de Salta y Nogoy\u00e1<\/span>\n            <\/p>\n<\/p><\/div>\n<p><!-- embed end --><br \/>\n<!-- end object --><\/p><\/div>\n","protected":false},"excerpt":{"rendered":"<p>Un fuerte choque entre dos autos en Paran\u00e1 se registr\u00f3 este martes por la noche en la intersecci\u00f3n de calles Salta y Nogoy\u00e1. El siniestro vial involucr\u00f3 a un Peugeot 307 y un Peugeot 408 y, como consecuencia del impacto, una mujer debi\u00f3 ser asistida y trasladada en ambulancia. \u00a0 \u00a0 Seg\u00fan los primeros datos [&hellip;]<\/p>\n","protected":false},"author":1,"featured_media":24639,"comment_status":"open","ping_status":"open","sticky":false,"template":"","format":"standard","meta":{"footnotes":""},"categories":[1],"tags":[],"class_list":["post-24638","post","type-post","status-publish","format-standard","has-post-thumbnail","hentry","category-uncategorized"],"_links":{"self":[{"href":"https:\/\/cliente1.publisher.highstack.com.ar\/index.php?rest_route=\/wp\/v2\/posts\/24638","targetHints":{"allow":["GET"]}}],"collection":[{"href":"https:\/\/cliente1.publisher.highstack.com.ar\/index.php?rest_route=\/wp\/v2\/posts"}],"about":[{"href":"https:\/\/cliente1.publisher.highstack.com.ar\/index.php?rest_route=\/wp\/v2\/types\/post"}],"author":[{"embeddable":true,"href":"https:\/\/cliente1.publisher.highstack.com.ar\/index.php?rest_route=\/wp\/v2\/users\/1"}],"replies":[{"embeddable":true,"href":"https:\/\/cliente1.publisher.highstack.com.ar\/index.php?rest_route=%2Fwp%2Fv2%2Fcomments&post=24638"}],"version-history":[{"count":0,"href":"https:\/\/cliente1.publisher.highstack.com.ar\/index.php?rest_route=\/wp\/v2\/posts\/24638\/revisions"}],"wp:featuredmedia":[{"embeddable":true,"href":"https:\/\/cliente1.publisher.highstack.com.ar\/index.php?rest_route=\/wp\/v2\/media\/24639"}],"wp:attachment":[{"href":"https:\/\/cliente1.publisher.highstack.com.ar\/index.php?rest_route=%2Fwp%2Fv2%2Fmedia&parent=24638"}],"wp:term":[{"taxonomy":"category","embeddable":true,"href":"https:\/\/cliente1.publisher.highstack.com.ar\/index.php?rest_route=%2Fwp%2Fv2%2Fcategories&post=24638"},{"taxonomy":"post_tag","embeddable":true,"href":"https:\/\/cliente1.publisher.highstack.com.ar\/index.php?rest_route=%2Fwp%2Fv2%2Ftags&post=24638"}],"curies":[{"name":"wp","href":"https:\/\/api.w.org\/{rel}","templated":true}]}}