{"id":24630,"date":"2026-09-01T22:09:57","date_gmt":"2026-09-02T01:09:57","guid":{"rendered":"https:\/\/cliente1.publisher.highstack.com.ar\/?p=24630"},"modified":"2026-09-01T22:09:57","modified_gmt":"2026-09-02T01:09:57","slug":"un-joven-apunalo-en-un-ojo-a-una-estudiante-en-la-facultad-de-medicina-de-uruguay","status":"publish","type":"post","link":"https:\/\/cliente1.publisher.highstack.com.ar\/?p=24630","title":{"rendered":"Un joven apu\u00f1al\u00f3 en un ojo a una estudiante en la Facultad de Medicina de Uruguay"},"content":{"rendered":"<p><\/p>\n<div>\n<p><b>Una estudiante fue atacada con un cuchillo este martes durante una clase en un anexo de la Facultad de Medicina, en Montevideo, Uruguay<\/b>. El episodio ocurri\u00f3 en el tercer piso del edificio ubicado sobre la calle Jos\u00e9 L. Terra y termin\u00f3 con la detenci\u00f3n del agresor dentro de la instituci\u00f3n. <\/p>\n<p><!-- is a <br \/>--><\/p>\n<p><!-- is a object --><br \/>\n<!-- embed start --><!-- embed end --><br \/>\n<!-- end object --><\/p>\n<p>De acuerdo con <i>MDZ<\/i>, el joven irrumpi\u00f3 en el sal\u00f3n y le provoc\u00f3 una herida en un ojo y otras lesiones en el cuerpo. Tambi\u00e9n se inform\u00f3 que la v\u00edctima sufri\u00f3 la fractura de un brazo. <\/p>\n<p><!-- is a <br \/>--><\/p>\n<p><!-- is a object --><br \/>\n<!-- embed start --><!-- embed end --><br \/>\n<!-- end object --><\/p>\n<p>\u00a0<\/p>\n<p><!-- is a <br \/>--><\/p>\n<p>Tras la agresi\u00f3n, las instalaciones fueron evacuadas y <b>la Facultad de Medicina suspendi\u00f3 las clases en ambas sedes hasta el mi\u00e9rcoles<\/b>. El detenido qued\u00f3 a disposici\u00f3n de la Justicia, mientras se investigan las circunstancias del ataque. <\/p>\n<p><!-- is a <br \/>--><\/p>\n<p><!-- is a object --><br \/>\n<!-- embed start --><!-- embed end --><br \/>\n<!-- end object --><\/p>\n<p><!-- is a object --><\/p>\n<h3>Una testigo alert\u00f3 a la Polic\u00eda y un trabajador intervino<\/h3>\n<p><!-- end object --><\/p>\n<p>\u00a0<\/p>\n<p><!-- is a <br \/>--><\/p>\n<p>Una estudiante que presenci\u00f3 el episodio relat\u00f3 que estaba dentro de un sal\u00f3n cuando escuch\u00f3 un <b>\u201cfuerte grito\u201d<\/b>. Al acercarse a una ventana, vio a dos personas corriendo y luego observ\u00f3 al agresor sobre la v\u00edctima, a quien atacaba con un cuchillo de gran tama\u00f1o. <\/p>\n<p><!-- is a <br \/>--><\/p>\n<p><!-- is a object --><br \/>\n<!-- embed start --><!-- embed end --><br \/>\n<!-- end object --><\/p>\n<p><!-- is a object --><br \/>\n<!-- embed start --><!-- embed end --><br \/>\n<!-- end object --><\/p>\n<p>La testigo llam\u00f3 a la Polic\u00eda para pedir ayuda. Seg\u00fan su relato, <b>un empleado de limpieza intervino y logr\u00f3 frenar parcialmente al atacante<\/b> antes de que llegaran los efectivos. <\/p>\n<p><!-- is a <br \/>--><\/p>\n<p><!-- is a object --><br \/>\n<!-- embed start --><!-- embed end --><br \/>\n<!-- end object --><\/p>\n<p>Los polic\u00edas redujeron al joven y lo detuvieron en el establecimiento. No cursar\u00eda la misma carrera que la v\u00edctima, public\u00f3 <i>MDZ<\/i>.  <\/p>\n<p><!-- is a <br \/>--><\/p>\n<p>\u00a0<\/p>\n<p><!-- is a <br \/>--><\/p>\n<p><!-- is a object --><\/p>\n<h3>Investigan los antecedentes y las amenazas se\u00f1aladas por testigos<\/h3>\n<p><!-- end object --><\/p>\n<p>\u00a0<\/p>\n<p><!-- is a <br \/>--><\/p>\n<p>La estudiante que dio su testimonio sostuvo que el agresor hab\u00eda estado <b>\u201cobsesionado\u201d<\/b> con la v\u00edctima desde principios de a\u00f1o. Tambi\u00e9n asegur\u00f3 que, con el paso de los meses, habr\u00eda manifestado intenciones de cometer un femicidio. <\/p>\n<p><!-- is a <br \/>--><\/p>\n<p><!-- is a object --><br \/>\n<!-- embed start --><!-- embed end --><br \/>\n<!-- end object --><\/p>\n<p>Otros testimonios se\u00f1alaron que, despu\u00e9s de ser reducido, el detenido habr\u00eda expresado estar <b>\u201corgulloso\u201d<\/b> de lo ocurrido. Estas afirmaciones forman parte de los relatos recogidos tras la agresi\u00f3n y deber\u00e1n ser contrastadas durante la investigaci\u00f3n. <\/p>\n<p><!-- is a <br \/>--><\/p>\n<p><!-- is a object --><br \/>\n<!-- embed start --><!-- embed end --><br \/>\n<!-- end object --><\/p>\n<p><!-- is a object --><br \/>\n<!-- embed start --><!-- embed end --><br \/>\n<!-- end object --><\/p>\n<p>La joven se encuentra <b>\u201cfuera de peligro\u201d<\/b>, seg\u00fan confirm\u00f3 el decano de la instituci\u00f3n, <b>Arturo Briva<\/b>, en di\u00e1logo con medios locales.  <\/p>\n<p><!-- is a <br \/>--><\/p>\n<p>\u00a0<\/p>\n<p><!-- is a <br \/>--><\/p>\n<p>La pesquisa deber\u00e1 esclarecer el v\u00ednculo entre ambos y determinar si existieron amenazas u otros antecedentes antes del ataque. En la informaci\u00f3n aportada no se precis\u00f3 el estado de salud posterior de la estudiante. <\/p>\n<p><!-- is a <br \/>--><\/p>\n<p><!-- is a object --><br \/>\n<!-- embed start --><!-- embed end --><br \/>\n<!-- end object --><\/p><\/div>\n","protected":false},"excerpt":{"rendered":"<p>Una estudiante fue atacada con un cuchillo este martes durante una clase en un anexo de la Facultad de Medicina, en Montevideo, Uruguay. El episodio ocurri\u00f3 en el tercer piso del edificio ubicado sobre la calle Jos\u00e9 L. Terra y termin\u00f3 con la detenci\u00f3n del agresor dentro de la instituci\u00f3n. De acuerdo con MDZ, el [&hellip;]<\/p>\n","protected":false},"author":1,"featured_media":24631,"comment_status":"open","ping_status":"open","sticky":false,"template":"","format":"standard","meta":{"footnotes":""},"categories":[1],"tags":[],"class_list":["post-24630","post","type-post","status-publish","format-standard","has-post-thumbnail","hentry","category-uncategorized"],"_links":{"self":[{"href":"https:\/\/cliente1.publisher.highstack.com.ar\/index.php?rest_route=\/wp\/v2\/posts\/24630","targetHints":{"allow":["GET"]}}],"collection":[{"href":"https:\/\/cliente1.publisher.highstack.com.ar\/index.php?rest_route=\/wp\/v2\/posts"}],"about":[{"href":"https:\/\/cliente1.publisher.highstack.com.ar\/index.php?rest_route=\/wp\/v2\/types\/post"}],"author":[{"embeddable":true,"href":"https:\/\/cliente1.publisher.highstack.com.ar\/index.php?rest_route=\/wp\/v2\/users\/1"}],"replies":[{"embeddable":true,"href":"https:\/\/cliente1.publisher.highstack.com.ar\/index.php?rest_route=%2Fwp%2Fv2%2Fcomments&post=24630"}],"version-history":[{"count":0,"href":"https:\/\/cliente1.publisher.highstack.com.ar\/index.php?rest_route=\/wp\/v2\/posts\/24630\/revisions"}],"wp:featuredmedia":[{"embeddable":true,"href":"https:\/\/cliente1.publisher.highstack.com.ar\/index.php?rest_route=\/wp\/v2\/media\/24631"}],"wp:attachment":[{"href":"https:\/\/cliente1.publisher.highstack.com.ar\/index.php?rest_route=%2Fwp%2Fv2%2Fmedia&parent=24630"}],"wp:term":[{"taxonomy":"category","embeddable":true,"href":"https:\/\/cliente1.publisher.highstack.com.ar\/index.php?rest_route=%2Fwp%2Fv2%2Fcategories&post=24630"},{"taxonomy":"post_tag","embeddable":true,"href":"https:\/\/cliente1.publisher.highstack.com.ar\/index.php?rest_route=%2Fwp%2Fv2%2Ftags&post=24630"}],"curies":[{"name":"wp","href":"https:\/\/api.w.org\/{rel}","templated":true}]}}