{"id":24620,"date":"2026-09-01T19:35:03","date_gmt":"2026-09-01T22:35:03","guid":{"rendered":"https:\/\/cliente1.publisher.highstack.com.ar\/?p=24620"},"modified":"2026-09-01T19:35:03","modified_gmt":"2026-09-01T22:35:03","slug":"el-joven-que-choco-y-mato-a-un-ex-policia-en-avenida-circunvalacion-de-parana-seguira-bajo-arresto","status":"publish","type":"post","link":"https:\/\/cliente1.publisher.highstack.com.ar\/?p=24620","title":{"rendered":"El joven que choc\u00f3 y mat\u00f3 a un ex polic\u00eda en avenida Circunvalaci\u00f3n de Paran\u00e1 seguir\u00e1 bajo arresto"},"content":{"rendered":"<p><\/p>\n<div class=\"body-noticia clearfix text-formatted field field--name-body field--type-text-with-summary field--label-hidden field__item\">\n<p>Agust\u00edn Ezequiel Alba, el chofer de 24 a\u00f1os imputado por el choque fatal en el que muri\u00f3 el ex polic\u00eda Roberto Daniel Galv\u00e1n de 52, continuar\u00e1 en prisi\u00f3n domiciliaria durante 45 d\u00edas m\u00e1s. As\u00ed lo resolvi\u00f3 el juez de Garant\u00edas de Paran\u00e1, Elvio Garz\u00f3n, tras avalar el acuerdo alcanzado entre la fiscal\u00eda, las querellas y la defensa.<\/p>\n<p>El hecho ocurri\u00f3 el pasado 18 de julio a las 6:15 en el puente sobre calle Blas Parera, en la Avenida Circunvalaci\u00f3n Jos\u00e9 Hern\u00e1ndez. Seg\u00fan la acusaci\u00f3n, Alba conduc\u00eda alcoholizado un Toyota Yaris cuando embisti\u00f3 desde atr\u00e1s a la moto Honda Storm 125 en la que se desplazaba Galv\u00e1n, quien falleci\u00f3 en el acto. Actualmente, el joven enfrenta cargos por homicidio doloso agravado.<\/p>\n<p>En la audiencia, el fiscal Juan Manuel Pereyra argument\u00f3 que persiste el peligro de entorpecimiento de la causa, postura respaldada por los abogados querellantes, quienes a\u00f1adieron que se mantiene el riesgo de fuga.<\/p>\n<p>Alba est\u00e1 cumpliendo arresto preventivo domiciliario desde el momento de siniestro. La medida de coerci\u00f3n se est\u00e1 ejecutando en su casa, supo<em> Ahora<\/em>.<\/p>\n<p>La acusaci\u00f3n privada tiene varios representantes: Dami\u00e1n Petenatti (en representaci\u00f3n de dos hijas mayores de Galv\u00e1n) y los abogados Nicol\u00e1s Kaiser y Joaqu\u00edm Ivanovich (por por parte de los hijos menores). El polic\u00eda retirado era oriundo de Alcaraz, departamento La Paz, pero hace tiempo trabajaba como sereno en Paran\u00e1.<\/p>\n<p>Seg\u00fan qued\u00f3 plasmado en el recinto, resta evaluar el resultado toxicol\u00f3gico realizado al imputado el pasado 31 de agosto y la pericia definitiva de accidentolog\u00eda vial, demorada debido a los severos da\u00f1os que sufri\u00f3 el autom\u00f3vil.<\/p>\n<p>La fiscal\u00eda adelant\u00f3 que la calificaci\u00f3n legal de la causa podr\u00eda modificarse una vez que se completen y analicen los informes t\u00e9cnicos pendientes. En la actualidad es Homicidio Culposo que contempla una pena de 2 a 6 a\u00f1os de c\u00e1rcel.<\/p>\n<p>Los defensores Naim Chemez y Gonzalo Meglio aceptaron la pr\u00f3rroga remarcando el estricto cumplimiento de su asistido durante el primer periodo de arresto. Aclararon que el acuerdo no implica admisi\u00f3n de culpabilidad y adelantaron que buscar\u00e1n atenuar las medidas cautelares si el proceso mantiene la misma conducta.<\/p>\n<p>\u00a0<\/p>\n<p>Fuente: Ahora.<\/p>\n<\/div>\n","protected":false},"excerpt":{"rendered":"<p>Agust\u00edn Ezequiel Alba, el chofer de 24 a\u00f1os imputado por el choque fatal en el que muri\u00f3 el ex polic\u00eda Roberto Daniel Galv\u00e1n de 52, continuar\u00e1 en prisi\u00f3n domiciliaria durante 45 d\u00edas m\u00e1s. As\u00ed lo resolvi\u00f3 el juez de Garant\u00edas de Paran\u00e1, Elvio Garz\u00f3n, tras avalar el acuerdo alcanzado entre la fiscal\u00eda, las querellas y [&hellip;]<\/p>\n","protected":false},"author":1,"featured_media":24621,"comment_status":"open","ping_status":"open","sticky":false,"template":"","format":"standard","meta":{"footnotes":""},"categories":[1],"tags":[],"class_list":["post-24620","post","type-post","status-publish","format-standard","has-post-thumbnail","hentry","category-uncategorized"],"_links":{"self":[{"href":"https:\/\/cliente1.publisher.highstack.com.ar\/index.php?rest_route=\/wp\/v2\/posts\/24620","targetHints":{"allow":["GET"]}}],"collection":[{"href":"https:\/\/cliente1.publisher.highstack.com.ar\/index.php?rest_route=\/wp\/v2\/posts"}],"about":[{"href":"https:\/\/cliente1.publisher.highstack.com.ar\/index.php?rest_route=\/wp\/v2\/types\/post"}],"author":[{"embeddable":true,"href":"https:\/\/cliente1.publisher.highstack.com.ar\/index.php?rest_route=\/wp\/v2\/users\/1"}],"replies":[{"embeddable":true,"href":"https:\/\/cliente1.publisher.highstack.com.ar\/index.php?rest_route=%2Fwp%2Fv2%2Fcomments&post=24620"}],"version-history":[{"count":0,"href":"https:\/\/cliente1.publisher.highstack.com.ar\/index.php?rest_route=\/wp\/v2\/posts\/24620\/revisions"}],"wp:featuredmedia":[{"embeddable":true,"href":"https:\/\/cliente1.publisher.highstack.com.ar\/index.php?rest_route=\/wp\/v2\/media\/24621"}],"wp:attachment":[{"href":"https:\/\/cliente1.publisher.highstack.com.ar\/index.php?rest_route=%2Fwp%2Fv2%2Fmedia&parent=24620"}],"wp:term":[{"taxonomy":"category","embeddable":true,"href":"https:\/\/cliente1.publisher.highstack.com.ar\/index.php?rest_route=%2Fwp%2Fv2%2Fcategories&post=24620"},{"taxonomy":"post_tag","embeddable":true,"href":"https:\/\/cliente1.publisher.highstack.com.ar\/index.php?rest_route=%2Fwp%2Fv2%2Ftags&post=24620"}],"curies":[{"name":"wp","href":"https:\/\/api.w.org\/{rel}","templated":true}]}}