{"id":24614,"date":"2026-09-01T18:33:41","date_gmt":"2026-09-01T21:33:41","guid":{"rendered":"https:\/\/cliente1.publisher.highstack.com.ar\/?p=24614"},"modified":"2026-09-01T18:33:41","modified_gmt":"2026-09-01T21:33:41","slug":"alemania-responsabilizo-a-rusia-por-el-dron-explosivo-hallado-en-leipzig-y-anuncio-represalias","status":"publish","type":"post","link":"https:\/\/cliente1.publisher.highstack.com.ar\/?p=24614","title":{"rendered":"Alemania responsabiliz\u00f3 a Rusia por el dron explosivo hallado en Leipzig y anunci\u00f3 represalias"},"content":{"rendered":"<div id=\"\">\n<p id=\"p-1788293618767-53210\">\u201c<strong>Rusia es responsable del ataque h\u00edbrido del 4 de agosto en Leipzig<\/strong>\u201d, afirm\u00f3 el ministro del Interior alem\u00e1n, <strong>Alexander Dobrindt<\/strong>, durante una conferencia de prensa en Berl\u00edn junto con el canciller <strong>Johann Wadephul<\/strong>. La administraci\u00f3n alemana considera que el episodio forma parte de una sucesi\u00f3n de amenazas h\u00edbridas, sabotajes y operaciones con drones contra el pa\u00eds. El propio Gobierno alem\u00e1n inform\u00f3 sobre el hallazgo del artefacto explosivo.<\/p>\n<\/div>\n<div id=\"\">\n<p id=\"p-1788293618767-84679\"> Entre las represalias anunciadas se encuentra el <strong>cierre del consulado general ruso en Bonn<\/strong>, previsto para el viernes 18 de septiembre. Tambi\u00e9n se rescindir\u00e1 el contrato con la <strong>Casa de Rusia en Berl\u00edn<\/strong>, mientras que el embajador de Mosc\u00fa ser\u00e1 citado para recibir una protesta formal.<\/p>\n<\/div>\n<div id=\"\">\n<p id=\"p-1788293618767-20641\">Dobrindt explic\u00f3 que los componentes encontrados coinciden con los utilizados en otras operaciones contra intereses ucranianos. Seg\u00fan se\u00f1al\u00f3, el armado del dispositivo evidenci\u00f3 conocimientos t\u00e9cnicos y un grado de profesionalismo que las autoridades alemanas vinculan con antecedentes atribuidos a Rusia.<\/p>\n<\/div>\n<div id=\"\">\n<p id=\"p-1788293618767-52012\">El ministro sostuvo que Alemania \u201cno est\u00e1 en guerra\u201d, pero advirti\u00f3 que se convirti\u00f3 en un blanco cotidiano de acciones h\u00edbridas. En paralelo, Wadephul adelant\u00f3 que Berl\u00edn impulsar\u00e1 ante la <strong>Uni\u00f3n Europea<\/strong> nuevas sanciones contra ciudadanos rusos presuntamente involucrados en estas operaciones y reclamar\u00e1 controles fronterizos m\u00e1s estrictos.<\/p>\n<\/div>\n<div id=\"\">\n<div contenteditable=\"false\" class=\"embed_cont type_imagen\" id=\"8260758-Libre-1557938838_wrap\">\n<div id=\"8260758-Libre-1557938838_content\" class=\"embed_content\"><img src=\"https:\/\/media.ambito.com\/p\/b333e0a32438bde2eacf27e705f9f4a5\/adjuntos\/239\/imagenes\/043\/564\/0043564360\/730x0\/smart\/avion-alemania.jpg\" decoding=\"async\" fetchpriority=\"low\" loading=\"lazy\" alt=\"El aeropuerto de Leipzig es uno de los puntos utilizados para trasladar material hacia el este de Europa.\" title=\"El aeropuerto de Leipzig es uno de los puntos utilizados para trasladar material hacia el este de Europa.\" width=\"730\" height=\"undefined\" id=\"8260758-Libre-1557938838_embed\"\/><\/div>\n<div class=\"embed_wrapper-cont\" id=\"p-1788294096303-83277\">\n<div id=\"8260758-Libre-1557938838_epigrafe\" class=\"embed_epigrafe\">\n<p id=\"p-1788294112676-71937\">El aeropuerto de Leipzig es uno de los puntos utilizados para trasladar material hacia el este de Europa.<\/p>\n<\/div><\/div>\n<\/p><\/div>\n<h2 id=\"p-1788293618767-21968\">La Uni\u00f3n Europea y la OTAN respaldaron a Alemania<\/h2>\n<p id=\"p-1788293618767-45648\">La presidenta de la Comisi\u00f3n Europea, <strong>Ursula von der Leyen<\/strong>, expres\u00f3 su \u201cplena solidaridad\u201d con Alemania luego de conversar con el canciller <strong>Friedrich Merz<\/strong>. Adem\u00e1s, pidi\u00f3 preservar la unidad del bloque frente a la escalada de este tipo de acciones.<\/p>\n<p id=\"p-1788293618767-43549\">El presidente franc\u00e9s, <strong>Emmanuel Macron<\/strong>, apoy\u00f3 la aplicaci\u00f3n de nuevas sanciones europeas contra Rusia y reclam\u00f3 reforzar la asistencia a Ucrania. En la misma l\u00ednea se manifest\u00f3 la primera ministra italiana, <strong>Giorgia Meloni<\/strong>, quien asegur\u00f3 que las operaciones h\u00edbridas contra un integrante de la alianza representan una amenaza para todos.<\/p>\n<p id=\"p-1788293618767-30458\">El secretario general de la <strong>OTAN<\/strong>, <strong>Mark Rutte<\/strong>, tambi\u00e9n respald\u00f3 las medidas anunciadas por Berl\u00edn y afirm\u00f3 que la organizaci\u00f3n continuar\u00e1 fortaleciendo su capacidad para defender a sus miembros frente a acciones de esta naturaleza.<\/p>\n<h2 id=\"p-1788293618767-11473\">C\u00f3mo fue el incidente en el aeropuerto de Leipzig<\/h2>\n<p id=\"p-1788293618767-31062\">El episodio ocurri\u00f3 el 4 de agosto, cuando un trabajador aeroportuario detect\u00f3 un <strong>dron cargado con explosivos<\/strong> entre dos aviones Antonov An-124 pertenecientes a la aerol\u00ednea ucraniana Antonov Airlines.<\/p>\n<p id=\"p-1788293618767-60262\">Una de las aeronaves transportaba munici\u00f3n militar y hab\u00eda arribado desde Francia con combustible para aviones. Un robot logr\u00f3 retirar el detonador del dispositivo, cuyo mecanismo se encontraba desconectado, y evit\u00f3 una posible explosi\u00f3n.<\/p>\n<p id=\"p-1788293618767-68887\">Poco despu\u00e9s, un avi\u00f3n de carga de <strong>DHL<\/strong> que hab\u00eda interrumpido su aterrizaje por la alerta recibi\u00f3 el impacto de un objeto peque\u00f1o, presuntamente otro dron. La aeronave pudo desviarse hacia Hannover y aterriz\u00f3 con da\u00f1os menores en el sector delantero.<\/p>\n<p id=\"p-1788293618767-23923\">El aeropuerto de Leipzig ocupa un lugar estrat\u00e9gico en la log\u00edstica europea, debido a que es utilizado para recibir materiales que posteriormente son enviados por tierra hacia Ucrania.<\/p>\n<\/div>\n<p><script>\n!function(f,b,e,v,n,t,s)\n{if(f.fbq)return;n=f.fbq=function(){n.callMethod?\nn.callMethod.apply(n,arguments):n.queue.push(arguments)};\nif(!f._fbq)f._fbq=n;n.push=n;n.loaded=!0;n.version='2.0';\nn.queue=[];t=b.createElement(e);t.async=!0;\nt.src=v;s=b.getElementsByTagName(e)[0];\ns.parentNode.insertBefore(t,s)}(window,document,'script',\n'\nfbq('init', '2047048335588113');\nfbq('track', 'PageView');\n<\/script><\/p>\n","protected":false},"excerpt":{"rendered":"<p>\u201cRusia es responsable del ataque h\u00edbrido del 4 de agosto en Leipzig\u201d, afirm\u00f3 el ministro del Interior alem\u00e1n, Alexander Dobrindt, durante una conferencia de prensa en Berl\u00edn junto con el canciller Johann Wadephul. La administraci\u00f3n alemana considera que el episodio forma parte de una sucesi\u00f3n de amenazas h\u00edbridas, sabotajes y operaciones con drones contra el [&hellip;]<\/p>\n","protected":false},"author":1,"featured_media":24615,"comment_status":"open","ping_status":"open","sticky":false,"template":"","format":"standard","meta":{"footnotes":""},"categories":[1],"tags":[],"class_list":["post-24614","post","type-post","status-publish","format-standard","has-post-thumbnail","hentry","category-uncategorized"],"_links":{"self":[{"href":"https:\/\/cliente1.publisher.highstack.com.ar\/index.php?rest_route=\/wp\/v2\/posts\/24614","targetHints":{"allow":["GET"]}}],"collection":[{"href":"https:\/\/cliente1.publisher.highstack.com.ar\/index.php?rest_route=\/wp\/v2\/posts"}],"about":[{"href":"https:\/\/cliente1.publisher.highstack.com.ar\/index.php?rest_route=\/wp\/v2\/types\/post"}],"author":[{"embeddable":true,"href":"https:\/\/cliente1.publisher.highstack.com.ar\/index.php?rest_route=\/wp\/v2\/users\/1"}],"replies":[{"embeddable":true,"href":"https:\/\/cliente1.publisher.highstack.com.ar\/index.php?rest_route=%2Fwp%2Fv2%2Fcomments&post=24614"}],"version-history":[{"count":0,"href":"https:\/\/cliente1.publisher.highstack.com.ar\/index.php?rest_route=\/wp\/v2\/posts\/24614\/revisions"}],"wp:featuredmedia":[{"embeddable":true,"href":"https:\/\/cliente1.publisher.highstack.com.ar\/index.php?rest_route=\/wp\/v2\/media\/24615"}],"wp:attachment":[{"href":"https:\/\/cliente1.publisher.highstack.com.ar\/index.php?rest_route=%2Fwp%2Fv2%2Fmedia&parent=24614"}],"wp:term":[{"taxonomy":"category","embeddable":true,"href":"https:\/\/cliente1.publisher.highstack.com.ar\/index.php?rest_route=%2Fwp%2Fv2%2Fcategories&post=24614"},{"taxonomy":"post_tag","embeddable":true,"href":"https:\/\/cliente1.publisher.highstack.com.ar\/index.php?rest_route=%2Fwp%2Fv2%2Ftags&post=24614"}],"curies":[{"name":"wp","href":"https:\/\/api.w.org\/{rel}","templated":true}]}}