{"id":24610,"date":"2026-09-01T18:30:08","date_gmt":"2026-09-01T21:30:08","guid":{"rendered":"https:\/\/cliente1.publisher.highstack.com.ar\/?p=24610"},"modified":"2026-09-01T18:30:08","modified_gmt":"2026-09-01T21:30:08","slug":"la-provincia-acompano-a-villa-urquiza-en-la-celebracion-de-su-173-aniversario","status":"publish","type":"post","link":"https:\/\/cliente1.publisher.highstack.com.ar\/?p=24610","title":{"rendered":"La provincia acompa\u00f1\u00f3 a Villa Urquiza en la celebraci\u00f3n de su 173\u00b0 aniversario"},"content":{"rendered":"<p>Durante su discurso, Aluani destac\u00f3 el valor hist\u00f3rico, natural y tur\u00edstico de Villa Urquiza y su v\u00ednculo con el r\u00edo. &#8220;Villa Urquiza es una hermosa ciudad, que naci\u00f3 a orillas del r\u00edo y, despu\u00e9s de 173 a\u00f1os, sigue encontrando en ese r\u00edo y en sus tierras un motivo para desarrollarse y transformarse&#8221;, afirm\u00f3.<\/p>\n<p>La vicegobernadora remarc\u00f3 adem\u00e1s que el crecimiento de una comunidad requiere del compromiso de todos sus actores. &#8220;Una comunidad no progresa solamente con sus historias o sus paisajes; progresa con los vecinos, las familias, los emprendedores, las instituciones y tambi\u00e9n con el gobierno local&#8221;, sostuvo.<\/p>\n<p>En ese sentido, Aluani ratific\u00f3 el acompa\u00f1amiento del Ejecutivo provincial a Villa Urquiza y destac\u00f3 la importancia de continuar generando oportunidades para sus habitantes. &#8220;Nuestra presencia representa el compromiso del gobernador Rogelio Frigerio. Creemos que todos juntos, con nuestro trabajo, podemos empujar ese carro que nos llevar\u00e1 al verdadero desarrollo de nuestra provincia&#8221;, se\u00f1al\u00f3.<\/p>\n<p>Por su parte, el intendente Manuel Tennen puso en valor la historia de la localidad, a la que defini\u00f3 como la &#8220;hermana mayor del Departamento Paran\u00e1&#8221;. En su discurso, repas\u00f3 obras y mejoras concretadas, entre ellas el acceso asfaltado, la planta potabilizadora para el tratamiento de agua de r\u00edo, trabajos de asfalto, cord\u00f3n cuneta y red cloacal, adem\u00e1s del avance en la puesta en valor del polideportivo municipal.<\/p>\n<p>Tennen tambi\u00e9n destac\u00f3 el di\u00e1logo permanente con los vecinos y afirm\u00f3 que sus reclamos &#8220;nos indican el camino a seguir, nos impulsan el progreso&#8221;. En esa l\u00ednea, convoc\u00f3 a continuar trabajando desde la unidad y bajo el lema que identifica a la comunidad: &#8220;Uni\u00f3n, Paz y Trabajo&#8221;.<\/p>\n<p>Villa Urquiza fue fundada en 1853 por disposici\u00f3n del general Justo Jos\u00e9 de Urquiza y es reconocida como la primera colonia agr\u00edcola de Argentina. Con el paso de los a\u00f1os, la localidad transform\u00f3 su perfil y consolid\u00f3 su desarrollo en torno al turismo, la recreaci\u00f3n y los deportes n\u00e1uticos, fortaleciendo su identidad ligada al r\u00edo y a su entorno natural.<\/p>\n<p>Durante la celebraci\u00f3n tambi\u00e9n se ley\u00f3 una carta enviada por el gobernador Rogelio Frigerio, quien destac\u00f3 el significado hist\u00f3rico de la comunidad: &#8220;Villa Urquiza simboliza el esfuerzo de aquellos pioneros que eligieron esta bendita tierra para construir su futuro, trabajarla y sumar al crecimiento de la provincia&#8221;. Los festejos continuar\u00e1n con distintas actividades culturales hasta el 20 de septiembre.<\/p>\n","protected":false},"excerpt":{"rendered":"<p>La vicegobernadora de Entre R\u00edos, Alicia Aluani, acompa\u00f1\u00f3 este martes a la comunidad de Villa Urquiza en la celebraci\u00f3n de su 173\u00b0 aniversario, en representaci\u00f3n del Gobierno provincial. Junto al presidente municipal, Manuel Tennen, autoridades, instituciones y vecinos, particip\u00f3 de las actividades conmemorativas desarrolladas en la localidad.<\/p>\n","protected":false},"author":0,"featured_media":24611,"comment_status":"open","ping_status":"open","sticky":false,"template":"","format":"standard","meta":{"footnotes":""},"categories":[2225,2329],"tags":[2317],"class_list":["post-24610","post","type-post","status-publish","format-standard","has-post-thumbnail","hentry","category-locales","category-villa-urquiza","tag-vicegobernacion"],"_links":{"self":[{"href":"https:\/\/cliente1.publisher.highstack.com.ar\/index.php?rest_route=\/wp\/v2\/posts\/24610","targetHints":{"allow":["GET"]}}],"collection":[{"href":"https:\/\/cliente1.publisher.highstack.com.ar\/index.php?rest_route=\/wp\/v2\/posts"}],"about":[{"href":"https:\/\/cliente1.publisher.highstack.com.ar\/index.php?rest_route=\/wp\/v2\/types\/post"}],"replies":[{"embeddable":true,"href":"https:\/\/cliente1.publisher.highstack.com.ar\/index.php?rest_route=%2Fwp%2Fv2%2Fcomments&post=24610"}],"version-history":[{"count":0,"href":"https:\/\/cliente1.publisher.highstack.com.ar\/index.php?rest_route=\/wp\/v2\/posts\/24610\/revisions"}],"wp:featuredmedia":[{"embeddable":true,"href":"https:\/\/cliente1.publisher.highstack.com.ar\/index.php?rest_route=\/wp\/v2\/media\/24611"}],"wp:attachment":[{"href":"https:\/\/cliente1.publisher.highstack.com.ar\/index.php?rest_route=%2Fwp%2Fv2%2Fmedia&parent=24610"}],"wp:term":[{"taxonomy":"category","embeddable":true,"href":"https:\/\/cliente1.publisher.highstack.com.ar\/index.php?rest_route=%2Fwp%2Fv2%2Fcategories&post=24610"},{"taxonomy":"post_tag","embeddable":true,"href":"https:\/\/cliente1.publisher.highstack.com.ar\/index.php?rest_route=%2Fwp%2Fv2%2Ftags&post=24610"}],"curies":[{"name":"wp","href":"https:\/\/api.w.org\/{rel}","templated":true}]}}