{"id":24608,"date":"2026-09-01T18:23:43","date_gmt":"2026-09-01T21:23:43","guid":{"rendered":"https:\/\/cliente1.publisher.highstack.com.ar\/?p=24608"},"modified":"2026-09-01T18:23:43","modified_gmt":"2026-09-01T21:23:43","slug":"refuerzan-los-controles-para-el-reintegro-del-iva-a-los-productores","status":"publish","type":"post","link":"https:\/\/cliente1.publisher.highstack.com.ar\/?p=24608","title":{"rendered":"Refuerzan los controles para el reintegro del IVA a los productores"},"content":{"rendered":"<div class=\"col-12\">\n<div data-tw=\"true\" style=\"display:contents\">\n<div role=\"none\"><\/div>\n<\/div>\n<p class=\"com-paragraph --capital --s text-left\">La <strong>Agencia de Recaudaci\u00f3n y Control Aduanero (ARCA)<\/strong> introdujo cambios en el <strong>Sistema de Informaci\u00f3n Simplificado Agr\u00edcola (SISA)<\/strong> que refuerzan la vinculaci\u00f3n entre la <strong>informaci\u00f3n productiva,<\/strong> la documentaci\u00f3n que respalda<strong> el movimiento f\u00edsico de los granos<\/strong> y el<strong> r\u00e9gimen de reintegro de las retenciones<\/strong> del<strong> impuesto al<\/strong> <strong>valor agregado (IVA) a los productores.<\/strong> Las modificaciones fueron establecidas mediante la <strong>Resoluci\u00f3n General 5894\/2026<\/strong>, publicada este martes 1\u00b0 de septiembre en el <strong>Bolet\u00edn Oficial<\/strong> y vigente desde ese mismo d\u00eda.<\/p>\n<div class=\"ln-banner-container --no-app --caja1_mob\">\n<div id=\"caja1_mob\" class=\"ln-banner\" data-slot-group=\"nota\" data-device=\"mobile\" data-subscription=\"false\" data-ad-unit-path=\"\/133919216\/campo_mobile\/Nota\/caja1_mob\" data-targeting='{\"sitio\":\"lanacion\",\"seccion\":\"nota\"}' data-without-hide=\"true\" data-size=\"[[320,100],[300,250],[1,1],[300,450],[320,450]]\" data-sizemap=\"[]\" data-prebid-enabled=\"true\"><\/div>\n<\/div>\n<p class=\"com-paragraph --s text-left\">La norma modifica distintos art\u00edculos de la <strong>Resoluci\u00f3n General 4310<\/strong>, que regula el funcionamiento del <strong>SISA<\/strong>. En los considerandos, <strong>el organismo explic\u00f3 que los cambios responden, por una parte, a las modificaciones registradas en los ciclos productivos <\/strong>y, por otra, a la necesidad de ajustar los controles sobre el <strong>r\u00e9gimen de reintegro<\/strong>. En este \u00faltimo punto, ARCA se\u00f1al\u00f3 expresamente que, en el marco de sus tareas de fiscalizaci\u00f3n, <strong>detect\u00f3 \u201cciertas irregularidades\u201d vinculadas con el mecanismo de devoluci\u00f3n sist\u00e9mica de las retenciones sufridas por los productores<\/strong>.<\/p>\n<div class=\"ln-banner-container --no-app --middle_1_dsk\">\n<div id=\"middle_1_dsk\" class=\"ln-banner\" data-slot-group=\"nota\" data-device=\"desktop\" data-subscription=\"true\" data-ad-unit-path=\"\/133919216\/campo_desktop\/Nota\/middle_1_dsk\" data-targeting='{\"sitio\":\"lanacion\",\"seccion\":\"nota\"}' data-without-hide=\"true\" data-size=\"[[1,1],[640,360],[640,480],[728,90]]\" data-sizemap=\"[]\" data-prebid-enabled=\"true\"><\/div>\n<\/div>\n<p class=\"com-paragraph --s text-left\">Seg\u00fan explic\u00f3 <strong>H\u00e9ctor Trist\u00e1n, socio de Trist\u00e1n y Asociados<\/strong>, una de las modificaciones relevantes se produce en la informaci\u00f3n productiva que deben presentar los productores. Los per\u00edodos generales permanecen sin cambios: la <strong>Informaci\u00f3n Productiva 1 (IP1)<\/strong> deber\u00e1 declararse entre el <strong>1\u00b0 de septiembre y el 31 de octubre<\/strong>, mientras que la <strong>Informaci\u00f3n Productiva 2 (IP2)<\/strong> seguir\u00e1 present\u00e1ndose desde el <strong>1\u00b0 de diciembre hasta el \u00faltimo d\u00eda de febrero del a\u00f1o siguiente<\/strong>.<\/p>\n<p class=\"com-paragraph --s\">La novedad es que la norma contempla expresamente<strong> los casos en que los cultivos se desarrollen <\/strong>fuera de sus ciclos habituales. As\u00ed,<strong> dentro de la IP1 tambi\u00e9n deber\u00e1 informarse la superficie destinada a cultivos incluidos normalmente en la IP2 cuando <\/strong>su ciclo productivo se desarrolle de manera extempor\u00e1nea. A la inversa, en la IP2 podr\u00e1n declararse cultivos correspondientes al grupo de la IP1 cuando se encuentren en esa misma situaci\u00f3n.<\/p>\n<div class=\"ln-banner-container --no-app --caja2_mob\">\n<div id=\"caja2_mob\" class=\"ln-banner\" data-slot-group=\"nota\" data-device=\"mobile\" data-subscription=\"true\" data-ad-unit-path=\"\/133919216\/campo_mobile\/Nota\/caja2_mob\" data-targeting='{\"sitio\":\"lanacion\",\"seccion\":\"nota\"}' data-without-hide=\"true\" data-size=\"[[320,100],[300,250],[300,450],[1,1],[360,270],[320,180]]\" data-sizemap=\"[]\" data-prebid-enabled=\"true\"><\/div>\n<\/div>\n<div class=\"content-media\">\n<section role=\"button\" class=\"mod-media   \">\n<figure role=\"button\" tabindex=\"0\" class=\"mod-figure \">\n<div class=\"placeholder \">\n<div class=\"com-image\"><picture><source media=\"(min-width: 768px)\" srcset=\"https:\/\/www.lanacion.com.ar\/resizer\/v2\/hector-tristan-contador-y-especialista-en-temas-667KXLV66ZCYXOPSV3HAR45MXY.png?auth=21fb2ec9ab80803356523c16bbcdde2c905503a2978e3367dafce52d4f9b1948&amp;width=780&amp;height=520&amp;quality=70&amp;smart=true\"><\/source><img class=\"image com-image flex --cover\" decoding=\"async\" fetchpriority=\"low\" loading=\"lazy\" src=\"https:\/\/www.lanacion.com.ar\/resizer\/v2\/hector-tristan-contador-y-especialista-en-temas-667KXLV66ZCYXOPSV3HAR45MXY.png?auth=21fb2ec9ab80803356523c16bbcdde2c905503a2978e3367dafce52d4f9b1948&amp;width=420&amp;height=280&amp;quality=70&amp;smart=true\" width=\"2000\" alt=\"H\u00e9ctor Trist\u00e1n, contador y especialista en temas tributarios del agro\" height=\"1333\"><\/picture><\/div>\n<\/div><figcaption class=\"mod-figcaption\"><span class=\"com-text --caption --twoxs\">H\u00e9ctor Trist\u00e1n, contador y especialista en temas tributarios del agro<\/span><span class=\"com-text --credit --twoxs\">Gentileza<\/span><\/figcaption><\/figure>\n<\/section>\n<\/div>\n<div class=\"ln-banner-container --no-app --middle_2_dsk\">\n<div id=\"middle_2_dsk\" class=\"ln-banner\" data-slot-group=\"nota\" data-device=\"desktop\" data-subscription=\"true\" data-ad-unit-path=\"\/133919216\/campo_desktop\/Nota\/middle_2_dsk\" data-targeting='{\"sitio\":\"lanacion\",\"seccion\":\"nota\"}' data-without-hide=\"true\" data-size=\"[[1,1],[728,90]]\" data-sizemap=\"[]\" data-prebid-enabled=\"true\"><\/div>\n<\/div>\n<p class=\"com-paragraph --s\">ARCA fundament\u00f3 esta adecuaci\u00f3n en los cambios observados en la actividad agr\u00edcola. Seg\u00fan indic\u00f3 en la resoluci\u00f3n, <strong>las mejoras tecnol\u00f3gicas y el cambio clim\u00e1tico registrado en las \u00faltimas campa\u00f1as permitieron ampliar las \u00e1reas productivas de determinados cultivos y extendieron los per\u00edodos de siembra y cosecha en el pa\u00eds<\/strong>.<\/p>\n<div class=\"ln-banner-container --no-app --caja3_mob\">\n<div id=\"caja3_mob\" class=\"ln-banner\" data-slot-group=\"nota\" data-device=\"mobile\" data-subscription=\"false\" data-ad-unit-path=\"\/133919216\/campo_mobile\/Nota\/caja3_mob\" data-targeting='{\"sitio\":\"lanacion\",\"seccion\":\"nota\"}' data-without-hide=\"true\" data-size=\"[[320,100],[300,250],[1,1],[300,450],[360,270]]\" data-sizemap=\"[]\" data-prebid-enabled=\"true\"><\/div>\n<\/div>\n<div class=\"ln-banner-container --no-app --middle_2_tab\">\n<div id=\"middle_2_tab\" class=\"ln-banner\" data-slot-group=\"nota\" data-device=\"tablet\" data-subscription=\"false\" data-ad-unit-path=\"\/133919216\/campo_tablet\/Nota\/middle_2_tab\" data-targeting='{\"sitio\":\"lanacion\",\"seccion\":\"nota\"}' data-without-hide=\"true\" data-size=\"[[728,90],[640,480],[468,60],[1,1]]\" data-sizemap=\"[]\" data-prebid-enabled=\"true\"><\/div>\n<\/div>\n<p class=\"com-paragraph --s\">Otro de los cambios alcanza directamente al <strong>r\u00e9gimen especial de reintegro sist\u00e9mico de las retenciones de IVA<\/strong>. Hasta ahora, entre las condiciones aplicables a las operaciones se exig\u00eda que las compraventas primarias estuvieran documentadas mediante una <strong>Liquidaci\u00f3n Primaria de Granos (LPG)<\/strong>. La nueva resoluci\u00f3n establece, adem\u00e1s, que esa LPG deber\u00e1 estar relacionada con la correspondiente <strong>Certificaci\u00f3n Primaria de Dep\u00f3sito, Retiro y\/o Transferencia de Granos<\/strong> <strong>o, cuando corresponda<\/strong>, con una liquidaci\u00f3n de ajuste en la que se haya consignado como m\u00ednimo una de esas certificaciones.<\/p>\n<p class=\"com-paragraph --s\">Para Trist\u00e1n, <strong>esta modificaci\u00f3n aumenta el nivel de trazabilidad exigido para acceder al reintegro,<\/strong> porque establece una vinculaci\u00f3n entre la documentaci\u00f3n comercial de la operaci\u00f3n y <strong>los comprobantes relacionados<\/strong> con el movimiento y dep\u00f3sito de la mercader\u00eda. En ese sentido, se\u00f1al\u00f3 que <strong>\u201cla trazabilidad pasa as\u00ed a ser una condici\u00f3n econ\u00f3mica para recuperar fondos\u201d<\/strong>.<\/p>\n<p class=\"com-paragraph --s\">El otro cambio que, seg\u00fan el especialista, merece especial atenci\u00f3n aparece en las <strong>obligaciones vinculadas con el<\/strong> <strong>agente de retenci\u00f3n<\/strong>. La normativa anterior exig\u00eda que el importe retenido estuviera informado por ese agente de acuerdo con el r\u00e9gimen correspondiente. La <strong>Resoluci\u00f3n 5894<\/strong> mantiene ese requisito, pero agrega que <strong>\u201cel saldo resultante de la declaraci\u00f3n jurada correspondiente al mes en el cual se produjo la retenci\u00f3n deber\u00e1 encontrarse cancelado\u201d<\/strong>.<\/p>\n<div class=\"ln-banner-container --no-app --caja4_mob\">\n<div id=\"caja4_mob\" class=\"ln-banner\" data-slot-group=\"nota\" data-device=\"mobile\" data-subscription=\"false\" data-ad-unit-path=\"\/133919216\/campo_mobile\/Nota\/caja4_mob\" data-targeting='{\"sitio\":\"lanacion\",\"seccion\":\"nota\"}' data-without-hide=\"true\" data-size=\"[[320,100],[300,250],[1,1]]\" data-sizemap=\"[]\" data-prebid-enabled=\"true\"><\/div>\n<\/div>\n<div class=\"content-media\">\n<section role=\"button\" class=\"mod-media   \">\n<figure role=\"button\" tabindex=\"0\" class=\"mod-figure \">\n<div class=\"placeholder \">\n<div class=\"com-image\"><picture><source media=\"(min-width: 768px)\" srcset=\"https:\/\/www.lanacion.com.ar\/resizer\/v2\/el-reintegro-de-iva-dependera-tambien-del-2NDATQS7MFEGXMNVNCVW7NW4YQ.jpg?auth=f96a29a636179d2886942a229fa6d87ed9da69ac7d627201b25d52f3be08a704&amp;width=780&amp;height=586&amp;quality=70&amp;smart=true\"><\/source><img class=\"image com-image flex --cover\" decoding=\"async\" fetchpriority=\"low\" loading=\"lazy\" src=\"https:\/\/www.lanacion.com.ar\/resizer\/v2\/el-reintegro-de-iva-dependera-tambien-del-2NDATQS7MFEGXMNVNCVW7NW4YQ.jpg?auth=f96a29a636179d2886942a229fa6d87ed9da69ac7d627201b25d52f3be08a704&amp;width=420&amp;height=315&amp;quality=70&amp;smart=true\" width=\"4592\" alt=\"El reintegro de IVA depender\u00e1 tambi\u00e9n del cumplimiento del agente de retenci\u00f3n\" height=\"3448\"><\/picture><\/div>\n<\/div><figcaption class=\"mod-figcaption\"><span class=\"com-text --caption --twoxs\">El reintegro de IVA depender\u00e1 tambi\u00e9n del cumplimiento del agente de retenci\u00f3n<\/span><span class=\"com-text --credit --twoxs\">Unplash\/ Daniela Paola Alchapar<\/span><\/figcaption><\/figure>\n<\/section>\n<\/div>\n<p class=\"com-paragraph --s\">Seg\u00fan el an\u00e1lisis de Trist\u00e1n, este agregado es relevante para el productor porque introduce dentro de las condiciones necesarias para el reintegro una circunstancia vinculada al cumplimiento de quien practic\u00f3 la retenci\u00f3n. <strong>Es decir, ya no se exige \u00fanicamente que la retenci\u00f3n haya sido practicada e informada en los t\u00e9rminos previstos por la normativa<\/strong>, sino tambi\u00e9n que <strong>se encuentre cancelado el saldo de la declaraci\u00f3n jurada correspondiente al per\u00edodo en cuesti\u00f3n<\/strong>.<\/p>\n<div class=\"ln-banner-container --no-app --caja6_mob\">\n<div id=\"caja6_mob\" class=\"ln-banner\" data-slot-group=\"nota\" data-device=\"mobile\" data-subscription=\"false\" data-ad-unit-path=\"\/133919216\/campo_mobile\/Nota\/caja6_mob\" data-targeting='{\"sitio\":\"lanacion\",\"seccion\":\"nota\"}' data-without-hide=\"true\" data-size=\"[[300,250],[230,50],[300,450],[1,1],[320,100]]\" data-sizemap=\"[]\" data-prebid-enabled=\"true\"><\/div>\n<\/div>\n<p class=\"com-paragraph --s\">La resoluci\u00f3n incorpora <strong>otro requisito para la acreditaci\u00f3n efectiva. ARCA <\/strong>mantuvo la condici\u00f3n de que el productor <strong>no registre deudas l\u00edquidas y exigibles por obligaciones impositivas, previsionales o aduaneras<\/strong> al momento del pago, pero a\u00f1adi\u00f3 que la cuenta bancaria cuya <strong>CBU<\/strong> haya sido informada deber\u00e1 ser espec\u00edficamente una <strong>\u201cCaja de Ahorros\u201d o una \u201cCuenta Corriente\u201d<\/strong>.<\/p>\n<p class=\"com-paragraph --s\">De esta manera,<strong> la Resoluci\u00f3n General 5894 introduce cambios en dos planos <\/strong>del SISA: por un lado, adapta el r\u00e9gimen informativo a cultivos cuyos ciclos se apartan de los per\u00edodos tradicionales; por otro, incorpora <strong>nuevos controles documentales y fiscales para acceder al reintegro sist\u00e9mico de las retenciones de IVA<\/strong>. <strong>ARCA <\/strong>vincul\u00f3 estas \u00faltimas modificaciones con las irregularidades detectadas en sus tareas de verificaci\u00f3n y control.<\/p>\n<div class=\"ln-banner-container --no-app --caja5_mob\">\n<div id=\"caja5_mob\" class=\"ln-banner\" data-slot-group=\"nota\" data-device=\"mobile\" data-subscription=\"false\" data-ad-unit-path=\"\/133919216\/campo_mobile\/Nota\/caja5_mob\" data-targeting='{\"sitio\":\"lanacion\",\"seccion\":\"nota\"}' data-without-hide=\"true\" data-size='[[320,100],[300,250],[1,1],[\" fluid\"]]' data-sizemap=\"[]\" data-prebid-enabled=\"true\"><\/div>\n<\/div>\n<div data-fusion-lazy-id=\"f0fLHi7Wfcy22C4\"><\/div>\n<div class=\"ln-banner-container --no-app --middle_3_dsk\">\n<div id=\"middle_3_dsk\" class=\"ln-banner\" data-slot-group=\"nota\" data-device=\"desktop\" data-subscription=\"true\" data-ad-unit-path=\"\/133919216\/campo_desktop\/Nota\/middle_3_dsk\" data-targeting='{\"sitio\":\"lanacion\",\"seccion\":\"nota\"}' data-without-hide=\"true\" data-size=\"[[1,1],[728,90],[640,360],[728,360]]\" data-sizemap=\"[]\" data-prebid-enabled=\"true\"><\/div>\n<\/div>\n<\/div>\n","protected":false},"excerpt":{"rendered":"<p>La Agencia de Recaudaci\u00f3n y Control Aduanero (ARCA) introdujo cambios en el Sistema de Informaci\u00f3n Simplificado Agr\u00edcola (SISA) que refuerzan la vinculaci\u00f3n entre la informaci\u00f3n productiva, la documentaci\u00f3n que respalda el movimiento f\u00edsico de los granos y el r\u00e9gimen de reintegro de las retenciones del impuesto al valor agregado (IVA) a los productores. Las modificaciones [&hellip;]<\/p>\n","protected":false},"author":1,"featured_media":24609,"comment_status":"open","ping_status":"open","sticky":false,"template":"","format":"standard","meta":{"footnotes":""},"categories":[1],"tags":[],"class_list":["post-24608","post","type-post","status-publish","format-standard","has-post-thumbnail","hentry","category-uncategorized"],"_links":{"self":[{"href":"https:\/\/cliente1.publisher.highstack.com.ar\/index.php?rest_route=\/wp\/v2\/posts\/24608","targetHints":{"allow":["GET"]}}],"collection":[{"href":"https:\/\/cliente1.publisher.highstack.com.ar\/index.php?rest_route=\/wp\/v2\/posts"}],"about":[{"href":"https:\/\/cliente1.publisher.highstack.com.ar\/index.php?rest_route=\/wp\/v2\/types\/post"}],"author":[{"embeddable":true,"href":"https:\/\/cliente1.publisher.highstack.com.ar\/index.php?rest_route=\/wp\/v2\/users\/1"}],"replies":[{"embeddable":true,"href":"https:\/\/cliente1.publisher.highstack.com.ar\/index.php?rest_route=%2Fwp%2Fv2%2Fcomments&post=24608"}],"version-history":[{"count":0,"href":"https:\/\/cliente1.publisher.highstack.com.ar\/index.php?rest_route=\/wp\/v2\/posts\/24608\/revisions"}],"wp:featuredmedia":[{"embeddable":true,"href":"https:\/\/cliente1.publisher.highstack.com.ar\/index.php?rest_route=\/wp\/v2\/media\/24609"}],"wp:attachment":[{"href":"https:\/\/cliente1.publisher.highstack.com.ar\/index.php?rest_route=%2Fwp%2Fv2%2Fmedia&parent=24608"}],"wp:term":[{"taxonomy":"category","embeddable":true,"href":"https:\/\/cliente1.publisher.highstack.com.ar\/index.php?rest_route=%2Fwp%2Fv2%2Fcategories&post=24608"},{"taxonomy":"post_tag","embeddable":true,"href":"https:\/\/cliente1.publisher.highstack.com.ar\/index.php?rest_route=%2Fwp%2Fv2%2Ftags&post=24608"}],"curies":[{"name":"wp","href":"https:\/\/api.w.org\/{rel}","templated":true}]}}