{"id":24603,"date":"2026-09-01T17:09:14","date_gmt":"2026-09-01T20:09:14","guid":{"rendered":"https:\/\/cliente1.publisher.highstack.com.ar\/?p=24603"},"modified":"2026-09-01T17:09:14","modified_gmt":"2026-09-01T20:09:14","slug":"grave-crisis-la-justicia-ordeno-embargos-contra-metalfor-y-acumula-deudas-por-mas-de-51-000-millones","status":"publish","type":"post","link":"https:\/\/cliente1.publisher.highstack.com.ar\/?p=24603","title":{"rendered":"Grave crisis: La Justicia orden\u00f3 embargos contra Metalfor y acumula deudas por m\u00e1s de $51.000 millones"},"content":{"rendered":"<div class=\"col-12\">\n<div data-tw=\"true\" style=\"display:contents\">\n<div role=\"none\"><\/div>\n<\/div>\n<p class=\"com-paragraph --s text-left\"><strong>Metalfor fue embargada en el marco de una demanda ejecutiva iniciada por el Banco Ciudad. <\/strong>La fabricante cordobesa de maquinaria agr\u00edcola<strong> atraviesa una profunda crisis financiera, <\/strong>con atrasos en <strong>sus deudas bancarias<\/strong>,<strong> cientos de cheques rechazados, dificultades para afrontar obligaciones laborales y una fuerte ca\u00edda de su actividad<\/strong>. La medida judicial se conoce pocas semanas despu\u00e9s de que <strong>la compa\u00f1\u00eda reconociera ante la Comisi\u00f3n Nacional de Valores<\/strong> (CNV) <strong>p\u00e9rdidas millonarias, restricciones de cr\u00e9dito y problemas para financiar materiales y salarios<\/strong>. <strong>LA NACION <\/strong>se comunic\u00f3 con directivos de la firma, pero <strong>eligieron no declaraciones.<\/strong> <\/p>\n<div class=\"ln-banner-container --no-app --caja1_mob\">\n<div id=\"caja1_mob\" class=\"ln-banner\" data-slot-group=\"nota\" data-device=\"mobile\" data-subscription=\"false\" data-ad-unit-path=\"\/133919216\/campo_mobile\/Nota\/caja1_mob\" data-targeting='{\"sitio\":\"lanacion\",\"seccion\":\"nota\"}' data-without-hide=\"true\" data-size=\"[[320,100],[300,250],[1,1],[300,450],[320,450]]\" data-sizemap=\"[]\" data-prebid-enabled=\"true\"><\/div>\n<\/div>\n<p class=\"com-paragraph --s text-left\">La causa, caratulada <strong>\u201cBanco de la Ciudad de Buenos Aires c\/ Metalfor S.A. y otros s\/ ejecutivo\u201d<\/strong>, tramita ante el <strong>Juzgado Nacional de Primera Instancia en lo Comercial N\u00b024<\/strong>, a cargo del juez <strong>Guillermo Mario Pesaresi<\/strong>. Seg\u00fan la documentaci\u00f3n judicial a la que accedi\u00f3 <strong>LA NACION<\/strong>, el 14 de agosto pasado el magistrado orden\u00f3 requerir a los demandados el pago de <strong>US$98.895,77 de capital<\/strong>, m\u00e1s otros <strong>US$10.000 calculados provisoriamente para intereses y costas<\/strong>, y<strong> dispuso embargos sobre cuentas bancarias o billeteras virtuales denunciadas en la causa<\/strong>.<\/p>\n<div class=\"ln-banner-container --no-app --middle_1_dsk\">\n<div id=\"middle_1_dsk\" class=\"ln-banner\" data-slot-group=\"nota\" data-device=\"desktop\" data-subscription=\"true\" data-ad-unit-path=\"\/133919216\/campo_desktop\/Nota\/middle_1_dsk\" data-targeting='{\"sitio\":\"lanacion\",\"seccion\":\"nota\"}' data-without-hide=\"true\" data-size=\"[[1,1],[640,360],[640,480],[728,90]]\" data-sizemap=\"[]\" data-prebid-enabled=\"true\"><\/div>\n<\/div>\n<p class=\"com-paragraph --s text-left\">Entre los alcanzados por <strong>las medidas aparecen dos integrantes del actual <\/strong>directorio de <strong>Metalfor. <\/strong>Uno de <strong>los oficios fue enviado al Banco Supervielle <\/strong>para trabar embargo sobre los fondos de <strong>Mar\u00eda Rosa Miguel<\/strong>, vicepresidenta de la compa\u00f1\u00eda, mientras que otro fue dirigido al <strong>Banco Macro respecto de Jos\u00e9 Luis Ram\u00f3n Dassie<\/strong>, director de la firma. Ambos fueron designados en sus cargos este a\u00f1o junto con <strong>Eduardo Alberto Borri<\/strong>, que contin\u00faa como <strong>presidente de la empresa.<\/strong><\/p>\n<p class=\"com-paragraph --s text-left\">En el caso de <strong>Dassie<\/strong>,<strong> el Banco Macro inform\u00f3 el 31 de agosto que tom\u00f3 nota de la medida por<\/strong> <strong>US$98.895,77 m\u00e1s US$10.000<\/strong>, aunque precis\u00f3 que el empresario ten\u00eda una<strong> caja de ahorro en d\u00f3lares sin saldo<\/strong> \u2014cuyo \u00faltimo movimiento hab\u00eda sido el 7 de octubre de 2024\u2014 y otra en pesos tambi\u00e9n sin fondos. De todos modos, <strong>el banco dej\u00f3 el embargo vigente sobre fondos presentes y futuros<\/strong> que eventualmente ingresen en esas cuentas.<\/p>\n<div class=\"ln-banner-container --no-app --caja2_mob\">\n<div id=\"caja2_mob\" class=\"ln-banner\" data-slot-group=\"nota\" data-device=\"mobile\" data-subscription=\"true\" data-ad-unit-path=\"\/133919216\/campo_mobile\/Nota\/caja2_mob\" data-targeting='{\"sitio\":\"lanacion\",\"seccion\":\"nota\"}' data-without-hide=\"true\" data-size=\"[[320,100],[300,250],[300,450],[1,1],[360,270],[320,180]]\" data-sizemap=\"[]\" data-prebid-enabled=\"true\"><\/div>\n<\/div>\n<div class=\"content-media\">\n<section role=\"button\" class=\"mod-media   \">\n<figure role=\"button\" tabindex=\"0\" class=\"mod-figure \">\n<div class=\"placeholder \">\n<div class=\"com-image\"><picture><source media=\"(min-width: 768px)\" srcset=\"https:\/\/www.lanacion.com.ar\/resizer\/v2\/jose-luis-dassie-director-de-la-firma-de-JHEK25WREZBS3L7W26MC4D75QI.jpeg?auth=e1d339c69171b69c37104e9d7a63bf5b2f3877263d5501fd3552513ad81b843b&amp;width=780&amp;height=519&amp;quality=70&amp;smart=true\"><\/source><img class=\"image com-image flex --cover\" decoding=\"async\" fetchpriority=\"low\" loading=\"lazy\" src=\"https:\/\/www.lanacion.com.ar\/resizer\/v2\/jose-luis-dassie-director-de-la-firma-de-JHEK25WREZBS3L7W26MC4D75QI.jpeg?auth=e1d339c69171b69c37104e9d7a63bf5b2f3877263d5501fd3552513ad81b843b&amp;width=420&amp;height=279&amp;quality=70&amp;smart=true\" width=\"1600\" alt=\"Jos\u00e9 Luis Dassie, director de la firma de Metalfor\" height=\"1064\"><\/picture><\/div>\n<\/div><figcaption class=\"mod-figcaption\"><span class=\"com-text --caption --twoxs\">Jos\u00e9 Luis Dassie, director de la firma de Metalfor<\/span><span class=\"com-text --credit --twoxs\">marcelo-manera-7533<\/span><\/figcaption><\/figure>\n<\/section>\n<\/div>\n<div class=\"ln-banner-container --no-app --middle_2_dsk\">\n<div id=\"middle_2_dsk\" class=\"ln-banner\" data-slot-group=\"nota\" data-device=\"desktop\" data-subscription=\"true\" data-ad-unit-path=\"\/133919216\/campo_desktop\/Nota\/middle_2_dsk\" data-targeting='{\"sitio\":\"lanacion\",\"seccion\":\"nota\"}' data-without-hide=\"true\" data-size=\"[[1,1],[728,90]]\" data-sizemap=\"[]\" data-prebid-enabled=\"true\"><\/div>\n<\/div>\n<p class=\"com-paragraph --s text-left\">Seg\u00fan un informe comercial,<strong> Metalfor registraba a julio <\/strong>pasado un <strong>endeudamiento de $51.672 millones en el sistema financiero<\/strong>, con compromisos mensuales por unos <strong>$1890 millones<\/strong>. A julio, apenas <strong>el 4% del endeudamiento figuraba en situaci\u00f3n normal<\/strong> ante la central de deudores del<strong> Banco Central (BCRA).<\/strong> El <strong>55% se encontraba en situaci\u00f3n 2<\/strong>, definida como \u201ccon seguimiento especial\/riesgo bajo\u201d; el <strong>35% estaba en situaci\u00f3n 3<\/strong>, \u201ccon problemas\/riesgo medio\u201d; y otro <strong>6% se ubicaba en situaci\u00f3n 4<\/strong>, es decir, <strong>\u201ccon alto riesgo de insolvencia\/riesgo alto<\/strong>\u201d.<\/p>\n<div class=\"ln-banner-container --no-app --caja3_mob\">\n<div id=\"caja3_mob\" class=\"ln-banner\" data-slot-group=\"nota\" data-device=\"mobile\" data-subscription=\"false\" data-ad-unit-path=\"\/133919216\/campo_mobile\/Nota\/caja3_mob\" data-targeting='{\"sitio\":\"lanacion\",\"seccion\":\"nota\"}' data-without-hide=\"true\" data-size=\"[[320,100],[300,250],[1,1],[300,450],[360,270]]\" data-sizemap=\"[]\" data-prebid-enabled=\"true\"><\/div>\n<\/div>\n<div class=\"ln-banner-container --no-app --middle_2_tab\">\n<div id=\"middle_2_tab\" class=\"ln-banner\" data-slot-group=\"nota\" data-device=\"tablet\" data-subscription=\"false\" data-ad-unit-path=\"\/133919216\/campo_tablet\/Nota\/middle_2_tab\" data-targeting='{\"sitio\":\"lanacion\",\"seccion\":\"nota\"}' data-without-hide=\"true\" data-size=\"[[728,90],[640,480],[468,60],[1,1]]\" data-sizemap=\"[]\" data-prebid-enabled=\"true\"><\/div>\n<\/div>\n<p class=\"com-paragraph --s text-left\">En febrero pasado, <strong>de los $53.837 millones informados al sistema<\/strong>, unos <strong>$53.481 millones todav\u00eda figuraban en condici\u00f3n normal<\/strong>. En marzo <strong>esa cifra hab\u00eda bajado a $51.673 millones<\/strong>; en abril, a <strong>$48.927 millones; en mayo, a $29.936 millones; en junio,<\/strong> a $6.445 millones, y en julio qued\u00f3 reducida a <strong>$2078 millones<\/strong>. Para ese \u00faltimo mes, unos <strong>$28.617 millones presentaban atrasos de entre 31 y 90 d\u00edas; $17.955 millones, entre 91 y 180 d\u00edas, y otros $3.023 millones, entre 181 y 365 d\u00edas<\/strong>.<\/p>\n<p class=\"com-paragraph --s text-left\">Entre los principales acreedores financieros aparecen el <strong>Banco Naci\u00f3n<\/strong>, con <strong>$12.623 millones<\/strong>; el <strong>Banco de C\u00f3rdoba<\/strong>, con <strong>$8875 millones<\/strong>; <strong>Supervielle<\/strong>, con $8018 millones; el <strong>Banco de Servicios y Transacciones<\/strong>, con $7671 millones, y <strong>Galicia, con poco m\u00e1s de $4071 millones<\/strong>. El propio <strong>Banco Ciudad<\/strong>, que promovi\u00f3<strong> la ejecuci\u00f3n judicial,<\/strong> figuraba <strong>en julio con una exposici\u00f3n de $147 millones clasificada en situaci\u00f3n 3<\/strong>.<\/p>\n<div class=\"content-media\">\n<section role=\"button\" class=\"mod-media   \">\n<figure role=\"button\" tabindex=\"0\" class=\"mod-figure \">\n<div class=\"placeholder \">\n<div class=\"com-image\"><picture><source media=\"(min-width: 768px)\" srcset=\"https:\/\/www.lanacion.com.ar\/resizer\/v2\/maria-rosa-miguel-jose-luis-dassie-y-eduardo-FQCAZAF3UZGRTFT3QNLJLGMNXU.jpg?auth=0edce51b1ea736db4c9bcaddb682f46fdc433119f96fc109e33a400d8360f421&amp;width=780&amp;height=520&amp;quality=70&amp;smart=true\"><\/source><img class=\"image com-image flex --cover\" decoding=\"async\" fetchpriority=\"low\" loading=\"lazy\" src=\"https:\/\/www.lanacion.com.ar\/resizer\/v2\/maria-rosa-miguel-jose-luis-dassie-y-eduardo-FQCAZAF3UZGRTFT3QNLJLGMNXU.jpg?auth=0edce51b1ea736db4c9bcaddb682f46fdc433119f96fc109e33a400d8360f421&amp;width=420&amp;height=280&amp;quality=70&amp;smart=true\" width=\"2000\" alt=\"Mar\u00eda Rosa Miguel, Jos\u00e9 Luis Dassie y Eduardo Borri\" height=\"1333\"><\/picture><\/div>\n<\/div><figcaption class=\"mod-figcaption\"><span class=\"com-text --caption --twoxs\">Mar\u00eda Rosa Miguel, Jos\u00e9 Luis Dassie y Eduardo Borri<\/span><\/figcaption><\/figure>\n<\/section>\n<\/div>\n<div class=\"ln-banner-container --no-app --caja4_mob\">\n<div id=\"caja4_mob\" class=\"ln-banner\" data-slot-group=\"nota\" data-device=\"mobile\" data-subscription=\"false\" data-ad-unit-path=\"\/133919216\/campo_mobile\/Nota\/caja4_mob\" data-targeting='{\"sitio\":\"lanacion\",\"seccion\":\"nota\"}' data-without-hide=\"true\" data-size=\"[[320,100],[300,250],[1,1]]\" data-sizemap=\"[]\" data-prebid-enabled=\"true\"><\/div>\n<\/div>\n<p class=\"com-paragraph --s text-left\">El Banco Central tambi\u00e9n registra para agosto <strong>172 cheques rechazados por falta de fondos por un total de $565,8 millones<\/strong>. La situaci\u00f3n tambi\u00e9n alcanz\u00f3 las obligaciones laborales de cargas sociales y contribuciones laborales que aparecen impagas desde 2025.<\/p>\n<p class=\"com-paragraph --s text-left\">Cabe recordar que a comienzos de julio, la empresa abri\u00f3 un <strong>Procedimiento Preventivo de Crisis (PPC)<\/strong> ante el <strong>Ministerio de Trabajo de C\u00f3rdoba<\/strong> por atrasos en el <strong>pago de salarios<\/strong> y comenz\u00f3 negociaciones con la <strong>Uni\u00f3n Obrera Metal\u00fargica (UOM)<\/strong>. Poco despu\u00e9s despidi\u00f3 <strong>35 empleados de la planta de Noetinger<\/strong>. Al cierre de ese procedimiento,<strong> Metalfor lleg\u00f3 a plantear una reducci\u00f3n de alrededor del<\/strong> <strong>70% de una dotaci\u00f3n cercana a 600 empleados<\/strong>, propuesta que el gremio rechaz\u00f3. <\/p>\n<div class=\"ln-banner-container --no-app --caja6_mob\">\n<div id=\"caja6_mob\" class=\"ln-banner\" data-slot-group=\"nota\" data-device=\"mobile\" data-subscription=\"false\" data-ad-unit-path=\"\/133919216\/campo_mobile\/Nota\/caja6_mob\" data-targeting='{\"sitio\":\"lanacion\",\"seccion\":\"nota\"}' data-without-hide=\"true\" data-size=\"[[300,250],[230,50],[300,450],[1,1],[320,100]]\" data-sizemap=\"[]\" data-prebid-enabled=\"true\"><\/div>\n<\/div>\n<p class=\"com-paragraph --s text-left\">El deterioro operativo se puede reflejar en la cantidad de equipos que la misma firma notific\u00f3. Durante el primer trimestre de 2026, <strong>la compa\u00f1\u00eda hab\u00eda vendido 56 m\u00e1quinas frente a 116 en el mismo per\u00edodo del a\u00f1o anterior,<\/strong> mientras la <strong>producci\u00f3n cay\u00f3 de 86 a 38 unidades.<\/strong> En ese momento la empresa estaba trabajando aproximadamente al <strong>50% de su capacidad instalada.<\/strong><\/p>\n<p class=\"com-paragraph --s text-left\">En su \u00faltimo reporte de resultados presentado ante la <strong>CNV<\/strong>,<strong> inform\u00f3 una p\u00e9rdida de $26.484 millones entre enero y junio de 2026<\/strong>, frente a una ganancia de <strong>$11.870 millones en el mismo per\u00edodo de 2025<\/strong>. All\u00ed reconoci\u00f3 restricciones para <strong>acceder al cr\u00e9dito, cheques rechazados, dificultades con proveedores y falta de fondos<\/strong> para la compra de materiales y el pago de salarios. Tambi\u00e9n anticip\u00f3 una reducci\u00f3n significativa de su estructura durante agosto. <\/p>\n<div class=\"ln-banner-container --no-app --caja7_mob\">\n<div id=\"caja7_mob\" class=\"ln-banner\" data-slot-group=\"nota\" data-device=\"mobile\" data-subscription=\"true\" data-ad-unit-path=\"\/133919216\/campo_mobile\/Nota\/caja7_mob\" data-targeting='{\"sitio\":\"lanacion\",\"seccion\":\"nota\"}' data-without-hide=\"true\" data-size=\"[[300,250],[320,50],[300,450],[1,1],[320,100]]\" data-sizemap=\"[]\" data-prebid-enabled=\"true\"><\/div>\n<\/div>\n<div class=\"content-media\">\n<section role=\"button\" class=\"mod-media   \">\n<figure role=\"button\" tabindex=\"0\" class=\"mod-figure \">\n<div class=\"placeholder \">\n<div class=\"com-image\"><picture><source media=\"(min-width: 768px)\" srcset=\"https:\/\/www.lanacion.com.ar\/resizer\/v2\/la-justicia-dispuso-medidas-sobre-la-compania-de-HXOBLDSNZVGTFJ4A3QWZ3SXRGM.jpeg?auth=2f8489f43f15567c0e59ca7233781129fdf41f55292e9182c995c045dcc9c7c5&amp;width=780&amp;height=520&amp;quality=70&amp;smart=true\"><\/source><img class=\"image com-image flex --cover\" decoding=\"async\" fetchpriority=\"low\" loading=\"lazy\" src=\"https:\/\/www.lanacion.com.ar\/resizer\/v2\/la-justicia-dispuso-medidas-sobre-la-compania-de-HXOBLDSNZVGTFJ4A3QWZ3SXRGM.jpeg?auth=2f8489f43f15567c0e59ca7233781129fdf41f55292e9182c995c045dcc9c7c5&amp;width=420&amp;height=280&amp;quality=70&amp;smart=true\" width=\"1600\" alt=\"La Justicia dispuso medidas sobre la compa\u00f1\u00eda de maquinaria agr\u00edcola \" height=\"1066\"><\/picture><\/div>\n<\/div><figcaption class=\"mod-figcaption\"><span class=\"com-text --caption --twoxs\">La Justicia dispuso medidas sobre la compa\u00f1\u00eda de maquinaria agr\u00edcola <\/span><\/figcaption><\/figure>\n<\/section>\n<\/div>\n<p class=\"com-paragraph --s text-left\">En el \u00faltimo balance anual disponible, cerrado el 31 de diciembre de 2025,<strong> <\/strong>todav\u00eda registraba <strong>activos por $324.444 millones, pasivos por $166.177 millones y un patrimonio neto positivo de $158.267 millones<\/strong>. Sin embargo, ya se advert\u00eda <strong>una desaceleraci\u00f3n en las ventas netas que quedaron pr\u00e1cticamente estancadas, en $134.757 millones<\/strong>, contra $135.994 millones en 2024, mientras el resultado final se redujo <strong>57,3%<\/strong>, de<strong> $20.293 millones a $8659 millones<\/strong>. <\/p>\n<div class=\"ln-banner-container --no-app --caja8_mob\">\n<div id=\"caja8_mob\" class=\"ln-banner\" data-slot-group=\"nota\" data-device=\"mobile\" data-subscription=\"true\" data-ad-unit-path=\"\/133919216\/campo_mobile\/Nota\/caja8_mob\" data-targeting='{\"sitio\":\"lanacion\",\"seccion\":\"nota\"}' data-without-hide=\"true\" data-size=\"[[300,250],[320,50],[300,450],[1,1],[320,100]]\" data-sizemap=\"[]\" data-prebid-enabled=\"true\"><\/div>\n<\/div>\n<p class=\"com-paragraph --s text-left\">En paralelo con su actividad industrial,<strong> Metalfor construy\u00f3 durante los \u00faltimos a\u00f1os <\/strong>una <strong>estructura financiera basada, entre otros instrumentos,<\/strong> en la securitizaci\u00f3n del cr\u00e9dito que otorgaba a compradores de maquinaria. Esa operatoria se canaliz\u00f3 a trav\u00e9s de la serie de <strong>fideicomisos financieros Metalcred. <\/strong>El 22 de mayo comunic\u00f3 a la CNV que <strong>Rosario Administradora Sociedad Fiduciaria S.A. (Rosfid)<\/strong>, fiduciaria de los fideicomisos <strong>Metalcred XI, XII, XIII, XIV, XV, XVI y XVII<\/strong>, hab\u00eda formulado una denuncia ante el Ministerio P\u00fablico de la Acusaci\u00f3n de Santa Fe en la que solicit\u00f3 investigar la <strong>administraci\u00f3n y\/o gesti\u00f3n de los activos fideicomitidos.<\/strong><\/p>\n<p class=\"com-paragraph --s text-left\">En septiembre de 2025 hab\u00eda constituido junto con <strong>TMF Trust Company (Argentina)<\/strong> un <strong>Fideicomiso de Garant\u00eda Metalfor<\/strong>, al que cedi\u00f3 cr\u00e9ditos<strong> surgidos de pr\u00e9stamos prendarios otorgados <\/strong>a sus clientes para la adquisici\u00f3n de maquinaria agr\u00edcola y paquetes tecnol\u00f3gicos. La n\u00f3mina publicada oficialmente incluye decenas de financiamientos otorgados por la fabricante.<\/p>\n<div class=\"ln-banner-container --no-app --caja5_mob\">\n<div id=\"caja5_mob\" class=\"ln-banner\" data-slot-group=\"nota\" data-device=\"mobile\" data-subscription=\"false\" data-ad-unit-path=\"\/133919216\/campo_mobile\/Nota\/caja5_mob\" data-targeting='{\"sitio\":\"lanacion\",\"seccion\":\"nota\"}' data-without-hide=\"true\" data-size='[[320,100],[300,250],[1,1],[\" fluid\"]]' data-sizemap=\"[]\" data-prebid-enabled=\"true\"><\/div>\n<\/div>\n<div data-fusion-lazy-id=\"f0fLHi7Wfcy22C4\"><\/div>\n<div class=\"ln-banner-container --no-app --middle_3_dsk\">\n<div id=\"middle_3_dsk\" class=\"ln-banner\" data-slot-group=\"nota\" data-device=\"desktop\" data-subscription=\"true\" data-ad-unit-path=\"\/133919216\/campo_desktop\/Nota\/middle_3_dsk\" data-targeting='{\"sitio\":\"lanacion\",\"seccion\":\"nota\"}' data-without-hide=\"true\" data-size=\"[[1,1],[728,90],[640,360],[728,360]]\" data-sizemap=\"[]\" data-prebid-enabled=\"true\"><\/div>\n<\/div>\n<\/div>\n","protected":false},"excerpt":{"rendered":"<p>Metalfor fue embargada en el marco de una demanda ejecutiva iniciada por el Banco Ciudad. La fabricante cordobesa de maquinaria agr\u00edcola atraviesa una profunda crisis financiera, con atrasos en sus deudas bancarias, cientos de cheques rechazados, dificultades para afrontar obligaciones laborales y una fuerte ca\u00edda de su actividad. La medida judicial se conoce pocas semanas [&hellip;]<\/p>\n","protected":false},"author":1,"featured_media":24604,"comment_status":"open","ping_status":"open","sticky":false,"template":"","format":"standard","meta":{"footnotes":""},"categories":[1],"tags":[],"class_list":["post-24603","post","type-post","status-publish","format-standard","has-post-thumbnail","hentry","category-uncategorized"],"_links":{"self":[{"href":"https:\/\/cliente1.publisher.highstack.com.ar\/index.php?rest_route=\/wp\/v2\/posts\/24603","targetHints":{"allow":["GET"]}}],"collection":[{"href":"https:\/\/cliente1.publisher.highstack.com.ar\/index.php?rest_route=\/wp\/v2\/posts"}],"about":[{"href":"https:\/\/cliente1.publisher.highstack.com.ar\/index.php?rest_route=\/wp\/v2\/types\/post"}],"author":[{"embeddable":true,"href":"https:\/\/cliente1.publisher.highstack.com.ar\/index.php?rest_route=\/wp\/v2\/users\/1"}],"replies":[{"embeddable":true,"href":"https:\/\/cliente1.publisher.highstack.com.ar\/index.php?rest_route=%2Fwp%2Fv2%2Fcomments&post=24603"}],"version-history":[{"count":0,"href":"https:\/\/cliente1.publisher.highstack.com.ar\/index.php?rest_route=\/wp\/v2\/posts\/24603\/revisions"}],"wp:featuredmedia":[{"embeddable":true,"href":"https:\/\/cliente1.publisher.highstack.com.ar\/index.php?rest_route=\/wp\/v2\/media\/24604"}],"wp:attachment":[{"href":"https:\/\/cliente1.publisher.highstack.com.ar\/index.php?rest_route=%2Fwp%2Fv2%2Fmedia&parent=24603"}],"wp:term":[{"taxonomy":"category","embeddable":true,"href":"https:\/\/cliente1.publisher.highstack.com.ar\/index.php?rest_route=%2Fwp%2Fv2%2Fcategories&post=24603"},{"taxonomy":"post_tag","embeddable":true,"href":"https:\/\/cliente1.publisher.highstack.com.ar\/index.php?rest_route=%2Fwp%2Fv2%2Ftags&post=24603"}],"curies":[{"name":"wp","href":"https:\/\/api.w.org\/{rel}","templated":true}]}}