{"id":24597,"date":"2026-09-01T16:36:23","date_gmt":"2026-09-01T19:36:23","guid":{"rendered":"https:\/\/cliente1.publisher.highstack.com.ar\/?p=24597"},"modified":"2026-09-01T16:36:23","modified_gmt":"2026-09-01T19:36:23","slug":"causa-hif-global-la-justicia-federal-ordeno-a-la-perito-biologa-designada-la-extraccion-de-muestras-del-agua","status":"publish","type":"post","link":"https:\/\/cliente1.publisher.highstack.com.ar\/?p=24597","title":{"rendered":"Causa HIF Global: la Justicia Federal orden\u00f3 a la perito bi\u00f3loga designada la extracci\u00f3n de muestras del agua"},"content":{"rendered":"<p><\/p>\n<div class=\"body-noticia clearfix text-formatted field field--name-body field--type-text-with-summary field--label-hidden field__item\">\n<p>El juzgado Federal orden\u00f3 este martes se efect\u00fae el procedimiento de extracci\u00f3n de muestras del agua en el marco de la acci\u00f3n preventiva de da\u00f1o ambiental que promueven los legisladores nacionales del peronismo Guillermo Michel, Ad\u00e1n Bahl y Marianela Marclay.<\/p>\n<p>La jueza Federal Subrogante, Anal\u00eda G. Ramponi, dispuso que se requiera \u201ca la perito bi\u00f3loga que, en el plazo de 5 (cinco) d\u00edas de notificada, fije fecha a los fines de realizar los trabajos periciales necesarios para tomar muestras de las aguas del r\u00edo Uruguay, conforme la tarea pericial encomendada en las presentes actuaciones\u201d. E indic\u00f3 que, una vez fijada la fecha por la experta, se requerir\u00e1 la colaboraci\u00f3n de la Prefectura Naval Argentina para dichos fines.<\/p>\n<p>\u00a0<\/p>\n<\/p>\n<div data-entity-type=\"file\" data-entity-uuid=\"401bb272-3d92-448c-a29b-c2d8cbd0d07f\" data-embed-button=\"archivo\" data-entity-embed-display=\"file:FieldPdfReaderFields\" data-entity-embed-display-settings='{\"pdf_width\":\"600\",\"pdf_height\":\"780\",\"renderer\":\"google\",\"embed_view_fit\":\"Fit\",\"embed_hide_toolbar\":0,\"download\":0,\"link_placement\":\"top\",\"description\":\"\"}' data-langcode=\"es\" class=\"embedded-entity\">\n<div class=\"pdf-reader\">\n<div class=\"pdf-reader-google\">\n        <iframe loading=\"lazy\" id=\"pdf_reader\" src=\"https:\/\/docs.google.com\/viewer?embedded=true&amp;url=https%3A%2F%2Fwww.analisisdigital.com.ar%2Fsites%2Fdefault%2Ffiles%2Fimagenes%2Finformes%2Fhif-global-justicia.pdf\" width=\"600\" height=\"780\" scrolling=\"no\" style=\"border: none;\"><br \/>\n        <\/iframe>\n    <\/div>\n<\/p><\/div>\n<\/div>\n<p>\u00a0<\/p>\n<p>La decisi\u00f3n fue adoptada luego del reconocimiento judicial realizado el pasado 21 de agosto junto a la perito bi\u00f3loga designada, Viviana Coust\u00e9, y los legisladores demandantes, a fin de constatar el \u00e1rea en cuesti\u00f3n, el magistrado dispuso avanzar con la toma de muestra para su posterior an\u00e1lisis fisicoqu\u00edmico y microbiol\u00f3gico.<\/p>\n<p>Oportunamente, la justicia resolvi\u00f3 avanzar con la acci\u00f3n presentada por Michel, Bahl y Marclay entendiendo que \u201cla normativa que surge de la ley 25.675 de pol\u00edtica ambiental nacional otorga la facultad al juez interviniente de disponer todas las medidas necesarias para ordenar, conducir o probar los hechos da\u00f1osos en el proceso\u201d.<\/p>\n<p>A este respecto, Michel expres\u00f3: \u201cEsta resoluci\u00f3n adoptada por la justicia es fundamental para continuar con la defensa de las costas entrerrianas del r\u00edo Uruguay. No solo queda claro que la justicia federal es competente, que la causa est\u00e1 m\u00e1s vigente que nunca, sino que adem\u00e1s ya se avanz\u00f3 en una prueba fundamental como es la extracci\u00f3n de muestras del agua\u201d.<\/p>\n<p>\u201cLamentablemente la inacci\u00f3n del gobernador (Rogelio) Frigerio y del intendente (Jos\u00e9 Luis) Walser va en desmedro de los intereses de los entrerrianos y es la justicia la que est\u00e1 ocup\u00e1ndose de abordar este conflicto con la responsabilidad y seriedad que supone\u201d, afirm\u00f3.<\/p>\n<\/div>\n","protected":false},"excerpt":{"rendered":"<p>El juzgado Federal orden\u00f3 este martes se efect\u00fae el procedimiento de extracci\u00f3n de muestras del agua en el marco de la acci\u00f3n preventiva de da\u00f1o ambiental que promueven los legisladores nacionales del peronismo Guillermo Michel, Ad\u00e1n Bahl y Marianela Marclay. La jueza Federal Subrogante, Anal\u00eda G. Ramponi, dispuso que se requiera \u201ca la perito bi\u00f3loga [&hellip;]<\/p>\n","protected":false},"author":1,"featured_media":24598,"comment_status":"open","ping_status":"open","sticky":false,"template":"","format":"standard","meta":{"footnotes":""},"categories":[1],"tags":[],"class_list":["post-24597","post","type-post","status-publish","format-standard","has-post-thumbnail","hentry","category-uncategorized"],"_links":{"self":[{"href":"https:\/\/cliente1.publisher.highstack.com.ar\/index.php?rest_route=\/wp\/v2\/posts\/24597","targetHints":{"allow":["GET"]}}],"collection":[{"href":"https:\/\/cliente1.publisher.highstack.com.ar\/index.php?rest_route=\/wp\/v2\/posts"}],"about":[{"href":"https:\/\/cliente1.publisher.highstack.com.ar\/index.php?rest_route=\/wp\/v2\/types\/post"}],"author":[{"embeddable":true,"href":"https:\/\/cliente1.publisher.highstack.com.ar\/index.php?rest_route=\/wp\/v2\/users\/1"}],"replies":[{"embeddable":true,"href":"https:\/\/cliente1.publisher.highstack.com.ar\/index.php?rest_route=%2Fwp%2Fv2%2Fcomments&post=24597"}],"version-history":[{"count":0,"href":"https:\/\/cliente1.publisher.highstack.com.ar\/index.php?rest_route=\/wp\/v2\/posts\/24597\/revisions"}],"wp:featuredmedia":[{"embeddable":true,"href":"https:\/\/cliente1.publisher.highstack.com.ar\/index.php?rest_route=\/wp\/v2\/media\/24598"}],"wp:attachment":[{"href":"https:\/\/cliente1.publisher.highstack.com.ar\/index.php?rest_route=%2Fwp%2Fv2%2Fmedia&parent=24597"}],"wp:term":[{"taxonomy":"category","embeddable":true,"href":"https:\/\/cliente1.publisher.highstack.com.ar\/index.php?rest_route=%2Fwp%2Fv2%2Fcategories&post=24597"},{"taxonomy":"post_tag","embeddable":true,"href":"https:\/\/cliente1.publisher.highstack.com.ar\/index.php?rest_route=%2Fwp%2Fv2%2Ftags&post=24597"}],"curies":[{"name":"wp","href":"https:\/\/api.w.org\/{rel}","templated":true}]}}